{"id":72534,"date":"2021-05-10T20:18:38","date_gmt":"2021-05-11T01:18:38","guid":{"rendered":"http:\/\/www.lospoliticosveracruz.com.mx\/?p=72534"},"modified":"2021-05-10T20:18:41","modified_gmt":"2021-05-11T01:18:41","slug":"va-diana-por-el-centro-de-apoyo-integral-de-la-mujer","status":"publish","type":"post","link":"https:\/\/lospoliticosveracruz.com\/?p=72534","title":{"rendered":"Va Diana por el Centro de Apoyo Integral de la Mujer"},"content":{"rendered":"\n<p><br><strong>Veracruz<\/strong><br>La candidata a la diputaci\u00f3n local por el distrito XV, Diana Santiago Huesca asegur\u00f3 que Veracruz contar\u00e1 con un centro especializado de atenci\u00f3n oportuna y seguimiento para la mujer, con asesor\u00eda jur\u00eddica especializada, as\u00ed como servicio m\u00e9dico, psicol\u00f3gico, as\u00ed como capacitaci\u00f3n laboral y para el emprendimiento.<br>Esto lo dio a conocer en el festejo del d\u00eda de la madre, donde rodeada de m\u00e1s de cien mam\u00e1s de diferentes colonias del puerto, asegur\u00f3 la importancia de fundar un organismo donde se brinde la atenci\u00f3n integral y de manera gratuita a todas las mujeres.<br>\u00abEstoy convencida de que ser\u00e9 una voz activa y de lucha por los derechos de la mujer, nuestra sociedad necesita salir de las teor\u00edas ideol\u00f3gicas de equidad y representaci\u00f3n igualitaria, es momento de llevarlos a la pr\u00e1ctica y ser\u00e1 un honor trabajar para garantizar que sea una realidad tangible en Veracruz\u00bb, puntualiz\u00f3 la candidata Diana Santiago.<br>Agreg\u00f3 que, el Centro de Atenci\u00f3n Integral de la Mujer (CAIM), ser\u00e1 pionero en la atenci\u00f3n y seguimiento de actividades, ya que a pesar de hoy existir diferentes asociaciones y organizaciones, es necesario brindar un espacio para la prevenci\u00f3n de la violencia contra la mujer, as\u00ed como su atenci\u00f3n psicol\u00f3gica, jur\u00eddica y de protecci\u00f3n.<br>Al mismo, tiempo dicho organismo ser\u00e1 atendido por mujeres y para las mujeres, donde la capacitaci\u00f3n y certificaci\u00f3n laboral ser\u00e1 prioritario, as\u00ed como el impulso al emprendimiento, situaci\u00f3n que en muchas de las ocasiones representa un reto que desde su inicio ser\u00e1 orientado con la participaci\u00f3n de diferentes casos de \u00e9xito que compartir\u00e1n sus conocimientos y estrategias de manera gratuita con la finalidad de desarrollar la econom\u00eda de las familias veracruzanas.<br>\u00abEs necesario que sepan las ciudadanas que en mi encontrar\u00e1n una aliada, que velar\u00e1 desde el congreso por sus derechos y por hacer valer el respeto a nuestro gremio, ya que la mujer tiene debe tener las mismas oportunidades y reconocimiento a nuestra labor cotidiana, hoy d\u00eda de las madres quiero enviar un abrazo enorme a distancia a cada una de esas guerreras que con orgullo celebramos\u00bb, afirm\u00f3 Diana Santiago.<br>La candidata de la coalici\u00f3n por los partidos Morena, Partido del Trabajo y Verde Ecologista se\u00f1al\u00f3 que otra de las propuestas que ser\u00e1n abanderadas por ella desde el congreso local, ser\u00e1 el garantizar el servicio de guarder\u00eda a las madres solteras como un derecho universal, esto con la finalidad de permitirles un desarrollo laboral con la plena seguridad de atender a sus hijos de manera correcta y con horarios flexibles a sus necesidades.<br>\u00abTenemos mucho por trabajar en beneficio de la mujer y sabemos que con el apoyo de nuestro pr\u00f3ximo alcalde de Veracruz, Ricardo Exsome Zapata, lo vamos a conseguir, es momento de hacer que cuente una actitud de servicio para nuestra ciudad, la vamos a rescatar y vamos a conseguir transformar el puerto\u00bb, finaliz\u00f3 la candidata a la diputaci\u00f3n local por el distrito XV.<\/p>\n","protected":false},"excerpt":{"rendered":"<p>VeracruzLa candidata a la diputaci\u00f3n local por el distrito XV, Diana Santiago Huesca asegur\u00f3 que Veracruz contar\u00e1 con un centro especializado de atenci\u00f3n oportuna y seguimiento para la mujer, con asesor\u00eda jur\u00eddica especializada, as\u00ed como servicio m\u00e9dico, psicol\u00f3gico, as\u00ed como capacitaci\u00f3n laboral y para el emprendimiento.Esto lo dio a conocer en el festejo del d\u00eda [&hellip;]<\/p>\n","protected":false},"author":2,"featured_media":0,"comment_status":"closed","ping_status":"closed","sticky":false,"template":"","format":"standard","meta":{"tdm_status":"","tdm_grid_status":"","footnotes":""},"categories":[73],"tags":[240,2137,195],"class_list":{"0":"post-72534","1":"post","2":"type-post","3":"status-publish","4":"format-standard","6":"category-de-boleto","7":"tag-diana-santiago-huesca","8":"tag-distrito-xv","9":"tag-veracruz"},"yoast_head":"<!-- This site is optimized with the Yoast SEO plugin v27.4 - https:\/\/yoast.com\/product\/yoast-seo-wordpress\/ -->\n<title>Va Diana por el Centro de Apoyo Integral de la Mujer - Los pol\u00edticos Veracruz<\/title>\n<meta name=\"robots\" content=\"index, follow, max-snippet:-1, max-image-preview:large, max-video-preview:-1\" \/>\n<link rel=\"canonical\" href=\"https:\/\/lospoliticosveracruz.com\/?p=72534\" \/>\n<meta property=\"og:locale\" content=\"es_ES\" \/>\n<meta property=\"og:type\" content=\"article\" \/>\n<meta property=\"og:title\" content=\"Va Diana por el Centro de Apoyo Integral de la Mujer - Los pol\u00edticos Veracruz\" \/>\n<meta property=\"og:description\" content=\"VeracruzLa candidata a la diputaci\u00f3n local por el distrito XV, Diana Santiago Huesca asegur\u00f3 que Veracruz contar\u00e1 con un centro especializado de atenci\u00f3n oportuna y seguimiento para la mujer, con asesor\u00eda jur\u00eddica especializada, as\u00ed como servicio m\u00e9dico, psicol\u00f3gico, as\u00ed como capacitaci\u00f3n laboral y para el emprendimiento.Esto lo dio a conocer en el festejo del d\u00eda [&hellip;]\" \/>\n<meta property=\"og:url\" content=\"https:\/\/lospoliticosveracruz.com\/?p=72534\" \/>\n<meta property=\"og:site_name\" content=\"Los pol\u00edticos Veracruz\" \/>\n<meta property=\"article:publisher\" content=\"https:\/\/www.facebook.com\/people\/Notimemes-de-los-Polticos\/61565672886568\/\" \/>\n<meta property=\"article:published_time\" content=\"2021-05-11T01:18:38+00:00\" \/>\n<meta property=\"article:modified_time\" content=\"2021-05-11T01:18:41+00:00\" \/>\n<meta property=\"og:image\" content=\"https:\/\/lospoliticosveracruz.com\/wp-content\/uploads\/2016\/07\/Logo-Dor.jpg\" \/>\n\t<meta property=\"og:image:width\" content=\"200\" \/>\n\t<meta property=\"og:image:height\" content=\"200\" \/>\n\t<meta property=\"og:image:type\" content=\"image\/jpeg\" \/>\n<meta name=\"author\" content=\"Lo viste en Los Pol\u00edticos\" \/>\n<meta name=\"twitter:card\" content=\"summary_large_image\" \/>\n<meta name=\"twitter:creator\" content=\"@LosPoliticosVer\" \/>\n<meta name=\"twitter:site\" content=\"@LosPoliticosVer\" \/>\n<meta name=\"twitter:label1\" content=\"Escrito por\" \/>\n\t<meta name=\"twitter:data1\" content=\"Lo viste en Los Pol\u00edticos\" \/>\n\t<meta name=\"twitter:label2\" content=\"Tiempo de lectura\" \/>\n\t<meta name=\"twitter:data2\" content=\"3 minutos\" \/>\n<script type=\"application\/ld+json\" class=\"yoast-schema-graph\">{\"@context\":\"https:\\\/\\\/schema.org\",\"@graph\":[{\"@type\":\"Article\",\"@id\":\"https:\\\/\\\/lospoliticosveracruz.com\\\/?p=72534#article\",\"isPartOf\":{\"@id\":\"https:\\\/\\\/lospoliticosveracruz.com\\\/?p=72534\"},\"author\":{\"name\":\"Lo viste en Los Pol\u00edticos\",\"@id\":\"https:\\\/\\\/lospoliticosveracruz.com\\\/#\\\/schema\\\/person\\\/b8702bb0e538456e6efd07080bf2a4a2\"},\"headline\":\"Va Diana por el Centro de Apoyo Integral de la Mujer\",\"datePublished\":\"2021-05-11T01:18:38+00:00\",\"dateModified\":\"2021-05-11T01:18:41+00:00\",\"mainEntityOfPage\":{\"@id\":\"https:\\\/\\\/lospoliticosveracruz.com\\\/?p=72534\"},\"wordCount\":527,\"publisher\":{\"@id\":\"https:\\\/\\\/lospoliticosveracruz.com\\\/#organization\"},\"keywords\":[\"Diana Santiago Huesca\",\"Distrito XV\",\"Veracruz\"],\"articleSection\":[\"De Boleto\"],\"inLanguage\":\"es\"},{\"@type\":\"WebPage\",\"@id\":\"https:\\\/\\\/lospoliticosveracruz.com\\\/?p=72534\",\"url\":\"https:\\\/\\\/lospoliticosveracruz.com\\\/?p=72534\",\"name\":\"Va Diana por el Centro de Apoyo Integral de la Mujer - Los pol\u00edticos Veracruz\",\"isPartOf\":{\"@id\":\"https:\\\/\\\/lospoliticosveracruz.com\\\/#website\"},\"datePublished\":\"2021-05-11T01:18:38+00:00\",\"dateModified\":\"2021-05-11T01:18:41+00:00\",\"breadcrumb\":{\"@id\":\"https:\\\/\\\/lospoliticosveracruz.com\\\/?p=72534#breadcrumb\"},\"inLanguage\":\"es\",\"potentialAction\":[{\"@type\":\"ReadAction\",\"target\":[\"https:\\\/\\\/lospoliticosveracruz.com\\\/?p=72534\"]}]},{\"@type\":\"BreadcrumbList\",\"@id\":\"https:\\\/\\\/lospoliticosveracruz.com\\\/?p=72534#breadcrumb\",\"itemListElement\":[{\"@type\":\"ListItem\",\"position\":1,\"name\":\"Portada\",\"item\":\"https:\\\/\\\/lospoliticosveracruz.com\\\/\"},{\"@type\":\"ListItem\",\"position\":2,\"name\":\"Va Diana por el Centro de Apoyo Integral de la Mujer\"}]},{\"@type\":\"WebSite\",\"@id\":\"https:\\\/\\\/lospoliticosveracruz.com\\\/#website\",\"url\":\"https:\\\/\\\/lospoliticosveracruz.com\\\/\",\"name\":\"Los pol\u00edticos Veracruz\",\"description\":\"\",\"publisher\":{\"@id\":\"https:\\\/\\\/lospoliticosveracruz.com\\\/#organization\"},\"potentialAction\":[{\"@type\":\"SearchAction\",\"target\":{\"@type\":\"EntryPoint\",\"urlTemplate\":\"https:\\\/\\\/lospoliticosveracruz.com\\\/?s={search_term_string}\"},\"query-input\":{\"@type\":\"PropertyValueSpecification\",\"valueRequired\":true,\"valueName\":\"search_term_string\"}}],\"inLanguage\":\"es\"},{\"@type\":\"Organization\",\"@id\":\"https:\\\/\\\/lospoliticosveracruz.com\\\/#organization\",\"name\":\"Los pol\u00edticos Veracruz\",\"url\":\"https:\\\/\\\/lospoliticosveracruz.com\\\/\",\"logo\":{\"@type\":\"ImageObject\",\"inLanguage\":\"es\",\"@id\":\"https:\\\/\\\/lospoliticosveracruz.com\\\/#\\\/schema\\\/logo\\\/image\\\/\",\"url\":\"https:\\\/\\\/lospoliticosveracruz.com\\\/wp-content\\\/uploads\\\/2025\\\/12\\\/Logo-Nuevo-LOS-POLITICOS-1.jpg\",\"contentUrl\":\"https:\\\/\\\/lospoliticosveracruz.com\\\/wp-content\\\/uploads\\\/2025\\\/12\\\/Logo-Nuevo-LOS-POLITICOS-1.jpg\",\"width\":260,\"height\":70,\"caption\":\"Los pol\u00edticos Veracruz\"},\"image\":{\"@id\":\"https:\\\/\\\/lospoliticosveracruz.com\\\/#\\\/schema\\\/logo\\\/image\\\/\"},\"sameAs\":[\"https:\\\/\\\/www.facebook.com\\\/people\\\/Notimemes-de-los-Polticos\\\/61565672886568\\\/\",\"https:\\\/\\\/x.com\\\/LosPoliticosVer\"]},{\"@type\":\"Person\",\"@id\":\"https:\\\/\\\/lospoliticosveracruz.com\\\/#\\\/schema\\\/person\\\/b8702bb0e538456e6efd07080bf2a4a2\",\"name\":\"Lo viste en Los Pol\u00edticos\",\"image\":{\"@type\":\"ImageObject\",\"inLanguage\":\"es\",\"@id\":\"https:\\\/\\\/secure.gravatar.com\\\/avatar\\\/3a8de04a2656d44082be478bd6c086daa447c4651605818287b9532d3d0bd435?s=96&d=mm&r=g\",\"url\":\"https:\\\/\\\/secure.gravatar.com\\\/avatar\\\/3a8de04a2656d44082be478bd6c086daa447c4651605818287b9532d3d0bd435?s=96&d=mm&r=g\",\"contentUrl\":\"https:\\\/\\\/secure.gravatar.com\\\/avatar\\\/3a8de04a2656d44082be478bd6c086daa447c4651605818287b9532d3d0bd435?s=96&d=mm&r=g\",\"caption\":\"Lo viste en Los Pol\u00edticos\"},\"url\":\"https:\\\/\\\/lospoliticosveracruz.com\\\/?author=2\"}]}<\/script>\n<!-- \/ Yoast SEO plugin. -->","yoast_head_json":{"title":"Va Diana por el Centro de Apoyo Integral de la Mujer - Los pol\u00edticos Veracruz","robots":{"index":"index","follow":"follow","max-snippet":"max-snippet:-1","max-image-preview":"max-image-preview:large","max-video-preview":"max-video-preview:-1"},"canonical":"https:\/\/lospoliticosveracruz.com\/?p=72534","og_locale":"es_ES","og_type":"article","og_title":"Va Diana por el Centro de Apoyo Integral de la Mujer - Los pol\u00edticos Veracruz","og_description":"VeracruzLa candidata a la diputaci\u00f3n local por el distrito XV, Diana Santiago Huesca asegur\u00f3 que Veracruz contar\u00e1 con un centro especializado de atenci\u00f3n oportuna y seguimiento para la mujer, con asesor\u00eda jur\u00eddica especializada, as\u00ed como servicio m\u00e9dico, psicol\u00f3gico, as\u00ed como capacitaci\u00f3n laboral y para el emprendimiento.Esto lo dio a conocer en el festejo del d\u00eda [&hellip;]","og_url":"https:\/\/lospoliticosveracruz.com\/?p=72534","og_site_name":"Los pol\u00edticos Veracruz","article_publisher":"https:\/\/www.facebook.com\/people\/Notimemes-de-los-Polticos\/61565672886568\/","article_published_time":"2021-05-11T01:18:38+00:00","article_modified_time":"2021-05-11T01:18:41+00:00","og_image":[{"width":200,"height":200,"url":"https:\/\/lospoliticosveracruz.com\/wp-content\/uploads\/2016\/07\/Logo-Dor.jpg","type":"image\/jpeg"}],"author":"Lo viste en Los Pol\u00edticos","twitter_card":"summary_large_image","twitter_creator":"@LosPoliticosVer","twitter_site":"@LosPoliticosVer","twitter_misc":{"Escrito por":"Lo viste en Los Pol\u00edticos","Tiempo de lectura":"3 minutos"},"schema":{"@context":"https:\/\/schema.org","@graph":[{"@type":"Article","@id":"https:\/\/lospoliticosveracruz.com\/?p=72534#article","isPartOf":{"@id":"https:\/\/lospoliticosveracruz.com\/?p=72534"},"author":{"name":"Lo viste en Los Pol\u00edticos","@id":"https:\/\/lospoliticosveracruz.com\/#\/schema\/person\/b8702bb0e538456e6efd07080bf2a4a2"},"headline":"Va Diana por el Centro de Apoyo Integral de la Mujer","datePublished":"2021-05-11T01:18:38+00:00","dateModified":"2021-05-11T01:18:41+00:00","mainEntityOfPage":{"@id":"https:\/\/lospoliticosveracruz.com\/?p=72534"},"wordCount":527,"publisher":{"@id":"https:\/\/lospoliticosveracruz.com\/#organization"},"keywords":["Diana Santiago Huesca","Distrito XV","Veracruz"],"articleSection":["De Boleto"],"inLanguage":"es"},{"@type":"WebPage","@id":"https:\/\/lospoliticosveracruz.com\/?p=72534","url":"https:\/\/lospoliticosveracruz.com\/?p=72534","name":"Va Diana por el Centro de Apoyo Integral de la Mujer - Los pol\u00edticos Veracruz","isPartOf":{"@id":"https:\/\/lospoliticosveracruz.com\/#website"},"datePublished":"2021-05-11T01:18:38+00:00","dateModified":"2021-05-11T01:18:41+00:00","breadcrumb":{"@id":"https:\/\/lospoliticosveracruz.com\/?p=72534#breadcrumb"},"inLanguage":"es","potentialAction":[{"@type":"ReadAction","target":["https:\/\/lospoliticosveracruz.com\/?p=72534"]}]},{"@type":"BreadcrumbList","@id":"https:\/\/lospoliticosveracruz.com\/?p=72534#breadcrumb","itemListElement":[{"@type":"ListItem","position":1,"name":"Portada","item":"https:\/\/lospoliticosveracruz.com\/"},{"@type":"ListItem","position":2,"name":"Va Diana por el Centro de Apoyo Integral de la Mujer"}]},{"@type":"WebSite","@id":"https:\/\/lospoliticosveracruz.com\/#website","url":"https:\/\/lospoliticosveracruz.com\/","name":"Los pol\u00edticos Veracruz","description":"","publisher":{"@id":"https:\/\/lospoliticosveracruz.com\/#organization"},"potentialAction":[{"@type":"SearchAction","target":{"@type":"EntryPoint","urlTemplate":"https:\/\/lospoliticosveracruz.com\/?s={search_term_string}"},"query-input":{"@type":"PropertyValueSpecification","valueRequired":true,"valueName":"search_term_string"}}],"inLanguage":"es"},{"@type":"Organization","@id":"https:\/\/lospoliticosveracruz.com\/#organization","name":"Los pol\u00edticos Veracruz","url":"https:\/\/lospoliticosveracruz.com\/","logo":{"@type":"ImageObject","inLanguage":"es","@id":"https:\/\/lospoliticosveracruz.com\/#\/schema\/logo\/image\/","url":"https:\/\/lospoliticosveracruz.com\/wp-content\/uploads\/2025\/12\/Logo-Nuevo-LOS-POLITICOS-1.jpg","contentUrl":"https:\/\/lospoliticosveracruz.com\/wp-content\/uploads\/2025\/12\/Logo-Nuevo-LOS-POLITICOS-1.jpg","width":260,"height":70,"caption":"Los pol\u00edticos Veracruz"},"image":{"@id":"https:\/\/lospoliticosveracruz.com\/#\/schema\/logo\/image\/"},"sameAs":["https:\/\/www.facebook.com\/people\/Notimemes-de-los-Polticos\/61565672886568\/","https:\/\/x.com\/LosPoliticosVer"]},{"@type":"Person","@id":"https:\/\/lospoliticosveracruz.com\/#\/schema\/person\/b8702bb0e538456e6efd07080bf2a4a2","name":"Lo viste en Los Pol\u00edticos","image":{"@type":"ImageObject","inLanguage":"es","@id":"https:\/\/secure.gravatar.com\/avatar\/3a8de04a2656d44082be478bd6c086daa447c4651605818287b9532d3d0bd435?s=96&d=mm&r=g","url":"https:\/\/secure.gravatar.com\/avatar\/3a8de04a2656d44082be478bd6c086daa447c4651605818287b9532d3d0bd435?s=96&d=mm&r=g","contentUrl":"https:\/\/secure.gravatar.com\/avatar\/3a8de04a2656d44082be478bd6c086daa447c4651605818287b9532d3d0bd435?s=96&d=mm&r=g","caption":"Lo viste en Los Pol\u00edticos"},"url":"https:\/\/lospoliticosveracruz.com\/?author=2"}]}},"_links":{"self":[{"href":"https:\/\/lospoliticosveracruz.com\/index.php?rest_route=\/wp\/v2\/posts\/72534","targetHints":{"allow":["GET"]}}],"collection":[{"href":"https:\/\/lospoliticosveracruz.com\/index.php?rest_route=\/wp\/v2\/posts"}],"about":[{"href":"https:\/\/lospoliticosveracruz.com\/index.php?rest_route=\/wp\/v2\/types\/post"}],"author":[{"embeddable":true,"href":"https:\/\/lospoliticosveracruz.com\/index.php?rest_route=\/wp\/v2\/users\/2"}],"replies":[{"embeddable":true,"href":"https:\/\/lospoliticosveracruz.com\/index.php?rest_route=%2Fwp%2Fv2%2Fcomments&post=72534"}],"version-history":[{"count":1,"href":"https:\/\/lospoliticosveracruz.com\/index.php?rest_route=\/wp\/v2\/posts\/72534\/revisions"}],"predecessor-version":[{"id":72536,"href":"https:\/\/lospoliticosveracruz.com\/index.php?rest_route=\/wp\/v2\/posts\/72534\/revisions\/72536"}],"wp:attachment":[{"href":"https:\/\/lospoliticosveracruz.com\/index.php?rest_route=%2Fwp%2Fv2%2Fmedia&parent=72534"}],"wp:term":[{"taxonomy":"category","embeddable":true,"href":"https:\/\/lospoliticosveracruz.com\/index.php?rest_route=%2Fwp%2Fv2%2Fcategories&post=72534"},{"taxonomy":"post_tag","embeddable":true,"href":"https:\/\/lospoliticosveracruz.com\/index.php?rest_route=%2Fwp%2Fv2%2Ftags&post=72534"}],"curies":[{"name":"wp","href":"https:\/\/api.w.org\/{rel}","templated":true}]}}