{"id":72579,"date":"2021-05-11T13:08:03","date_gmt":"2021-05-11T18:08:03","guid":{"rendered":"http:\/\/www.lospoliticosveracruz.com.mx\/?p=72579"},"modified":"2021-05-11T13:08:09","modified_gmt":"2021-05-11T18:08:09","slug":"no-vengo-a-pedir-votos-ni-aplausos-exsome","status":"publish","type":"post","link":"https:\/\/lospoliticosveracruz.com\/?p=72579","title":{"rendered":"No vengo a pedir votos ni aplausos: Exsome"},"content":{"rendered":"\n<p><strong>Veracruz<br><\/strong>A crear un Consejo Ciudadano del Centro Hist\u00f3rico e integrar un comit\u00e9 de fiestas y festivales, anunci\u00f3 el candidato por la Coalici\u00f3n \u201cJuntos Hacemos Historia en Veracruz\u201d, Ricardo Exsome Zapata.<br>Durante una reuni\u00f3n con miembros de la Asociaci\u00f3n Mexicana de Hoteles y Moteles de Veracruz y Boca del R\u00edo, que preside Santiago Caram\u00e9s Chaparro, propuso crear tambi\u00e9n el Consejo Municipal Tur\u00edstico.<\/p>\n\n\n\n<div class=\"wp-block-image\"><figure class=\"alignleft size-large\"><a href=\"http:\/\/www.lospoliticosveracruz.com.mx\/wp-content\/uploads\/2021\/05\/Batalla-Cordoba.jpeg\"><img decoding=\"async\" src=\"http:\/\/www.lospoliticosveracruz.com.mx\/wp-content\/uploads\/2021\/05\/Batalla-Cordoba.jpeg\" alt=\"\" class=\"wp-image-72571\"\/><\/a><\/figure><\/div>\n\n\n\n<p><br>Acompa\u00f1ado de los candidatos de la misma coalici\u00f3n del distrito 04 a la diputaci\u00f3n federal, Rosa Mar\u00eda Hern\u00e1ndez Espejo, a la diputaci\u00f3n local del distrito XIV, Fernando Arteaga Aponte y del distrito XV local, Diana Santiago Huesca, los exhort\u00f3 a crear un plan maestro con car\u00e1cter legal.<\/p>\n\n\n\n<p><strong>LLAMA A VERACRUZANOS A SUMARSE<br><\/strong>Ante los miembros de la Asociaci\u00f3n de Hoteles y Moteles de la conurbaci\u00f3n de Veracruz y Boca del R\u00edo, les dej\u00f3 en claro que \u201cno vengo aqu\u00ed ni por aplausos ni por votos para un siguiente cargo, vengo porque como ustedes, quiero ver a Veracruz como una gran ciudad\u201d.<br>Insisti\u00f3 en que todos deben involucrarse y de nueva cuenta los exhort\u00f3 a sumarse \u201cuustedes hagan la propuesta de quienes tienen que estar ah\u00ed, pero hag\u00e1moslo lo m\u00e1s pronto posible\u201d.<br>Revel\u00f3 que \u201cen enero se formalice y ese programa se ponga en marcha ese mes, demos los primeros pasos para ello\u201d.<br>Y continu\u00f3 diciendo: \u201cVamos a integrar un comit\u00e9 de fiestas y festivales, carnaval, Festival de la Salsa y los que creamos que podemos hacer. Lo definimos juntos\u201d.<br>Precis\u00f3 \u201creconstruyamos la ciudad, vamos a trabajar juntos, generamos nuevos productos tur\u00edsticos y vamos a promoverlos\u201d.<\/p>\n\n\n\n<p><strong>\u201cLA \u00daNICA CAMISETA QUE DEBEMOS PONERNOS ES LA DE VERACRUZ\u201d<br><\/strong>El candidato por la Coalici\u00f3n Movimiento de Regeneraci\u00f3n Nacional (Morena), del Trabajo (PT) y Verde Ecologista de M\u00e9xico (PVEM), bajo la denominaci\u00f3n \u201cJuntos Hacemos Historia en Veracruz\u201d, Ricardo Exsome Zapata, les dejo en claro que \u201cyo quiero trabajar con ustedes, porque s\u00e9 que puedo trabajar. La \u00fanica camiseta que debemos de ponernos es la de Veracruz\u201d.<br>Les insisti\u00f3 \u201custedes tienen pr\u00e1cticamente dos opciones con quien trabajar y no voy a hablar mal de nadie, porque nos conocemos bien, conmigo encontrar\u00e1n siempre un aliado dispuesto a trabajar y por el otro lado, un aliado peleado desde siempre con el gobierno estatal y federal\u201d.<br>\u201cEs hora que comencemos a trabajar por Veracruz ya. Mi eslogan de campa\u00f1a es m\u00e1s que un eslogan, es como un grito de guerra, de trabajo. Reconstruyamos Veracruz\u201d.<\/p>\n\n\n\n<p><strong>CENTRO HIST\u00d3RICO DEBE SER ATRACTIVO<br><\/strong>En conferencia de medios antes de la reuni\u00f3n, declar\u00f3 \u201cnecesitamos recuperar el centro hist\u00f3rico de Veracruz para que por s\u00ed s\u00f3lo sea un atractivo m\u00e1s para los visitantes\u201d.<br>Lament\u00f3 que la inseguridad, edificios abandonados y la falta de limpieza ahuyente a los inversionistas de las principales calles y avenidas del coraz\u00f3n de la ciudad.<\/p>\n","protected":false},"excerpt":{"rendered":"<p>VeracruzA crear un Consejo Ciudadano del Centro Hist\u00f3rico e integrar un comit\u00e9 de fiestas y festivales, anunci\u00f3 el candidato por la Coalici\u00f3n \u201cJuntos Hacemos Historia en Veracruz\u201d, Ricardo Exsome Zapata.Durante una reuni\u00f3n con miembros de la Asociaci\u00f3n Mexicana de Hoteles y Moteles de Veracruz y Boca del R\u00edo, que preside Santiago Caram\u00e9s Chaparro, propuso crear [&hellip;]<\/p>\n","protected":false},"author":2,"featured_media":0,"comment_status":"closed","ping_status":"closed","sticky":false,"template":"","format":"standard","meta":{"tdm_status":"","tdm_grid_status":"","footnotes":""},"categories":[73],"tags":[240,575,1183,13435,11900,27901],"class_list":{"0":"post-72579","1":"post","2":"type-post","3":"status-publish","4":"format-standard","6":"category-de-boleto","7":"tag-diana-santiago-huesca","8":"tag-diputacion-federal","9":"tag-fernando-arteaga-aponte","10":"tag-ricardo-exsome-zapata","11":"tag-rosa-maria-hernandez-espejo","12":"tag-santiago-carames-chaparro"},"yoast_head":"<!-- This site is optimized with the Yoast SEO plugin v27.4 - https:\/\/yoast.com\/product\/yoast-seo-wordpress\/ -->\n<title>No vengo a pedir votos ni aplausos: Exsome - Los pol\u00edticos Veracruz<\/title>\n<meta name=\"robots\" content=\"index, follow, max-snippet:-1, max-image-preview:large, max-video-preview:-1\" \/>\n<link rel=\"canonical\" href=\"https:\/\/lospoliticosveracruz.com\/?p=72579\" \/>\n<meta property=\"og:locale\" content=\"es_ES\" \/>\n<meta property=\"og:type\" content=\"article\" \/>\n<meta property=\"og:title\" content=\"No vengo a pedir votos ni aplausos: Exsome - Los pol\u00edticos Veracruz\" \/>\n<meta property=\"og:description\" content=\"VeracruzA crear un Consejo Ciudadano del Centro Hist\u00f3rico e integrar un comit\u00e9 de fiestas y festivales, anunci\u00f3 el candidato por la Coalici\u00f3n \u201cJuntos Hacemos Historia en Veracruz\u201d, Ricardo Exsome Zapata.Durante una reuni\u00f3n con miembros de la Asociaci\u00f3n Mexicana de Hoteles y Moteles de Veracruz y Boca del R\u00edo, que preside Santiago Caram\u00e9s Chaparro, propuso crear [&hellip;]\" \/>\n<meta property=\"og:url\" content=\"https:\/\/lospoliticosveracruz.com\/?p=72579\" \/>\n<meta property=\"og:site_name\" content=\"Los pol\u00edticos Veracruz\" \/>\n<meta property=\"article:publisher\" content=\"https:\/\/www.facebook.com\/people\/Notimemes-de-los-Polticos\/61565672886568\/\" \/>\n<meta property=\"article:published_time\" content=\"2021-05-11T18:08:03+00:00\" \/>\n<meta property=\"article:modified_time\" content=\"2021-05-11T18:08:09+00:00\" \/>\n<meta property=\"og:image\" content=\"http:\/\/www.lospoliticosveracruz.com.mx\/wp-content\/uploads\/2021\/05\/Batalla-Cordoba.jpeg\" \/>\n<meta name=\"author\" content=\"Lo viste en Los Pol\u00edticos\" \/>\n<meta name=\"twitter:card\" content=\"summary_large_image\" \/>\n<meta name=\"twitter:creator\" content=\"@LosPoliticosVer\" \/>\n<meta name=\"twitter:site\" content=\"@LosPoliticosVer\" \/>\n<meta name=\"twitter:label1\" content=\"Escrito por\" \/>\n\t<meta name=\"twitter:data1\" content=\"Lo viste en Los Pol\u00edticos\" \/>\n\t<meta name=\"twitter:label2\" content=\"Tiempo de lectura\" \/>\n\t<meta name=\"twitter:data2\" content=\"2 minutos\" \/>\n<script type=\"application\/ld+json\" class=\"yoast-schema-graph\">{\"@context\":\"https:\\\/\\\/schema.org\",\"@graph\":[{\"@type\":\"Article\",\"@id\":\"https:\\\/\\\/lospoliticosveracruz.com\\\/?p=72579#article\",\"isPartOf\":{\"@id\":\"https:\\\/\\\/lospoliticosveracruz.com\\\/?p=72579\"},\"author\":{\"name\":\"Lo viste en Los Pol\u00edticos\",\"@id\":\"https:\\\/\\\/lospoliticosveracruz.com\\\/#\\\/schema\\\/person\\\/b8702bb0e538456e6efd07080bf2a4a2\"},\"headline\":\"No vengo a pedir votos ni aplausos: Exsome\",\"datePublished\":\"2021-05-11T18:08:03+00:00\",\"dateModified\":\"2021-05-11T18:08:09+00:00\",\"mainEntityOfPage\":{\"@id\":\"https:\\\/\\\/lospoliticosveracruz.com\\\/?p=72579\"},\"wordCount\":498,\"publisher\":{\"@id\":\"https:\\\/\\\/lospoliticosveracruz.com\\\/#organization\"},\"image\":{\"@id\":\"https:\\\/\\\/lospoliticosveracruz.com\\\/?p=72579#primaryimage\"},\"thumbnailUrl\":\"http:\\\/\\\/www.lospoliticosveracruz.com.mx\\\/wp-content\\\/uploads\\\/2021\\\/05\\\/Batalla-Cordoba.jpeg\",\"keywords\":[\"Diana Santiago Huesca\",\"diputaci\u00f3n federal\",\"Fernando Arteaga Aponte\",\"Ricardo Exsome Zapata\",\"Rosa Mar\u00eda Hern\u00e1ndez Espejo\",\"Santiago Caram\u00e9s Chaparro\"],\"articleSection\":[\"De Boleto\"],\"inLanguage\":\"es\"},{\"@type\":\"WebPage\",\"@id\":\"https:\\\/\\\/lospoliticosveracruz.com\\\/?p=72579\",\"url\":\"https:\\\/\\\/lospoliticosveracruz.com\\\/?p=72579\",\"name\":\"No vengo a pedir votos ni aplausos: Exsome - Los pol\u00edticos Veracruz\",\"isPartOf\":{\"@id\":\"https:\\\/\\\/lospoliticosveracruz.com\\\/#website\"},\"primaryImageOfPage\":{\"@id\":\"https:\\\/\\\/lospoliticosveracruz.com\\\/?p=72579#primaryimage\"},\"image\":{\"@id\":\"https:\\\/\\\/lospoliticosveracruz.com\\\/?p=72579#primaryimage\"},\"thumbnailUrl\":\"http:\\\/\\\/www.lospoliticosveracruz.com.mx\\\/wp-content\\\/uploads\\\/2021\\\/05\\\/Batalla-Cordoba.jpeg\",\"datePublished\":\"2021-05-11T18:08:03+00:00\",\"dateModified\":\"2021-05-11T18:08:09+00:00\",\"breadcrumb\":{\"@id\":\"https:\\\/\\\/lospoliticosveracruz.com\\\/?p=72579#breadcrumb\"},\"inLanguage\":\"es\",\"potentialAction\":[{\"@type\":\"ReadAction\",\"target\":[\"https:\\\/\\\/lospoliticosveracruz.com\\\/?p=72579\"]}]},{\"@type\":\"ImageObject\",\"inLanguage\":\"es\",\"@id\":\"https:\\\/\\\/lospoliticosveracruz.com\\\/?p=72579#primaryimage\",\"url\":\"http:\\\/\\\/www.lospoliticosveracruz.com.mx\\\/wp-content\\\/uploads\\\/2021\\\/05\\\/Batalla-Cordoba.jpeg\",\"contentUrl\":\"http:\\\/\\\/www.lospoliticosveracruz.com.mx\\\/wp-content\\\/uploads\\\/2021\\\/05\\\/Batalla-Cordoba.jpeg\"},{\"@type\":\"BreadcrumbList\",\"@id\":\"https:\\\/\\\/lospoliticosveracruz.com\\\/?p=72579#breadcrumb\",\"itemListElement\":[{\"@type\":\"ListItem\",\"position\":1,\"name\":\"Portada\",\"item\":\"https:\\\/\\\/lospoliticosveracruz.com\\\/\"},{\"@type\":\"ListItem\",\"position\":2,\"name\":\"No vengo a pedir votos ni aplausos: Exsome\"}]},{\"@type\":\"WebSite\",\"@id\":\"https:\\\/\\\/lospoliticosveracruz.com\\\/#website\",\"url\":\"https:\\\/\\\/lospoliticosveracruz.com\\\/\",\"name\":\"Los pol\u00edticos Veracruz\",\"description\":\"\",\"publisher\":{\"@id\":\"https:\\\/\\\/lospoliticosveracruz.com\\\/#organization\"},\"potentialAction\":[{\"@type\":\"SearchAction\",\"target\":{\"@type\":\"EntryPoint\",\"urlTemplate\":\"https:\\\/\\\/lospoliticosveracruz.com\\\/?s={search_term_string}\"},\"query-input\":{\"@type\":\"PropertyValueSpecification\",\"valueRequired\":true,\"valueName\":\"search_term_string\"}}],\"inLanguage\":\"es\"},{\"@type\":\"Organization\",\"@id\":\"https:\\\/\\\/lospoliticosveracruz.com\\\/#organization\",\"name\":\"Los pol\u00edticos Veracruz\",\"url\":\"https:\\\/\\\/lospoliticosveracruz.com\\\/\",\"logo\":{\"@type\":\"ImageObject\",\"inLanguage\":\"es\",\"@id\":\"https:\\\/\\\/lospoliticosveracruz.com\\\/#\\\/schema\\\/logo\\\/image\\\/\",\"url\":\"https:\\\/\\\/lospoliticosveracruz.com\\\/wp-content\\\/uploads\\\/2025\\\/12\\\/Logo-Nuevo-LOS-POLITICOS-1.jpg\",\"contentUrl\":\"https:\\\/\\\/lospoliticosveracruz.com\\\/wp-content\\\/uploads\\\/2025\\\/12\\\/Logo-Nuevo-LOS-POLITICOS-1.jpg\",\"width\":260,\"height\":70,\"caption\":\"Los pol\u00edticos Veracruz\"},\"image\":{\"@id\":\"https:\\\/\\\/lospoliticosveracruz.com\\\/#\\\/schema\\\/logo\\\/image\\\/\"},\"sameAs\":[\"https:\\\/\\\/www.facebook.com\\\/people\\\/Notimemes-de-los-Polticos\\\/61565672886568\\\/\",\"https:\\\/\\\/x.com\\\/LosPoliticosVer\"]},{\"@type\":\"Person\",\"@id\":\"https:\\\/\\\/lospoliticosveracruz.com\\\/#\\\/schema\\\/person\\\/b8702bb0e538456e6efd07080bf2a4a2\",\"name\":\"Lo viste en Los Pol\u00edticos\",\"image\":{\"@type\":\"ImageObject\",\"inLanguage\":\"es\",\"@id\":\"https:\\\/\\\/secure.gravatar.com\\\/avatar\\\/3a8de04a2656d44082be478bd6c086daa447c4651605818287b9532d3d0bd435?s=96&d=mm&r=g\",\"url\":\"https:\\\/\\\/secure.gravatar.com\\\/avatar\\\/3a8de04a2656d44082be478bd6c086daa447c4651605818287b9532d3d0bd435?s=96&d=mm&r=g\",\"contentUrl\":\"https:\\\/\\\/secure.gravatar.com\\\/avatar\\\/3a8de04a2656d44082be478bd6c086daa447c4651605818287b9532d3d0bd435?s=96&d=mm&r=g\",\"caption\":\"Lo viste en Los Pol\u00edticos\"},\"url\":\"https:\\\/\\\/lospoliticosveracruz.com\\\/?author=2\"}]}<\/script>\n<!-- \/ Yoast SEO plugin. -->","yoast_head_json":{"title":"No vengo a pedir votos ni aplausos: Exsome - Los pol\u00edticos Veracruz","robots":{"index":"index","follow":"follow","max-snippet":"max-snippet:-1","max-image-preview":"max-image-preview:large","max-video-preview":"max-video-preview:-1"},"canonical":"https:\/\/lospoliticosveracruz.com\/?p=72579","og_locale":"es_ES","og_type":"article","og_title":"No vengo a pedir votos ni aplausos: Exsome - Los pol\u00edticos Veracruz","og_description":"VeracruzA crear un Consejo Ciudadano del Centro Hist\u00f3rico e integrar un comit\u00e9 de fiestas y festivales, anunci\u00f3 el candidato por la Coalici\u00f3n \u201cJuntos Hacemos Historia en Veracruz\u201d, Ricardo Exsome Zapata.Durante una reuni\u00f3n con miembros de la Asociaci\u00f3n Mexicana de Hoteles y Moteles de Veracruz y Boca del R\u00edo, que preside Santiago Caram\u00e9s Chaparro, propuso crear [&hellip;]","og_url":"https:\/\/lospoliticosveracruz.com\/?p=72579","og_site_name":"Los pol\u00edticos Veracruz","article_publisher":"https:\/\/www.facebook.com\/people\/Notimemes-de-los-Polticos\/61565672886568\/","article_published_time":"2021-05-11T18:08:03+00:00","article_modified_time":"2021-05-11T18:08:09+00:00","og_image":[{"url":"http:\/\/www.lospoliticosveracruz.com.mx\/wp-content\/uploads\/2021\/05\/Batalla-Cordoba.jpeg","type":"","width":"","height":""}],"author":"Lo viste en Los Pol\u00edticos","twitter_card":"summary_large_image","twitter_creator":"@LosPoliticosVer","twitter_site":"@LosPoliticosVer","twitter_misc":{"Escrito por":"Lo viste en Los Pol\u00edticos","Tiempo de lectura":"2 minutos"},"schema":{"@context":"https:\/\/schema.org","@graph":[{"@type":"Article","@id":"https:\/\/lospoliticosveracruz.com\/?p=72579#article","isPartOf":{"@id":"https:\/\/lospoliticosveracruz.com\/?p=72579"},"author":{"name":"Lo viste en Los Pol\u00edticos","@id":"https:\/\/lospoliticosveracruz.com\/#\/schema\/person\/b8702bb0e538456e6efd07080bf2a4a2"},"headline":"No vengo a pedir votos ni aplausos: Exsome","datePublished":"2021-05-11T18:08:03+00:00","dateModified":"2021-05-11T18:08:09+00:00","mainEntityOfPage":{"@id":"https:\/\/lospoliticosveracruz.com\/?p=72579"},"wordCount":498,"publisher":{"@id":"https:\/\/lospoliticosveracruz.com\/#organization"},"image":{"@id":"https:\/\/lospoliticosveracruz.com\/?p=72579#primaryimage"},"thumbnailUrl":"http:\/\/www.lospoliticosveracruz.com.mx\/wp-content\/uploads\/2021\/05\/Batalla-Cordoba.jpeg","keywords":["Diana Santiago Huesca","diputaci\u00f3n federal","Fernando Arteaga Aponte","Ricardo Exsome Zapata","Rosa Mar\u00eda Hern\u00e1ndez Espejo","Santiago Caram\u00e9s Chaparro"],"articleSection":["De Boleto"],"inLanguage":"es"},{"@type":"WebPage","@id":"https:\/\/lospoliticosveracruz.com\/?p=72579","url":"https:\/\/lospoliticosveracruz.com\/?p=72579","name":"No vengo a pedir votos ni aplausos: Exsome - Los pol\u00edticos Veracruz","isPartOf":{"@id":"https:\/\/lospoliticosveracruz.com\/#website"},"primaryImageOfPage":{"@id":"https:\/\/lospoliticosveracruz.com\/?p=72579#primaryimage"},"image":{"@id":"https:\/\/lospoliticosveracruz.com\/?p=72579#primaryimage"},"thumbnailUrl":"http:\/\/www.lospoliticosveracruz.com.mx\/wp-content\/uploads\/2021\/05\/Batalla-Cordoba.jpeg","datePublished":"2021-05-11T18:08:03+00:00","dateModified":"2021-05-11T18:08:09+00:00","breadcrumb":{"@id":"https:\/\/lospoliticosveracruz.com\/?p=72579#breadcrumb"},"inLanguage":"es","potentialAction":[{"@type":"ReadAction","target":["https:\/\/lospoliticosveracruz.com\/?p=72579"]}]},{"@type":"ImageObject","inLanguage":"es","@id":"https:\/\/lospoliticosveracruz.com\/?p=72579#primaryimage","url":"http:\/\/www.lospoliticosveracruz.com.mx\/wp-content\/uploads\/2021\/05\/Batalla-Cordoba.jpeg","contentUrl":"http:\/\/www.lospoliticosveracruz.com.mx\/wp-content\/uploads\/2021\/05\/Batalla-Cordoba.jpeg"},{"@type":"BreadcrumbList","@id":"https:\/\/lospoliticosveracruz.com\/?p=72579#breadcrumb","itemListElement":[{"@type":"ListItem","position":1,"name":"Portada","item":"https:\/\/lospoliticosveracruz.com\/"},{"@type":"ListItem","position":2,"name":"No vengo a pedir votos ni aplausos: Exsome"}]},{"@type":"WebSite","@id":"https:\/\/lospoliticosveracruz.com\/#website","url":"https:\/\/lospoliticosveracruz.com\/","name":"Los pol\u00edticos Veracruz","description":"","publisher":{"@id":"https:\/\/lospoliticosveracruz.com\/#organization"},"potentialAction":[{"@type":"SearchAction","target":{"@type":"EntryPoint","urlTemplate":"https:\/\/lospoliticosveracruz.com\/?s={search_term_string}"},"query-input":{"@type":"PropertyValueSpecification","valueRequired":true,"valueName":"search_term_string"}}],"inLanguage":"es"},{"@type":"Organization","@id":"https:\/\/lospoliticosveracruz.com\/#organization","name":"Los pol\u00edticos Veracruz","url":"https:\/\/lospoliticosveracruz.com\/","logo":{"@type":"ImageObject","inLanguage":"es","@id":"https:\/\/lospoliticosveracruz.com\/#\/schema\/logo\/image\/","url":"https:\/\/lospoliticosveracruz.com\/wp-content\/uploads\/2025\/12\/Logo-Nuevo-LOS-POLITICOS-1.jpg","contentUrl":"https:\/\/lospoliticosveracruz.com\/wp-content\/uploads\/2025\/12\/Logo-Nuevo-LOS-POLITICOS-1.jpg","width":260,"height":70,"caption":"Los pol\u00edticos Veracruz"},"image":{"@id":"https:\/\/lospoliticosveracruz.com\/#\/schema\/logo\/image\/"},"sameAs":["https:\/\/www.facebook.com\/people\/Notimemes-de-los-Polticos\/61565672886568\/","https:\/\/x.com\/LosPoliticosVer"]},{"@type":"Person","@id":"https:\/\/lospoliticosveracruz.com\/#\/schema\/person\/b8702bb0e538456e6efd07080bf2a4a2","name":"Lo viste en Los Pol\u00edticos","image":{"@type":"ImageObject","inLanguage":"es","@id":"https:\/\/secure.gravatar.com\/avatar\/3a8de04a2656d44082be478bd6c086daa447c4651605818287b9532d3d0bd435?s=96&d=mm&r=g","url":"https:\/\/secure.gravatar.com\/avatar\/3a8de04a2656d44082be478bd6c086daa447c4651605818287b9532d3d0bd435?s=96&d=mm&r=g","contentUrl":"https:\/\/secure.gravatar.com\/avatar\/3a8de04a2656d44082be478bd6c086daa447c4651605818287b9532d3d0bd435?s=96&d=mm&r=g","caption":"Lo viste en Los Pol\u00edticos"},"url":"https:\/\/lospoliticosveracruz.com\/?author=2"}]}},"_links":{"self":[{"href":"https:\/\/lospoliticosveracruz.com\/index.php?rest_route=\/wp\/v2\/posts\/72579","targetHints":{"allow":["GET"]}}],"collection":[{"href":"https:\/\/lospoliticosveracruz.com\/index.php?rest_route=\/wp\/v2\/posts"}],"about":[{"href":"https:\/\/lospoliticosveracruz.com\/index.php?rest_route=\/wp\/v2\/types\/post"}],"author":[{"embeddable":true,"href":"https:\/\/lospoliticosveracruz.com\/index.php?rest_route=\/wp\/v2\/users\/2"}],"replies":[{"embeddable":true,"href":"https:\/\/lospoliticosveracruz.com\/index.php?rest_route=%2Fwp%2Fv2%2Fcomments&post=72579"}],"version-history":[{"count":1,"href":"https:\/\/lospoliticosveracruz.com\/index.php?rest_route=\/wp\/v2\/posts\/72579\/revisions"}],"predecessor-version":[{"id":72581,"href":"https:\/\/lospoliticosveracruz.com\/index.php?rest_route=\/wp\/v2\/posts\/72579\/revisions\/72581"}],"wp:attachment":[{"href":"https:\/\/lospoliticosveracruz.com\/index.php?rest_route=%2Fwp%2Fv2%2Fmedia&parent=72579"}],"wp:term":[{"taxonomy":"category","embeddable":true,"href":"https:\/\/lospoliticosveracruz.com\/index.php?rest_route=%2Fwp%2Fv2%2Fcategories&post=72579"},{"taxonomy":"post_tag","embeddable":true,"href":"https:\/\/lospoliticosveracruz.com\/index.php?rest_route=%2Fwp%2Fv2%2Ftags&post=72579"}],"curies":[{"name":"wp","href":"https:\/\/api.w.org\/{rel}","templated":true}]}}