{"id":72601,"date":"2021-05-11T16:36:30","date_gmt":"2021-05-11T21:36:30","guid":{"rendered":"http:\/\/www.lospoliticosveracruz.com.mx\/?p=72601"},"modified":"2021-05-11T16:43:44","modified_gmt":"2021-05-11T21:43:44","slug":"amlo-desesperado-ddr","status":"publish","type":"post","link":"https:\/\/lospoliticosveracruz.com\/?p=72601","title":{"rendered":"AMLO, desesperado: DDR"},"content":{"rendered":"\n<p><\/p>\n\n\n\n<p><strong>Posicionamiento Senador Dante Delgado<\/strong><\/p>\n\n\n\n<p>Andr\u00e9s Manuel L\u00f3pez Obrador, saca las manos del proceso electoral, porque lo que est\u00e1s haciendo es abuso de poder, est\u00e1s interviniendo en un campo que te est\u00e1 vedado. Abstente de seguir violando la legislaci\u00f3n que te impide participar en los procesos electorales.<br>S\u00e9 que est\u00e1s desesperado por la ca\u00edda de Morena en las preferencias electorales y que est\u00e1s profundamente mortificado por el crecimiento acelerado de Movimiento Ciudadano, porque te estamos arrebatando elecciones como en Nuevo Le\u00f3n, Jalisco o Campeche, que en tu cabeza ya dabas por ganadas.<br>Est\u00e1s desesperado, aturdido y desquiciado ante la falta de resultados de Morena, aqu\u00ed en Nuevo Le\u00f3n y en todos lados. Est\u00e1s actuando facciosamente, como jefe de grupo, de pandilla.<br>Samuel Garc\u00eda tiene todo el respaldo de Movimiento Ciudadano. No vamos a permitir ning\u00fan atropello de tu parte. Estamos dispuestos a llegar hasta las \u00faltimas consecuencias para construir la alternancia democr\u00e1tica que est\u00e1 exigiendo el pa\u00eds.<br>Movimiento Ciudadano valorar\u00e1 la conveniencia de presentar una denuncia de hechos contra ti, por tu abusiva intervenci\u00f3n en el proceso electoral. No voy a permitir, ni como coordinador del grupo parlamentario, ni como senador de la Rep\u00fablica, ni como ciudadano de nuestra patria, tu intervenci\u00f3n ni en este ni en ning\u00fan otro caso.<br>Porque lo que obligaste a hacer a la Fiscal\u00eda General de la Rep\u00fablica es una violaci\u00f3n a la ley, por varias razones. Primero, estamos en medio de un proceso electoral. Segundo, la presunci\u00f3n de inocencia es un mandato constitucional.<br>Es claro que el comunicado de la FGR tiene una motivaci\u00f3n pol\u00edtica. Dice: \u201cpresuntamente\u201d, \u201cporque hay algunas denuncias\u201d, \u00bfdenuncias de qui\u00e9nes, c\u00f3mo, por qu\u00e9? La trampa es que por ley nada de esto puede ser p\u00fablico. Aplicaste tu m\u00e1xima: difama que algo queda.<br>S\u00e9 que todos los d\u00edas haces un ejercicio para lograr la captura del poder judicial. El problema es que tenemos un presidente de la Corte d\u00f3cil. Hace tres d\u00edas lo vieron salir de las puertas de Palacio Nacional, \u00bflo convocaste para darle instrucciones en torno a este ejercicio antidemocr\u00e1tico? \u00bfDe qu\u00e9 hablaron? \u00bfDe la Ley Zald\u00edvar? \u00bfDe la violaci\u00f3n constitucional? \u00bfDe jueces a modo? Ten claro que no vamos a permitir la captura del Poder Judicial que pretendes llevar a cabo.<br>Desde Monterrey, convoco a mi amigo Agust\u00edn Ortiz Pinchetti a que honre su trayectoria, a que no sucumba ante el afecto de un presidente que est\u00e1 extraviado y que abusivamente est\u00e1 interviniendo, a\u00fan cuando se supone que la FGR y sus fiscal\u00edas especializadas deben tener autonom\u00eda.<\/p>\n\n\n\n<p>Por su parte, la Unidad de Inteligencia Financiera dijo que no iba a intervenir en el proceso electoral, pero evidentemente cambia de punto de vista cada tres d\u00edas. Andr\u00e9s Manuel, es claro que usas a la UIF como espantap\u00e1jaros, nada m\u00e1s que con Movimiento Ciudadano se van a joder porque nosotros somos \u00e1guilas.<br>Andr\u00e9s Manuel, est\u00e1s acostumbrado a un discurso que se pierde en la verborrea. Est\u00e1s acostumbrado a marcar agenda con temas insustanciales y no asumes la responsabilidad de comportarte como jefe de Estado.<br>Has evadido la responsabilidad de dar la cara frente a la tragedia del Metro. Y violando el acuerdo de luto te has dedicado a intervenir, desde tus ma\u00f1aneras, en el proceso electoral de Nuevo Le\u00f3n y del pa\u00eds. \u00bfEso se vale en medio del luto? Te pido, al menos, un poco de decencia.<br>Andr\u00e9s Manuel, eres muy ma\u00f1oso y te has quedado en eso, en un pol\u00edtico de plaza p\u00fablica que cree que gobernar es hablar. Por eso andabas recorriendo el pa\u00eds, hablando de plaza en plaza, aunque hubiera s\u00f3lo 4 o 5 personas. Lo tuyo es hablar, pero este pa\u00eds requiere ser gobernado. Y para gobernar hay que trabajar, hay que dar resultados. Esa es la tragedia, tienes un gobierno sin resultados, un gobierno de perorata. Has convertido tus ma\u00f1aneras en plaza p\u00fablica.<br>Necesitamos un presidente de la Rep\u00fablica que se dedique a gobernar y gobernar bien. La tragedia de M\u00e9xico es que se piensa que es m\u00e1s importante lo que se dice que lo que se hace. Y, Andr\u00e9s Manuel, t\u00fa dices mucho y haces poco.<br>Te invito a que te conviertas en presidente de la Rep\u00fablica. Asume tu responsabilidad, cumple con lo que establecen las leyes, no las violentes, no trates de capturar a los otros poderes del Estado, act\u00faa como jefe de Estado, como estadista, no como merolico de pueblo.<br>Te exijo, nuevamente, que saques las manos del proceso electoral y que asumas tu responsabilidad de presidente de la Rep\u00fablica.<br>Te exijo que abandones la mezquindad de sentirte y actuar como parte de una facci\u00f3n y asumas la responsabilidad de ser ejecutivo de todo el pa\u00eds.<br>Te exijo que dejes de tener los ojos puestos en el siglo XIX, en el discurso de conservadores y liberales, que tanto da\u00f1o le caus\u00f3 y le causa a M\u00e9xico.<br>Andr\u00e9s Manuel, s\u00e9 presidente de M\u00e9xico, no l\u00edder faccioso, conc\u00e9ntrate en gobernar, te lo exijo desde Monterrey, capital de Nuevo Le\u00f3n, un estado de mujeres y hombres libres, que saben luchar y que le han aportado a la vida independiente, a la vida revolucionaria, a la transformaci\u00f3n profunda de este pa\u00eds. Aqu\u00ed te vas a topar con pared porque hay hombres y mujeres dispuestos a luchar y no los vamos a dejar solos.<\/p>\n\n\n\n<p>Vamos con todo a ganar el pr\u00f3ximo 6 de junio. Samuel Garc\u00eda ser\u00e1 el gobernador de Nuevo Le\u00f3n y Luis Donaldo Colosio Riojas ser\u00e1 presidente de Monterrey, porque as\u00ed lo est\u00e1n disponiendo desde ahora las y los ciudadanos.<br>La gran cruzada c\u00edvica ser\u00e1 el pr\u00f3ximo 6 de junio, por eso no nos vamos a distraer en las celadas, en los subterfugios, en el abuso de poder que lamentablemente se est\u00e1 dando desde tu presidencia.<br>V\u00eda Redes Sociales 11 de mayo de 2021.<\/p>\n\n\n","protected":false},"excerpt":{"rendered":"<p>Posicionamiento Senador Dante Delgado Andr\u00e9s Manuel L\u00f3pez Obrador, saca las manos del proceso electoral, porque lo que est\u00e1s haciendo es abuso de poder, est\u00e1s interviniendo en un campo que te est\u00e1 vedado. Abstente de seguir violando la legislaci\u00f3n que te impide participar en los procesos electorales.S\u00e9 que est\u00e1s desesperado por la ca\u00edda de Morena en [&hellip;]<\/p>\n","protected":false},"author":2,"featured_media":0,"comment_status":"closed","ping_status":"closed","sticky":false,"template":"","format":"standard","meta":{"tdm_status":"","tdm_grid_status":"","footnotes":""},"categories":[73],"tags":[618,13146,2327,15997],"class_list":{"0":"post-72601","1":"post","2":"type-post","3":"status-publish","4":"format-standard","6":"category-de-boleto","7":"tag-andres-manuel-lopez-obrador","8":"tag-fiscalia-general-de-la-republica","9":"tag-movimiento-ciudadano","10":"tag-samuel-garcia"},"yoast_head":"<!-- This site is optimized with the Yoast SEO plugin v27.4 - https:\/\/yoast.com\/product\/yoast-seo-wordpress\/ -->\n<title>AMLO, desesperado: DDR - Los pol\u00edticos Veracruz<\/title>\n<meta name=\"robots\" content=\"index, follow, max-snippet:-1, max-image-preview:large, max-video-preview:-1\" \/>\n<link rel=\"canonical\" href=\"https:\/\/lospoliticosveracruz.com\/?p=72601\" \/>\n<meta property=\"og:locale\" content=\"es_ES\" \/>\n<meta property=\"og:type\" content=\"article\" \/>\n<meta property=\"og:title\" content=\"AMLO, desesperado: DDR - Los pol\u00edticos Veracruz\" \/>\n<meta property=\"og:description\" content=\"Posicionamiento Senador Dante Delgado Andr\u00e9s Manuel L\u00f3pez Obrador, saca las manos del proceso electoral, porque lo que est\u00e1s haciendo es abuso de poder, est\u00e1s interviniendo en un campo que te est\u00e1 vedado. Abstente de seguir violando la legislaci\u00f3n que te impide participar en los procesos electorales.S\u00e9 que est\u00e1s desesperado por la ca\u00edda de Morena en [&hellip;]\" \/>\n<meta property=\"og:url\" content=\"https:\/\/lospoliticosveracruz.com\/?p=72601\" \/>\n<meta property=\"og:site_name\" content=\"Los pol\u00edticos Veracruz\" \/>\n<meta property=\"article:publisher\" content=\"https:\/\/www.facebook.com\/people\/Notimemes-de-los-Polticos\/61565672886568\/\" \/>\n<meta property=\"article:published_time\" content=\"2021-05-11T21:36:30+00:00\" \/>\n<meta property=\"article:modified_time\" content=\"2021-05-11T21:43:44+00:00\" \/>\n<meta property=\"og:image\" content=\"https:\/\/lospoliticosveracruz.com\/wp-content\/uploads\/2016\/07\/Logo-Dor.jpg\" \/>\n\t<meta property=\"og:image:width\" content=\"200\" \/>\n\t<meta property=\"og:image:height\" content=\"200\" \/>\n\t<meta property=\"og:image:type\" content=\"image\/jpeg\" \/>\n<meta name=\"author\" content=\"Lo viste en Los Pol\u00edticos\" \/>\n<meta name=\"twitter:card\" content=\"summary_large_image\" \/>\n<meta name=\"twitter:creator\" content=\"@LosPoliticosVer\" \/>\n<meta name=\"twitter:site\" content=\"@LosPoliticosVer\" \/>\n<meta name=\"twitter:label1\" content=\"Escrito por\" \/>\n\t<meta name=\"twitter:data1\" content=\"Lo viste en Los Pol\u00edticos\" \/>\n\t<meta name=\"twitter:label2\" content=\"Tiempo de lectura\" \/>\n\t<meta name=\"twitter:data2\" content=\"5 minutos\" \/>\n<script type=\"application\/ld+json\" class=\"yoast-schema-graph\">{\"@context\":\"https:\\\/\\\/schema.org\",\"@graph\":[{\"@type\":\"Article\",\"@id\":\"https:\\\/\\\/lospoliticosveracruz.com\\\/?p=72601#article\",\"isPartOf\":{\"@id\":\"https:\\\/\\\/lospoliticosveracruz.com\\\/?p=72601\"},\"author\":{\"name\":\"Lo viste en Los Pol\u00edticos\",\"@id\":\"https:\\\/\\\/lospoliticosveracruz.com\\\/#\\\/schema\\\/person\\\/b8702bb0e538456e6efd07080bf2a4a2\"},\"headline\":\"AMLO, desesperado: DDR\",\"datePublished\":\"2021-05-11T21:36:30+00:00\",\"dateModified\":\"2021-05-11T21:43:44+00:00\",\"mainEntityOfPage\":{\"@id\":\"https:\\\/\\\/lospoliticosveracruz.com\\\/?p=72601\"},\"wordCount\":1039,\"publisher\":{\"@id\":\"https:\\\/\\\/lospoliticosveracruz.com\\\/#organization\"},\"keywords\":[\"Andr\u00e9s Manuel L\u00f3pez Obrador\",\"Fiscal\u00eda General de la Rep\u00fablica\",\"Movimiento Ciudadano\",\"Samuel Garc\u00eda\"],\"articleSection\":[\"De Boleto\"],\"inLanguage\":\"es\"},{\"@type\":\"WebPage\",\"@id\":\"https:\\\/\\\/lospoliticosveracruz.com\\\/?p=72601\",\"url\":\"https:\\\/\\\/lospoliticosveracruz.com\\\/?p=72601\",\"name\":\"AMLO, desesperado: DDR - Los pol\u00edticos Veracruz\",\"isPartOf\":{\"@id\":\"https:\\\/\\\/lospoliticosveracruz.com\\\/#website\"},\"datePublished\":\"2021-05-11T21:36:30+00:00\",\"dateModified\":\"2021-05-11T21:43:44+00:00\",\"breadcrumb\":{\"@id\":\"https:\\\/\\\/lospoliticosveracruz.com\\\/?p=72601#breadcrumb\"},\"inLanguage\":\"es\",\"potentialAction\":[{\"@type\":\"ReadAction\",\"target\":[\"https:\\\/\\\/lospoliticosveracruz.com\\\/?p=72601\"]}]},{\"@type\":\"BreadcrumbList\",\"@id\":\"https:\\\/\\\/lospoliticosveracruz.com\\\/?p=72601#breadcrumb\",\"itemListElement\":[{\"@type\":\"ListItem\",\"position\":1,\"name\":\"Portada\",\"item\":\"https:\\\/\\\/lospoliticosveracruz.com\\\/\"},{\"@type\":\"ListItem\",\"position\":2,\"name\":\"AMLO, desesperado: DDR\"}]},{\"@type\":\"WebSite\",\"@id\":\"https:\\\/\\\/lospoliticosveracruz.com\\\/#website\",\"url\":\"https:\\\/\\\/lospoliticosveracruz.com\\\/\",\"name\":\"Los pol\u00edticos Veracruz\",\"description\":\"\",\"publisher\":{\"@id\":\"https:\\\/\\\/lospoliticosveracruz.com\\\/#organization\"},\"potentialAction\":[{\"@type\":\"SearchAction\",\"target\":{\"@type\":\"EntryPoint\",\"urlTemplate\":\"https:\\\/\\\/lospoliticosveracruz.com\\\/?s={search_term_string}\"},\"query-input\":{\"@type\":\"PropertyValueSpecification\",\"valueRequired\":true,\"valueName\":\"search_term_string\"}}],\"inLanguage\":\"es\"},{\"@type\":\"Organization\",\"@id\":\"https:\\\/\\\/lospoliticosveracruz.com\\\/#organization\",\"name\":\"Los pol\u00edticos Veracruz\",\"url\":\"https:\\\/\\\/lospoliticosveracruz.com\\\/\",\"logo\":{\"@type\":\"ImageObject\",\"inLanguage\":\"es\",\"@id\":\"https:\\\/\\\/lospoliticosveracruz.com\\\/#\\\/schema\\\/logo\\\/image\\\/\",\"url\":\"https:\\\/\\\/lospoliticosveracruz.com\\\/wp-content\\\/uploads\\\/2025\\\/12\\\/Logo-Nuevo-LOS-POLITICOS-1.jpg\",\"contentUrl\":\"https:\\\/\\\/lospoliticosveracruz.com\\\/wp-content\\\/uploads\\\/2025\\\/12\\\/Logo-Nuevo-LOS-POLITICOS-1.jpg\",\"width\":260,\"height\":70,\"caption\":\"Los pol\u00edticos Veracruz\"},\"image\":{\"@id\":\"https:\\\/\\\/lospoliticosveracruz.com\\\/#\\\/schema\\\/logo\\\/image\\\/\"},\"sameAs\":[\"https:\\\/\\\/www.facebook.com\\\/people\\\/Notimemes-de-los-Polticos\\\/61565672886568\\\/\",\"https:\\\/\\\/x.com\\\/LosPoliticosVer\"]},{\"@type\":\"Person\",\"@id\":\"https:\\\/\\\/lospoliticosveracruz.com\\\/#\\\/schema\\\/person\\\/b8702bb0e538456e6efd07080bf2a4a2\",\"name\":\"Lo viste en Los Pol\u00edticos\",\"image\":{\"@type\":\"ImageObject\",\"inLanguage\":\"es\",\"@id\":\"https:\\\/\\\/secure.gravatar.com\\\/avatar\\\/3a8de04a2656d44082be478bd6c086daa447c4651605818287b9532d3d0bd435?s=96&d=mm&r=g\",\"url\":\"https:\\\/\\\/secure.gravatar.com\\\/avatar\\\/3a8de04a2656d44082be478bd6c086daa447c4651605818287b9532d3d0bd435?s=96&d=mm&r=g\",\"contentUrl\":\"https:\\\/\\\/secure.gravatar.com\\\/avatar\\\/3a8de04a2656d44082be478bd6c086daa447c4651605818287b9532d3d0bd435?s=96&d=mm&r=g\",\"caption\":\"Lo viste en Los Pol\u00edticos\"},\"url\":\"https:\\\/\\\/lospoliticosveracruz.com\\\/?author=2\"}]}<\/script>\n<!-- \/ Yoast SEO plugin. -->","yoast_head_json":{"title":"AMLO, desesperado: DDR - Los pol\u00edticos Veracruz","robots":{"index":"index","follow":"follow","max-snippet":"max-snippet:-1","max-image-preview":"max-image-preview:large","max-video-preview":"max-video-preview:-1"},"canonical":"https:\/\/lospoliticosveracruz.com\/?p=72601","og_locale":"es_ES","og_type":"article","og_title":"AMLO, desesperado: DDR - Los pol\u00edticos Veracruz","og_description":"Posicionamiento Senador Dante Delgado Andr\u00e9s Manuel L\u00f3pez Obrador, saca las manos del proceso electoral, porque lo que est\u00e1s haciendo es abuso de poder, est\u00e1s interviniendo en un campo que te est\u00e1 vedado. Abstente de seguir violando la legislaci\u00f3n que te impide participar en los procesos electorales.S\u00e9 que est\u00e1s desesperado por la ca\u00edda de Morena en [&hellip;]","og_url":"https:\/\/lospoliticosveracruz.com\/?p=72601","og_site_name":"Los pol\u00edticos Veracruz","article_publisher":"https:\/\/www.facebook.com\/people\/Notimemes-de-los-Polticos\/61565672886568\/","article_published_time":"2021-05-11T21:36:30+00:00","article_modified_time":"2021-05-11T21:43:44+00:00","og_image":[{"width":200,"height":200,"url":"https:\/\/lospoliticosveracruz.com\/wp-content\/uploads\/2016\/07\/Logo-Dor.jpg","type":"image\/jpeg"}],"author":"Lo viste en Los Pol\u00edticos","twitter_card":"summary_large_image","twitter_creator":"@LosPoliticosVer","twitter_site":"@LosPoliticosVer","twitter_misc":{"Escrito por":"Lo viste en Los Pol\u00edticos","Tiempo de lectura":"5 minutos"},"schema":{"@context":"https:\/\/schema.org","@graph":[{"@type":"Article","@id":"https:\/\/lospoliticosveracruz.com\/?p=72601#article","isPartOf":{"@id":"https:\/\/lospoliticosveracruz.com\/?p=72601"},"author":{"name":"Lo viste en Los Pol\u00edticos","@id":"https:\/\/lospoliticosveracruz.com\/#\/schema\/person\/b8702bb0e538456e6efd07080bf2a4a2"},"headline":"AMLO, desesperado: DDR","datePublished":"2021-05-11T21:36:30+00:00","dateModified":"2021-05-11T21:43:44+00:00","mainEntityOfPage":{"@id":"https:\/\/lospoliticosveracruz.com\/?p=72601"},"wordCount":1039,"publisher":{"@id":"https:\/\/lospoliticosveracruz.com\/#organization"},"keywords":["Andr\u00e9s Manuel L\u00f3pez Obrador","Fiscal\u00eda General de la Rep\u00fablica","Movimiento Ciudadano","Samuel Garc\u00eda"],"articleSection":["De Boleto"],"inLanguage":"es"},{"@type":"WebPage","@id":"https:\/\/lospoliticosveracruz.com\/?p=72601","url":"https:\/\/lospoliticosveracruz.com\/?p=72601","name":"AMLO, desesperado: DDR - Los pol\u00edticos Veracruz","isPartOf":{"@id":"https:\/\/lospoliticosveracruz.com\/#website"},"datePublished":"2021-05-11T21:36:30+00:00","dateModified":"2021-05-11T21:43:44+00:00","breadcrumb":{"@id":"https:\/\/lospoliticosveracruz.com\/?p=72601#breadcrumb"},"inLanguage":"es","potentialAction":[{"@type":"ReadAction","target":["https:\/\/lospoliticosveracruz.com\/?p=72601"]}]},{"@type":"BreadcrumbList","@id":"https:\/\/lospoliticosveracruz.com\/?p=72601#breadcrumb","itemListElement":[{"@type":"ListItem","position":1,"name":"Portada","item":"https:\/\/lospoliticosveracruz.com\/"},{"@type":"ListItem","position":2,"name":"AMLO, desesperado: DDR"}]},{"@type":"WebSite","@id":"https:\/\/lospoliticosveracruz.com\/#website","url":"https:\/\/lospoliticosveracruz.com\/","name":"Los pol\u00edticos Veracruz","description":"","publisher":{"@id":"https:\/\/lospoliticosveracruz.com\/#organization"},"potentialAction":[{"@type":"SearchAction","target":{"@type":"EntryPoint","urlTemplate":"https:\/\/lospoliticosveracruz.com\/?s={search_term_string}"},"query-input":{"@type":"PropertyValueSpecification","valueRequired":true,"valueName":"search_term_string"}}],"inLanguage":"es"},{"@type":"Organization","@id":"https:\/\/lospoliticosveracruz.com\/#organization","name":"Los pol\u00edticos Veracruz","url":"https:\/\/lospoliticosveracruz.com\/","logo":{"@type":"ImageObject","inLanguage":"es","@id":"https:\/\/lospoliticosveracruz.com\/#\/schema\/logo\/image\/","url":"https:\/\/lospoliticosveracruz.com\/wp-content\/uploads\/2025\/12\/Logo-Nuevo-LOS-POLITICOS-1.jpg","contentUrl":"https:\/\/lospoliticosveracruz.com\/wp-content\/uploads\/2025\/12\/Logo-Nuevo-LOS-POLITICOS-1.jpg","width":260,"height":70,"caption":"Los pol\u00edticos Veracruz"},"image":{"@id":"https:\/\/lospoliticosveracruz.com\/#\/schema\/logo\/image\/"},"sameAs":["https:\/\/www.facebook.com\/people\/Notimemes-de-los-Polticos\/61565672886568\/","https:\/\/x.com\/LosPoliticosVer"]},{"@type":"Person","@id":"https:\/\/lospoliticosveracruz.com\/#\/schema\/person\/b8702bb0e538456e6efd07080bf2a4a2","name":"Lo viste en Los Pol\u00edticos","image":{"@type":"ImageObject","inLanguage":"es","@id":"https:\/\/secure.gravatar.com\/avatar\/3a8de04a2656d44082be478bd6c086daa447c4651605818287b9532d3d0bd435?s=96&d=mm&r=g","url":"https:\/\/secure.gravatar.com\/avatar\/3a8de04a2656d44082be478bd6c086daa447c4651605818287b9532d3d0bd435?s=96&d=mm&r=g","contentUrl":"https:\/\/secure.gravatar.com\/avatar\/3a8de04a2656d44082be478bd6c086daa447c4651605818287b9532d3d0bd435?s=96&d=mm&r=g","caption":"Lo viste en Los Pol\u00edticos"},"url":"https:\/\/lospoliticosveracruz.com\/?author=2"}]}},"_links":{"self":[{"href":"https:\/\/lospoliticosveracruz.com\/index.php?rest_route=\/wp\/v2\/posts\/72601","targetHints":{"allow":["GET"]}}],"collection":[{"href":"https:\/\/lospoliticosveracruz.com\/index.php?rest_route=\/wp\/v2\/posts"}],"about":[{"href":"https:\/\/lospoliticosveracruz.com\/index.php?rest_route=\/wp\/v2\/types\/post"}],"author":[{"embeddable":true,"href":"https:\/\/lospoliticosveracruz.com\/index.php?rest_route=\/wp\/v2\/users\/2"}],"replies":[{"embeddable":true,"href":"https:\/\/lospoliticosveracruz.com\/index.php?rest_route=%2Fwp%2Fv2%2Fcomments&post=72601"}],"version-history":[{"count":2,"href":"https:\/\/lospoliticosveracruz.com\/index.php?rest_route=\/wp\/v2\/posts\/72601\/revisions"}],"predecessor-version":[{"id":72604,"href":"https:\/\/lospoliticosveracruz.com\/index.php?rest_route=\/wp\/v2\/posts\/72601\/revisions\/72604"}],"wp:attachment":[{"href":"https:\/\/lospoliticosveracruz.com\/index.php?rest_route=%2Fwp%2Fv2%2Fmedia&parent=72601"}],"wp:term":[{"taxonomy":"category","embeddable":true,"href":"https:\/\/lospoliticosveracruz.com\/index.php?rest_route=%2Fwp%2Fv2%2Fcategories&post=72601"},{"taxonomy":"post_tag","embeddable":true,"href":"https:\/\/lospoliticosveracruz.com\/index.php?rest_route=%2Fwp%2Fv2%2Ftags&post=72601"}],"curies":[{"name":"wp","href":"https:\/\/api.w.org\/{rel}","templated":true}]}}