{"id":72609,"date":"2021-05-11T17:36:26","date_gmt":"2021-05-11T22:36:26","guid":{"rendered":"http:\/\/www.lospoliticosveracruz.com.mx\/?p=72609"},"modified":"2021-05-11T17:37:27","modified_gmt":"2021-05-11T22:37:27","slug":"siguen-en-verde-pero-no-hay-que-confiarse","status":"publish","type":"post","link":"https:\/\/lospoliticosveracruz.com\/?p=72609","title":{"rendered":"Siguen en Verde, pero no hay que confiarse!"},"content":{"rendered":"\n<p><strong>C\u00f3rdoba<\/strong><br>La Jefatura de Salud del Ayuntamiento de C\u00f3rdoba inform\u00f3 que las autoridades sanitarias colocaron nuevamente a C\u00f3rdoba en color verde del sem\u00e1foro epidemiol\u00f3gico para el periodo del 10 al 23 de Mayo.<br>La instancia de salud urgi\u00f3 a las familias cordobesas a mantener la aplicaci\u00f3n estricta de las medidas preventivas ante el COVID, principalmente, el uso de cubreboca en cualquier espacio p\u00fablico.<\/p>\n\n\n\n<div class=\"wp-block-image\"><figure class=\"alignleft size-large is-resized\"><a href=\"http:\/\/www.lospoliticosveracruz.com.mx\/wp-content\/uploads\/2021\/05\/Batalla-Cordoba.jpeg\"><img loading=\"lazy\" decoding=\"async\" src=\"http:\/\/www.lospoliticosveracruz.com.mx\/wp-content\/uploads\/2021\/05\/Batalla-Cordoba.jpeg\" alt=\"\" class=\"wp-image-72571\" width=\"233\" height=\"388\"\/><\/a><\/figure><\/div>\n\n\n\n<p>Se destac\u00f3 que en C\u00f3rdoba ya se complet\u00f3 la aplicaci\u00f3n de la segunda dosis de las vacunas antiCOVID a personas adultas mayores, y que ya se encuentra habilitada la p\u00e1gina <strong><em><a href=\"http:\/\/mivacuna.salud.gob.mx\">mivacuna.salud.gob.mx<\/a><\/em><\/strong> para que las personas de entre 50 y 59 a\u00f1os puedan registrarse para su respectiva inoculaci\u00f3n en fechas pr\u00f3ximas.<\/p>\n\n\n\n<p>La Jefatura de Salud valor\u00f3 que las acciones preventivas organizadas por la autoridad municipal y el compromiso social con su aplicaci\u00f3n logr\u00f3 la reducci\u00f3n de casos, pero alert\u00f3 que se deben mantener los protocolos de manera estricta para para reducir riesgos de transmisi\u00f3n y contagio de SARS-CoV-2, principalmente entre personas de grupos vulnerables.<\/p>\n\n\n\n<p>Se convoc\u00f3 a la ciudadan\u00eda a mantener en hogares, espacios p\u00fablicos, transporte y unidades econ\u00f3micas, todas las medidas preventivas a fin de mitigar los contagios y disminuir el riesgo sanitario con el objetivo de preservar la salud y de lograr el reinicio de todas las actividades sociales y productivas.<\/p>\n\n\n\n<p>Se valor\u00f3 que en C\u00f3rdoba el n\u00famero de contagios ha disminuido, de conformidad con la informaci\u00f3n emitida por la autoridad de salud, pero el riesgo se mantiene.<\/p>\n\n\n\n<p>Se llam\u00f3 a mantener la distancia f\u00edsica entre personas, no acudir a lugares cerrados o con escasa ventilaci\u00f3n, y a procurar la desinfecci\u00f3n de superficies y objetos de uso cotidiano, como medidas en espacios privados y p\u00fablicos.<\/p>\n\n\n\n<figure class=\"wp-block-gallery columns-3 is-cropped wp-block-gallery-1 is-layout-flex wp-block-gallery-is-layout-flex\"><ul class=\"blocks-gallery-grid\"><li class=\"blocks-gallery-item\"><figure><a href=\"http:\/\/www.lospoliticosveracruz.com.mx\/wp-content\/uploads\/2021\/05\/WhatsApp-Image-2021-05-11-at-17.24.47.jpeg\"><img decoding=\"async\" src=\"http:\/\/www.lospoliticosveracruz.com.mx\/wp-content\/uploads\/2021\/05\/WhatsApp-Image-2021-05-11-at-17.24.47.jpeg\" alt=\"\" data-id=\"72613\" data-full-url=\"http:\/\/www.lospoliticosveracruz.com.mx\/wp-content\/uploads\/2021\/05\/WhatsApp-Image-2021-05-11-at-17.24.47.jpeg\" data-link=\"http:\/\/www.lospoliticosveracruz.com.mx\/?attachment_id=72613\" class=\"wp-image-72613\"\/><\/a><\/figure><\/li><li class=\"blocks-gallery-item\"><figure><a href=\"http:\/\/www.lospoliticosveracruz.com.mx\/wp-content\/uploads\/2021\/05\/WhatsApp-Image-2021-05-11-at-17.24.47-1.jpeg\"><img decoding=\"async\" src=\"http:\/\/www.lospoliticosveracruz.com.mx\/wp-content\/uploads\/2021\/05\/WhatsApp-Image-2021-05-11-at-17.24.47-1.jpeg\" alt=\"\" data-id=\"72612\" data-full-url=\"http:\/\/www.lospoliticosveracruz.com.mx\/wp-content\/uploads\/2021\/05\/WhatsApp-Image-2021-05-11-at-17.24.47-1.jpeg\" data-link=\"http:\/\/www.lospoliticosveracruz.com.mx\/?attachment_id=72612\" class=\"wp-image-72612\"\/><\/a><\/figure><\/li><li class=\"blocks-gallery-item\"><figure><a href=\"http:\/\/www.lospoliticosveracruz.com.mx\/wp-content\/uploads\/2021\/05\/WhatsApp-Image-2021-05-11-at-17.24.46-1.jpeg\"><img decoding=\"async\" src=\"http:\/\/www.lospoliticosveracruz.com.mx\/wp-content\/uploads\/2021\/05\/WhatsApp-Image-2021-05-11-at-17.24.46-1.jpeg\" alt=\"\" data-id=\"72611\" data-full-url=\"http:\/\/www.lospoliticosveracruz.com.mx\/wp-content\/uploads\/2021\/05\/WhatsApp-Image-2021-05-11-at-17.24.46-1.jpeg\" data-link=\"http:\/\/www.lospoliticosveracruz.com.mx\/?attachment_id=72611\" class=\"wp-image-72611\"\/><\/a><\/figure><\/li><\/ul><\/figure>\n","protected":false},"excerpt":{"rendered":"<p>C\u00f3rdobaLa Jefatura de Salud del Ayuntamiento de C\u00f3rdoba inform\u00f3 que las autoridades sanitarias colocaron nuevamente a C\u00f3rdoba en color verde del sem\u00e1foro epidemiol\u00f3gico para el periodo del 10 al 23 de Mayo.La instancia de salud urgi\u00f3 a las familias cordobesas a mantener la aplicaci\u00f3n estricta de las medidas preventivas ante el COVID, principalmente, el uso [&hellip;]<\/p>\n","protected":false},"author":2,"featured_media":0,"comment_status":"closed","ping_status":"closed","sticky":false,"template":"","format":"standard","meta":{"tdm_status":"","tdm_grid_status":"","footnotes":""},"categories":[73],"tags":[7641,18970,27915],"class_list":{"0":"post-72609","1":"post","2":"type-post","3":"status-publish","4":"format-standard","6":"category-de-boleto","7":"tag-leticia-lopez-landero","8":"tag-semaforo-epidemiologico","9":"tag-semaforo-verde-2"},"yoast_head":"<!-- This site is optimized with the Yoast SEO plugin v27.4 - https:\/\/yoast.com\/product\/yoast-seo-wordpress\/ -->\n<title>Siguen en Verde, pero no hay que confiarse! - Los pol\u00edticos Veracruz<\/title>\n<meta name=\"robots\" content=\"index, follow, max-snippet:-1, max-image-preview:large, max-video-preview:-1\" \/>\n<link rel=\"canonical\" href=\"https:\/\/lospoliticosveracruz.com\/?p=72609\" \/>\n<meta property=\"og:locale\" content=\"es_ES\" \/>\n<meta property=\"og:type\" content=\"article\" \/>\n<meta property=\"og:title\" content=\"Siguen en Verde, pero no hay que confiarse! - Los pol\u00edticos Veracruz\" \/>\n<meta property=\"og:description\" content=\"C\u00f3rdobaLa Jefatura de Salud del Ayuntamiento de C\u00f3rdoba inform\u00f3 que las autoridades sanitarias colocaron nuevamente a C\u00f3rdoba en color verde del sem\u00e1foro epidemiol\u00f3gico para el periodo del 10 al 23 de Mayo.La instancia de salud urgi\u00f3 a las familias cordobesas a mantener la aplicaci\u00f3n estricta de las medidas preventivas ante el COVID, principalmente, el uso [&hellip;]\" \/>\n<meta property=\"og:url\" content=\"https:\/\/lospoliticosveracruz.com\/?p=72609\" \/>\n<meta property=\"og:site_name\" content=\"Los pol\u00edticos Veracruz\" \/>\n<meta property=\"article:publisher\" content=\"https:\/\/www.facebook.com\/people\/Notimemes-de-los-Polticos\/61565672886568\/\" \/>\n<meta property=\"article:published_time\" content=\"2021-05-11T22:36:26+00:00\" \/>\n<meta property=\"article:modified_time\" content=\"2021-05-11T22:37:27+00:00\" \/>\n<meta property=\"og:image\" content=\"http:\/\/www.lospoliticosveracruz.com.mx\/wp-content\/uploads\/2021\/05\/Batalla-Cordoba.jpeg\" \/>\n<meta name=\"author\" content=\"Lo viste en Los Pol\u00edticos\" \/>\n<meta name=\"twitter:card\" content=\"summary_large_image\" \/>\n<meta name=\"twitter:creator\" content=\"@LosPoliticosVer\" \/>\n<meta name=\"twitter:site\" content=\"@LosPoliticosVer\" \/>\n<meta name=\"twitter:label1\" content=\"Escrito por\" \/>\n\t<meta name=\"twitter:data1\" content=\"Lo viste en Los Pol\u00edticos\" \/>\n\t<meta name=\"twitter:label2\" content=\"Tiempo de lectura\" \/>\n\t<meta name=\"twitter:data2\" content=\"2 minutos\" \/>\n<script type=\"application\/ld+json\" class=\"yoast-schema-graph\">{\"@context\":\"https:\\\/\\\/schema.org\",\"@graph\":[{\"@type\":\"Article\",\"@id\":\"https:\\\/\\\/lospoliticosveracruz.com\\\/?p=72609#article\",\"isPartOf\":{\"@id\":\"https:\\\/\\\/lospoliticosveracruz.com\\\/?p=72609\"},\"author\":{\"name\":\"Lo viste en Los Pol\u00edticos\",\"@id\":\"https:\\\/\\\/lospoliticosveracruz.com\\\/#\\\/schema\\\/person\\\/b8702bb0e538456e6efd07080bf2a4a2\"},\"headline\":\"Siguen en Verde, pero no hay que confiarse!\",\"datePublished\":\"2021-05-11T22:36:26+00:00\",\"dateModified\":\"2021-05-11T22:37:27+00:00\",\"mainEntityOfPage\":{\"@id\":\"https:\\\/\\\/lospoliticosveracruz.com\\\/?p=72609\"},\"wordCount\":312,\"publisher\":{\"@id\":\"https:\\\/\\\/lospoliticosveracruz.com\\\/#organization\"},\"image\":{\"@id\":\"https:\\\/\\\/lospoliticosveracruz.com\\\/?p=72609#primaryimage\"},\"thumbnailUrl\":\"http:\\\/\\\/www.lospoliticosveracruz.com.mx\\\/wp-content\\\/uploads\\\/2021\\\/05\\\/Batalla-Cordoba.jpeg\",\"keywords\":[\"Leticia L\u00f3pez Landero\",\"sem\u00e1foro epidemiol\u00f3gico\",\"semaforo Verde\"],\"articleSection\":[\"De Boleto\"],\"inLanguage\":\"es\"},{\"@type\":\"WebPage\",\"@id\":\"https:\\\/\\\/lospoliticosveracruz.com\\\/?p=72609\",\"url\":\"https:\\\/\\\/lospoliticosveracruz.com\\\/?p=72609\",\"name\":\"Siguen en Verde, pero no hay que confiarse! - Los pol\u00edticos Veracruz\",\"isPartOf\":{\"@id\":\"https:\\\/\\\/lospoliticosveracruz.com\\\/#website\"},\"primaryImageOfPage\":{\"@id\":\"https:\\\/\\\/lospoliticosveracruz.com\\\/?p=72609#primaryimage\"},\"image\":{\"@id\":\"https:\\\/\\\/lospoliticosveracruz.com\\\/?p=72609#primaryimage\"},\"thumbnailUrl\":\"http:\\\/\\\/www.lospoliticosveracruz.com.mx\\\/wp-content\\\/uploads\\\/2021\\\/05\\\/Batalla-Cordoba.jpeg\",\"datePublished\":\"2021-05-11T22:36:26+00:00\",\"dateModified\":\"2021-05-11T22:37:27+00:00\",\"breadcrumb\":{\"@id\":\"https:\\\/\\\/lospoliticosveracruz.com\\\/?p=72609#breadcrumb\"},\"inLanguage\":\"es\",\"potentialAction\":[{\"@type\":\"ReadAction\",\"target\":[\"https:\\\/\\\/lospoliticosveracruz.com\\\/?p=72609\"]}]},{\"@type\":\"ImageObject\",\"inLanguage\":\"es\",\"@id\":\"https:\\\/\\\/lospoliticosveracruz.com\\\/?p=72609#primaryimage\",\"url\":\"http:\\\/\\\/www.lospoliticosveracruz.com.mx\\\/wp-content\\\/uploads\\\/2021\\\/05\\\/Batalla-Cordoba.jpeg\",\"contentUrl\":\"http:\\\/\\\/www.lospoliticosveracruz.com.mx\\\/wp-content\\\/uploads\\\/2021\\\/05\\\/Batalla-Cordoba.jpeg\"},{\"@type\":\"BreadcrumbList\",\"@id\":\"https:\\\/\\\/lospoliticosveracruz.com\\\/?p=72609#breadcrumb\",\"itemListElement\":[{\"@type\":\"ListItem\",\"position\":1,\"name\":\"Portada\",\"item\":\"https:\\\/\\\/lospoliticosveracruz.com\\\/\"},{\"@type\":\"ListItem\",\"position\":2,\"name\":\"Siguen en Verde, pero no hay que confiarse!\"}]},{\"@type\":\"WebSite\",\"@id\":\"https:\\\/\\\/lospoliticosveracruz.com\\\/#website\",\"url\":\"https:\\\/\\\/lospoliticosveracruz.com\\\/\",\"name\":\"Los pol\u00edticos Veracruz\",\"description\":\"\",\"publisher\":{\"@id\":\"https:\\\/\\\/lospoliticosveracruz.com\\\/#organization\"},\"potentialAction\":[{\"@type\":\"SearchAction\",\"target\":{\"@type\":\"EntryPoint\",\"urlTemplate\":\"https:\\\/\\\/lospoliticosveracruz.com\\\/?s={search_term_string}\"},\"query-input\":{\"@type\":\"PropertyValueSpecification\",\"valueRequired\":true,\"valueName\":\"search_term_string\"}}],\"inLanguage\":\"es\"},{\"@type\":\"Organization\",\"@id\":\"https:\\\/\\\/lospoliticosveracruz.com\\\/#organization\",\"name\":\"Los pol\u00edticos Veracruz\",\"url\":\"https:\\\/\\\/lospoliticosveracruz.com\\\/\",\"logo\":{\"@type\":\"ImageObject\",\"inLanguage\":\"es\",\"@id\":\"https:\\\/\\\/lospoliticosveracruz.com\\\/#\\\/schema\\\/logo\\\/image\\\/\",\"url\":\"https:\\\/\\\/lospoliticosveracruz.com\\\/wp-content\\\/uploads\\\/2025\\\/12\\\/Logo-Nuevo-LOS-POLITICOS-1.jpg\",\"contentUrl\":\"https:\\\/\\\/lospoliticosveracruz.com\\\/wp-content\\\/uploads\\\/2025\\\/12\\\/Logo-Nuevo-LOS-POLITICOS-1.jpg\",\"width\":260,\"height\":70,\"caption\":\"Los pol\u00edticos Veracruz\"},\"image\":{\"@id\":\"https:\\\/\\\/lospoliticosveracruz.com\\\/#\\\/schema\\\/logo\\\/image\\\/\"},\"sameAs\":[\"https:\\\/\\\/www.facebook.com\\\/people\\\/Notimemes-de-los-Polticos\\\/61565672886568\\\/\",\"https:\\\/\\\/x.com\\\/LosPoliticosVer\"]},{\"@type\":\"Person\",\"@id\":\"https:\\\/\\\/lospoliticosveracruz.com\\\/#\\\/schema\\\/person\\\/b8702bb0e538456e6efd07080bf2a4a2\",\"name\":\"Lo viste en Los Pol\u00edticos\",\"image\":{\"@type\":\"ImageObject\",\"inLanguage\":\"es\",\"@id\":\"https:\\\/\\\/secure.gravatar.com\\\/avatar\\\/3a8de04a2656d44082be478bd6c086daa447c4651605818287b9532d3d0bd435?s=96&d=mm&r=g\",\"url\":\"https:\\\/\\\/secure.gravatar.com\\\/avatar\\\/3a8de04a2656d44082be478bd6c086daa447c4651605818287b9532d3d0bd435?s=96&d=mm&r=g\",\"contentUrl\":\"https:\\\/\\\/secure.gravatar.com\\\/avatar\\\/3a8de04a2656d44082be478bd6c086daa447c4651605818287b9532d3d0bd435?s=96&d=mm&r=g\",\"caption\":\"Lo viste en Los Pol\u00edticos\"},\"url\":\"https:\\\/\\\/lospoliticosveracruz.com\\\/?author=2\"}]}<\/script>\n<!-- \/ Yoast SEO plugin. -->","yoast_head_json":{"title":"Siguen en Verde, pero no hay que confiarse! - Los pol\u00edticos Veracruz","robots":{"index":"index","follow":"follow","max-snippet":"max-snippet:-1","max-image-preview":"max-image-preview:large","max-video-preview":"max-video-preview:-1"},"canonical":"https:\/\/lospoliticosveracruz.com\/?p=72609","og_locale":"es_ES","og_type":"article","og_title":"Siguen en Verde, pero no hay que confiarse! - Los pol\u00edticos Veracruz","og_description":"C\u00f3rdobaLa Jefatura de Salud del Ayuntamiento de C\u00f3rdoba inform\u00f3 que las autoridades sanitarias colocaron nuevamente a C\u00f3rdoba en color verde del sem\u00e1foro epidemiol\u00f3gico para el periodo del 10 al 23 de Mayo.La instancia de salud urgi\u00f3 a las familias cordobesas a mantener la aplicaci\u00f3n estricta de las medidas preventivas ante el COVID, principalmente, el uso [&hellip;]","og_url":"https:\/\/lospoliticosveracruz.com\/?p=72609","og_site_name":"Los pol\u00edticos Veracruz","article_publisher":"https:\/\/www.facebook.com\/people\/Notimemes-de-los-Polticos\/61565672886568\/","article_published_time":"2021-05-11T22:36:26+00:00","article_modified_time":"2021-05-11T22:37:27+00:00","og_image":[{"url":"http:\/\/www.lospoliticosveracruz.com.mx\/wp-content\/uploads\/2021\/05\/Batalla-Cordoba.jpeg","type":"","width":"","height":""}],"author":"Lo viste en Los Pol\u00edticos","twitter_card":"summary_large_image","twitter_creator":"@LosPoliticosVer","twitter_site":"@LosPoliticosVer","twitter_misc":{"Escrito por":"Lo viste en Los Pol\u00edticos","Tiempo de lectura":"2 minutos"},"schema":{"@context":"https:\/\/schema.org","@graph":[{"@type":"Article","@id":"https:\/\/lospoliticosveracruz.com\/?p=72609#article","isPartOf":{"@id":"https:\/\/lospoliticosveracruz.com\/?p=72609"},"author":{"name":"Lo viste en Los Pol\u00edticos","@id":"https:\/\/lospoliticosveracruz.com\/#\/schema\/person\/b8702bb0e538456e6efd07080bf2a4a2"},"headline":"Siguen en Verde, pero no hay que confiarse!","datePublished":"2021-05-11T22:36:26+00:00","dateModified":"2021-05-11T22:37:27+00:00","mainEntityOfPage":{"@id":"https:\/\/lospoliticosveracruz.com\/?p=72609"},"wordCount":312,"publisher":{"@id":"https:\/\/lospoliticosveracruz.com\/#organization"},"image":{"@id":"https:\/\/lospoliticosveracruz.com\/?p=72609#primaryimage"},"thumbnailUrl":"http:\/\/www.lospoliticosveracruz.com.mx\/wp-content\/uploads\/2021\/05\/Batalla-Cordoba.jpeg","keywords":["Leticia L\u00f3pez Landero","sem\u00e1foro epidemiol\u00f3gico","semaforo Verde"],"articleSection":["De Boleto"],"inLanguage":"es"},{"@type":"WebPage","@id":"https:\/\/lospoliticosveracruz.com\/?p=72609","url":"https:\/\/lospoliticosveracruz.com\/?p=72609","name":"Siguen en Verde, pero no hay que confiarse! - Los pol\u00edticos Veracruz","isPartOf":{"@id":"https:\/\/lospoliticosveracruz.com\/#website"},"primaryImageOfPage":{"@id":"https:\/\/lospoliticosveracruz.com\/?p=72609#primaryimage"},"image":{"@id":"https:\/\/lospoliticosveracruz.com\/?p=72609#primaryimage"},"thumbnailUrl":"http:\/\/www.lospoliticosveracruz.com.mx\/wp-content\/uploads\/2021\/05\/Batalla-Cordoba.jpeg","datePublished":"2021-05-11T22:36:26+00:00","dateModified":"2021-05-11T22:37:27+00:00","breadcrumb":{"@id":"https:\/\/lospoliticosveracruz.com\/?p=72609#breadcrumb"},"inLanguage":"es","potentialAction":[{"@type":"ReadAction","target":["https:\/\/lospoliticosveracruz.com\/?p=72609"]}]},{"@type":"ImageObject","inLanguage":"es","@id":"https:\/\/lospoliticosveracruz.com\/?p=72609#primaryimage","url":"http:\/\/www.lospoliticosveracruz.com.mx\/wp-content\/uploads\/2021\/05\/Batalla-Cordoba.jpeg","contentUrl":"http:\/\/www.lospoliticosveracruz.com.mx\/wp-content\/uploads\/2021\/05\/Batalla-Cordoba.jpeg"},{"@type":"BreadcrumbList","@id":"https:\/\/lospoliticosveracruz.com\/?p=72609#breadcrumb","itemListElement":[{"@type":"ListItem","position":1,"name":"Portada","item":"https:\/\/lospoliticosveracruz.com\/"},{"@type":"ListItem","position":2,"name":"Siguen en Verde, pero no hay que confiarse!"}]},{"@type":"WebSite","@id":"https:\/\/lospoliticosveracruz.com\/#website","url":"https:\/\/lospoliticosveracruz.com\/","name":"Los pol\u00edticos Veracruz","description":"","publisher":{"@id":"https:\/\/lospoliticosveracruz.com\/#organization"},"potentialAction":[{"@type":"SearchAction","target":{"@type":"EntryPoint","urlTemplate":"https:\/\/lospoliticosveracruz.com\/?s={search_term_string}"},"query-input":{"@type":"PropertyValueSpecification","valueRequired":true,"valueName":"search_term_string"}}],"inLanguage":"es"},{"@type":"Organization","@id":"https:\/\/lospoliticosveracruz.com\/#organization","name":"Los pol\u00edticos Veracruz","url":"https:\/\/lospoliticosveracruz.com\/","logo":{"@type":"ImageObject","inLanguage":"es","@id":"https:\/\/lospoliticosveracruz.com\/#\/schema\/logo\/image\/","url":"https:\/\/lospoliticosveracruz.com\/wp-content\/uploads\/2025\/12\/Logo-Nuevo-LOS-POLITICOS-1.jpg","contentUrl":"https:\/\/lospoliticosveracruz.com\/wp-content\/uploads\/2025\/12\/Logo-Nuevo-LOS-POLITICOS-1.jpg","width":260,"height":70,"caption":"Los pol\u00edticos Veracruz"},"image":{"@id":"https:\/\/lospoliticosveracruz.com\/#\/schema\/logo\/image\/"},"sameAs":["https:\/\/www.facebook.com\/people\/Notimemes-de-los-Polticos\/61565672886568\/","https:\/\/x.com\/LosPoliticosVer"]},{"@type":"Person","@id":"https:\/\/lospoliticosveracruz.com\/#\/schema\/person\/b8702bb0e538456e6efd07080bf2a4a2","name":"Lo viste en Los Pol\u00edticos","image":{"@type":"ImageObject","inLanguage":"es","@id":"https:\/\/secure.gravatar.com\/avatar\/3a8de04a2656d44082be478bd6c086daa447c4651605818287b9532d3d0bd435?s=96&d=mm&r=g","url":"https:\/\/secure.gravatar.com\/avatar\/3a8de04a2656d44082be478bd6c086daa447c4651605818287b9532d3d0bd435?s=96&d=mm&r=g","contentUrl":"https:\/\/secure.gravatar.com\/avatar\/3a8de04a2656d44082be478bd6c086daa447c4651605818287b9532d3d0bd435?s=96&d=mm&r=g","caption":"Lo viste en Los Pol\u00edticos"},"url":"https:\/\/lospoliticosveracruz.com\/?author=2"}]}},"_links":{"self":[{"href":"https:\/\/lospoliticosveracruz.com\/index.php?rest_route=\/wp\/v2\/posts\/72609","targetHints":{"allow":["GET"]}}],"collection":[{"href":"https:\/\/lospoliticosveracruz.com\/index.php?rest_route=\/wp\/v2\/posts"}],"about":[{"href":"https:\/\/lospoliticosveracruz.com\/index.php?rest_route=\/wp\/v2\/types\/post"}],"author":[{"embeddable":true,"href":"https:\/\/lospoliticosveracruz.com\/index.php?rest_route=\/wp\/v2\/users\/2"}],"replies":[{"embeddable":true,"href":"https:\/\/lospoliticosveracruz.com\/index.php?rest_route=%2Fwp%2Fv2%2Fcomments&post=72609"}],"version-history":[{"count":2,"href":"https:\/\/lospoliticosveracruz.com\/index.php?rest_route=\/wp\/v2\/posts\/72609\/revisions"}],"predecessor-version":[{"id":72615,"href":"https:\/\/lospoliticosveracruz.com\/index.php?rest_route=\/wp\/v2\/posts\/72609\/revisions\/72615"}],"wp:attachment":[{"href":"https:\/\/lospoliticosveracruz.com\/index.php?rest_route=%2Fwp%2Fv2%2Fmedia&parent=72609"}],"wp:term":[{"taxonomy":"category","embeddable":true,"href":"https:\/\/lospoliticosveracruz.com\/index.php?rest_route=%2Fwp%2Fv2%2Fcategories&post=72609"},{"taxonomy":"post_tag","embeddable":true,"href":"https:\/\/lospoliticosveracruz.com\/index.php?rest_route=%2Fwp%2Fv2%2Ftags&post=72609"}],"curies":[{"name":"wp","href":"https:\/\/api.w.org\/{rel}","templated":true}]}}