{"id":72798,"date":"2021-05-13T14:09:02","date_gmt":"2021-05-13T19:09:02","guid":{"rendered":"http:\/\/www.lospoliticosveracruz.com.mx\/?p=72798"},"modified":"2021-05-13T14:09:06","modified_gmt":"2021-05-13T19:09:06","slug":"con-morena-precios-por-las-nubes-prd","status":"publish","type":"post","link":"https:\/\/lospoliticosveracruz.com\/?p=72798","title":{"rendered":"Con Morena, precios por las nubes: PRD"},"content":{"rendered":"\n<p><strong>Xalapa<\/strong><br>M\u00e9xico y Veracruz atraviesan tiempos complicados que requieren y exigen lo mejor de todos, y el esfuerzo conjunto tanto de fuerzas pol\u00edticas como ciudadanas para poder dar la batalla por sostener y recuperar el presente, la certidumbre, la estabilidad social, pol\u00edtica y econ\u00f3mica que tanto trabajo ha costado alcanzar, gracias al trabajo de generaciones anteriores de familiares y amigos, se\u00f1al\u00f3 Sergio Cadena Mart\u00ednez, presidente de la Direcci\u00f3n Estatal Ejecutiva del PRD en la entidad.<\/p>\n\n\n\n<div class=\"wp-block-image\"><figure class=\"alignleft size-large\"><a href=\"http:\/\/www.lospoliticosveracruz.com.mx\/wp-content\/uploads\/2021\/05\/Batalla-Cordoba.jpeg\"><img decoding=\"async\" src=\"http:\/\/www.lospoliticosveracruz.com.mx\/wp-content\/uploads\/2021\/05\/Batalla-Cordoba.jpeg\" alt=\"\" class=\"wp-image-72571\"\/><\/a><\/figure><\/div>\n\n\n\n<p><br>Lo anterior, en el marco del encuentro con representantes de sectores productivos de Xalapa, donde el l\u00edder del Partido del Sol Azteca en Veracruz dio la bienvenida formal al exdirigente nacional del PRD, Jes\u00fas Ortega Mart\u00ednez, quien de esta manera cerr\u00f3 una exitosa gira de trabajo por el estado, dialogando con la sociedad para reflexionar acerca de los hechos pol\u00edticos que se desarrollan en el marco de la alianza Va por Veracruz.<br>Cadena Mart\u00ednez agreg\u00f3 que es as\u00ed como se explica la conformaci\u00f3n de la alianza Va por M\u00e9xico y Va por Veracruz, donde las tres principales fuerzas opositoras del pa\u00eds se reunieron para darle forma a los esfuerzos de mujeres y hombres que est\u00e1n trabajando de la mano de los distintos sectores sociales que conforman la entidad para darle certeza y rumbo, apuntalados por las dirigencias estatales y nacionales.<br>\u201cHoy la situaci\u00f3n que vive el pa\u00eds la conocen mejor que yo, se trata de un gobierno que dijo muchas mentiras y que hoy lleva dos a\u00f1os y medio queriendo acabar con todo lo que por generaciones enteras con mucho esfuerzo nos ha costado construir, hoy lo est\u00e1 destruyendo; la verdad estamos pasando un grave momento a nivel nacional y por supuesto Veracruz no queda exento. La alianza es con los sectores productivos y para dar certidumbre a los empleos, al desarrollo y al bienestar\u201d, apunt\u00f3.<br>Record\u00f3 que el gas est\u00e1 caro, la gasolina, pero tambi\u00e9n la tortilla, que acaba de pegarles a los sectores m\u00e1s desprotegidos de la sociedad, por lo que hizo un llamado a trabajar para detener el avance de los que est\u00e1n destruyendo a la naci\u00f3n y la est\u00e1n llevando a una dictadura, poniendo en riesgo el futuro de las generaciones presentes y futuras.<br>\u201cTenemos plena confianza en estas tres fuerzas electorales, se requiere gente que piense diferente, que haga las cosas de manera distinta para que salgamos todos adelante, pero m\u00e1s tenemos confianza en la gente y en los xalape\u00f1os que se han caracterizado por ser una sociedad inteligente y pensante\u201d, detall\u00f3.<br>Por su parte, Jes\u00fas Ortega, exl\u00edder nacional del Partido de la Revoluci\u00f3n Democr\u00e1tica (PRD), conmin\u00f3 a los presentes a llevar el mensaje de lucha social a todos los rincones de la entidad para poder detener el avance de los pol\u00edticos mediocres que conforman un gobierno inepto que solo ha tra\u00eddo pobreza y desgracia a M\u00e9xico.<br>Ortega Mart\u00ednez confi\u00f3 en que las y los candidatos de la alianza lograr\u00e1n sendos triunfos que permitir\u00e1n recuperar el rumbo del estado y el pa\u00eds, al ser mujeres y hombres destacados y de capacidad probada que saben trabajar en unidad y ponderan los valores y capacidades de todos los mexicanos sin distinci\u00f3n de siglas o colores.<br>Reiter\u00f3 la disponibilidad de la direcci\u00f3n nacional ejecutiva y de los perredistas a sumar esfuerzos y a acompa\u00f1ar a los candidatos cuantas veces sea necesario.<br>Presentes las candidatas y candidatos de la alianza Va por M\u00e9xico y Va por Veracruz a las diputaciones locales y federales, Dana D\u00edaz, David Velasco Chedraui, Am\u00e9rico Z\u00fa\u00f1iga Mart\u00ednez, Lillian Cerecedo, as\u00ed como Perla Romero y Elizabeth P\u00e9rez, candidatas a diputadas plurinominales.<\/p>\n","protected":false},"excerpt":{"rendered":"<p>XalapaM\u00e9xico y Veracruz atraviesan tiempos complicados que requieren y exigen lo mejor de todos, y el esfuerzo conjunto tanto de fuerzas pol\u00edticas como ciudadanas para poder dar la batalla por sostener y recuperar el presente, la certidumbre, la estabilidad social, pol\u00edtica y econ\u00f3mica que tanto trabajo ha costado alcanzar, gracias al trabajo de generaciones anteriores [&hellip;]<\/p>\n","protected":false},"author":2,"featured_media":0,"comment_status":"closed","ping_status":"closed","sticky":false,"template":"","format":"standard","meta":{"tdm_status":"","tdm_grid_status":"","footnotes":""},"categories":[73],"tags":[539,27687,407,27969,27722,107,7887,24697,25054],"class_list":{"0":"post-72798","1":"post","2":"type-post","3":"status-publish","4":"format-standard","6":"category-de-boleto","7":"tag-americo-zuniga-martinez","8":"tag-dana-diaz","9":"tag-david-velasco-chedraui","10":"tag-jesus-ortega-martinez","11":"tag-lillian-cerecedo","12":"tag-prd","13":"tag-sergio-cadena-martinez","14":"tag-va-por-mexico","15":"tag-va-por-veracruz"},"yoast_head":"<!-- This site is optimized with the Yoast SEO plugin v27.4 - https:\/\/yoast.com\/product\/yoast-seo-wordpress\/ -->\n<title>Con Morena, precios por las nubes: PRD - Los pol\u00edticos Veracruz<\/title>\n<meta name=\"robots\" content=\"index, follow, max-snippet:-1, max-image-preview:large, max-video-preview:-1\" \/>\n<link rel=\"canonical\" href=\"https:\/\/lospoliticosveracruz.com\/?p=72798\" \/>\n<meta property=\"og:locale\" content=\"es_ES\" \/>\n<meta property=\"og:type\" content=\"article\" \/>\n<meta property=\"og:title\" content=\"Con Morena, precios por las nubes: PRD - Los pol\u00edticos Veracruz\" \/>\n<meta property=\"og:description\" content=\"XalapaM\u00e9xico y Veracruz atraviesan tiempos complicados que requieren y exigen lo mejor de todos, y el esfuerzo conjunto tanto de fuerzas pol\u00edticas como ciudadanas para poder dar la batalla por sostener y recuperar el presente, la certidumbre, la estabilidad social, pol\u00edtica y econ\u00f3mica que tanto trabajo ha costado alcanzar, gracias al trabajo de generaciones anteriores [&hellip;]\" \/>\n<meta property=\"og:url\" content=\"https:\/\/lospoliticosveracruz.com\/?p=72798\" \/>\n<meta property=\"og:site_name\" content=\"Los pol\u00edticos Veracruz\" \/>\n<meta property=\"article:publisher\" content=\"https:\/\/www.facebook.com\/people\/Notimemes-de-los-Polticos\/61565672886568\/\" \/>\n<meta property=\"article:published_time\" content=\"2021-05-13T19:09:02+00:00\" \/>\n<meta property=\"article:modified_time\" content=\"2021-05-13T19:09:06+00:00\" \/>\n<meta property=\"og:image\" content=\"http:\/\/www.lospoliticosveracruz.com.mx\/wp-content\/uploads\/2021\/05\/Batalla-Cordoba.jpeg\" \/>\n<meta name=\"author\" content=\"Lo viste en Los Pol\u00edticos\" \/>\n<meta name=\"twitter:card\" content=\"summary_large_image\" \/>\n<meta name=\"twitter:creator\" content=\"@LosPoliticosVer\" \/>\n<meta name=\"twitter:site\" content=\"@LosPoliticosVer\" \/>\n<meta name=\"twitter:label1\" content=\"Escrito por\" \/>\n\t<meta name=\"twitter:data1\" content=\"Lo viste en Los Pol\u00edticos\" \/>\n\t<meta name=\"twitter:label2\" content=\"Tiempo de lectura\" \/>\n\t<meta name=\"twitter:data2\" content=\"3 minutos\" \/>\n<script type=\"application\/ld+json\" class=\"yoast-schema-graph\">{\"@context\":\"https:\\\/\\\/schema.org\",\"@graph\":[{\"@type\":\"Article\",\"@id\":\"https:\\\/\\\/lospoliticosveracruz.com\\\/?p=72798#article\",\"isPartOf\":{\"@id\":\"https:\\\/\\\/lospoliticosveracruz.com\\\/?p=72798\"},\"author\":{\"name\":\"Lo viste en Los Pol\u00edticos\",\"@id\":\"https:\\\/\\\/lospoliticosveracruz.com\\\/#\\\/schema\\\/person\\\/b8702bb0e538456e6efd07080bf2a4a2\"},\"headline\":\"Con Morena, precios por las nubes: PRD\",\"datePublished\":\"2021-05-13T19:09:02+00:00\",\"dateModified\":\"2021-05-13T19:09:06+00:00\",\"mainEntityOfPage\":{\"@id\":\"https:\\\/\\\/lospoliticosveracruz.com\\\/?p=72798\"},\"wordCount\":643,\"publisher\":{\"@id\":\"https:\\\/\\\/lospoliticosveracruz.com\\\/#organization\"},\"image\":{\"@id\":\"https:\\\/\\\/lospoliticosveracruz.com\\\/?p=72798#primaryimage\"},\"thumbnailUrl\":\"http:\\\/\\\/www.lospoliticosveracruz.com.mx\\\/wp-content\\\/uploads\\\/2021\\\/05\\\/Batalla-Cordoba.jpeg\",\"keywords\":[\"Am\u00e9rico Z\u00fa\u00f1iga Mart\u00ednez\",\"Dana D\u00edaz\",\"David Velasco Chedraui\",\"Jes\u00fas Ortega Mart\u00ednez\",\"Lillian Cerecedo\",\"PRD\",\"Sergio Cadena Mart\u00ednez\",\"Va por M\u00e9xico\",\"Va por Veracruz\"],\"articleSection\":[\"De Boleto\"],\"inLanguage\":\"es\"},{\"@type\":\"WebPage\",\"@id\":\"https:\\\/\\\/lospoliticosveracruz.com\\\/?p=72798\",\"url\":\"https:\\\/\\\/lospoliticosveracruz.com\\\/?p=72798\",\"name\":\"Con Morena, precios por las nubes: PRD - Los pol\u00edticos Veracruz\",\"isPartOf\":{\"@id\":\"https:\\\/\\\/lospoliticosveracruz.com\\\/#website\"},\"primaryImageOfPage\":{\"@id\":\"https:\\\/\\\/lospoliticosveracruz.com\\\/?p=72798#primaryimage\"},\"image\":{\"@id\":\"https:\\\/\\\/lospoliticosveracruz.com\\\/?p=72798#primaryimage\"},\"thumbnailUrl\":\"http:\\\/\\\/www.lospoliticosveracruz.com.mx\\\/wp-content\\\/uploads\\\/2021\\\/05\\\/Batalla-Cordoba.jpeg\",\"datePublished\":\"2021-05-13T19:09:02+00:00\",\"dateModified\":\"2021-05-13T19:09:06+00:00\",\"breadcrumb\":{\"@id\":\"https:\\\/\\\/lospoliticosveracruz.com\\\/?p=72798#breadcrumb\"},\"inLanguage\":\"es\",\"potentialAction\":[{\"@type\":\"ReadAction\",\"target\":[\"https:\\\/\\\/lospoliticosveracruz.com\\\/?p=72798\"]}]},{\"@type\":\"ImageObject\",\"inLanguage\":\"es\",\"@id\":\"https:\\\/\\\/lospoliticosveracruz.com\\\/?p=72798#primaryimage\",\"url\":\"http:\\\/\\\/www.lospoliticosveracruz.com.mx\\\/wp-content\\\/uploads\\\/2021\\\/05\\\/Batalla-Cordoba.jpeg\",\"contentUrl\":\"http:\\\/\\\/www.lospoliticosveracruz.com.mx\\\/wp-content\\\/uploads\\\/2021\\\/05\\\/Batalla-Cordoba.jpeg\"},{\"@type\":\"BreadcrumbList\",\"@id\":\"https:\\\/\\\/lospoliticosveracruz.com\\\/?p=72798#breadcrumb\",\"itemListElement\":[{\"@type\":\"ListItem\",\"position\":1,\"name\":\"Portada\",\"item\":\"https:\\\/\\\/lospoliticosveracruz.com\\\/\"},{\"@type\":\"ListItem\",\"position\":2,\"name\":\"Con Morena, precios por las nubes: PRD\"}]},{\"@type\":\"WebSite\",\"@id\":\"https:\\\/\\\/lospoliticosveracruz.com\\\/#website\",\"url\":\"https:\\\/\\\/lospoliticosveracruz.com\\\/\",\"name\":\"Los pol\u00edticos Veracruz\",\"description\":\"\",\"publisher\":{\"@id\":\"https:\\\/\\\/lospoliticosveracruz.com\\\/#organization\"},\"potentialAction\":[{\"@type\":\"SearchAction\",\"target\":{\"@type\":\"EntryPoint\",\"urlTemplate\":\"https:\\\/\\\/lospoliticosveracruz.com\\\/?s={search_term_string}\"},\"query-input\":{\"@type\":\"PropertyValueSpecification\",\"valueRequired\":true,\"valueName\":\"search_term_string\"}}],\"inLanguage\":\"es\"},{\"@type\":\"Organization\",\"@id\":\"https:\\\/\\\/lospoliticosveracruz.com\\\/#organization\",\"name\":\"Los pol\u00edticos Veracruz\",\"url\":\"https:\\\/\\\/lospoliticosveracruz.com\\\/\",\"logo\":{\"@type\":\"ImageObject\",\"inLanguage\":\"es\",\"@id\":\"https:\\\/\\\/lospoliticosveracruz.com\\\/#\\\/schema\\\/logo\\\/image\\\/\",\"url\":\"https:\\\/\\\/lospoliticosveracruz.com\\\/wp-content\\\/uploads\\\/2025\\\/12\\\/Logo-Nuevo-LOS-POLITICOS-1.jpg\",\"contentUrl\":\"https:\\\/\\\/lospoliticosveracruz.com\\\/wp-content\\\/uploads\\\/2025\\\/12\\\/Logo-Nuevo-LOS-POLITICOS-1.jpg\",\"width\":260,\"height\":70,\"caption\":\"Los pol\u00edticos Veracruz\"},\"image\":{\"@id\":\"https:\\\/\\\/lospoliticosveracruz.com\\\/#\\\/schema\\\/logo\\\/image\\\/\"},\"sameAs\":[\"https:\\\/\\\/www.facebook.com\\\/people\\\/Notimemes-de-los-Polticos\\\/61565672886568\\\/\",\"https:\\\/\\\/x.com\\\/LosPoliticosVer\"]},{\"@type\":\"Person\",\"@id\":\"https:\\\/\\\/lospoliticosveracruz.com\\\/#\\\/schema\\\/person\\\/b8702bb0e538456e6efd07080bf2a4a2\",\"name\":\"Lo viste en Los Pol\u00edticos\",\"image\":{\"@type\":\"ImageObject\",\"inLanguage\":\"es\",\"@id\":\"https:\\\/\\\/secure.gravatar.com\\\/avatar\\\/3a8de04a2656d44082be478bd6c086daa447c4651605818287b9532d3d0bd435?s=96&d=mm&r=g\",\"url\":\"https:\\\/\\\/secure.gravatar.com\\\/avatar\\\/3a8de04a2656d44082be478bd6c086daa447c4651605818287b9532d3d0bd435?s=96&d=mm&r=g\",\"contentUrl\":\"https:\\\/\\\/secure.gravatar.com\\\/avatar\\\/3a8de04a2656d44082be478bd6c086daa447c4651605818287b9532d3d0bd435?s=96&d=mm&r=g\",\"caption\":\"Lo viste en Los Pol\u00edticos\"},\"url\":\"https:\\\/\\\/lospoliticosveracruz.com\\\/?author=2\"}]}<\/script>\n<!-- \/ Yoast SEO plugin. -->","yoast_head_json":{"title":"Con Morena, precios por las nubes: PRD - Los pol\u00edticos Veracruz","robots":{"index":"index","follow":"follow","max-snippet":"max-snippet:-1","max-image-preview":"max-image-preview:large","max-video-preview":"max-video-preview:-1"},"canonical":"https:\/\/lospoliticosveracruz.com\/?p=72798","og_locale":"es_ES","og_type":"article","og_title":"Con Morena, precios por las nubes: PRD - Los pol\u00edticos Veracruz","og_description":"XalapaM\u00e9xico y Veracruz atraviesan tiempos complicados que requieren y exigen lo mejor de todos, y el esfuerzo conjunto tanto de fuerzas pol\u00edticas como ciudadanas para poder dar la batalla por sostener y recuperar el presente, la certidumbre, la estabilidad social, pol\u00edtica y econ\u00f3mica que tanto trabajo ha costado alcanzar, gracias al trabajo de generaciones anteriores [&hellip;]","og_url":"https:\/\/lospoliticosveracruz.com\/?p=72798","og_site_name":"Los pol\u00edticos Veracruz","article_publisher":"https:\/\/www.facebook.com\/people\/Notimemes-de-los-Polticos\/61565672886568\/","article_published_time":"2021-05-13T19:09:02+00:00","article_modified_time":"2021-05-13T19:09:06+00:00","og_image":[{"url":"http:\/\/www.lospoliticosveracruz.com.mx\/wp-content\/uploads\/2021\/05\/Batalla-Cordoba.jpeg","type":"","width":"","height":""}],"author":"Lo viste en Los Pol\u00edticos","twitter_card":"summary_large_image","twitter_creator":"@LosPoliticosVer","twitter_site":"@LosPoliticosVer","twitter_misc":{"Escrito por":"Lo viste en Los Pol\u00edticos","Tiempo de lectura":"3 minutos"},"schema":{"@context":"https:\/\/schema.org","@graph":[{"@type":"Article","@id":"https:\/\/lospoliticosveracruz.com\/?p=72798#article","isPartOf":{"@id":"https:\/\/lospoliticosveracruz.com\/?p=72798"},"author":{"name":"Lo viste en Los Pol\u00edticos","@id":"https:\/\/lospoliticosveracruz.com\/#\/schema\/person\/b8702bb0e538456e6efd07080bf2a4a2"},"headline":"Con Morena, precios por las nubes: PRD","datePublished":"2021-05-13T19:09:02+00:00","dateModified":"2021-05-13T19:09:06+00:00","mainEntityOfPage":{"@id":"https:\/\/lospoliticosveracruz.com\/?p=72798"},"wordCount":643,"publisher":{"@id":"https:\/\/lospoliticosveracruz.com\/#organization"},"image":{"@id":"https:\/\/lospoliticosveracruz.com\/?p=72798#primaryimage"},"thumbnailUrl":"http:\/\/www.lospoliticosveracruz.com.mx\/wp-content\/uploads\/2021\/05\/Batalla-Cordoba.jpeg","keywords":["Am\u00e9rico Z\u00fa\u00f1iga Mart\u00ednez","Dana D\u00edaz","David Velasco Chedraui","Jes\u00fas Ortega Mart\u00ednez","Lillian Cerecedo","PRD","Sergio Cadena Mart\u00ednez","Va por M\u00e9xico","Va por Veracruz"],"articleSection":["De Boleto"],"inLanguage":"es"},{"@type":"WebPage","@id":"https:\/\/lospoliticosveracruz.com\/?p=72798","url":"https:\/\/lospoliticosveracruz.com\/?p=72798","name":"Con Morena, precios por las nubes: PRD - Los pol\u00edticos Veracruz","isPartOf":{"@id":"https:\/\/lospoliticosveracruz.com\/#website"},"primaryImageOfPage":{"@id":"https:\/\/lospoliticosveracruz.com\/?p=72798#primaryimage"},"image":{"@id":"https:\/\/lospoliticosveracruz.com\/?p=72798#primaryimage"},"thumbnailUrl":"http:\/\/www.lospoliticosveracruz.com.mx\/wp-content\/uploads\/2021\/05\/Batalla-Cordoba.jpeg","datePublished":"2021-05-13T19:09:02+00:00","dateModified":"2021-05-13T19:09:06+00:00","breadcrumb":{"@id":"https:\/\/lospoliticosveracruz.com\/?p=72798#breadcrumb"},"inLanguage":"es","potentialAction":[{"@type":"ReadAction","target":["https:\/\/lospoliticosveracruz.com\/?p=72798"]}]},{"@type":"ImageObject","inLanguage":"es","@id":"https:\/\/lospoliticosveracruz.com\/?p=72798#primaryimage","url":"http:\/\/www.lospoliticosveracruz.com.mx\/wp-content\/uploads\/2021\/05\/Batalla-Cordoba.jpeg","contentUrl":"http:\/\/www.lospoliticosveracruz.com.mx\/wp-content\/uploads\/2021\/05\/Batalla-Cordoba.jpeg"},{"@type":"BreadcrumbList","@id":"https:\/\/lospoliticosveracruz.com\/?p=72798#breadcrumb","itemListElement":[{"@type":"ListItem","position":1,"name":"Portada","item":"https:\/\/lospoliticosveracruz.com\/"},{"@type":"ListItem","position":2,"name":"Con Morena, precios por las nubes: PRD"}]},{"@type":"WebSite","@id":"https:\/\/lospoliticosveracruz.com\/#website","url":"https:\/\/lospoliticosveracruz.com\/","name":"Los pol\u00edticos Veracruz","description":"","publisher":{"@id":"https:\/\/lospoliticosveracruz.com\/#organization"},"potentialAction":[{"@type":"SearchAction","target":{"@type":"EntryPoint","urlTemplate":"https:\/\/lospoliticosveracruz.com\/?s={search_term_string}"},"query-input":{"@type":"PropertyValueSpecification","valueRequired":true,"valueName":"search_term_string"}}],"inLanguage":"es"},{"@type":"Organization","@id":"https:\/\/lospoliticosveracruz.com\/#organization","name":"Los pol\u00edticos Veracruz","url":"https:\/\/lospoliticosveracruz.com\/","logo":{"@type":"ImageObject","inLanguage":"es","@id":"https:\/\/lospoliticosveracruz.com\/#\/schema\/logo\/image\/","url":"https:\/\/lospoliticosveracruz.com\/wp-content\/uploads\/2025\/12\/Logo-Nuevo-LOS-POLITICOS-1.jpg","contentUrl":"https:\/\/lospoliticosveracruz.com\/wp-content\/uploads\/2025\/12\/Logo-Nuevo-LOS-POLITICOS-1.jpg","width":260,"height":70,"caption":"Los pol\u00edticos Veracruz"},"image":{"@id":"https:\/\/lospoliticosveracruz.com\/#\/schema\/logo\/image\/"},"sameAs":["https:\/\/www.facebook.com\/people\/Notimemes-de-los-Polticos\/61565672886568\/","https:\/\/x.com\/LosPoliticosVer"]},{"@type":"Person","@id":"https:\/\/lospoliticosveracruz.com\/#\/schema\/person\/b8702bb0e538456e6efd07080bf2a4a2","name":"Lo viste en Los Pol\u00edticos","image":{"@type":"ImageObject","inLanguage":"es","@id":"https:\/\/secure.gravatar.com\/avatar\/3a8de04a2656d44082be478bd6c086daa447c4651605818287b9532d3d0bd435?s=96&d=mm&r=g","url":"https:\/\/secure.gravatar.com\/avatar\/3a8de04a2656d44082be478bd6c086daa447c4651605818287b9532d3d0bd435?s=96&d=mm&r=g","contentUrl":"https:\/\/secure.gravatar.com\/avatar\/3a8de04a2656d44082be478bd6c086daa447c4651605818287b9532d3d0bd435?s=96&d=mm&r=g","caption":"Lo viste en Los Pol\u00edticos"},"url":"https:\/\/lospoliticosveracruz.com\/?author=2"}]}},"_links":{"self":[{"href":"https:\/\/lospoliticosveracruz.com\/index.php?rest_route=\/wp\/v2\/posts\/72798","targetHints":{"allow":["GET"]}}],"collection":[{"href":"https:\/\/lospoliticosveracruz.com\/index.php?rest_route=\/wp\/v2\/posts"}],"about":[{"href":"https:\/\/lospoliticosveracruz.com\/index.php?rest_route=\/wp\/v2\/types\/post"}],"author":[{"embeddable":true,"href":"https:\/\/lospoliticosveracruz.com\/index.php?rest_route=\/wp\/v2\/users\/2"}],"replies":[{"embeddable":true,"href":"https:\/\/lospoliticosveracruz.com\/index.php?rest_route=%2Fwp%2Fv2%2Fcomments&post=72798"}],"version-history":[{"count":1,"href":"https:\/\/lospoliticosveracruz.com\/index.php?rest_route=\/wp\/v2\/posts\/72798\/revisions"}],"predecessor-version":[{"id":72800,"href":"https:\/\/lospoliticosveracruz.com\/index.php?rest_route=\/wp\/v2\/posts\/72798\/revisions\/72800"}],"wp:attachment":[{"href":"https:\/\/lospoliticosveracruz.com\/index.php?rest_route=%2Fwp%2Fv2%2Fmedia&parent=72798"}],"wp:term":[{"taxonomy":"category","embeddable":true,"href":"https:\/\/lospoliticosveracruz.com\/index.php?rest_route=%2Fwp%2Fv2%2Fcategories&post=72798"},{"taxonomy":"post_tag","embeddable":true,"href":"https:\/\/lospoliticosveracruz.com\/index.php?rest_route=%2Fwp%2Fv2%2Ftags&post=72798"}],"curies":[{"name":"wp","href":"https:\/\/api.w.org\/{rel}","templated":true}]}}