{"id":72816,"date":"2021-05-13T15:56:00","date_gmt":"2021-05-13T20:56:00","guid":{"rendered":"http:\/\/www.lospoliticosveracruz.com.mx\/?p=72816"},"modified":"2021-05-14T08:25:11","modified_gmt":"2021-05-14T13:25:11","slug":"no-uso-veracruz-como-trampolin-exsome","status":"publish","type":"post","link":"https:\/\/lospoliticosveracruz.com\/?p=72816","title":{"rendered":"No uso Veracruz como trampol\u00edn: Exsome"},"content":{"rendered":"\n<p><strong>Veracruz<\/strong><br>Es urgente mejorar el centro hist\u00f3rico con una visi\u00f3n a futuro, un proyecto a largo plazo, que no se cambie con la llegada de un nuevo alcalde.<br>As\u00ed lo dio a conocer el candidato por la coalici\u00f3n \u201cJuntos Hacemos Historia en Veracruz\u201d, Ricardo Exsome Zapata, durante una reuni\u00f3n con los miembros de la C\u00e1mara Nacional de Comercio, Servicios y Turismo de Veracruz (Canaco).<\/p>\n\n\n\n<div class=\"wp-block-image\"><figure class=\"alignleft size-large\"><a href=\"http:\/\/www.lospoliticosveracruz.com.mx\/wp-content\/uploads\/2021\/05\/Batalla-Cordoba.jpeg\"><img decoding=\"async\" src=\"http:\/\/www.lospoliticosveracruz.com.mx\/wp-content\/uploads\/2021\/05\/Batalla-Cordoba.jpeg\" alt=\"\" class=\"wp-image-72571\"\/><\/a><\/figure><\/div>\n\n\n\n<p><br>Acompa\u00f1ado por la candidata de la coalici\u00f3n a la diputaci\u00f3n federal y diputaciones locales de la misma coalici\u00f3n, se comprometi\u00f3 a dar facilidades y apoyos a la inversi\u00f3n privada para que generen empleos desde el primer d\u00eda de su administraci\u00f3n municipal.<br>De la misma manera reiter\u00f3 que trabajar\u00e1 sobre el tema de los mercados en distintos puntos de la ciudad, donde se ubiquen los ambulantes y<br>explorar la opci\u00f3n de parques industriales.<br>Ricardo Exsome asisti\u00f3 a la recepci\u00f3n de candidatos a diputado federal, diputado local y presidente municipal. Entrega de propuestas de empresarios del comercio, servicios y turismo en Veracruz.<br><strong>SIN FAVORITISMOS A AMIGOS NI FAMILIARES<\/strong><br>A los socios de la Canaco-Veracruz los invit\u00f3 a que tengan un lugar especial en el comit\u00e9 de adquisiciones como supervisores. \u201cNo voy a favorecer a ning\u00fan amigo ni familiar. Hemos peleado mucho por eso y yo lo voy a hacer con ustedes\u201d.<br>Destac\u00f3 \u201cde hecho, mi propuesta m\u00e1s importante: quiero trabajar con ustedes y que las decisiones que se tomen, se tomen con ustedes, por el bien de Veracruz\u201d.<br>\u201cLa primera, es poner a su consideraci\u00f3n mi propuesta de director de Desarrollo Econ\u00f3mico: Jimy Homs\u201d.<br>Les expres\u00f3 \u201cal terminar esta charla, -que me gustar\u00eda fuera ya nuestra primera mesa trabajo-. S\u00e9 que todas sus dudas que los pueden tener molestos, tendr\u00e1n otra visi\u00f3n.\u201d<br>Les manifest\u00f3 que hay diferencia entre los aspirantes a la presidencia municipal de Veracruz. \u00bfQuieren a un grit\u00f3n sin resolver o un aliado resolviendo?.<br>\u201cYo s\u00ed quiero y me duele Veracruz y no lo uso de trampol\u00edn. Yo s\u00ed quiero que en Veracruz a ustedes les resulte tener un comercio y no como a los otros que quieren venir a hacer negocios aprovech\u00e1ndose de Veracruz.\u201d<br>Sobre la legalidad \u201cno me gusta hablar de esto, pero\u2026\u201d \u201cquien miente para llegar, llega para mentir\u201d.<br><strong>NO TENGO NECESIDAD DE ROBAR<\/strong><br>Enfatiz\u00f3 que su gobierno est\u00e1 integrado por ciudadanos empresarios que desean que se solucionen los problemas que afectan al municipio de Veracruz.<br>\u201cLas propuestas de las C\u00e1mara Nacional de Comercio (Canaco), entre otros organismos empresariales ser\u00e1n tomadas en cuenta en cuanto llegu\u00e9 a la alcald\u00eda porte\u00f1a.<br>Desde su punto de vista empresarial, dijo que muchos de los ejes de su campa\u00f1a para ganar la presidencia municipal coinciden con las que hoy le present\u00f3 este organismo, que tiene a su cargo una parte significativa de la econom\u00eda local.<br>Exsome Zapata estuvo acompa\u00f1ado durante este encuentro por sus compa\u00f1eros de f\u00f3rmula: Rosa Mar\u00eda Hern\u00e1ndez Espejo, candidata a diputada federal por el distrito 04, Diana Santiago Huesca, candidata a diputada local por el distrito XV y Fernando Arteaga Aponte, candidato a diputado local por el distrito XIV.<\/p>\n","protected":false},"excerpt":{"rendered":"<p>VeracruzEs urgente mejorar el centro hist\u00f3rico con una visi\u00f3n a futuro, un proyecto a largo plazo, que no se cambie con la llegada de un nuevo alcalde.As\u00ed lo dio a conocer el candidato por la coalici\u00f3n \u201cJuntos Hacemos Historia en Veracruz\u201d, Ricardo Exsome Zapata, durante una reuni\u00f3n con los miembros de la C\u00e1mara Nacional de [&hellip;]<\/p>\n","protected":false},"author":2,"featured_media":0,"comment_status":"closed","ping_status":"closed","sticky":false,"template":"","format":"standard","meta":{"tdm_status":"","tdm_grid_status":"","footnotes":""},"categories":[73],"tags":[6816,240,1183,27925,14721,11900],"class_list":{"0":"post-72816","1":"post","2":"type-post","3":"status-publish","4":"format-standard","6":"category-de-boleto","7":"tag-canaco","8":"tag-diana-santiago-huesca","9":"tag-fernando-arteaga-aponte","10":"tag-juntos-hacemos-historia-en-veracruz","11":"tag-ricardo-exsome","12":"tag-rosa-maria-hernandez-espejo"},"yoast_head":"<!-- This site is optimized with the Yoast SEO plugin v27.4 - https:\/\/yoast.com\/product\/yoast-seo-wordpress\/ -->\n<title>No uso Veracruz como trampol\u00edn: Exsome - Los pol\u00edticos Veracruz<\/title>\n<meta name=\"robots\" content=\"index, follow, max-snippet:-1, max-image-preview:large, max-video-preview:-1\" \/>\n<link rel=\"canonical\" href=\"https:\/\/lospoliticosveracruz.com\/?p=72816\" \/>\n<meta property=\"og:locale\" content=\"es_ES\" \/>\n<meta property=\"og:type\" content=\"article\" \/>\n<meta property=\"og:title\" content=\"No uso Veracruz como trampol\u00edn: Exsome - Los pol\u00edticos Veracruz\" \/>\n<meta property=\"og:description\" content=\"VeracruzEs urgente mejorar el centro hist\u00f3rico con una visi\u00f3n a futuro, un proyecto a largo plazo, que no se cambie con la llegada de un nuevo alcalde.As\u00ed lo dio a conocer el candidato por la coalici\u00f3n \u201cJuntos Hacemos Historia en Veracruz\u201d, Ricardo Exsome Zapata, durante una reuni\u00f3n con los miembros de la C\u00e1mara Nacional de [&hellip;]\" \/>\n<meta property=\"og:url\" content=\"https:\/\/lospoliticosveracruz.com\/?p=72816\" \/>\n<meta property=\"og:site_name\" content=\"Los pol\u00edticos Veracruz\" \/>\n<meta property=\"article:publisher\" content=\"https:\/\/www.facebook.com\/people\/Notimemes-de-los-Polticos\/61565672886568\/\" \/>\n<meta property=\"article:published_time\" content=\"2021-05-13T20:56:00+00:00\" \/>\n<meta property=\"article:modified_time\" content=\"2021-05-14T13:25:11+00:00\" \/>\n<meta property=\"og:image\" content=\"http:\/\/www.lospoliticosveracruz.com.mx\/wp-content\/uploads\/2021\/05\/Batalla-Cordoba.jpeg\" \/>\n<meta name=\"author\" content=\"Lo viste en Los Pol\u00edticos\" \/>\n<meta name=\"twitter:card\" content=\"summary_large_image\" \/>\n<meta name=\"twitter:creator\" content=\"@LosPoliticosVer\" \/>\n<meta name=\"twitter:site\" content=\"@LosPoliticosVer\" \/>\n<meta name=\"twitter:label1\" content=\"Escrito por\" \/>\n\t<meta name=\"twitter:data1\" content=\"Lo viste en Los Pol\u00edticos\" \/>\n\t<meta name=\"twitter:label2\" content=\"Tiempo de lectura\" \/>\n\t<meta name=\"twitter:data2\" content=\"3 minutos\" \/>\n<script type=\"application\/ld+json\" class=\"yoast-schema-graph\">{\"@context\":\"https:\\\/\\\/schema.org\",\"@graph\":[{\"@type\":\"Article\",\"@id\":\"https:\\\/\\\/lospoliticosveracruz.com\\\/?p=72816#article\",\"isPartOf\":{\"@id\":\"https:\\\/\\\/lospoliticosveracruz.com\\\/?p=72816\"},\"author\":{\"name\":\"Lo viste en Los Pol\u00edticos\",\"@id\":\"https:\\\/\\\/lospoliticosveracruz.com\\\/#\\\/schema\\\/person\\\/b8702bb0e538456e6efd07080bf2a4a2\"},\"headline\":\"No uso Veracruz como trampol\u00edn: Exsome\",\"datePublished\":\"2021-05-13T20:56:00+00:00\",\"dateModified\":\"2021-05-14T13:25:11+00:00\",\"mainEntityOfPage\":{\"@id\":\"https:\\\/\\\/lospoliticosveracruz.com\\\/?p=72816\"},\"wordCount\":545,\"publisher\":{\"@id\":\"https:\\\/\\\/lospoliticosveracruz.com\\\/#organization\"},\"image\":{\"@id\":\"https:\\\/\\\/lospoliticosveracruz.com\\\/?p=72816#primaryimage\"},\"thumbnailUrl\":\"http:\\\/\\\/www.lospoliticosveracruz.com.mx\\\/wp-content\\\/uploads\\\/2021\\\/05\\\/Batalla-Cordoba.jpeg\",\"keywords\":[\"Canaco\",\"Diana Santiago Huesca\",\"Fernando Arteaga Aponte\",\"Juntos Hacemos Historia en Veracruz\",\"Ricardo Exsome\",\"Rosa Mar\u00eda Hern\u00e1ndez Espejo\"],\"articleSection\":[\"De Boleto\"],\"inLanguage\":\"es\"},{\"@type\":\"WebPage\",\"@id\":\"https:\\\/\\\/lospoliticosveracruz.com\\\/?p=72816\",\"url\":\"https:\\\/\\\/lospoliticosveracruz.com\\\/?p=72816\",\"name\":\"No uso Veracruz como trampol\u00edn: Exsome - Los pol\u00edticos Veracruz\",\"isPartOf\":{\"@id\":\"https:\\\/\\\/lospoliticosveracruz.com\\\/#website\"},\"primaryImageOfPage\":{\"@id\":\"https:\\\/\\\/lospoliticosveracruz.com\\\/?p=72816#primaryimage\"},\"image\":{\"@id\":\"https:\\\/\\\/lospoliticosveracruz.com\\\/?p=72816#primaryimage\"},\"thumbnailUrl\":\"http:\\\/\\\/www.lospoliticosveracruz.com.mx\\\/wp-content\\\/uploads\\\/2021\\\/05\\\/Batalla-Cordoba.jpeg\",\"datePublished\":\"2021-05-13T20:56:00+00:00\",\"dateModified\":\"2021-05-14T13:25:11+00:00\",\"breadcrumb\":{\"@id\":\"https:\\\/\\\/lospoliticosveracruz.com\\\/?p=72816#breadcrumb\"},\"inLanguage\":\"es\",\"potentialAction\":[{\"@type\":\"ReadAction\",\"target\":[\"https:\\\/\\\/lospoliticosveracruz.com\\\/?p=72816\"]}]},{\"@type\":\"ImageObject\",\"inLanguage\":\"es\",\"@id\":\"https:\\\/\\\/lospoliticosveracruz.com\\\/?p=72816#primaryimage\",\"url\":\"http:\\\/\\\/www.lospoliticosveracruz.com.mx\\\/wp-content\\\/uploads\\\/2021\\\/05\\\/Batalla-Cordoba.jpeg\",\"contentUrl\":\"http:\\\/\\\/www.lospoliticosveracruz.com.mx\\\/wp-content\\\/uploads\\\/2021\\\/05\\\/Batalla-Cordoba.jpeg\"},{\"@type\":\"BreadcrumbList\",\"@id\":\"https:\\\/\\\/lospoliticosveracruz.com\\\/?p=72816#breadcrumb\",\"itemListElement\":[{\"@type\":\"ListItem\",\"position\":1,\"name\":\"Portada\",\"item\":\"https:\\\/\\\/lospoliticosveracruz.com\\\/\"},{\"@type\":\"ListItem\",\"position\":2,\"name\":\"No uso Veracruz como trampol\u00edn: Exsome\"}]},{\"@type\":\"WebSite\",\"@id\":\"https:\\\/\\\/lospoliticosveracruz.com\\\/#website\",\"url\":\"https:\\\/\\\/lospoliticosveracruz.com\\\/\",\"name\":\"Los pol\u00edticos Veracruz\",\"description\":\"\",\"publisher\":{\"@id\":\"https:\\\/\\\/lospoliticosveracruz.com\\\/#organization\"},\"potentialAction\":[{\"@type\":\"SearchAction\",\"target\":{\"@type\":\"EntryPoint\",\"urlTemplate\":\"https:\\\/\\\/lospoliticosveracruz.com\\\/?s={search_term_string}\"},\"query-input\":{\"@type\":\"PropertyValueSpecification\",\"valueRequired\":true,\"valueName\":\"search_term_string\"}}],\"inLanguage\":\"es\"},{\"@type\":\"Organization\",\"@id\":\"https:\\\/\\\/lospoliticosveracruz.com\\\/#organization\",\"name\":\"Los pol\u00edticos Veracruz\",\"url\":\"https:\\\/\\\/lospoliticosveracruz.com\\\/\",\"logo\":{\"@type\":\"ImageObject\",\"inLanguage\":\"es\",\"@id\":\"https:\\\/\\\/lospoliticosveracruz.com\\\/#\\\/schema\\\/logo\\\/image\\\/\",\"url\":\"https:\\\/\\\/lospoliticosveracruz.com\\\/wp-content\\\/uploads\\\/2025\\\/12\\\/Logo-Nuevo-LOS-POLITICOS-1.jpg\",\"contentUrl\":\"https:\\\/\\\/lospoliticosveracruz.com\\\/wp-content\\\/uploads\\\/2025\\\/12\\\/Logo-Nuevo-LOS-POLITICOS-1.jpg\",\"width\":260,\"height\":70,\"caption\":\"Los pol\u00edticos Veracruz\"},\"image\":{\"@id\":\"https:\\\/\\\/lospoliticosveracruz.com\\\/#\\\/schema\\\/logo\\\/image\\\/\"},\"sameAs\":[\"https:\\\/\\\/www.facebook.com\\\/people\\\/Notimemes-de-los-Polticos\\\/61565672886568\\\/\",\"https:\\\/\\\/x.com\\\/LosPoliticosVer\"]},{\"@type\":\"Person\",\"@id\":\"https:\\\/\\\/lospoliticosveracruz.com\\\/#\\\/schema\\\/person\\\/b8702bb0e538456e6efd07080bf2a4a2\",\"name\":\"Lo viste en Los Pol\u00edticos\",\"image\":{\"@type\":\"ImageObject\",\"inLanguage\":\"es\",\"@id\":\"https:\\\/\\\/secure.gravatar.com\\\/avatar\\\/3a8de04a2656d44082be478bd6c086daa447c4651605818287b9532d3d0bd435?s=96&d=mm&r=g\",\"url\":\"https:\\\/\\\/secure.gravatar.com\\\/avatar\\\/3a8de04a2656d44082be478bd6c086daa447c4651605818287b9532d3d0bd435?s=96&d=mm&r=g\",\"contentUrl\":\"https:\\\/\\\/secure.gravatar.com\\\/avatar\\\/3a8de04a2656d44082be478bd6c086daa447c4651605818287b9532d3d0bd435?s=96&d=mm&r=g\",\"caption\":\"Lo viste en Los Pol\u00edticos\"},\"url\":\"https:\\\/\\\/lospoliticosveracruz.com\\\/?author=2\"}]}<\/script>\n<!-- \/ Yoast SEO plugin. -->","yoast_head_json":{"title":"No uso Veracruz como trampol\u00edn: Exsome - Los pol\u00edticos Veracruz","robots":{"index":"index","follow":"follow","max-snippet":"max-snippet:-1","max-image-preview":"max-image-preview:large","max-video-preview":"max-video-preview:-1"},"canonical":"https:\/\/lospoliticosveracruz.com\/?p=72816","og_locale":"es_ES","og_type":"article","og_title":"No uso Veracruz como trampol\u00edn: Exsome - Los pol\u00edticos Veracruz","og_description":"VeracruzEs urgente mejorar el centro hist\u00f3rico con una visi\u00f3n a futuro, un proyecto a largo plazo, que no se cambie con la llegada de un nuevo alcalde.As\u00ed lo dio a conocer el candidato por la coalici\u00f3n \u201cJuntos Hacemos Historia en Veracruz\u201d, Ricardo Exsome Zapata, durante una reuni\u00f3n con los miembros de la C\u00e1mara Nacional de [&hellip;]","og_url":"https:\/\/lospoliticosveracruz.com\/?p=72816","og_site_name":"Los pol\u00edticos Veracruz","article_publisher":"https:\/\/www.facebook.com\/people\/Notimemes-de-los-Polticos\/61565672886568\/","article_published_time":"2021-05-13T20:56:00+00:00","article_modified_time":"2021-05-14T13:25:11+00:00","og_image":[{"url":"http:\/\/www.lospoliticosveracruz.com.mx\/wp-content\/uploads\/2021\/05\/Batalla-Cordoba.jpeg","type":"","width":"","height":""}],"author":"Lo viste en Los Pol\u00edticos","twitter_card":"summary_large_image","twitter_creator":"@LosPoliticosVer","twitter_site":"@LosPoliticosVer","twitter_misc":{"Escrito por":"Lo viste en Los Pol\u00edticos","Tiempo de lectura":"3 minutos"},"schema":{"@context":"https:\/\/schema.org","@graph":[{"@type":"Article","@id":"https:\/\/lospoliticosveracruz.com\/?p=72816#article","isPartOf":{"@id":"https:\/\/lospoliticosveracruz.com\/?p=72816"},"author":{"name":"Lo viste en Los Pol\u00edticos","@id":"https:\/\/lospoliticosveracruz.com\/#\/schema\/person\/b8702bb0e538456e6efd07080bf2a4a2"},"headline":"No uso Veracruz como trampol\u00edn: Exsome","datePublished":"2021-05-13T20:56:00+00:00","dateModified":"2021-05-14T13:25:11+00:00","mainEntityOfPage":{"@id":"https:\/\/lospoliticosveracruz.com\/?p=72816"},"wordCount":545,"publisher":{"@id":"https:\/\/lospoliticosveracruz.com\/#organization"},"image":{"@id":"https:\/\/lospoliticosveracruz.com\/?p=72816#primaryimage"},"thumbnailUrl":"http:\/\/www.lospoliticosveracruz.com.mx\/wp-content\/uploads\/2021\/05\/Batalla-Cordoba.jpeg","keywords":["Canaco","Diana Santiago Huesca","Fernando Arteaga Aponte","Juntos Hacemos Historia en Veracruz","Ricardo Exsome","Rosa Mar\u00eda Hern\u00e1ndez Espejo"],"articleSection":["De Boleto"],"inLanguage":"es"},{"@type":"WebPage","@id":"https:\/\/lospoliticosveracruz.com\/?p=72816","url":"https:\/\/lospoliticosveracruz.com\/?p=72816","name":"No uso Veracruz como trampol\u00edn: Exsome - Los pol\u00edticos Veracruz","isPartOf":{"@id":"https:\/\/lospoliticosveracruz.com\/#website"},"primaryImageOfPage":{"@id":"https:\/\/lospoliticosveracruz.com\/?p=72816#primaryimage"},"image":{"@id":"https:\/\/lospoliticosveracruz.com\/?p=72816#primaryimage"},"thumbnailUrl":"http:\/\/www.lospoliticosveracruz.com.mx\/wp-content\/uploads\/2021\/05\/Batalla-Cordoba.jpeg","datePublished":"2021-05-13T20:56:00+00:00","dateModified":"2021-05-14T13:25:11+00:00","breadcrumb":{"@id":"https:\/\/lospoliticosveracruz.com\/?p=72816#breadcrumb"},"inLanguage":"es","potentialAction":[{"@type":"ReadAction","target":["https:\/\/lospoliticosveracruz.com\/?p=72816"]}]},{"@type":"ImageObject","inLanguage":"es","@id":"https:\/\/lospoliticosveracruz.com\/?p=72816#primaryimage","url":"http:\/\/www.lospoliticosveracruz.com.mx\/wp-content\/uploads\/2021\/05\/Batalla-Cordoba.jpeg","contentUrl":"http:\/\/www.lospoliticosveracruz.com.mx\/wp-content\/uploads\/2021\/05\/Batalla-Cordoba.jpeg"},{"@type":"BreadcrumbList","@id":"https:\/\/lospoliticosveracruz.com\/?p=72816#breadcrumb","itemListElement":[{"@type":"ListItem","position":1,"name":"Portada","item":"https:\/\/lospoliticosveracruz.com\/"},{"@type":"ListItem","position":2,"name":"No uso Veracruz como trampol\u00edn: Exsome"}]},{"@type":"WebSite","@id":"https:\/\/lospoliticosveracruz.com\/#website","url":"https:\/\/lospoliticosveracruz.com\/","name":"Los pol\u00edticos Veracruz","description":"","publisher":{"@id":"https:\/\/lospoliticosveracruz.com\/#organization"},"potentialAction":[{"@type":"SearchAction","target":{"@type":"EntryPoint","urlTemplate":"https:\/\/lospoliticosveracruz.com\/?s={search_term_string}"},"query-input":{"@type":"PropertyValueSpecification","valueRequired":true,"valueName":"search_term_string"}}],"inLanguage":"es"},{"@type":"Organization","@id":"https:\/\/lospoliticosveracruz.com\/#organization","name":"Los pol\u00edticos Veracruz","url":"https:\/\/lospoliticosveracruz.com\/","logo":{"@type":"ImageObject","inLanguage":"es","@id":"https:\/\/lospoliticosveracruz.com\/#\/schema\/logo\/image\/","url":"https:\/\/lospoliticosveracruz.com\/wp-content\/uploads\/2025\/12\/Logo-Nuevo-LOS-POLITICOS-1.jpg","contentUrl":"https:\/\/lospoliticosveracruz.com\/wp-content\/uploads\/2025\/12\/Logo-Nuevo-LOS-POLITICOS-1.jpg","width":260,"height":70,"caption":"Los pol\u00edticos Veracruz"},"image":{"@id":"https:\/\/lospoliticosveracruz.com\/#\/schema\/logo\/image\/"},"sameAs":["https:\/\/www.facebook.com\/people\/Notimemes-de-los-Polticos\/61565672886568\/","https:\/\/x.com\/LosPoliticosVer"]},{"@type":"Person","@id":"https:\/\/lospoliticosveracruz.com\/#\/schema\/person\/b8702bb0e538456e6efd07080bf2a4a2","name":"Lo viste en Los Pol\u00edticos","image":{"@type":"ImageObject","inLanguage":"es","@id":"https:\/\/secure.gravatar.com\/avatar\/3a8de04a2656d44082be478bd6c086daa447c4651605818287b9532d3d0bd435?s=96&d=mm&r=g","url":"https:\/\/secure.gravatar.com\/avatar\/3a8de04a2656d44082be478bd6c086daa447c4651605818287b9532d3d0bd435?s=96&d=mm&r=g","contentUrl":"https:\/\/secure.gravatar.com\/avatar\/3a8de04a2656d44082be478bd6c086daa447c4651605818287b9532d3d0bd435?s=96&d=mm&r=g","caption":"Lo viste en Los Pol\u00edticos"},"url":"https:\/\/lospoliticosveracruz.com\/?author=2"}]}},"_links":{"self":[{"href":"https:\/\/lospoliticosveracruz.com\/index.php?rest_route=\/wp\/v2\/posts\/72816","targetHints":{"allow":["GET"]}}],"collection":[{"href":"https:\/\/lospoliticosveracruz.com\/index.php?rest_route=\/wp\/v2\/posts"}],"about":[{"href":"https:\/\/lospoliticosveracruz.com\/index.php?rest_route=\/wp\/v2\/types\/post"}],"author":[{"embeddable":true,"href":"https:\/\/lospoliticosveracruz.com\/index.php?rest_route=\/wp\/v2\/users\/2"}],"replies":[{"embeddable":true,"href":"https:\/\/lospoliticosveracruz.com\/index.php?rest_route=%2Fwp%2Fv2%2Fcomments&post=72816"}],"version-history":[{"count":2,"href":"https:\/\/lospoliticosveracruz.com\/index.php?rest_route=\/wp\/v2\/posts\/72816\/revisions"}],"predecessor-version":[{"id":72887,"href":"https:\/\/lospoliticosveracruz.com\/index.php?rest_route=\/wp\/v2\/posts\/72816\/revisions\/72887"}],"wp:attachment":[{"href":"https:\/\/lospoliticosveracruz.com\/index.php?rest_route=%2Fwp%2Fv2%2Fmedia&parent=72816"}],"wp:term":[{"taxonomy":"category","embeddable":true,"href":"https:\/\/lospoliticosveracruz.com\/index.php?rest_route=%2Fwp%2Fv2%2Fcategories&post=72816"},{"taxonomy":"post_tag","embeddable":true,"href":"https:\/\/lospoliticosveracruz.com\/index.php?rest_route=%2Fwp%2Fv2%2Ftags&post=72816"}],"curies":[{"name":"wp","href":"https:\/\/api.w.org\/{rel}","templated":true}]}}