{"id":72869,"date":"2021-05-13T22:35:56","date_gmt":"2021-05-14T03:35:56","guid":{"rendered":"http:\/\/www.lospoliticosveracruz.com.mx\/?p=72869"},"modified":"2021-05-13T22:36:00","modified_gmt":"2021-05-14T03:36:00","slug":"xalapa-en-crisis-y-abandonada","status":"publish","type":"post","link":"https:\/\/lospoliticosveracruz.com\/?p=72869","title":{"rendered":"Xalapa en crisis y abandonada"},"content":{"rendered":"\n<p><strong>Enrique Yasser Pompeyo<\/strong><\/p>\n\n\n\n<p><em>Mesa de Redacci\u00f3n<br><\/em><\/p>\n\n\n\n<p>Xalapa se encuentra sumida en el desempleo, la inseguridad y la carencia de obras estrat\u00e9gicas, de impacto social.<br>Todo, porque las actuales autoridades no han sido capaces de conducir el gobierno. No han podido y no han querido. Fueron rebasadas.<br>Por ello, es urgente sacar a la ciudad capital del abandono en el que se encuentra.<\/p>\n\n\n\n<div class=\"wp-block-image\"><figure class=\"alignleft size-large\"><a href=\"http:\/\/www.lospoliticosveracruz.com.mx\/wp-content\/uploads\/2021\/05\/Batalla-Cordoba.jpeg\"><img decoding=\"async\" src=\"http:\/\/www.lospoliticosveracruz.com.mx\/wp-content\/uploads\/2021\/05\/Batalla-Cordoba.jpeg\" alt=\"\" class=\"wp-image-72571\"\/><\/a><\/figure><\/div>\n\n\n\n<p><br>Diferentes sectores ciudadanos respaldan la propuesta de que debe llegar a la presidencia municipal una persona con experiencia.<br>Hay quienes ven a David Velasco Chedraui como la mejor opci\u00f3n para llevar las riendas de la administraci\u00f3n municipal, pues ya fue alcalde, adem\u00e1s de legislador local.<br>El abanderado de la coalici\u00f3n \u201cVeracruz Va\u201d as\u00ed lo expone: \u201cmi propuesta es dar esa experiencia para que Xalapa sea otra vez la Ciudad de las Flores, la Atenas Veracruzana, y no una ciudad llena de hoyos, gobernada por gente ineficiente que, en vez de atender las necesidades urgentes de la poblaci\u00f3n, regresan los recursos a la federaci\u00f3n\u201d.<br>La devoluci\u00f3n de recursos millonarios ha sido muy criticada por los diferentes sectores de la poblaci\u00f3n, pues la ciudad y sus habitantes tienen much\u00edsimas necesidades.<br>El mejor ejemplo son las inundaciones que se registraron este mi\u00e9rcoles y que se pudieron haber evitado si el ayuntamiento hubiera aplicado recursos en un programa preventivo, de limpieza de alcantarillas y resumideros, pero, desafortunadamente, no fue as\u00ed.<br>A esto se suma el hecho de que el gobierno federal morenista haya cancelado el Fondo para la Atenci\u00f3n de Emergencias (FONDEN), que era usado, precisamente, para mitigar los da\u00f1os causados por fen\u00f3menos meteorol\u00f3gicos.<br>Ante un desastre natural, el gobierno federal liberaba de inmediato estos recursos que se utilizaban para ayudar a las familias damnificadas, por lo que este fondo tiene que regresar.<br>Por cierto, este jueves, el candidato recorri\u00f3 las colonias Veracruz, Framboyanes, Manantiales y Porvenir para solidarizarse con los damnificados por las inundaciones ocurridas este mi\u00e9rcoles.<br>Velasco Chedraui recogi\u00f3 el sentir de la poblaci\u00f3n y coment\u00f3 que la queja generalizada es que \u201cno hay atenci\u00f3n, no hay cercan\u00eda, hay desinter\u00e9s del gobierno morenista municipal; la gente est\u00e1 cansada de eso y no quieren m\u00e1s de lo mismo, por eso tenemos que concretar un cambio el pr\u00f3ximo 6 de junio, con nuevo gobierno al que le interesen los xalape\u00f1os\u201d.<br>\u201cComo xalape\u00f1o que soy, me da mucha tristeza y verg\u00fcenza que el gobierno municipal desatienda a la gente en momentos tan dif\u00edciles como estos, en donde una inundaci\u00f3n, que se pudo haber evitado, los lleva a perder su patrimonio y su tranquilidad\u201d, asever\u00f3.<br>De casa en casa, escuchando a cada familia, David Velasco Chedraui cancel\u00f3 todas sus actividades de campa\u00f1a este jueves, para solidarizarse y ofrecer apoyo de gestor\u00eda ante organismos de la sociedad civil, para respaldar a las familias que se vieron afectadas por esta lluvia que provoc\u00f3 afectaciones en m\u00e1s de 30 colonias e inundaciones en unas 50 vialidades de la capital.<\/p>\n\n\n\n<p><strong>GOBIERNO HA ENCARECIDO PRODUCTOS Y SERVICIOS: PRD<br><\/strong>M\u00e9xico y Veracruz atraviesan tiempos complicados que requieren y exigen lo mejor de todos, y el esfuerzo conjunto tanto de fuerzas pol\u00edticas como ciudadanas para poder dar la batalla por sostener y recuperar el presente, la certidumbre, la estabilidad social, pol\u00edtica y econ\u00f3mica que tanto trabajo ha costado alcanzar, gracias al trabajo de generaciones anteriores de familiares y amigos, se\u00f1al\u00f3 Sergio Cadena Mart\u00ednez, presidente de la Direcci\u00f3n Estatal Ejecutiva del PRD en la entidad.<br>Lo anterior, en el marco del encuentro con representantes de sectores productivos de Xalapa, donde el l\u00edder del Partido del Sol Azteca en Veracruz dio la bienvenida formal al exdirigente nacional del PRD, Jes\u00fas Ortega Mart\u00ednez, quien de esta manera cerr\u00f3 una exitosa gira de trabajo por el estado, dialogando con la sociedad para reflexionar acerca de los hechos pol\u00edticos que se desarrollan en el marco de la alianza Va por Veracruz.<br>Cadena Mart\u00ednez agreg\u00f3 que es as\u00ed como se explica la conformaci\u00f3n de la alianza Va por M\u00e9xico y Va por Veracruz, donde las tres principales fuerzas opositoras del pa\u00eds se reunieron para darle forma a los esfuerzos de mujeres y hombres que est\u00e1n trabajando de la mano de los distintos sectores sociales que conforman la entidad para darle certeza y rumbo, apuntalados por las dirigencias estatales y nacionales.<br>\u201cHoy la situaci\u00f3n que vive el pa\u00eds la conocen mejor que yo, se trata de un gobierno que dijo muchas mentiras y que hoy lleva dos a\u00f1os y medio queriendo acabar con todo lo que por generaciones enteras con mucho esfuerzo nos ha costado construir, hoy lo est\u00e1 destruyendo; la verdad estamos pasando un grave momento a nivel nacional y por supuesto Veracruz no queda exento. La alianza es con los sectores productivos y para dar certidumbre a los empleos, al desarrollo y al bienestar\u201d, apunt\u00f3.<br>Record\u00f3 que el gas est\u00e1 caro, la gasolina, pero tambi\u00e9n la tortilla, que acaba de pegarles a los sectores m\u00e1s desprotegidos de la sociedad, por lo que hizo un llamado a trabajar para detener el avance de los que est\u00e1n destruyendo a la naci\u00f3n y la est\u00e1n llevando a una dictadura, poniendo en riesgo el futuro de las generaciones presentes y futuras. \u201cTenemos plena confianza en estas tres fuerzas electorales, se requiere gente que piense diferente, que haga las cosas de manera distinta para que salgamos todos adelante, pero m\u00e1s tenemos confianza en la gente y en los xalape\u00f1os que se han caracterizado por ser una sociedad inteligente y pensante\u201d, detall\u00f3.<br>Por su parte, Jes\u00fas Ortega, exl\u00edder nacional del Partido de la Revoluci\u00f3n Democr\u00e1tica (PRD), conmin\u00f3 a los presentes a llevar el mensaje de lucha social a todos los rincones de la entidad para poder detener el avance de los pol\u00edticos mediocres que conforman un gobierno inepto que solo ha tra\u00eddo pobreza y desgracia a M\u00e9xico. Ortega Mart\u00ednez confi\u00f3 en que las y los candidatos de la alianza lograr\u00e1n sendos triunfos que permitir\u00e1n recuperar el rumbo del estado y el pa\u00eds, al ser mujeres y hombres destacados y de capacidad probada que saben trabajar en unidad y ponderan los valores y capacidades de todos los mexicanos sin distinci\u00f3n de siglas o colores. Reiter\u00f3 la disponibilidad de la direcci\u00f3n nacional ejecutiva y de los perredistas a sumar esfuerzos y a acompa\u00f1ar a los candidatos cuantas veces sea necesario.<br>enriquepompeyo@hotmail.com<\/p>\n","protected":false},"excerpt":{"rendered":"<p>Enrique Yasser Pompeyo Mesa de Redacci\u00f3n Xalapa se encuentra sumida en el desempleo, la inseguridad y la carencia de obras estrat\u00e9gicas, de impacto social.Todo, porque las actuales autoridades no han sido capaces de conducir el gobierno. No han podido y no han querido. Fueron rebasadas.Por ello, es urgente sacar a la ciudad capital del abandono [&hellip;]<\/p>\n","protected":false},"author":2,"featured_media":0,"comment_status":"closed","ping_status":"closed","sticky":false,"template":"","format":"standard","meta":{"tdm_status":"","tdm_grid_status":"","footnotes":""},"categories":[70],"tags":[407,15477,9649,196,27969,7887,25692,96],"class_list":{"0":"post-72869","1":"post","2":"type-post","3":"status-publish","4":"format-standard","6":"category-de-opinion","7":"tag-david-velasco-chedraui","8":"tag-enrique-yasser-pompeyo","9":"tag-fonden","10":"tag-inseguridad","11":"tag-jesus-ortega-martinez","12":"tag-sergio-cadena-martinez","13":"tag-veracruz-va","14":"tag-xalapa"},"yoast_head":"<!-- This site is optimized with the Yoast SEO plugin v27.4 - https:\/\/yoast.com\/product\/yoast-seo-wordpress\/ -->\n<title>Xalapa en crisis y abandonada - Los pol\u00edticos Veracruz<\/title>\n<meta name=\"robots\" content=\"index, follow, max-snippet:-1, max-image-preview:large, max-video-preview:-1\" \/>\n<link rel=\"canonical\" href=\"https:\/\/lospoliticosveracruz.com\/?p=72869\" \/>\n<meta property=\"og:locale\" content=\"es_ES\" \/>\n<meta property=\"og:type\" content=\"article\" \/>\n<meta property=\"og:title\" content=\"Xalapa en crisis y abandonada - Los pol\u00edticos Veracruz\" \/>\n<meta property=\"og:description\" content=\"Enrique Yasser Pompeyo Mesa de Redacci\u00f3n Xalapa se encuentra sumida en el desempleo, la inseguridad y la carencia de obras estrat\u00e9gicas, de impacto social.Todo, porque las actuales autoridades no han sido capaces de conducir el gobierno. No han podido y no han querido. Fueron rebasadas.Por ello, es urgente sacar a la ciudad capital del abandono [&hellip;]\" \/>\n<meta property=\"og:url\" content=\"https:\/\/lospoliticosveracruz.com\/?p=72869\" \/>\n<meta property=\"og:site_name\" content=\"Los pol\u00edticos Veracruz\" \/>\n<meta property=\"article:publisher\" content=\"https:\/\/www.facebook.com\/people\/Notimemes-de-los-Polticos\/61565672886568\/\" \/>\n<meta property=\"article:published_time\" content=\"2021-05-14T03:35:56+00:00\" \/>\n<meta property=\"article:modified_time\" content=\"2021-05-14T03:36:00+00:00\" \/>\n<meta property=\"og:image\" content=\"http:\/\/www.lospoliticosveracruz.com.mx\/wp-content\/uploads\/2021\/05\/Batalla-Cordoba.jpeg\" \/>\n<meta name=\"author\" content=\"Lo viste en Los Pol\u00edticos\" \/>\n<meta name=\"twitter:card\" content=\"summary_large_image\" \/>\n<meta name=\"twitter:creator\" content=\"@LosPoliticosVer\" \/>\n<meta name=\"twitter:site\" content=\"@LosPoliticosVer\" \/>\n<meta name=\"twitter:label1\" content=\"Escrito por\" \/>\n\t<meta name=\"twitter:data1\" content=\"Lo viste en Los Pol\u00edticos\" \/>\n\t<meta name=\"twitter:label2\" content=\"Tiempo de lectura\" \/>\n\t<meta name=\"twitter:data2\" content=\"6 minutos\" \/>\n<script type=\"application\/ld+json\" class=\"yoast-schema-graph\">{\"@context\":\"https:\\\/\\\/schema.org\",\"@graph\":[{\"@type\":\"Article\",\"@id\":\"https:\\\/\\\/lospoliticosveracruz.com\\\/?p=72869#article\",\"isPartOf\":{\"@id\":\"https:\\\/\\\/lospoliticosveracruz.com\\\/?p=72869\"},\"author\":{\"name\":\"Lo viste en Los Pol\u00edticos\",\"@id\":\"https:\\\/\\\/lospoliticosveracruz.com\\\/#\\\/schema\\\/person\\\/b8702bb0e538456e6efd07080bf2a4a2\"},\"headline\":\"Xalapa en crisis y abandonada\",\"datePublished\":\"2021-05-14T03:35:56+00:00\",\"dateModified\":\"2021-05-14T03:36:00+00:00\",\"mainEntityOfPage\":{\"@id\":\"https:\\\/\\\/lospoliticosveracruz.com\\\/?p=72869\"},\"wordCount\":1112,\"publisher\":{\"@id\":\"https:\\\/\\\/lospoliticosveracruz.com\\\/#organization\"},\"image\":{\"@id\":\"https:\\\/\\\/lospoliticosveracruz.com\\\/?p=72869#primaryimage\"},\"thumbnailUrl\":\"http:\\\/\\\/www.lospoliticosveracruz.com.mx\\\/wp-content\\\/uploads\\\/2021\\\/05\\\/Batalla-Cordoba.jpeg\",\"keywords\":[\"David Velasco Chedraui\",\"Enrique Yasser Pompeyo\",\"Fonden\",\"inseguridad\",\"Jes\u00fas Ortega Mart\u00ednez\",\"Sergio Cadena Mart\u00ednez\",\"Veracruz Va\",\"Xalapa\"],\"articleSection\":[\"De Opini\u00f3n\"],\"inLanguage\":\"es\"},{\"@type\":\"WebPage\",\"@id\":\"https:\\\/\\\/lospoliticosveracruz.com\\\/?p=72869\",\"url\":\"https:\\\/\\\/lospoliticosveracruz.com\\\/?p=72869\",\"name\":\"Xalapa en crisis y abandonada - Los pol\u00edticos Veracruz\",\"isPartOf\":{\"@id\":\"https:\\\/\\\/lospoliticosveracruz.com\\\/#website\"},\"primaryImageOfPage\":{\"@id\":\"https:\\\/\\\/lospoliticosveracruz.com\\\/?p=72869#primaryimage\"},\"image\":{\"@id\":\"https:\\\/\\\/lospoliticosveracruz.com\\\/?p=72869#primaryimage\"},\"thumbnailUrl\":\"http:\\\/\\\/www.lospoliticosveracruz.com.mx\\\/wp-content\\\/uploads\\\/2021\\\/05\\\/Batalla-Cordoba.jpeg\",\"datePublished\":\"2021-05-14T03:35:56+00:00\",\"dateModified\":\"2021-05-14T03:36:00+00:00\",\"breadcrumb\":{\"@id\":\"https:\\\/\\\/lospoliticosveracruz.com\\\/?p=72869#breadcrumb\"},\"inLanguage\":\"es\",\"potentialAction\":[{\"@type\":\"ReadAction\",\"target\":[\"https:\\\/\\\/lospoliticosveracruz.com\\\/?p=72869\"]}]},{\"@type\":\"ImageObject\",\"inLanguage\":\"es\",\"@id\":\"https:\\\/\\\/lospoliticosveracruz.com\\\/?p=72869#primaryimage\",\"url\":\"http:\\\/\\\/www.lospoliticosveracruz.com.mx\\\/wp-content\\\/uploads\\\/2021\\\/05\\\/Batalla-Cordoba.jpeg\",\"contentUrl\":\"http:\\\/\\\/www.lospoliticosveracruz.com.mx\\\/wp-content\\\/uploads\\\/2021\\\/05\\\/Batalla-Cordoba.jpeg\"},{\"@type\":\"BreadcrumbList\",\"@id\":\"https:\\\/\\\/lospoliticosveracruz.com\\\/?p=72869#breadcrumb\",\"itemListElement\":[{\"@type\":\"ListItem\",\"position\":1,\"name\":\"Portada\",\"item\":\"https:\\\/\\\/lospoliticosveracruz.com\\\/\"},{\"@type\":\"ListItem\",\"position\":2,\"name\":\"Xalapa en crisis y abandonada\"}]},{\"@type\":\"WebSite\",\"@id\":\"https:\\\/\\\/lospoliticosveracruz.com\\\/#website\",\"url\":\"https:\\\/\\\/lospoliticosveracruz.com\\\/\",\"name\":\"Los pol\u00edticos Veracruz\",\"description\":\"\",\"publisher\":{\"@id\":\"https:\\\/\\\/lospoliticosveracruz.com\\\/#organization\"},\"potentialAction\":[{\"@type\":\"SearchAction\",\"target\":{\"@type\":\"EntryPoint\",\"urlTemplate\":\"https:\\\/\\\/lospoliticosveracruz.com\\\/?s={search_term_string}\"},\"query-input\":{\"@type\":\"PropertyValueSpecification\",\"valueRequired\":true,\"valueName\":\"search_term_string\"}}],\"inLanguage\":\"es\"},{\"@type\":\"Organization\",\"@id\":\"https:\\\/\\\/lospoliticosveracruz.com\\\/#organization\",\"name\":\"Los pol\u00edticos Veracruz\",\"url\":\"https:\\\/\\\/lospoliticosveracruz.com\\\/\",\"logo\":{\"@type\":\"ImageObject\",\"inLanguage\":\"es\",\"@id\":\"https:\\\/\\\/lospoliticosveracruz.com\\\/#\\\/schema\\\/logo\\\/image\\\/\",\"url\":\"https:\\\/\\\/lospoliticosveracruz.com\\\/wp-content\\\/uploads\\\/2025\\\/12\\\/Logo-Nuevo-LOS-POLITICOS-1.jpg\",\"contentUrl\":\"https:\\\/\\\/lospoliticosveracruz.com\\\/wp-content\\\/uploads\\\/2025\\\/12\\\/Logo-Nuevo-LOS-POLITICOS-1.jpg\",\"width\":260,\"height\":70,\"caption\":\"Los pol\u00edticos Veracruz\"},\"image\":{\"@id\":\"https:\\\/\\\/lospoliticosveracruz.com\\\/#\\\/schema\\\/logo\\\/image\\\/\"},\"sameAs\":[\"https:\\\/\\\/www.facebook.com\\\/people\\\/Notimemes-de-los-Polticos\\\/61565672886568\\\/\",\"https:\\\/\\\/x.com\\\/LosPoliticosVer\"]},{\"@type\":\"Person\",\"@id\":\"https:\\\/\\\/lospoliticosveracruz.com\\\/#\\\/schema\\\/person\\\/b8702bb0e538456e6efd07080bf2a4a2\",\"name\":\"Lo viste en Los Pol\u00edticos\",\"image\":{\"@type\":\"ImageObject\",\"inLanguage\":\"es\",\"@id\":\"https:\\\/\\\/secure.gravatar.com\\\/avatar\\\/3a8de04a2656d44082be478bd6c086daa447c4651605818287b9532d3d0bd435?s=96&d=mm&r=g\",\"url\":\"https:\\\/\\\/secure.gravatar.com\\\/avatar\\\/3a8de04a2656d44082be478bd6c086daa447c4651605818287b9532d3d0bd435?s=96&d=mm&r=g\",\"contentUrl\":\"https:\\\/\\\/secure.gravatar.com\\\/avatar\\\/3a8de04a2656d44082be478bd6c086daa447c4651605818287b9532d3d0bd435?s=96&d=mm&r=g\",\"caption\":\"Lo viste en Los Pol\u00edticos\"},\"url\":\"https:\\\/\\\/lospoliticosveracruz.com\\\/?author=2\"}]}<\/script>\n<!-- \/ Yoast SEO plugin. -->","yoast_head_json":{"title":"Xalapa en crisis y abandonada - Los pol\u00edticos Veracruz","robots":{"index":"index","follow":"follow","max-snippet":"max-snippet:-1","max-image-preview":"max-image-preview:large","max-video-preview":"max-video-preview:-1"},"canonical":"https:\/\/lospoliticosveracruz.com\/?p=72869","og_locale":"es_ES","og_type":"article","og_title":"Xalapa en crisis y abandonada - Los pol\u00edticos Veracruz","og_description":"Enrique Yasser Pompeyo Mesa de Redacci\u00f3n Xalapa se encuentra sumida en el desempleo, la inseguridad y la carencia de obras estrat\u00e9gicas, de impacto social.Todo, porque las actuales autoridades no han sido capaces de conducir el gobierno. No han podido y no han querido. Fueron rebasadas.Por ello, es urgente sacar a la ciudad capital del abandono [&hellip;]","og_url":"https:\/\/lospoliticosveracruz.com\/?p=72869","og_site_name":"Los pol\u00edticos Veracruz","article_publisher":"https:\/\/www.facebook.com\/people\/Notimemes-de-los-Polticos\/61565672886568\/","article_published_time":"2021-05-14T03:35:56+00:00","article_modified_time":"2021-05-14T03:36:00+00:00","og_image":[{"url":"http:\/\/www.lospoliticosveracruz.com.mx\/wp-content\/uploads\/2021\/05\/Batalla-Cordoba.jpeg","type":"","width":"","height":""}],"author":"Lo viste en Los Pol\u00edticos","twitter_card":"summary_large_image","twitter_creator":"@LosPoliticosVer","twitter_site":"@LosPoliticosVer","twitter_misc":{"Escrito por":"Lo viste en Los Pol\u00edticos","Tiempo de lectura":"6 minutos"},"schema":{"@context":"https:\/\/schema.org","@graph":[{"@type":"Article","@id":"https:\/\/lospoliticosveracruz.com\/?p=72869#article","isPartOf":{"@id":"https:\/\/lospoliticosveracruz.com\/?p=72869"},"author":{"name":"Lo viste en Los Pol\u00edticos","@id":"https:\/\/lospoliticosveracruz.com\/#\/schema\/person\/b8702bb0e538456e6efd07080bf2a4a2"},"headline":"Xalapa en crisis y abandonada","datePublished":"2021-05-14T03:35:56+00:00","dateModified":"2021-05-14T03:36:00+00:00","mainEntityOfPage":{"@id":"https:\/\/lospoliticosveracruz.com\/?p=72869"},"wordCount":1112,"publisher":{"@id":"https:\/\/lospoliticosveracruz.com\/#organization"},"image":{"@id":"https:\/\/lospoliticosveracruz.com\/?p=72869#primaryimage"},"thumbnailUrl":"http:\/\/www.lospoliticosveracruz.com.mx\/wp-content\/uploads\/2021\/05\/Batalla-Cordoba.jpeg","keywords":["David Velasco Chedraui","Enrique Yasser Pompeyo","Fonden","inseguridad","Jes\u00fas Ortega Mart\u00ednez","Sergio Cadena Mart\u00ednez","Veracruz Va","Xalapa"],"articleSection":["De Opini\u00f3n"],"inLanguage":"es"},{"@type":"WebPage","@id":"https:\/\/lospoliticosveracruz.com\/?p=72869","url":"https:\/\/lospoliticosveracruz.com\/?p=72869","name":"Xalapa en crisis y abandonada - Los pol\u00edticos Veracruz","isPartOf":{"@id":"https:\/\/lospoliticosveracruz.com\/#website"},"primaryImageOfPage":{"@id":"https:\/\/lospoliticosveracruz.com\/?p=72869#primaryimage"},"image":{"@id":"https:\/\/lospoliticosveracruz.com\/?p=72869#primaryimage"},"thumbnailUrl":"http:\/\/www.lospoliticosveracruz.com.mx\/wp-content\/uploads\/2021\/05\/Batalla-Cordoba.jpeg","datePublished":"2021-05-14T03:35:56+00:00","dateModified":"2021-05-14T03:36:00+00:00","breadcrumb":{"@id":"https:\/\/lospoliticosveracruz.com\/?p=72869#breadcrumb"},"inLanguage":"es","potentialAction":[{"@type":"ReadAction","target":["https:\/\/lospoliticosveracruz.com\/?p=72869"]}]},{"@type":"ImageObject","inLanguage":"es","@id":"https:\/\/lospoliticosveracruz.com\/?p=72869#primaryimage","url":"http:\/\/www.lospoliticosveracruz.com.mx\/wp-content\/uploads\/2021\/05\/Batalla-Cordoba.jpeg","contentUrl":"http:\/\/www.lospoliticosveracruz.com.mx\/wp-content\/uploads\/2021\/05\/Batalla-Cordoba.jpeg"},{"@type":"BreadcrumbList","@id":"https:\/\/lospoliticosveracruz.com\/?p=72869#breadcrumb","itemListElement":[{"@type":"ListItem","position":1,"name":"Portada","item":"https:\/\/lospoliticosveracruz.com\/"},{"@type":"ListItem","position":2,"name":"Xalapa en crisis y abandonada"}]},{"@type":"WebSite","@id":"https:\/\/lospoliticosveracruz.com\/#website","url":"https:\/\/lospoliticosveracruz.com\/","name":"Los pol\u00edticos Veracruz","description":"","publisher":{"@id":"https:\/\/lospoliticosveracruz.com\/#organization"},"potentialAction":[{"@type":"SearchAction","target":{"@type":"EntryPoint","urlTemplate":"https:\/\/lospoliticosveracruz.com\/?s={search_term_string}"},"query-input":{"@type":"PropertyValueSpecification","valueRequired":true,"valueName":"search_term_string"}}],"inLanguage":"es"},{"@type":"Organization","@id":"https:\/\/lospoliticosveracruz.com\/#organization","name":"Los pol\u00edticos Veracruz","url":"https:\/\/lospoliticosveracruz.com\/","logo":{"@type":"ImageObject","inLanguage":"es","@id":"https:\/\/lospoliticosveracruz.com\/#\/schema\/logo\/image\/","url":"https:\/\/lospoliticosveracruz.com\/wp-content\/uploads\/2025\/12\/Logo-Nuevo-LOS-POLITICOS-1.jpg","contentUrl":"https:\/\/lospoliticosveracruz.com\/wp-content\/uploads\/2025\/12\/Logo-Nuevo-LOS-POLITICOS-1.jpg","width":260,"height":70,"caption":"Los pol\u00edticos Veracruz"},"image":{"@id":"https:\/\/lospoliticosveracruz.com\/#\/schema\/logo\/image\/"},"sameAs":["https:\/\/www.facebook.com\/people\/Notimemes-de-los-Polticos\/61565672886568\/","https:\/\/x.com\/LosPoliticosVer"]},{"@type":"Person","@id":"https:\/\/lospoliticosveracruz.com\/#\/schema\/person\/b8702bb0e538456e6efd07080bf2a4a2","name":"Lo viste en Los Pol\u00edticos","image":{"@type":"ImageObject","inLanguage":"es","@id":"https:\/\/secure.gravatar.com\/avatar\/3a8de04a2656d44082be478bd6c086daa447c4651605818287b9532d3d0bd435?s=96&d=mm&r=g","url":"https:\/\/secure.gravatar.com\/avatar\/3a8de04a2656d44082be478bd6c086daa447c4651605818287b9532d3d0bd435?s=96&d=mm&r=g","contentUrl":"https:\/\/secure.gravatar.com\/avatar\/3a8de04a2656d44082be478bd6c086daa447c4651605818287b9532d3d0bd435?s=96&d=mm&r=g","caption":"Lo viste en Los Pol\u00edticos"},"url":"https:\/\/lospoliticosveracruz.com\/?author=2"}]}},"_links":{"self":[{"href":"https:\/\/lospoliticosveracruz.com\/index.php?rest_route=\/wp\/v2\/posts\/72869","targetHints":{"allow":["GET"]}}],"collection":[{"href":"https:\/\/lospoliticosveracruz.com\/index.php?rest_route=\/wp\/v2\/posts"}],"about":[{"href":"https:\/\/lospoliticosveracruz.com\/index.php?rest_route=\/wp\/v2\/types\/post"}],"author":[{"embeddable":true,"href":"https:\/\/lospoliticosveracruz.com\/index.php?rest_route=\/wp\/v2\/users\/2"}],"replies":[{"embeddable":true,"href":"https:\/\/lospoliticosveracruz.com\/index.php?rest_route=%2Fwp%2Fv2%2Fcomments&post=72869"}],"version-history":[{"count":1,"href":"https:\/\/lospoliticosveracruz.com\/index.php?rest_route=\/wp\/v2\/posts\/72869\/revisions"}],"predecessor-version":[{"id":72870,"href":"https:\/\/lospoliticosveracruz.com\/index.php?rest_route=\/wp\/v2\/posts\/72869\/revisions\/72870"}],"wp:attachment":[{"href":"https:\/\/lospoliticosveracruz.com\/index.php?rest_route=%2Fwp%2Fv2%2Fmedia&parent=72869"}],"wp:term":[{"taxonomy":"category","embeddable":true,"href":"https:\/\/lospoliticosveracruz.com\/index.php?rest_route=%2Fwp%2Fv2%2Fcategories&post=72869"},{"taxonomy":"post_tag","embeddable":true,"href":"https:\/\/lospoliticosveracruz.com\/index.php?rest_route=%2Fwp%2Fv2%2Ftags&post=72869"}],"curies":[{"name":"wp","href":"https:\/\/api.w.org\/{rel}","templated":true}]}}