{"id":72902,"date":"2021-05-14T10:17:32","date_gmt":"2021-05-14T15:17:32","guid":{"rendered":"http:\/\/www.lospoliticosveracruz.com.mx\/?p=72902"},"modified":"2021-05-17T08:56:11","modified_gmt":"2021-05-17T13:56:11","slug":"el-presidente-y-la-constitucion-i","status":"publish","type":"post","link":"https:\/\/lospoliticosveracruz.com\/?p=72902","title":{"rendered":"El presidente y la constituci\u00f3n I"},"content":{"rendered":"\n<p><\/p>\n\n\n\n<p><strong>Felipe de Jes\u00fas Fern\u00e1ndez Basilio<\/strong><br><em>Desde A Janela<\/em><br><br>En las semanas anteriores, en este espacio hemos contrastado el actuar apegado a la legalidad por parte de diversos \u00f3rganos p\u00fablicos frente al no tan legal actuar del presidente cuando ha entrado en conflicto con ellos, conflicto generalmente buscado por \u00e9l al entrar en cuestiones que no le corresponden de acuerdo a la normatividad constitucional y legal que regula sus facultades.<\/p>\n\n\n\n<div class=\"wp-block-image\"><figure class=\"alignleft size-large\"><a href=\"http:\/\/www.lospoliticosveracruz.com.mx\/wp-content\/uploads\/2021\/05\/Batalla-Cordoba.jpeg\"><img decoding=\"async\" src=\"http:\/\/www.lospoliticosveracruz.com.mx\/wp-content\/uploads\/2021\/05\/Batalla-Cordoba.jpeg\" alt=\"\" class=\"wp-image-72571\"\/><\/a><\/figure><\/div>\n\n\n\n<p><br>Ahora vamos a centrarnos directamente en su figura, es decir en las ilegalidades e incluso verdaderas barbaridades en las que todos los d\u00edas incurre, quiz\u00e1 porque empieza a darse cuenta que su poder se le empieza esfumar y que las resistencias a sus pol\u00edticas son bastante encarnizadas o quiz\u00e1 tambi\u00e9n debido a que percibe que su gobierno no va a trascender a la fecha en que expire su mandato por todo el descontento que ha provocado al jugar a ser presidente en lugar de serlo verdaderamente.<br>Nuestro punto de partida necesariamente tiene que ser lo dispuesto en la constituci\u00f3n en relaci\u00f3n al presidente de la rep\u00fablica y as\u00ed tenemos que el art\u00edculo 80 dice que el poder ejecutivo de la uni\u00f3n se deposita en una sola persona que se denominar\u00e1 presidente de la rep\u00fablica y el art\u00edculo 87 dispone que al tomar posesi\u00f3n de su cargo protestar\u00e1 (jurar\u00e1) guardar y hacer guardar la constituci\u00f3n y las leyes que de ella emanen, desempe\u00f1ar leal y patri\u00f3ticamente el cargo de presidente de la rep\u00fablica, mirando por el bien y prosperidad de la Uni\u00f3n y si as\u00ed no lo hiciere la naci\u00f3n se lo demandar\u00e1.<br>Mientras que el art\u00edculo 89 de la carta magna describe todas y cada una de las facultades y deberes que tiene quien ostenta dicho cargo y entre todas ellas nos interesa en especial la primera, misma que consiste en promulgar y ejecutar las leyes expedidas por el legislador, proveyendo en la esfera administrativa su exacta observancia, es decir que su mando directo no va m\u00e1s all\u00e1 de lo que es la administraci\u00f3n p\u00fablica y para saber qu\u00e9 es la administraci\u00f3n p\u00fablica, nos tenemos que remitir al art\u00edculo 90 de la misma constituci\u00f3n.<br>Siendo esa disposici\u00f3n constitucional la que nos dice que la administraci\u00f3n p\u00fablica ser\u00e1 centralizada y dividida en secretar\u00edas de despacho y paraestatal, siendo \u00e9stas \u00faltimas no subordinadas al ejecutivo federal, ya que el mismo dispositivo constitucional establece claramente que las leyes determinar\u00e1n la relaci\u00f3n entre las paraestatales y el presidente o las secretar\u00edas de despacho.<br>Las dem\u00e1s facultades constitucionales son del orden administrativo, de conducci\u00f3n de la pol\u00edtica exterior y de las fuerzas armadas (ambas muy limitadas por la misma ley suprema) y su intervenci\u00f3n en designaciones de funcionarios de algunos \u00f3rganos aut\u00f3nomos y del poder judicial (como lo son el fiscal general de la rep\u00fablica o los ministros de la corte en lo que interviene en su designaci\u00f3n al presentar ternas de entre las que el legislativo designar\u00e1 a la persona que ocupar\u00e1 el cargo).<br>Ahora bien, casi todas las disposiciones constitucionales en torno a la figura del presidente de la rep\u00fablica se condensan en el juramento establecido en el art\u00edculo 87, el cual ya lo citamos en p\u00e1rrafos anteriores y que se divide en cuatro partes, tres que imponen obligaciones y una en la que, para el caso de incumplirlas, se somete quien lo jur\u00f3 a que la Naci\u00f3n se lo reclame.<br>Siendo las partes que lo obligan las siguientes:<br>1) Guardar y hacer guardar la constituci\u00f3n y las leyes que de ella emanen: compromiso que obliga al que jurament\u00f3 a ser muy escrupuloso con la observancia de toda la normatividad vigente en el pa\u00eds, ya que su actuar siempre debe de ser bajo las premisas jur\u00eddicas establecidas y nunca fuera de ellas ni mucho menos en su contra.<br>Cuando el presidente dice que \u00e9l s\u00ed se mete en las elecciones de Nuevo Le\u00f3n, porque como ciudadano tiene derecho a la libertad de expresi\u00f3n y haciendo uso de ella a denunciar p\u00fablicamente a quienes considera que est\u00e1n cometiendo un delito electoral, \u00e9l est\u00e1 mintiendo al disfrazar como algo legaloide algo que es notoriamente ilegal, ya que la normatividad electoral le proh\u00edbe expresamente entrometerse en las elecciones y por lo tanto al hacerlo y adem\u00e1s enorgullecerse por haberlo hecho; incumple totalmente con lo que jur\u00f3 el d\u00eda que accedi\u00f3 al cargo.<br>2) Desempe\u00f1ar leal y patri\u00f3ticamente el cargo de presidente de la rep\u00fablica: lo cual quiere decir que el que jurament\u00f3 se compromete a ejercer el cargo de manera transparente tanto con sus seguidores como con sus adversarios, ya que en derecho el deber de lealtad se refiere a la transparencia e imparcialidad incluso reconociendo cuando no se tiene la raz\u00f3n, y adem\u00e1s siempre favoreciendo a la patria por encima de cualquier otro inter\u00e9s.<br>Y as\u00ed tenemos que L\u00f3pez no es nada leal al ejercer su cargo y aunque \u00e9l lo diga hasta el cansancio tampoco es patri\u00f3tico y eso lo estamos viendo cuando se entromete en los procesos electorales y si la situaci\u00f3n no favorece a sus amigos, como en Guerrero sucedi\u00f3 con su compadre Macedonio, dice que las autoridades electorales son antidemocr\u00e1ticas y van contra la voluntad del pueblo (que m\u00e1s bien es la suya), mientras que cuando las circunstancias no le favorecen, como al parecer est\u00e1 sucediendo en Nuevo Le\u00f3n, entonces s\u00ed que se mete y \u00abdenuncia\u00bb a los dos candidatos que seg\u00fan las encuestas van arriba de la de su partido y entonces \u00bfen d\u00f3nde queda la voluntad popular?<br>La respuesta est\u00e1 en lo mismo del primer caso, ya que para \u00e9l la voluntad popular significa su propia voluntad, m\u00e1s en este caso lo que no hay para nada es el cumplimiento del deber de lealtad.<br>3) Mirando por el bien y prosperidad de la Uni\u00f3n: lo cual quiere decir que quien juramenta se compromete a actuar buscando lo mejor para todo el pa\u00eds, haciendo especial \u00e9nfasis en el bienestar material de los gobernados.<br>Aqu\u00ed vemos que el actuar de L\u00f3pez como presidente dista mucho de lo que se comprometi\u00f3 al iniciar su cargo, m\u00e1s para no cansarnos, eso lo platicaremos en una pr\u00f3xima ocasi\u00f3n.<br>felfebas@gmail.com<br>Twitter: @FelipeFBasilio<\/p>\n","protected":false},"excerpt":{"rendered":"<p>Felipe de Jes\u00fas Fern\u00e1ndez BasilioDesde A Janela En las semanas anteriores, en este espacio hemos contrastado el actuar apegado a la legalidad por parte de diversos \u00f3rganos p\u00fablicos frente al no tan legal actuar del presidente cuando ha entrado en conflicto con ellos, conflicto generalmente buscado por \u00e9l al entrar en cuestiones que no le [&hellip;]<\/p>\n","protected":false},"author":2,"featured_media":0,"comment_status":"closed","ping_status":"closed","sticky":false,"template":"","format":"standard","meta":{"tdm_status":"","tdm_grid_status":"","footnotes":""},"categories":[70],"tags":[12710,2642,12694],"class_list":{"0":"post-72902","1":"post","2":"type-post","3":"status-publish","4":"format-standard","6":"category-de-opinion","7":"tag-felipe-de-jesus-fernandez-basilio","8":"tag-fuerzas-armadas","9":"tag-presidente-de-la-republica"},"yoast_head":"<!-- This site is optimized with the Yoast SEO plugin v27.4 - https:\/\/yoast.com\/product\/yoast-seo-wordpress\/ -->\n<title>El presidente y la constituci\u00f3n I - Los pol\u00edticos Veracruz<\/title>\n<meta name=\"robots\" content=\"index, follow, max-snippet:-1, max-image-preview:large, max-video-preview:-1\" \/>\n<link rel=\"canonical\" href=\"https:\/\/lospoliticosveracruz.com\/?p=72902\" \/>\n<meta property=\"og:locale\" content=\"es_ES\" \/>\n<meta property=\"og:type\" content=\"article\" \/>\n<meta property=\"og:title\" content=\"El presidente y la constituci\u00f3n I - Los pol\u00edticos Veracruz\" \/>\n<meta property=\"og:description\" content=\"Felipe de Jes\u00fas Fern\u00e1ndez BasilioDesde A Janela En las semanas anteriores, en este espacio hemos contrastado el actuar apegado a la legalidad por parte de diversos \u00f3rganos p\u00fablicos frente al no tan legal actuar del presidente cuando ha entrado en conflicto con ellos, conflicto generalmente buscado por \u00e9l al entrar en cuestiones que no le [&hellip;]\" \/>\n<meta property=\"og:url\" content=\"https:\/\/lospoliticosveracruz.com\/?p=72902\" \/>\n<meta property=\"og:site_name\" content=\"Los pol\u00edticos Veracruz\" \/>\n<meta property=\"article:publisher\" content=\"https:\/\/www.facebook.com\/people\/Notimemes-de-los-Polticos\/61565672886568\/\" \/>\n<meta property=\"article:published_time\" content=\"2021-05-14T15:17:32+00:00\" \/>\n<meta property=\"article:modified_time\" content=\"2021-05-17T13:56:11+00:00\" \/>\n<meta property=\"og:image\" content=\"http:\/\/www.lospoliticosveracruz.com.mx\/wp-content\/uploads\/2021\/05\/Batalla-Cordoba.jpeg\" \/>\n<meta name=\"author\" content=\"Lo viste en Los Pol\u00edticos\" \/>\n<meta name=\"twitter:card\" content=\"summary_large_image\" \/>\n<meta name=\"twitter:creator\" content=\"@LosPoliticosVer\" \/>\n<meta name=\"twitter:site\" content=\"@LosPoliticosVer\" \/>\n<meta name=\"twitter:label1\" content=\"Escrito por\" \/>\n\t<meta name=\"twitter:data1\" content=\"Lo viste en Los Pol\u00edticos\" \/>\n\t<meta name=\"twitter:label2\" content=\"Tiempo de lectura\" \/>\n\t<meta name=\"twitter:data2\" content=\"5 minutos\" \/>\n<script type=\"application\/ld+json\" class=\"yoast-schema-graph\">{\"@context\":\"https:\\\/\\\/schema.org\",\"@graph\":[{\"@type\":\"Article\",\"@id\":\"https:\\\/\\\/lospoliticosveracruz.com\\\/?p=72902#article\",\"isPartOf\":{\"@id\":\"https:\\\/\\\/lospoliticosveracruz.com\\\/?p=72902\"},\"author\":{\"name\":\"Lo viste en Los Pol\u00edticos\",\"@id\":\"https:\\\/\\\/lospoliticosveracruz.com\\\/#\\\/schema\\\/person\\\/b8702bb0e538456e6efd07080bf2a4a2\"},\"headline\":\"El presidente y la constituci\u00f3n I\",\"datePublished\":\"2021-05-14T15:17:32+00:00\",\"dateModified\":\"2021-05-17T13:56:11+00:00\",\"mainEntityOfPage\":{\"@id\":\"https:\\\/\\\/lospoliticosveracruz.com\\\/?p=72902\"},\"wordCount\":1093,\"publisher\":{\"@id\":\"https:\\\/\\\/lospoliticosveracruz.com\\\/#organization\"},\"image\":{\"@id\":\"https:\\\/\\\/lospoliticosveracruz.com\\\/?p=72902#primaryimage\"},\"thumbnailUrl\":\"http:\\\/\\\/www.lospoliticosveracruz.com.mx\\\/wp-content\\\/uploads\\\/2021\\\/05\\\/Batalla-Cordoba.jpeg\",\"keywords\":[\"Felipe de Jes\u00fas Fern\u00e1ndez Basilio\",\"fuerzas armadas\",\"Presidente de la Rep\u00fablica\"],\"articleSection\":[\"De Opini\u00f3n\"],\"inLanguage\":\"es\"},{\"@type\":\"WebPage\",\"@id\":\"https:\\\/\\\/lospoliticosveracruz.com\\\/?p=72902\",\"url\":\"https:\\\/\\\/lospoliticosveracruz.com\\\/?p=72902\",\"name\":\"El presidente y la constituci\u00f3n I - Los pol\u00edticos Veracruz\",\"isPartOf\":{\"@id\":\"https:\\\/\\\/lospoliticosveracruz.com\\\/#website\"},\"primaryImageOfPage\":{\"@id\":\"https:\\\/\\\/lospoliticosveracruz.com\\\/?p=72902#primaryimage\"},\"image\":{\"@id\":\"https:\\\/\\\/lospoliticosveracruz.com\\\/?p=72902#primaryimage\"},\"thumbnailUrl\":\"http:\\\/\\\/www.lospoliticosveracruz.com.mx\\\/wp-content\\\/uploads\\\/2021\\\/05\\\/Batalla-Cordoba.jpeg\",\"datePublished\":\"2021-05-14T15:17:32+00:00\",\"dateModified\":\"2021-05-17T13:56:11+00:00\",\"breadcrumb\":{\"@id\":\"https:\\\/\\\/lospoliticosveracruz.com\\\/?p=72902#breadcrumb\"},\"inLanguage\":\"es\",\"potentialAction\":[{\"@type\":\"ReadAction\",\"target\":[\"https:\\\/\\\/lospoliticosveracruz.com\\\/?p=72902\"]}]},{\"@type\":\"ImageObject\",\"inLanguage\":\"es\",\"@id\":\"https:\\\/\\\/lospoliticosveracruz.com\\\/?p=72902#primaryimage\",\"url\":\"http:\\\/\\\/www.lospoliticosveracruz.com.mx\\\/wp-content\\\/uploads\\\/2021\\\/05\\\/Batalla-Cordoba.jpeg\",\"contentUrl\":\"http:\\\/\\\/www.lospoliticosveracruz.com.mx\\\/wp-content\\\/uploads\\\/2021\\\/05\\\/Batalla-Cordoba.jpeg\"},{\"@type\":\"BreadcrumbList\",\"@id\":\"https:\\\/\\\/lospoliticosveracruz.com\\\/?p=72902#breadcrumb\",\"itemListElement\":[{\"@type\":\"ListItem\",\"position\":1,\"name\":\"Portada\",\"item\":\"https:\\\/\\\/lospoliticosveracruz.com\\\/\"},{\"@type\":\"ListItem\",\"position\":2,\"name\":\"El presidente y la constituci\u00f3n I\"}]},{\"@type\":\"WebSite\",\"@id\":\"https:\\\/\\\/lospoliticosveracruz.com\\\/#website\",\"url\":\"https:\\\/\\\/lospoliticosveracruz.com\\\/\",\"name\":\"Los pol\u00edticos Veracruz\",\"description\":\"\",\"publisher\":{\"@id\":\"https:\\\/\\\/lospoliticosveracruz.com\\\/#organization\"},\"potentialAction\":[{\"@type\":\"SearchAction\",\"target\":{\"@type\":\"EntryPoint\",\"urlTemplate\":\"https:\\\/\\\/lospoliticosveracruz.com\\\/?s={search_term_string}\"},\"query-input\":{\"@type\":\"PropertyValueSpecification\",\"valueRequired\":true,\"valueName\":\"search_term_string\"}}],\"inLanguage\":\"es\"},{\"@type\":\"Organization\",\"@id\":\"https:\\\/\\\/lospoliticosveracruz.com\\\/#organization\",\"name\":\"Los pol\u00edticos Veracruz\",\"url\":\"https:\\\/\\\/lospoliticosveracruz.com\\\/\",\"logo\":{\"@type\":\"ImageObject\",\"inLanguage\":\"es\",\"@id\":\"https:\\\/\\\/lospoliticosveracruz.com\\\/#\\\/schema\\\/logo\\\/image\\\/\",\"url\":\"https:\\\/\\\/lospoliticosveracruz.com\\\/wp-content\\\/uploads\\\/2025\\\/12\\\/Logo-Nuevo-LOS-POLITICOS-1.jpg\",\"contentUrl\":\"https:\\\/\\\/lospoliticosveracruz.com\\\/wp-content\\\/uploads\\\/2025\\\/12\\\/Logo-Nuevo-LOS-POLITICOS-1.jpg\",\"width\":260,\"height\":70,\"caption\":\"Los pol\u00edticos Veracruz\"},\"image\":{\"@id\":\"https:\\\/\\\/lospoliticosveracruz.com\\\/#\\\/schema\\\/logo\\\/image\\\/\"},\"sameAs\":[\"https:\\\/\\\/www.facebook.com\\\/people\\\/Notimemes-de-los-Polticos\\\/61565672886568\\\/\",\"https:\\\/\\\/x.com\\\/LosPoliticosVer\"]},{\"@type\":\"Person\",\"@id\":\"https:\\\/\\\/lospoliticosveracruz.com\\\/#\\\/schema\\\/person\\\/b8702bb0e538456e6efd07080bf2a4a2\",\"name\":\"Lo viste en Los Pol\u00edticos\",\"image\":{\"@type\":\"ImageObject\",\"inLanguage\":\"es\",\"@id\":\"https:\\\/\\\/secure.gravatar.com\\\/avatar\\\/3a8de04a2656d44082be478bd6c086daa447c4651605818287b9532d3d0bd435?s=96&d=mm&r=g\",\"url\":\"https:\\\/\\\/secure.gravatar.com\\\/avatar\\\/3a8de04a2656d44082be478bd6c086daa447c4651605818287b9532d3d0bd435?s=96&d=mm&r=g\",\"contentUrl\":\"https:\\\/\\\/secure.gravatar.com\\\/avatar\\\/3a8de04a2656d44082be478bd6c086daa447c4651605818287b9532d3d0bd435?s=96&d=mm&r=g\",\"caption\":\"Lo viste en Los Pol\u00edticos\"},\"url\":\"https:\\\/\\\/lospoliticosveracruz.com\\\/?author=2\"}]}<\/script>\n<!-- \/ Yoast SEO plugin. -->","yoast_head_json":{"title":"El presidente y la constituci\u00f3n I - Los pol\u00edticos Veracruz","robots":{"index":"index","follow":"follow","max-snippet":"max-snippet:-1","max-image-preview":"max-image-preview:large","max-video-preview":"max-video-preview:-1"},"canonical":"https:\/\/lospoliticosveracruz.com\/?p=72902","og_locale":"es_ES","og_type":"article","og_title":"El presidente y la constituci\u00f3n I - Los pol\u00edticos Veracruz","og_description":"Felipe de Jes\u00fas Fern\u00e1ndez BasilioDesde A Janela En las semanas anteriores, en este espacio hemos contrastado el actuar apegado a la legalidad por parte de diversos \u00f3rganos p\u00fablicos frente al no tan legal actuar del presidente cuando ha entrado en conflicto con ellos, conflicto generalmente buscado por \u00e9l al entrar en cuestiones que no le [&hellip;]","og_url":"https:\/\/lospoliticosveracruz.com\/?p=72902","og_site_name":"Los pol\u00edticos Veracruz","article_publisher":"https:\/\/www.facebook.com\/people\/Notimemes-de-los-Polticos\/61565672886568\/","article_published_time":"2021-05-14T15:17:32+00:00","article_modified_time":"2021-05-17T13:56:11+00:00","og_image":[{"url":"http:\/\/www.lospoliticosveracruz.com.mx\/wp-content\/uploads\/2021\/05\/Batalla-Cordoba.jpeg","type":"","width":"","height":""}],"author":"Lo viste en Los Pol\u00edticos","twitter_card":"summary_large_image","twitter_creator":"@LosPoliticosVer","twitter_site":"@LosPoliticosVer","twitter_misc":{"Escrito por":"Lo viste en Los Pol\u00edticos","Tiempo de lectura":"5 minutos"},"schema":{"@context":"https:\/\/schema.org","@graph":[{"@type":"Article","@id":"https:\/\/lospoliticosveracruz.com\/?p=72902#article","isPartOf":{"@id":"https:\/\/lospoliticosveracruz.com\/?p=72902"},"author":{"name":"Lo viste en Los Pol\u00edticos","@id":"https:\/\/lospoliticosveracruz.com\/#\/schema\/person\/b8702bb0e538456e6efd07080bf2a4a2"},"headline":"El presidente y la constituci\u00f3n I","datePublished":"2021-05-14T15:17:32+00:00","dateModified":"2021-05-17T13:56:11+00:00","mainEntityOfPage":{"@id":"https:\/\/lospoliticosveracruz.com\/?p=72902"},"wordCount":1093,"publisher":{"@id":"https:\/\/lospoliticosveracruz.com\/#organization"},"image":{"@id":"https:\/\/lospoliticosveracruz.com\/?p=72902#primaryimage"},"thumbnailUrl":"http:\/\/www.lospoliticosveracruz.com.mx\/wp-content\/uploads\/2021\/05\/Batalla-Cordoba.jpeg","keywords":["Felipe de Jes\u00fas Fern\u00e1ndez Basilio","fuerzas armadas","Presidente de la Rep\u00fablica"],"articleSection":["De Opini\u00f3n"],"inLanguage":"es"},{"@type":"WebPage","@id":"https:\/\/lospoliticosveracruz.com\/?p=72902","url":"https:\/\/lospoliticosveracruz.com\/?p=72902","name":"El presidente y la constituci\u00f3n I - Los pol\u00edticos Veracruz","isPartOf":{"@id":"https:\/\/lospoliticosveracruz.com\/#website"},"primaryImageOfPage":{"@id":"https:\/\/lospoliticosveracruz.com\/?p=72902#primaryimage"},"image":{"@id":"https:\/\/lospoliticosveracruz.com\/?p=72902#primaryimage"},"thumbnailUrl":"http:\/\/www.lospoliticosveracruz.com.mx\/wp-content\/uploads\/2021\/05\/Batalla-Cordoba.jpeg","datePublished":"2021-05-14T15:17:32+00:00","dateModified":"2021-05-17T13:56:11+00:00","breadcrumb":{"@id":"https:\/\/lospoliticosveracruz.com\/?p=72902#breadcrumb"},"inLanguage":"es","potentialAction":[{"@type":"ReadAction","target":["https:\/\/lospoliticosveracruz.com\/?p=72902"]}]},{"@type":"ImageObject","inLanguage":"es","@id":"https:\/\/lospoliticosveracruz.com\/?p=72902#primaryimage","url":"http:\/\/www.lospoliticosveracruz.com.mx\/wp-content\/uploads\/2021\/05\/Batalla-Cordoba.jpeg","contentUrl":"http:\/\/www.lospoliticosveracruz.com.mx\/wp-content\/uploads\/2021\/05\/Batalla-Cordoba.jpeg"},{"@type":"BreadcrumbList","@id":"https:\/\/lospoliticosveracruz.com\/?p=72902#breadcrumb","itemListElement":[{"@type":"ListItem","position":1,"name":"Portada","item":"https:\/\/lospoliticosveracruz.com\/"},{"@type":"ListItem","position":2,"name":"El presidente y la constituci\u00f3n I"}]},{"@type":"WebSite","@id":"https:\/\/lospoliticosveracruz.com\/#website","url":"https:\/\/lospoliticosveracruz.com\/","name":"Los pol\u00edticos Veracruz","description":"","publisher":{"@id":"https:\/\/lospoliticosveracruz.com\/#organization"},"potentialAction":[{"@type":"SearchAction","target":{"@type":"EntryPoint","urlTemplate":"https:\/\/lospoliticosveracruz.com\/?s={search_term_string}"},"query-input":{"@type":"PropertyValueSpecification","valueRequired":true,"valueName":"search_term_string"}}],"inLanguage":"es"},{"@type":"Organization","@id":"https:\/\/lospoliticosveracruz.com\/#organization","name":"Los pol\u00edticos Veracruz","url":"https:\/\/lospoliticosveracruz.com\/","logo":{"@type":"ImageObject","inLanguage":"es","@id":"https:\/\/lospoliticosveracruz.com\/#\/schema\/logo\/image\/","url":"https:\/\/lospoliticosveracruz.com\/wp-content\/uploads\/2025\/12\/Logo-Nuevo-LOS-POLITICOS-1.jpg","contentUrl":"https:\/\/lospoliticosveracruz.com\/wp-content\/uploads\/2025\/12\/Logo-Nuevo-LOS-POLITICOS-1.jpg","width":260,"height":70,"caption":"Los pol\u00edticos Veracruz"},"image":{"@id":"https:\/\/lospoliticosveracruz.com\/#\/schema\/logo\/image\/"},"sameAs":["https:\/\/www.facebook.com\/people\/Notimemes-de-los-Polticos\/61565672886568\/","https:\/\/x.com\/LosPoliticosVer"]},{"@type":"Person","@id":"https:\/\/lospoliticosveracruz.com\/#\/schema\/person\/b8702bb0e538456e6efd07080bf2a4a2","name":"Lo viste en Los Pol\u00edticos","image":{"@type":"ImageObject","inLanguage":"es","@id":"https:\/\/secure.gravatar.com\/avatar\/3a8de04a2656d44082be478bd6c086daa447c4651605818287b9532d3d0bd435?s=96&d=mm&r=g","url":"https:\/\/secure.gravatar.com\/avatar\/3a8de04a2656d44082be478bd6c086daa447c4651605818287b9532d3d0bd435?s=96&d=mm&r=g","contentUrl":"https:\/\/secure.gravatar.com\/avatar\/3a8de04a2656d44082be478bd6c086daa447c4651605818287b9532d3d0bd435?s=96&d=mm&r=g","caption":"Lo viste en Los Pol\u00edticos"},"url":"https:\/\/lospoliticosveracruz.com\/?author=2"}]}},"_links":{"self":[{"href":"https:\/\/lospoliticosveracruz.com\/index.php?rest_route=\/wp\/v2\/posts\/72902","targetHints":{"allow":["GET"]}}],"collection":[{"href":"https:\/\/lospoliticosveracruz.com\/index.php?rest_route=\/wp\/v2\/posts"}],"about":[{"href":"https:\/\/lospoliticosveracruz.com\/index.php?rest_route=\/wp\/v2\/types\/post"}],"author":[{"embeddable":true,"href":"https:\/\/lospoliticosveracruz.com\/index.php?rest_route=\/wp\/v2\/users\/2"}],"replies":[{"embeddable":true,"href":"https:\/\/lospoliticosveracruz.com\/index.php?rest_route=%2Fwp%2Fv2%2Fcomments&post=72902"}],"version-history":[{"count":2,"href":"https:\/\/lospoliticosveracruz.com\/index.php?rest_route=\/wp\/v2\/posts\/72902\/revisions"}],"predecessor-version":[{"id":73170,"href":"https:\/\/lospoliticosveracruz.com\/index.php?rest_route=\/wp\/v2\/posts\/72902\/revisions\/73170"}],"wp:attachment":[{"href":"https:\/\/lospoliticosveracruz.com\/index.php?rest_route=%2Fwp%2Fv2%2Fmedia&parent=72902"}],"wp:term":[{"taxonomy":"category","embeddable":true,"href":"https:\/\/lospoliticosveracruz.com\/index.php?rest_route=%2Fwp%2Fv2%2Fcategories&post=72902"},{"taxonomy":"post_tag","embeddable":true,"href":"https:\/\/lospoliticosveracruz.com\/index.php?rest_route=%2Fwp%2Fv2%2Ftags&post=72902"}],"curies":[{"name":"wp","href":"https:\/\/api.w.org\/{rel}","templated":true}]}}