{"id":72942,"date":"2021-05-14T15:46:28","date_gmt":"2021-05-14T20:46:28","guid":{"rendered":"http:\/\/www.lospoliticosveracruz.com.mx\/?p=72942"},"modified":"2021-05-15T10:20:38","modified_gmt":"2021-05-15T15:20:38","slug":"me-duele-lo-que-le-pasa-a-las-mujeres-exsome","status":"publish","type":"post","link":"https:\/\/lospoliticosveracruz.com\/?p=72942","title":{"rendered":"Me duele lo que le pasa a las mujeres: Exsome"},"content":{"rendered":"\n<p><strong>Veracruz<\/strong><br>Dentro de las primeras acciones de la siguiente administraci\u00f3n ser\u00e1 redise\u00f1ar el Instituto Municipal de las Mujeres, anunci\u00f3 el candidato por la coalici\u00f3n \u201cJuntos Hacemos Historia en Veracruz\u201d, Ricardo Exsome Zapata.<br>Durante una reuni\u00f3n de trabajo con el Observatorio Ciudadano por la Equidad de G\u00e9nero, les dijo que todas estas acciones las har\u00e1 con las mujeres.<\/p>\n\n\n\n<div class=\"wp-block-image\"><figure class=\"alignleft size-large is-resized\"><a href=\"http:\/\/www.lospoliticosveracruz.com.mx\/wp-content\/uploads\/2021\/05\/Batalla-Cordoba.jpeg\"><img loading=\"lazy\" decoding=\"async\" src=\"http:\/\/www.lospoliticosveracruz.com.mx\/wp-content\/uploads\/2021\/05\/Batalla-Cordoba.jpeg\" alt=\"\" class=\"wp-image-72571\" width=\"233\" height=\"388\"\/><\/a><\/figure><\/div>\n\n\n\n<p><br>En compa\u00f1\u00eda de la candidata a s\u00edndica por el Partido Morena, Minerva Cobos Lucero, el abanderado de la misma coalici\u00f3n les expres\u00f3 \u201cyo s\u00ed quiero a Veracruz, a mi s\u00ed me importa y me duele lo que le pasa a nuestra ciudad y sobre todo a ustedes\u201d.<br>\u201cY en lo que toca al ayuntamiento, claro que vamos a trabajar en cumplir con los requerimientos de la alerta de violencia de g\u00e9nero\u201d.<br><strong>A LA ACTUAL ADMINISTRACI\u00d3N MUNICIPAL NO LE IMPORTA ESTE SECTOR<br><\/strong>Sostuvo que \u201cyo no s\u00e9 a ustedes, pero cuando alguien no atiende las necesidades de un sector, es que no le importan. Eso es lo que les dice este ayuntamiento, que ustedes no les importan\u201d.<br>Durante su intervenci\u00f3n les pregunt\u00f3, \u00bfCreen que las va a defender quien mand\u00f3 a golpear mujeres para ganar su elecci\u00f3n interna? yo creo que no.<br>El candidato de la Coalici\u00f3n \u201cJuntos Hacemos Historia en Veracruz\u201d estuvo tambi\u00e9n acompa\u00f1ado por la abanderada a la diputaci\u00f3n federal del distrito 04, Rosa Mar\u00eda Hern\u00e1ndez Espejo, de la candidata a la diputaci\u00f3n local por el distrito XV, Diana Santiago Huesca y del aspirante a la diputaci\u00f3n local por el distrito XIV, Fernando Arteaga Aponte.<br><strong>\u201cVAMOS GANANDO, NO HAY QUE DESCANSAR\u201d<br><\/strong>As\u00ed tambi\u00e9n les coment\u00f3 \u201cestoy muy contento, ayer nos dieron unos datos que dicen que vamos ganando. as\u00ed que no hay que descansar, tenemos que arrasar y yo s\u00e9 que cuento con ustedes\u201d.<br>El candidato por la Coalici\u00f3n Movimiento de Regeneraci\u00f3n Nacional (Morena), del Trabajo (PT) y Verde Ecologista de M\u00e9xico (PVEM), bajo la denominaci\u00f3n \u201cJuntos Hacemos Historia en Veracruz\u201d, Ricardo Exsome Zapata, dijo \u201ctenemos el deber de la palabra cumplida como ya saben qui\u00e9n en cuanto a los beneficios recibidos\u201d.<br>\u201cEsa es la instrucci\u00f3n, cumplir lo que prometemos y as\u00ed es como yo siempre he actuado. Estamos en el mismo canal\u201d.<br>\u201cHe tenido la fortuna de platicar con \u00e9l, me ha expresado su preocupaci\u00f3n por Veracruz y tiene toda la intenci\u00f3n, de que las cosas marchen bien para los veracruzanos\u201d.<br>Abund\u00f3 \u201cimag\u00ednense lo bien que nos va a ir con ese apoyo, porque yo s\u00ed tengo una buena relaci\u00f3n con \u00e9l\u201d.<br><strong>\u201cNO VENGO A HACER TURISMO ELECTORAL\u201d<br><\/strong>Puntualiz\u00f3 \u201cyo s\u00ed soy de Veracruz, soy jarocho, no vengo a hacer turismo electoral\u201d.<br>Luego extern\u00f3 \u201cal igual que ustedes, m\u00e1s del 80 por ciento de los veracruzanos sufren los problemas de la falta de servicios\u201d.<br>\u201cUstedes como yo sufrimos de las p\u00e9simas condiciones en que se encuentran las colonias, las calles, la falta de iluminaci\u00f3n, los parques est\u00e1n olvidados, no hay d\u00f3nde hacer deporte o salir a divertirse, los problemas del agua, la inseguridad y todos los que quieran mencionarme\u201d.<\/p>\n","protected":false},"excerpt":{"rendered":"<p>VeracruzDentro de las primeras acciones de la siguiente administraci\u00f3n ser\u00e1 redise\u00f1ar el Instituto Municipal de las Mujeres, anunci\u00f3 el candidato por la coalici\u00f3n \u201cJuntos Hacemos Historia en Veracruz\u201d, Ricardo Exsome Zapata.Durante una reuni\u00f3n de trabajo con el Observatorio Ciudadano por la Equidad de G\u00e9nero, les dijo que todas estas acciones las har\u00e1 con las mujeres. [&hellip;]<\/p>\n","protected":false},"author":2,"featured_media":0,"comment_status":"closed","ping_status":"closed","sticky":false,"template":"","format":"standard","meta":{"tdm_status":"","tdm_grid_status":"","footnotes":""},"categories":[73],"tags":[11046,5855,2305,14721],"class_list":{"0":"post-72942","1":"post","2":"type-post","3":"status-publish","4":"format-standard","6":"category-de-boleto","7":"tag-minerva-cobos-lucero","8":"tag-morelos","9":"tag-mujeres","10":"tag-ricardo-exsome"},"yoast_head":"<!-- This site is optimized with the Yoast SEO plugin v27.4 - https:\/\/yoast.com\/product\/yoast-seo-wordpress\/ -->\n<title>Me duele lo que le pasa a las mujeres: Exsome - Los pol\u00edticos Veracruz<\/title>\n<meta name=\"robots\" content=\"index, follow, max-snippet:-1, max-image-preview:large, max-video-preview:-1\" \/>\n<link rel=\"canonical\" href=\"https:\/\/lospoliticosveracruz.com\/?p=72942\" \/>\n<meta property=\"og:locale\" content=\"es_ES\" \/>\n<meta property=\"og:type\" content=\"article\" \/>\n<meta property=\"og:title\" content=\"Me duele lo que le pasa a las mujeres: Exsome - Los pol\u00edticos Veracruz\" \/>\n<meta property=\"og:description\" content=\"VeracruzDentro de las primeras acciones de la siguiente administraci\u00f3n ser\u00e1 redise\u00f1ar el Instituto Municipal de las Mujeres, anunci\u00f3 el candidato por la coalici\u00f3n \u201cJuntos Hacemos Historia en Veracruz\u201d, Ricardo Exsome Zapata.Durante una reuni\u00f3n de trabajo con el Observatorio Ciudadano por la Equidad de G\u00e9nero, les dijo que todas estas acciones las har\u00e1 con las mujeres. [&hellip;]\" \/>\n<meta property=\"og:url\" content=\"https:\/\/lospoliticosveracruz.com\/?p=72942\" \/>\n<meta property=\"og:site_name\" content=\"Los pol\u00edticos Veracruz\" \/>\n<meta property=\"article:publisher\" content=\"https:\/\/www.facebook.com\/people\/Notimemes-de-los-Polticos\/61565672886568\/\" \/>\n<meta property=\"article:published_time\" content=\"2021-05-14T20:46:28+00:00\" \/>\n<meta property=\"article:modified_time\" content=\"2021-05-15T15:20:38+00:00\" \/>\n<meta property=\"og:image\" content=\"http:\/\/www.lospoliticosveracruz.com.mx\/wp-content\/uploads\/2021\/05\/Batalla-Cordoba.jpeg\" \/>\n<meta name=\"author\" content=\"Lo viste en Los Pol\u00edticos\" \/>\n<meta name=\"twitter:card\" content=\"summary_large_image\" \/>\n<meta name=\"twitter:creator\" content=\"@LosPoliticosVer\" \/>\n<meta name=\"twitter:site\" content=\"@LosPoliticosVer\" \/>\n<meta name=\"twitter:label1\" content=\"Escrito por\" \/>\n\t<meta name=\"twitter:data1\" content=\"Lo viste en Los Pol\u00edticos\" \/>\n\t<meta name=\"twitter:label2\" content=\"Tiempo de lectura\" \/>\n\t<meta name=\"twitter:data2\" content=\"3 minutos\" \/>\n<script type=\"application\/ld+json\" class=\"yoast-schema-graph\">{\"@context\":\"https:\\\/\\\/schema.org\",\"@graph\":[{\"@type\":\"Article\",\"@id\":\"https:\\\/\\\/lospoliticosveracruz.com\\\/?p=72942#article\",\"isPartOf\":{\"@id\":\"https:\\\/\\\/lospoliticosveracruz.com\\\/?p=72942\"},\"author\":{\"name\":\"Lo viste en Los Pol\u00edticos\",\"@id\":\"https:\\\/\\\/lospoliticosveracruz.com\\\/#\\\/schema\\\/person\\\/b8702bb0e538456e6efd07080bf2a4a2\"},\"headline\":\"Me duele lo que le pasa a las mujeres: Exsome\",\"datePublished\":\"2021-05-14T20:46:28+00:00\",\"dateModified\":\"2021-05-15T15:20:38+00:00\",\"mainEntityOfPage\":{\"@id\":\"https:\\\/\\\/lospoliticosveracruz.com\\\/?p=72942\"},\"wordCount\":542,\"publisher\":{\"@id\":\"https:\\\/\\\/lospoliticosveracruz.com\\\/#organization\"},\"image\":{\"@id\":\"https:\\\/\\\/lospoliticosveracruz.com\\\/?p=72942#primaryimage\"},\"thumbnailUrl\":\"http:\\\/\\\/www.lospoliticosveracruz.com.mx\\\/wp-content\\\/uploads\\\/2021\\\/05\\\/Batalla-Cordoba.jpeg\",\"keywords\":[\"Minerva Cobos Lucero\",\"Morelos\",\"Mujeres\",\"Ricardo Exsome\"],\"articleSection\":[\"De Boleto\"],\"inLanguage\":\"es\"},{\"@type\":\"WebPage\",\"@id\":\"https:\\\/\\\/lospoliticosveracruz.com\\\/?p=72942\",\"url\":\"https:\\\/\\\/lospoliticosveracruz.com\\\/?p=72942\",\"name\":\"Me duele lo que le pasa a las mujeres: Exsome - Los pol\u00edticos Veracruz\",\"isPartOf\":{\"@id\":\"https:\\\/\\\/lospoliticosveracruz.com\\\/#website\"},\"primaryImageOfPage\":{\"@id\":\"https:\\\/\\\/lospoliticosveracruz.com\\\/?p=72942#primaryimage\"},\"image\":{\"@id\":\"https:\\\/\\\/lospoliticosveracruz.com\\\/?p=72942#primaryimage\"},\"thumbnailUrl\":\"http:\\\/\\\/www.lospoliticosveracruz.com.mx\\\/wp-content\\\/uploads\\\/2021\\\/05\\\/Batalla-Cordoba.jpeg\",\"datePublished\":\"2021-05-14T20:46:28+00:00\",\"dateModified\":\"2021-05-15T15:20:38+00:00\",\"breadcrumb\":{\"@id\":\"https:\\\/\\\/lospoliticosveracruz.com\\\/?p=72942#breadcrumb\"},\"inLanguage\":\"es\",\"potentialAction\":[{\"@type\":\"ReadAction\",\"target\":[\"https:\\\/\\\/lospoliticosveracruz.com\\\/?p=72942\"]}]},{\"@type\":\"ImageObject\",\"inLanguage\":\"es\",\"@id\":\"https:\\\/\\\/lospoliticosveracruz.com\\\/?p=72942#primaryimage\",\"url\":\"http:\\\/\\\/www.lospoliticosveracruz.com.mx\\\/wp-content\\\/uploads\\\/2021\\\/05\\\/Batalla-Cordoba.jpeg\",\"contentUrl\":\"http:\\\/\\\/www.lospoliticosveracruz.com.mx\\\/wp-content\\\/uploads\\\/2021\\\/05\\\/Batalla-Cordoba.jpeg\"},{\"@type\":\"BreadcrumbList\",\"@id\":\"https:\\\/\\\/lospoliticosveracruz.com\\\/?p=72942#breadcrumb\",\"itemListElement\":[{\"@type\":\"ListItem\",\"position\":1,\"name\":\"Portada\",\"item\":\"https:\\\/\\\/lospoliticosveracruz.com\\\/\"},{\"@type\":\"ListItem\",\"position\":2,\"name\":\"Me duele lo que le pasa a las mujeres: Exsome\"}]},{\"@type\":\"WebSite\",\"@id\":\"https:\\\/\\\/lospoliticosveracruz.com\\\/#website\",\"url\":\"https:\\\/\\\/lospoliticosveracruz.com\\\/\",\"name\":\"Los pol\u00edticos Veracruz\",\"description\":\"\",\"publisher\":{\"@id\":\"https:\\\/\\\/lospoliticosveracruz.com\\\/#organization\"},\"potentialAction\":[{\"@type\":\"SearchAction\",\"target\":{\"@type\":\"EntryPoint\",\"urlTemplate\":\"https:\\\/\\\/lospoliticosveracruz.com\\\/?s={search_term_string}\"},\"query-input\":{\"@type\":\"PropertyValueSpecification\",\"valueRequired\":true,\"valueName\":\"search_term_string\"}}],\"inLanguage\":\"es\"},{\"@type\":\"Organization\",\"@id\":\"https:\\\/\\\/lospoliticosveracruz.com\\\/#organization\",\"name\":\"Los pol\u00edticos Veracruz\",\"url\":\"https:\\\/\\\/lospoliticosveracruz.com\\\/\",\"logo\":{\"@type\":\"ImageObject\",\"inLanguage\":\"es\",\"@id\":\"https:\\\/\\\/lospoliticosveracruz.com\\\/#\\\/schema\\\/logo\\\/image\\\/\",\"url\":\"https:\\\/\\\/lospoliticosveracruz.com\\\/wp-content\\\/uploads\\\/2025\\\/12\\\/Logo-Nuevo-LOS-POLITICOS-1.jpg\",\"contentUrl\":\"https:\\\/\\\/lospoliticosveracruz.com\\\/wp-content\\\/uploads\\\/2025\\\/12\\\/Logo-Nuevo-LOS-POLITICOS-1.jpg\",\"width\":260,\"height\":70,\"caption\":\"Los pol\u00edticos Veracruz\"},\"image\":{\"@id\":\"https:\\\/\\\/lospoliticosveracruz.com\\\/#\\\/schema\\\/logo\\\/image\\\/\"},\"sameAs\":[\"https:\\\/\\\/www.facebook.com\\\/people\\\/Notimemes-de-los-Polticos\\\/61565672886568\\\/\",\"https:\\\/\\\/x.com\\\/LosPoliticosVer\"]},{\"@type\":\"Person\",\"@id\":\"https:\\\/\\\/lospoliticosveracruz.com\\\/#\\\/schema\\\/person\\\/b8702bb0e538456e6efd07080bf2a4a2\",\"name\":\"Lo viste en Los Pol\u00edticos\",\"image\":{\"@type\":\"ImageObject\",\"inLanguage\":\"es\",\"@id\":\"https:\\\/\\\/secure.gravatar.com\\\/avatar\\\/3a8de04a2656d44082be478bd6c086daa447c4651605818287b9532d3d0bd435?s=96&d=mm&r=g\",\"url\":\"https:\\\/\\\/secure.gravatar.com\\\/avatar\\\/3a8de04a2656d44082be478bd6c086daa447c4651605818287b9532d3d0bd435?s=96&d=mm&r=g\",\"contentUrl\":\"https:\\\/\\\/secure.gravatar.com\\\/avatar\\\/3a8de04a2656d44082be478bd6c086daa447c4651605818287b9532d3d0bd435?s=96&d=mm&r=g\",\"caption\":\"Lo viste en Los Pol\u00edticos\"},\"url\":\"https:\\\/\\\/lospoliticosveracruz.com\\\/?author=2\"}]}<\/script>\n<!-- \/ Yoast SEO plugin. -->","yoast_head_json":{"title":"Me duele lo que le pasa a las mujeres: Exsome - Los pol\u00edticos Veracruz","robots":{"index":"index","follow":"follow","max-snippet":"max-snippet:-1","max-image-preview":"max-image-preview:large","max-video-preview":"max-video-preview:-1"},"canonical":"https:\/\/lospoliticosveracruz.com\/?p=72942","og_locale":"es_ES","og_type":"article","og_title":"Me duele lo que le pasa a las mujeres: Exsome - Los pol\u00edticos Veracruz","og_description":"VeracruzDentro de las primeras acciones de la siguiente administraci\u00f3n ser\u00e1 redise\u00f1ar el Instituto Municipal de las Mujeres, anunci\u00f3 el candidato por la coalici\u00f3n \u201cJuntos Hacemos Historia en Veracruz\u201d, Ricardo Exsome Zapata.Durante una reuni\u00f3n de trabajo con el Observatorio Ciudadano por la Equidad de G\u00e9nero, les dijo que todas estas acciones las har\u00e1 con las mujeres. [&hellip;]","og_url":"https:\/\/lospoliticosveracruz.com\/?p=72942","og_site_name":"Los pol\u00edticos Veracruz","article_publisher":"https:\/\/www.facebook.com\/people\/Notimemes-de-los-Polticos\/61565672886568\/","article_published_time":"2021-05-14T20:46:28+00:00","article_modified_time":"2021-05-15T15:20:38+00:00","og_image":[{"url":"http:\/\/www.lospoliticosveracruz.com.mx\/wp-content\/uploads\/2021\/05\/Batalla-Cordoba.jpeg","type":"","width":"","height":""}],"author":"Lo viste en Los Pol\u00edticos","twitter_card":"summary_large_image","twitter_creator":"@LosPoliticosVer","twitter_site":"@LosPoliticosVer","twitter_misc":{"Escrito por":"Lo viste en Los Pol\u00edticos","Tiempo de lectura":"3 minutos"},"schema":{"@context":"https:\/\/schema.org","@graph":[{"@type":"Article","@id":"https:\/\/lospoliticosveracruz.com\/?p=72942#article","isPartOf":{"@id":"https:\/\/lospoliticosveracruz.com\/?p=72942"},"author":{"name":"Lo viste en Los Pol\u00edticos","@id":"https:\/\/lospoliticosveracruz.com\/#\/schema\/person\/b8702bb0e538456e6efd07080bf2a4a2"},"headline":"Me duele lo que le pasa a las mujeres: Exsome","datePublished":"2021-05-14T20:46:28+00:00","dateModified":"2021-05-15T15:20:38+00:00","mainEntityOfPage":{"@id":"https:\/\/lospoliticosveracruz.com\/?p=72942"},"wordCount":542,"publisher":{"@id":"https:\/\/lospoliticosveracruz.com\/#organization"},"image":{"@id":"https:\/\/lospoliticosveracruz.com\/?p=72942#primaryimage"},"thumbnailUrl":"http:\/\/www.lospoliticosveracruz.com.mx\/wp-content\/uploads\/2021\/05\/Batalla-Cordoba.jpeg","keywords":["Minerva Cobos Lucero","Morelos","Mujeres","Ricardo Exsome"],"articleSection":["De Boleto"],"inLanguage":"es"},{"@type":"WebPage","@id":"https:\/\/lospoliticosveracruz.com\/?p=72942","url":"https:\/\/lospoliticosveracruz.com\/?p=72942","name":"Me duele lo que le pasa a las mujeres: Exsome - Los pol\u00edticos Veracruz","isPartOf":{"@id":"https:\/\/lospoliticosveracruz.com\/#website"},"primaryImageOfPage":{"@id":"https:\/\/lospoliticosveracruz.com\/?p=72942#primaryimage"},"image":{"@id":"https:\/\/lospoliticosveracruz.com\/?p=72942#primaryimage"},"thumbnailUrl":"http:\/\/www.lospoliticosveracruz.com.mx\/wp-content\/uploads\/2021\/05\/Batalla-Cordoba.jpeg","datePublished":"2021-05-14T20:46:28+00:00","dateModified":"2021-05-15T15:20:38+00:00","breadcrumb":{"@id":"https:\/\/lospoliticosveracruz.com\/?p=72942#breadcrumb"},"inLanguage":"es","potentialAction":[{"@type":"ReadAction","target":["https:\/\/lospoliticosveracruz.com\/?p=72942"]}]},{"@type":"ImageObject","inLanguage":"es","@id":"https:\/\/lospoliticosveracruz.com\/?p=72942#primaryimage","url":"http:\/\/www.lospoliticosveracruz.com.mx\/wp-content\/uploads\/2021\/05\/Batalla-Cordoba.jpeg","contentUrl":"http:\/\/www.lospoliticosveracruz.com.mx\/wp-content\/uploads\/2021\/05\/Batalla-Cordoba.jpeg"},{"@type":"BreadcrumbList","@id":"https:\/\/lospoliticosveracruz.com\/?p=72942#breadcrumb","itemListElement":[{"@type":"ListItem","position":1,"name":"Portada","item":"https:\/\/lospoliticosveracruz.com\/"},{"@type":"ListItem","position":2,"name":"Me duele lo que le pasa a las mujeres: Exsome"}]},{"@type":"WebSite","@id":"https:\/\/lospoliticosveracruz.com\/#website","url":"https:\/\/lospoliticosveracruz.com\/","name":"Los pol\u00edticos Veracruz","description":"","publisher":{"@id":"https:\/\/lospoliticosveracruz.com\/#organization"},"potentialAction":[{"@type":"SearchAction","target":{"@type":"EntryPoint","urlTemplate":"https:\/\/lospoliticosveracruz.com\/?s={search_term_string}"},"query-input":{"@type":"PropertyValueSpecification","valueRequired":true,"valueName":"search_term_string"}}],"inLanguage":"es"},{"@type":"Organization","@id":"https:\/\/lospoliticosveracruz.com\/#organization","name":"Los pol\u00edticos Veracruz","url":"https:\/\/lospoliticosveracruz.com\/","logo":{"@type":"ImageObject","inLanguage":"es","@id":"https:\/\/lospoliticosveracruz.com\/#\/schema\/logo\/image\/","url":"https:\/\/lospoliticosveracruz.com\/wp-content\/uploads\/2025\/12\/Logo-Nuevo-LOS-POLITICOS-1.jpg","contentUrl":"https:\/\/lospoliticosveracruz.com\/wp-content\/uploads\/2025\/12\/Logo-Nuevo-LOS-POLITICOS-1.jpg","width":260,"height":70,"caption":"Los pol\u00edticos Veracruz"},"image":{"@id":"https:\/\/lospoliticosveracruz.com\/#\/schema\/logo\/image\/"},"sameAs":["https:\/\/www.facebook.com\/people\/Notimemes-de-los-Polticos\/61565672886568\/","https:\/\/x.com\/LosPoliticosVer"]},{"@type":"Person","@id":"https:\/\/lospoliticosveracruz.com\/#\/schema\/person\/b8702bb0e538456e6efd07080bf2a4a2","name":"Lo viste en Los Pol\u00edticos","image":{"@type":"ImageObject","inLanguage":"es","@id":"https:\/\/secure.gravatar.com\/avatar\/3a8de04a2656d44082be478bd6c086daa447c4651605818287b9532d3d0bd435?s=96&d=mm&r=g","url":"https:\/\/secure.gravatar.com\/avatar\/3a8de04a2656d44082be478bd6c086daa447c4651605818287b9532d3d0bd435?s=96&d=mm&r=g","contentUrl":"https:\/\/secure.gravatar.com\/avatar\/3a8de04a2656d44082be478bd6c086daa447c4651605818287b9532d3d0bd435?s=96&d=mm&r=g","caption":"Lo viste en Los Pol\u00edticos"},"url":"https:\/\/lospoliticosveracruz.com\/?author=2"}]}},"_links":{"self":[{"href":"https:\/\/lospoliticosveracruz.com\/index.php?rest_route=\/wp\/v2\/posts\/72942","targetHints":{"allow":["GET"]}}],"collection":[{"href":"https:\/\/lospoliticosveracruz.com\/index.php?rest_route=\/wp\/v2\/posts"}],"about":[{"href":"https:\/\/lospoliticosveracruz.com\/index.php?rest_route=\/wp\/v2\/types\/post"}],"author":[{"embeddable":true,"href":"https:\/\/lospoliticosveracruz.com\/index.php?rest_route=\/wp\/v2\/users\/2"}],"replies":[{"embeddable":true,"href":"https:\/\/lospoliticosveracruz.com\/index.php?rest_route=%2Fwp%2Fv2%2Fcomments&post=72942"}],"version-history":[{"count":2,"href":"https:\/\/lospoliticosveracruz.com\/index.php?rest_route=\/wp\/v2\/posts\/72942\/revisions"}],"predecessor-version":[{"id":73008,"href":"https:\/\/lospoliticosveracruz.com\/index.php?rest_route=\/wp\/v2\/posts\/72942\/revisions\/73008"}],"wp:attachment":[{"href":"https:\/\/lospoliticosveracruz.com\/index.php?rest_route=%2Fwp%2Fv2%2Fmedia&parent=72942"}],"wp:term":[{"taxonomy":"category","embeddable":true,"href":"https:\/\/lospoliticosveracruz.com\/index.php?rest_route=%2Fwp%2Fv2%2Fcategories&post=72942"},{"taxonomy":"post_tag","embeddable":true,"href":"https:\/\/lospoliticosveracruz.com\/index.php?rest_route=%2Fwp%2Fv2%2Ftags&post=72942"}],"curies":[{"name":"wp","href":"https:\/\/api.w.org\/{rel}","templated":true}]}}