{"id":72982,"date":"2021-05-14T20:53:34","date_gmt":"2021-05-15T01:53:34","guid":{"rendered":"http:\/\/www.lospoliticosveracruz.com.mx\/?p=72982"},"modified":"2021-05-15T10:01:41","modified_gmt":"2021-05-15T15:01:41","slug":"empresarios-aliados-no-enemigos-del-gobierno-dulce","status":"publish","type":"post","link":"https:\/\/lospoliticosveracruz.com\/?p=72982","title":{"rendered":"Empresarios, aliados; no enemigos del gobierno: Dulce"},"content":{"rendered":"\n<p><strong>Xalapa<\/strong><br>La candidata de Movimiento Ciudadano a la diputaci\u00f3n federal por el distrito 10 de Xalapa Urbano, Dulce M\u00e9ndez de la Luz Dauz\u00f3n se reuni\u00f3 con los directivos de la C\u00e1mara de Comercio de Xalapa, CANACO, quienes le dieron a conocer la propuesta de Agenda Legislativa para la Reactivaci\u00f3n Econ\u00f3mica y Est\u00edmulos a la Actividad Productiva, con el fin de lograr un crecimiento econ\u00f3mico permanente y generar empleos.<\/p>\n\n\n\n<div class=\"wp-block-image\"><figure class=\"alignleft size-large\"><a href=\"http:\/\/www.lospoliticosveracruz.com.mx\/wp-content\/uploads\/2021\/05\/Batalla-Cordoba.jpeg\"><img decoding=\"async\" src=\"http:\/\/www.lospoliticosveracruz.com.mx\/wp-content\/uploads\/2021\/05\/Batalla-Cordoba.jpeg\" alt=\"\" class=\"wp-image-72571\"\/><\/a><\/figure><\/div>\n\n\n\n<p><br>Durante la reuni\u00f3n la candidata dijo que los empresarios no son enemigos del gobierno, sino aliados porque generan empleos, pagan impuestos y contribuyen al desarrollo econ\u00f3mico del pa\u00eds; lamentablemente en esta administraci\u00f3n gubernamental los empresarios no han recibido los apoyos necesarios para sostener la planta productiva, raz\u00f3n por la cual han tenido que bajar las cortinas, hecho que ha propiciado el despido de miles de trabajadores que lamentablemente han dejado de llevar el sustento a sus hogares.<br>Acompa\u00f1ada del presidente de la Canaco Xalapa, Bernardo Mart\u00ednez R\u00edos, del vicepresidente David Stivalet Collinot, del vicepresidente de Asuntos Fiscales, Juan Carlos P\u00e9rez G\u00f3ngora y Edgar J. Nolasco, vicepresidente de Financiamiento al Desarrollo Econ\u00f3mico y Empresarial, la candidata de Movimiento Ciudadano se\u00f1al\u00f3 que se est\u00e1 viviendo una crisis no solo econ\u00f3mica y de salud, sino tambi\u00e9n pol\u00edtica y social y reprob\u00f3 que el gobierno elimine programas sociales que son muy importantes para el buen funcionamiento de las familias y de la sociedad como es el caso de las estancias infantiles y los refugios para mujeres violentadas.<br>Con el slogan \u201cYo voto porque quiero a M\u00e9xico\u201d, los directivos explicaron que las C\u00e1maras de Comercio del pa\u00eds, llevan a cabo encuentros v\u00eda zoom con las candidatas y los candidatos de los diferentes partidos para conocer sus propuestas, toda vez que consideran que el abstencionismo es el principal enemigo a vencer.<br>Asimismo, explicaron que en cada proceso electoral los socios de ese organismo fungen como observadores electorales, en virtud de lo cual firmaron con el INE un documento para que el proceso electoral se desarrolle en orden y en paz.<br>Sobre el encuentro, los directivos de la CANACO explicaron que los di\u00e1logos formales son para escuchar a los candidatos pero tambi\u00e9n para ser escuchados. \u201cQueremos ser incluyentes y en beneficio de todos\u201d. Tambi\u00e9n indicaron que la pr\u00f3xima elecci\u00f3n ser\u00e1 la m\u00e1s grande de la historia por la gran cantidad de cargos p\u00fablicos que est\u00e1n en juego, con m\u00e1s de 21 mil cargos de elecci\u00f3n popular en todo el pa\u00eds.<br>Como sociedad civil, los socios de la C\u00e1mara afirmaron que tienen la responsabilidad social de participar activamente en los asuntos trascendentes del pa\u00eds, con el fin de seleccionar servidores p\u00fablicos serios, con propuestas viables, incluyentes y que respeten el Estado de derecho, as\u00ed como a los \u00f3rganos aut\u00f3nomos con el fin de construir el M\u00e9xico que todos queremos.<br>Por su parte la candidata Dulce M\u00e9ndez de la Luz, luego de agradecer la invitaci\u00f3n, dijo que vivimos un momento crucial en el cual el Ejecutivo Federal quiere ejercer el poder sin contrapesos, haciendo a un lado la divisi\u00f3n de poderes. Y explico: \u201cYa tiene mayor\u00eda en el Congreso, quiere desaparecer los \u00d3rganos aut\u00f3nomos y para colmo quiere controlar el Poder Judicial de la Federaci\u00f3n. En las democracias avanzadas ning\u00fan poder puede estar por encima de los otros dos; el Legislativo y el Judicial deben ser diques para evitar los excesos y caprichos de quien pretende ejercer el poder de manera unipersonal\u201d.<br>M\u00e9ndez de la Luz Dauz\u00f3n lament\u00f3 que actualmente Veracruz ocupa el segundo lugar en feminicidios a nivel nacional; y dentro de nuestro estado, el puerto de Veracruz ocupa el primer lugar y Xalapa el segundo. Adem\u00e1s, la candidata afirm\u00f3: \u201cDebemos prevenir el embarazo infantil y juvenil porque nuestro estado ocupa el penoso y tr\u00e1gico segundo lugar en ese rubro; es dram\u00e1tico y triste ver ni\u00f1as que en lugar de estar disfrutando su infancia, se dediquen a cuidar la vida de otro infante\u201d.<br>Finalmente, Dulce M\u00e9ndez de la Luz Dauz\u00f3n dijo: \u201cEs fundamental que en el Congreso de la Uni\u00f3n se escuchen todas las voces y lleguemos a acuerdos en beneficio, no solo de unos, sino de todos los mexicanos. Tenemos la responsabilidad de cuidar nuestra democracia y el primer paso es ir a votar el pr\u00f3ximo 6 de junio y si es por Movimiento Ciudadano y una servidora les aseguro que estar\u00e1n bien representados, porque he demostrado que soy una diputada cercana a los ciudadanos\u201d, concluy\u00f3.<\/p>\n","protected":false},"excerpt":{"rendered":"<p>XalapaLa candidata de Movimiento Ciudadano a la diputaci\u00f3n federal por el distrito 10 de Xalapa Urbano, Dulce M\u00e9ndez de la Luz Dauz\u00f3n se reuni\u00f3 con los directivos de la C\u00e1mara de Comercio de Xalapa, CANACO, quienes le dieron a conocer la propuesta de Agenda Legislativa para la Reactivaci\u00f3n Econ\u00f3mica y Est\u00edmulos a la Actividad Productiva, [&hellip;]<\/p>\n","protected":false},"author":2,"featured_media":0,"comment_status":"closed","ping_status":"closed","sticky":false,"template":"","format":"standard","meta":{"tdm_status":"","tdm_grid_status":"","footnotes":""},"categories":[73],"tags":[28029,28030,12039,2327,17200],"class_list":{"0":"post-72982","1":"post","2":"type-post","3":"status-publish","4":"format-standard","6":"category-de-boleto","7":"tag-canaco-xalapa-2","8":"tag-david-stivalet-collinot","9":"tag-distrito-10","10":"tag-movimiento-ciudadano","11":"tag-reactivacion-economica"},"yoast_head":"<!-- This site is optimized with the Yoast SEO plugin v27.4 - https:\/\/yoast.com\/product\/yoast-seo-wordpress\/ -->\n<title>Empresarios, aliados; no enemigos del gobierno: Dulce - Los pol\u00edticos Veracruz<\/title>\n<meta name=\"robots\" content=\"index, follow, max-snippet:-1, max-image-preview:large, max-video-preview:-1\" \/>\n<link rel=\"canonical\" href=\"https:\/\/lospoliticosveracruz.com\/?p=72982\" \/>\n<meta property=\"og:locale\" content=\"es_ES\" \/>\n<meta property=\"og:type\" content=\"article\" \/>\n<meta property=\"og:title\" content=\"Empresarios, aliados; no enemigos del gobierno: Dulce - Los pol\u00edticos Veracruz\" \/>\n<meta property=\"og:description\" content=\"XalapaLa candidata de Movimiento Ciudadano a la diputaci\u00f3n federal por el distrito 10 de Xalapa Urbano, Dulce M\u00e9ndez de la Luz Dauz\u00f3n se reuni\u00f3 con los directivos de la C\u00e1mara de Comercio de Xalapa, CANACO, quienes le dieron a conocer la propuesta de Agenda Legislativa para la Reactivaci\u00f3n Econ\u00f3mica y Est\u00edmulos a la Actividad Productiva, [&hellip;]\" \/>\n<meta property=\"og:url\" content=\"https:\/\/lospoliticosveracruz.com\/?p=72982\" \/>\n<meta property=\"og:site_name\" content=\"Los pol\u00edticos Veracruz\" \/>\n<meta property=\"article:publisher\" content=\"https:\/\/www.facebook.com\/people\/Notimemes-de-los-Polticos\/61565672886568\/\" \/>\n<meta property=\"article:published_time\" content=\"2021-05-15T01:53:34+00:00\" \/>\n<meta property=\"article:modified_time\" content=\"2021-05-15T15:01:41+00:00\" \/>\n<meta property=\"og:image\" content=\"http:\/\/www.lospoliticosveracruz.com.mx\/wp-content\/uploads\/2021\/05\/Batalla-Cordoba.jpeg\" \/>\n<meta name=\"author\" content=\"Lo viste en Los Pol\u00edticos\" \/>\n<meta name=\"twitter:card\" content=\"summary_large_image\" \/>\n<meta name=\"twitter:creator\" content=\"@LosPoliticosVer\" \/>\n<meta name=\"twitter:site\" content=\"@LosPoliticosVer\" \/>\n<meta name=\"twitter:label1\" content=\"Escrito por\" \/>\n\t<meta name=\"twitter:data1\" content=\"Lo viste en Los Pol\u00edticos\" \/>\n\t<meta name=\"twitter:label2\" content=\"Tiempo de lectura\" \/>\n\t<meta name=\"twitter:data2\" content=\"4 minutos\" \/>\n<script type=\"application\/ld+json\" class=\"yoast-schema-graph\">{\"@context\":\"https:\\\/\\\/schema.org\",\"@graph\":[{\"@type\":\"Article\",\"@id\":\"https:\\\/\\\/lospoliticosveracruz.com\\\/?p=72982#article\",\"isPartOf\":{\"@id\":\"https:\\\/\\\/lospoliticosveracruz.com\\\/?p=72982\"},\"author\":{\"name\":\"Lo viste en Los Pol\u00edticos\",\"@id\":\"https:\\\/\\\/lospoliticosveracruz.com\\\/#\\\/schema\\\/person\\\/b8702bb0e538456e6efd07080bf2a4a2\"},\"headline\":\"Empresarios, aliados; no enemigos del gobierno: Dulce\",\"datePublished\":\"2021-05-15T01:53:34+00:00\",\"dateModified\":\"2021-05-15T15:01:41+00:00\",\"mainEntityOfPage\":{\"@id\":\"https:\\\/\\\/lospoliticosveracruz.com\\\/?p=72982\"},\"wordCount\":792,\"publisher\":{\"@id\":\"https:\\\/\\\/lospoliticosveracruz.com\\\/#organization\"},\"image\":{\"@id\":\"https:\\\/\\\/lospoliticosveracruz.com\\\/?p=72982#primaryimage\"},\"thumbnailUrl\":\"http:\\\/\\\/www.lospoliticosveracruz.com.mx\\\/wp-content\\\/uploads\\\/2021\\\/05\\\/Batalla-Cordoba.jpeg\",\"keywords\":[\"Canaco Xalapa\",\"David Stivalet Collinot\",\"distrito 10\",\"Movimiento Ciudadano\",\"Reactivaci\u00f3n Econ\u00f3mica\"],\"articleSection\":[\"De Boleto\"],\"inLanguage\":\"es\"},{\"@type\":\"WebPage\",\"@id\":\"https:\\\/\\\/lospoliticosveracruz.com\\\/?p=72982\",\"url\":\"https:\\\/\\\/lospoliticosveracruz.com\\\/?p=72982\",\"name\":\"Empresarios, aliados; no enemigos del gobierno: Dulce - Los pol\u00edticos Veracruz\",\"isPartOf\":{\"@id\":\"https:\\\/\\\/lospoliticosveracruz.com\\\/#website\"},\"primaryImageOfPage\":{\"@id\":\"https:\\\/\\\/lospoliticosveracruz.com\\\/?p=72982#primaryimage\"},\"image\":{\"@id\":\"https:\\\/\\\/lospoliticosveracruz.com\\\/?p=72982#primaryimage\"},\"thumbnailUrl\":\"http:\\\/\\\/www.lospoliticosveracruz.com.mx\\\/wp-content\\\/uploads\\\/2021\\\/05\\\/Batalla-Cordoba.jpeg\",\"datePublished\":\"2021-05-15T01:53:34+00:00\",\"dateModified\":\"2021-05-15T15:01:41+00:00\",\"breadcrumb\":{\"@id\":\"https:\\\/\\\/lospoliticosveracruz.com\\\/?p=72982#breadcrumb\"},\"inLanguage\":\"es\",\"potentialAction\":[{\"@type\":\"ReadAction\",\"target\":[\"https:\\\/\\\/lospoliticosveracruz.com\\\/?p=72982\"]}]},{\"@type\":\"ImageObject\",\"inLanguage\":\"es\",\"@id\":\"https:\\\/\\\/lospoliticosveracruz.com\\\/?p=72982#primaryimage\",\"url\":\"http:\\\/\\\/www.lospoliticosveracruz.com.mx\\\/wp-content\\\/uploads\\\/2021\\\/05\\\/Batalla-Cordoba.jpeg\",\"contentUrl\":\"http:\\\/\\\/www.lospoliticosveracruz.com.mx\\\/wp-content\\\/uploads\\\/2021\\\/05\\\/Batalla-Cordoba.jpeg\"},{\"@type\":\"BreadcrumbList\",\"@id\":\"https:\\\/\\\/lospoliticosveracruz.com\\\/?p=72982#breadcrumb\",\"itemListElement\":[{\"@type\":\"ListItem\",\"position\":1,\"name\":\"Portada\",\"item\":\"https:\\\/\\\/lospoliticosveracruz.com\\\/\"},{\"@type\":\"ListItem\",\"position\":2,\"name\":\"Empresarios, aliados; no enemigos del gobierno: Dulce\"}]},{\"@type\":\"WebSite\",\"@id\":\"https:\\\/\\\/lospoliticosveracruz.com\\\/#website\",\"url\":\"https:\\\/\\\/lospoliticosveracruz.com\\\/\",\"name\":\"Los pol\u00edticos Veracruz\",\"description\":\"\",\"publisher\":{\"@id\":\"https:\\\/\\\/lospoliticosveracruz.com\\\/#organization\"},\"potentialAction\":[{\"@type\":\"SearchAction\",\"target\":{\"@type\":\"EntryPoint\",\"urlTemplate\":\"https:\\\/\\\/lospoliticosveracruz.com\\\/?s={search_term_string}\"},\"query-input\":{\"@type\":\"PropertyValueSpecification\",\"valueRequired\":true,\"valueName\":\"search_term_string\"}}],\"inLanguage\":\"es\"},{\"@type\":\"Organization\",\"@id\":\"https:\\\/\\\/lospoliticosveracruz.com\\\/#organization\",\"name\":\"Los pol\u00edticos Veracruz\",\"url\":\"https:\\\/\\\/lospoliticosveracruz.com\\\/\",\"logo\":{\"@type\":\"ImageObject\",\"inLanguage\":\"es\",\"@id\":\"https:\\\/\\\/lospoliticosveracruz.com\\\/#\\\/schema\\\/logo\\\/image\\\/\",\"url\":\"https:\\\/\\\/lospoliticosveracruz.com\\\/wp-content\\\/uploads\\\/2025\\\/12\\\/Logo-Nuevo-LOS-POLITICOS-1.jpg\",\"contentUrl\":\"https:\\\/\\\/lospoliticosveracruz.com\\\/wp-content\\\/uploads\\\/2025\\\/12\\\/Logo-Nuevo-LOS-POLITICOS-1.jpg\",\"width\":260,\"height\":70,\"caption\":\"Los pol\u00edticos Veracruz\"},\"image\":{\"@id\":\"https:\\\/\\\/lospoliticosveracruz.com\\\/#\\\/schema\\\/logo\\\/image\\\/\"},\"sameAs\":[\"https:\\\/\\\/www.facebook.com\\\/people\\\/Notimemes-de-los-Polticos\\\/61565672886568\\\/\",\"https:\\\/\\\/x.com\\\/LosPoliticosVer\"]},{\"@type\":\"Person\",\"@id\":\"https:\\\/\\\/lospoliticosveracruz.com\\\/#\\\/schema\\\/person\\\/b8702bb0e538456e6efd07080bf2a4a2\",\"name\":\"Lo viste en Los Pol\u00edticos\",\"image\":{\"@type\":\"ImageObject\",\"inLanguage\":\"es\",\"@id\":\"https:\\\/\\\/secure.gravatar.com\\\/avatar\\\/3a8de04a2656d44082be478bd6c086daa447c4651605818287b9532d3d0bd435?s=96&d=mm&r=g\",\"url\":\"https:\\\/\\\/secure.gravatar.com\\\/avatar\\\/3a8de04a2656d44082be478bd6c086daa447c4651605818287b9532d3d0bd435?s=96&d=mm&r=g\",\"contentUrl\":\"https:\\\/\\\/secure.gravatar.com\\\/avatar\\\/3a8de04a2656d44082be478bd6c086daa447c4651605818287b9532d3d0bd435?s=96&d=mm&r=g\",\"caption\":\"Lo viste en Los Pol\u00edticos\"},\"url\":\"https:\\\/\\\/lospoliticosveracruz.com\\\/?author=2\"}]}<\/script>\n<!-- \/ Yoast SEO plugin. -->","yoast_head_json":{"title":"Empresarios, aliados; no enemigos del gobierno: Dulce - Los pol\u00edticos Veracruz","robots":{"index":"index","follow":"follow","max-snippet":"max-snippet:-1","max-image-preview":"max-image-preview:large","max-video-preview":"max-video-preview:-1"},"canonical":"https:\/\/lospoliticosveracruz.com\/?p=72982","og_locale":"es_ES","og_type":"article","og_title":"Empresarios, aliados; no enemigos del gobierno: Dulce - Los pol\u00edticos Veracruz","og_description":"XalapaLa candidata de Movimiento Ciudadano a la diputaci\u00f3n federal por el distrito 10 de Xalapa Urbano, Dulce M\u00e9ndez de la Luz Dauz\u00f3n se reuni\u00f3 con los directivos de la C\u00e1mara de Comercio de Xalapa, CANACO, quienes le dieron a conocer la propuesta de Agenda Legislativa para la Reactivaci\u00f3n Econ\u00f3mica y Est\u00edmulos a la Actividad Productiva, [&hellip;]","og_url":"https:\/\/lospoliticosveracruz.com\/?p=72982","og_site_name":"Los pol\u00edticos Veracruz","article_publisher":"https:\/\/www.facebook.com\/people\/Notimemes-de-los-Polticos\/61565672886568\/","article_published_time":"2021-05-15T01:53:34+00:00","article_modified_time":"2021-05-15T15:01:41+00:00","og_image":[{"url":"http:\/\/www.lospoliticosveracruz.com.mx\/wp-content\/uploads\/2021\/05\/Batalla-Cordoba.jpeg","type":"","width":"","height":""}],"author":"Lo viste en Los Pol\u00edticos","twitter_card":"summary_large_image","twitter_creator":"@LosPoliticosVer","twitter_site":"@LosPoliticosVer","twitter_misc":{"Escrito por":"Lo viste en Los Pol\u00edticos","Tiempo de lectura":"4 minutos"},"schema":{"@context":"https:\/\/schema.org","@graph":[{"@type":"Article","@id":"https:\/\/lospoliticosveracruz.com\/?p=72982#article","isPartOf":{"@id":"https:\/\/lospoliticosveracruz.com\/?p=72982"},"author":{"name":"Lo viste en Los Pol\u00edticos","@id":"https:\/\/lospoliticosveracruz.com\/#\/schema\/person\/b8702bb0e538456e6efd07080bf2a4a2"},"headline":"Empresarios, aliados; no enemigos del gobierno: Dulce","datePublished":"2021-05-15T01:53:34+00:00","dateModified":"2021-05-15T15:01:41+00:00","mainEntityOfPage":{"@id":"https:\/\/lospoliticosveracruz.com\/?p=72982"},"wordCount":792,"publisher":{"@id":"https:\/\/lospoliticosveracruz.com\/#organization"},"image":{"@id":"https:\/\/lospoliticosveracruz.com\/?p=72982#primaryimage"},"thumbnailUrl":"http:\/\/www.lospoliticosveracruz.com.mx\/wp-content\/uploads\/2021\/05\/Batalla-Cordoba.jpeg","keywords":["Canaco Xalapa","David Stivalet Collinot","distrito 10","Movimiento Ciudadano","Reactivaci\u00f3n Econ\u00f3mica"],"articleSection":["De Boleto"],"inLanguage":"es"},{"@type":"WebPage","@id":"https:\/\/lospoliticosveracruz.com\/?p=72982","url":"https:\/\/lospoliticosveracruz.com\/?p=72982","name":"Empresarios, aliados; no enemigos del gobierno: Dulce - Los pol\u00edticos Veracruz","isPartOf":{"@id":"https:\/\/lospoliticosveracruz.com\/#website"},"primaryImageOfPage":{"@id":"https:\/\/lospoliticosveracruz.com\/?p=72982#primaryimage"},"image":{"@id":"https:\/\/lospoliticosveracruz.com\/?p=72982#primaryimage"},"thumbnailUrl":"http:\/\/www.lospoliticosveracruz.com.mx\/wp-content\/uploads\/2021\/05\/Batalla-Cordoba.jpeg","datePublished":"2021-05-15T01:53:34+00:00","dateModified":"2021-05-15T15:01:41+00:00","breadcrumb":{"@id":"https:\/\/lospoliticosveracruz.com\/?p=72982#breadcrumb"},"inLanguage":"es","potentialAction":[{"@type":"ReadAction","target":["https:\/\/lospoliticosveracruz.com\/?p=72982"]}]},{"@type":"ImageObject","inLanguage":"es","@id":"https:\/\/lospoliticosveracruz.com\/?p=72982#primaryimage","url":"http:\/\/www.lospoliticosveracruz.com.mx\/wp-content\/uploads\/2021\/05\/Batalla-Cordoba.jpeg","contentUrl":"http:\/\/www.lospoliticosveracruz.com.mx\/wp-content\/uploads\/2021\/05\/Batalla-Cordoba.jpeg"},{"@type":"BreadcrumbList","@id":"https:\/\/lospoliticosveracruz.com\/?p=72982#breadcrumb","itemListElement":[{"@type":"ListItem","position":1,"name":"Portada","item":"https:\/\/lospoliticosveracruz.com\/"},{"@type":"ListItem","position":2,"name":"Empresarios, aliados; no enemigos del gobierno: Dulce"}]},{"@type":"WebSite","@id":"https:\/\/lospoliticosveracruz.com\/#website","url":"https:\/\/lospoliticosveracruz.com\/","name":"Los pol\u00edticos Veracruz","description":"","publisher":{"@id":"https:\/\/lospoliticosveracruz.com\/#organization"},"potentialAction":[{"@type":"SearchAction","target":{"@type":"EntryPoint","urlTemplate":"https:\/\/lospoliticosveracruz.com\/?s={search_term_string}"},"query-input":{"@type":"PropertyValueSpecification","valueRequired":true,"valueName":"search_term_string"}}],"inLanguage":"es"},{"@type":"Organization","@id":"https:\/\/lospoliticosveracruz.com\/#organization","name":"Los pol\u00edticos Veracruz","url":"https:\/\/lospoliticosveracruz.com\/","logo":{"@type":"ImageObject","inLanguage":"es","@id":"https:\/\/lospoliticosveracruz.com\/#\/schema\/logo\/image\/","url":"https:\/\/lospoliticosveracruz.com\/wp-content\/uploads\/2025\/12\/Logo-Nuevo-LOS-POLITICOS-1.jpg","contentUrl":"https:\/\/lospoliticosveracruz.com\/wp-content\/uploads\/2025\/12\/Logo-Nuevo-LOS-POLITICOS-1.jpg","width":260,"height":70,"caption":"Los pol\u00edticos Veracruz"},"image":{"@id":"https:\/\/lospoliticosveracruz.com\/#\/schema\/logo\/image\/"},"sameAs":["https:\/\/www.facebook.com\/people\/Notimemes-de-los-Polticos\/61565672886568\/","https:\/\/x.com\/LosPoliticosVer"]},{"@type":"Person","@id":"https:\/\/lospoliticosveracruz.com\/#\/schema\/person\/b8702bb0e538456e6efd07080bf2a4a2","name":"Lo viste en Los Pol\u00edticos","image":{"@type":"ImageObject","inLanguage":"es","@id":"https:\/\/secure.gravatar.com\/avatar\/3a8de04a2656d44082be478bd6c086daa447c4651605818287b9532d3d0bd435?s=96&d=mm&r=g","url":"https:\/\/secure.gravatar.com\/avatar\/3a8de04a2656d44082be478bd6c086daa447c4651605818287b9532d3d0bd435?s=96&d=mm&r=g","contentUrl":"https:\/\/secure.gravatar.com\/avatar\/3a8de04a2656d44082be478bd6c086daa447c4651605818287b9532d3d0bd435?s=96&d=mm&r=g","caption":"Lo viste en Los Pol\u00edticos"},"url":"https:\/\/lospoliticosveracruz.com\/?author=2"}]}},"_links":{"self":[{"href":"https:\/\/lospoliticosveracruz.com\/index.php?rest_route=\/wp\/v2\/posts\/72982","targetHints":{"allow":["GET"]}}],"collection":[{"href":"https:\/\/lospoliticosveracruz.com\/index.php?rest_route=\/wp\/v2\/posts"}],"about":[{"href":"https:\/\/lospoliticosveracruz.com\/index.php?rest_route=\/wp\/v2\/types\/post"}],"author":[{"embeddable":true,"href":"https:\/\/lospoliticosveracruz.com\/index.php?rest_route=\/wp\/v2\/users\/2"}],"replies":[{"embeddable":true,"href":"https:\/\/lospoliticosveracruz.com\/index.php?rest_route=%2Fwp%2Fv2%2Fcomments&post=72982"}],"version-history":[{"count":2,"href":"https:\/\/lospoliticosveracruz.com\/index.php?rest_route=\/wp\/v2\/posts\/72982\/revisions"}],"predecessor-version":[{"id":72997,"href":"https:\/\/lospoliticosveracruz.com\/index.php?rest_route=\/wp\/v2\/posts\/72982\/revisions\/72997"}],"wp:attachment":[{"href":"https:\/\/lospoliticosveracruz.com\/index.php?rest_route=%2Fwp%2Fv2%2Fmedia&parent=72982"}],"wp:term":[{"taxonomy":"category","embeddable":true,"href":"https:\/\/lospoliticosveracruz.com\/index.php?rest_route=%2Fwp%2Fv2%2Fcategories&post=72982"},{"taxonomy":"post_tag","embeddable":true,"href":"https:\/\/lospoliticosveracruz.com\/index.php?rest_route=%2Fwp%2Fv2%2Ftags&post=72982"}],"curies":[{"name":"wp","href":"https:\/\/api.w.org\/{rel}","templated":true}]}}