{"id":73277,"date":"2021-05-18T08:34:50","date_gmt":"2021-05-18T13:34:50","guid":{"rendered":"http:\/\/www.lospoliticosveracruz.com.mx\/?p=73277"},"modified":"2021-05-18T08:34:53","modified_gmt":"2021-05-18T13:34:53","slug":"chio-cruz-sera-alcaldesa-de-acula","status":"publish","type":"post","link":"https:\/\/lospoliticosveracruz.com\/?p=73277","title":{"rendered":"Ch\u00edo Cruz ser\u00e1 alcaldesa de Acula"},"content":{"rendered":"\n<p><strong>Eduardo Venegas Naranjo.<\/strong><\/p>\n\n\n\n<p><em>Aqu\u00ed Entre Nos\u2026<br><\/em><\/p>\n\n\n\n<p>Contin\u00faan avanzando los candidatos en la regi\u00f3n, con miras a llegar fortalecidos a la elecci\u00f3n del 6 de junio; tal como es el caso de Roc\u00edo Cruz Dom\u00ednguez quien es la candidata a la alcald\u00eda de Acula por la alianza, Partido Verde, Morena, Partido del Trabajo; quien tiene m\u00e1s del 70% de aceptaci\u00f3n entre los electores. Chio ser\u00e1 la pr\u00f3xima alcaldesa y es que su proyecto pol\u00edtico est\u00e1 bien consolidado; sus propuestas son reales, es una mujer de trabajo, sensible que sabe ayudar al que menos tiene, sin duda encabezar\u00e1 un buen gobierno.<\/p>\n\n\n\n<div class=\"wp-block-image\"><figure class=\"alignleft size-large is-resized\"><a href=\"http:\/\/www.lospoliticosveracruz.com.mx\/wp-content\/uploads\/2021\/05\/Batalla-Cordoba.jpeg\"><img loading=\"lazy\" decoding=\"async\" src=\"http:\/\/www.lospoliticosveracruz.com.mx\/wp-content\/uploads\/2021\/05\/Batalla-Cordoba.jpeg\" alt=\"\" class=\"wp-image-72571\" width=\"233\" height=\"388\"\/><\/a><\/figure><\/div>\n\n\n\n<p><strong>-A Lizzette se le complican mucho las cosas en Alvarado<\/strong><\/p>\n\n\n\n<p>A la candidata a la alcald\u00eda de Alvarado por la alianza Juntos Haremos Historia Lizzette Alvarez se le est\u00e1 complicando la situaci\u00f3n por no cumplir acuerdos pol\u00edticos y querer imponer en las planillas de los tres partidos que representan la coalici\u00f3n a amistades y familiares, le renunciaron los 7 aspirantes a regidores en compa\u00f1\u00eda de sus suplentes por el PT, as\u00ed como Juan Carlos Hern\u00e1ndez Figueroa, aspirante a regidor segundo del PVEM.<br>La maestra Lizzette est\u00e1 segura de su triunfo por el efecto que trae Morena, sin embargo no sabe qu\u00e9 tiene operadores pol\u00edticos en su contra, se le avecinan un sin n\u00famero de traiciones. Quien en realidad ha crecido es Tavo Ru\u00edz candidato de la alianza PAN, PRI, PRD, lleva preferencias marcadas y gran parte de los sectores est\u00e1n con \u00e9l demostr\u00e1ndole su apoyo de frente.<br>Tavo tiene las mayores posibilidades de convertirse en el pr\u00f3ximo alcalde.<\/p>\n\n\n\n<p><strong>-Carlos Flores se perfila como diputado del distrito 24<\/strong><\/p>\n\n\n\n<p>Carlos Flores Calderon es el candidato a diputado local del distrito 24, con clara ventaja ante el p\u00e9simo actuar de la candidata de Morena, Liliana Castro, esta mujer est\u00e1 pelada con varios candidatos a alcaldes de su distrito; hace unos d\u00edas se puso como \u201cplacera\u201d con la militancia de su partido en Juan Rodr\u00edguez Clara esto ha fortalecido a Carlos Flores quien es un buen candidato, es un hombre que ha trabajado desde hace varios a\u00f1os en la administraci\u00f3n p\u00fablica.<br>Carlos Flores, camina y se compromete; trae acuerdos importantes con actores pol\u00edticos del distrito local 19; eso lo hecho crecer y le ha dado todas las preferencias electorales.<\/p>\n\n\n\n<p>@lalo2808<br>lalo_tlaco@hotmail.com<\/p>\n","protected":false},"excerpt":{"rendered":"<p>Eduardo Venegas Naranjo. Aqu\u00ed Entre Nos\u2026 Contin\u00faan avanzando los candidatos en la regi\u00f3n, con miras a llegar fortalecidos a la elecci\u00f3n del 6 de junio; tal como es el caso de Roc\u00edo Cruz Dom\u00ednguez quien es la candidata a la alcald\u00eda de Acula por la alianza, Partido Verde, Morena, Partido del Trabajo; quien tiene m\u00e1s [&hellip;]<\/p>\n","protected":false},"author":2,"featured_media":0,"comment_status":"closed","ping_status":"closed","sticky":false,"template":"","format":"standard","meta":{"tdm_status":"","tdm_grid_status":"","footnotes":""},"categories":[70],"tags":[25688,13170,28095,26116,18188,28096],"class_list":{"0":"post-73277","1":"post","2":"type-post","3":"status-publish","4":"format-standard","6":"category-de-opinion","7":"tag-carlos-flores-calderon","8":"tag-eduardo-venegas-naranjo","9":"tag-lizzette-alvarez","10":"tag-morena-pvem-pt","11":"tag-rocio-cruz-dominguez","12":"tag-tavo-ruiz-2"},"yoast_head":"<!-- This site is optimized with the Yoast SEO plugin v27.4 - https:\/\/yoast.com\/product\/yoast-seo-wordpress\/ -->\n<title>Ch\u00edo Cruz ser\u00e1 alcaldesa de Acula - Los pol\u00edticos Veracruz<\/title>\n<meta name=\"robots\" content=\"index, follow, max-snippet:-1, max-image-preview:large, max-video-preview:-1\" \/>\n<link rel=\"canonical\" href=\"https:\/\/lospoliticosveracruz.com\/?p=73277\" \/>\n<meta property=\"og:locale\" content=\"es_ES\" \/>\n<meta property=\"og:type\" content=\"article\" \/>\n<meta property=\"og:title\" content=\"Ch\u00edo Cruz ser\u00e1 alcaldesa de Acula - Los pol\u00edticos Veracruz\" \/>\n<meta property=\"og:description\" content=\"Eduardo Venegas Naranjo. Aqu\u00ed Entre Nos\u2026 Contin\u00faan avanzando los candidatos en la regi\u00f3n, con miras a llegar fortalecidos a la elecci\u00f3n del 6 de junio; tal como es el caso de Roc\u00edo Cruz Dom\u00ednguez quien es la candidata a la alcald\u00eda de Acula por la alianza, Partido Verde, Morena, Partido del Trabajo; quien tiene m\u00e1s [&hellip;]\" \/>\n<meta property=\"og:url\" content=\"https:\/\/lospoliticosveracruz.com\/?p=73277\" \/>\n<meta property=\"og:site_name\" content=\"Los pol\u00edticos Veracruz\" \/>\n<meta property=\"article:publisher\" content=\"https:\/\/www.facebook.com\/people\/Notimemes-de-los-Polticos\/61565672886568\/\" \/>\n<meta property=\"article:published_time\" content=\"2021-05-18T13:34:50+00:00\" \/>\n<meta property=\"article:modified_time\" content=\"2021-05-18T13:34:53+00:00\" \/>\n<meta property=\"og:image\" content=\"http:\/\/www.lospoliticosveracruz.com.mx\/wp-content\/uploads\/2021\/05\/Batalla-Cordoba.jpeg\" \/>\n<meta name=\"author\" content=\"Lo viste en Los Pol\u00edticos\" \/>\n<meta name=\"twitter:card\" content=\"summary_large_image\" \/>\n<meta name=\"twitter:creator\" content=\"@LosPoliticosVer\" \/>\n<meta name=\"twitter:site\" content=\"@LosPoliticosVer\" \/>\n<meta name=\"twitter:label1\" content=\"Escrito por\" \/>\n\t<meta name=\"twitter:data1\" content=\"Lo viste en Los Pol\u00edticos\" \/>\n\t<meta name=\"twitter:label2\" content=\"Tiempo de lectura\" \/>\n\t<meta name=\"twitter:data2\" content=\"2 minutos\" \/>\n<script type=\"application\/ld+json\" class=\"yoast-schema-graph\">{\"@context\":\"https:\\\/\\\/schema.org\",\"@graph\":[{\"@type\":\"Article\",\"@id\":\"https:\\\/\\\/lospoliticosveracruz.com\\\/?p=73277#article\",\"isPartOf\":{\"@id\":\"https:\\\/\\\/lospoliticosveracruz.com\\\/?p=73277\"},\"author\":{\"name\":\"Lo viste en Los Pol\u00edticos\",\"@id\":\"https:\\\/\\\/lospoliticosveracruz.com\\\/#\\\/schema\\\/person\\\/b8702bb0e538456e6efd07080bf2a4a2\"},\"headline\":\"Ch\u00edo Cruz ser\u00e1 alcaldesa de Acula\",\"datePublished\":\"2021-05-18T13:34:50+00:00\",\"dateModified\":\"2021-05-18T13:34:53+00:00\",\"mainEntityOfPage\":{\"@id\":\"https:\\\/\\\/lospoliticosveracruz.com\\\/?p=73277\"},\"wordCount\":409,\"publisher\":{\"@id\":\"https:\\\/\\\/lospoliticosveracruz.com\\\/#organization\"},\"image\":{\"@id\":\"https:\\\/\\\/lospoliticosveracruz.com\\\/?p=73277#primaryimage\"},\"thumbnailUrl\":\"http:\\\/\\\/www.lospoliticosveracruz.com.mx\\\/wp-content\\\/uploads\\\/2021\\\/05\\\/Batalla-Cordoba.jpeg\",\"keywords\":[\"Carlos Flores Calderon\",\"Eduardo Venegas Naranjo\",\"Lizzette Alvarez\",\"MORENA-PVEM-PT\",\"Roc\u00edo Cruz Dom\u00ednguez\",\"Tavo Ru\u00edz\"],\"articleSection\":[\"De Opini\u00f3n\"],\"inLanguage\":\"es\"},{\"@type\":\"WebPage\",\"@id\":\"https:\\\/\\\/lospoliticosveracruz.com\\\/?p=73277\",\"url\":\"https:\\\/\\\/lospoliticosveracruz.com\\\/?p=73277\",\"name\":\"Ch\u00edo Cruz ser\u00e1 alcaldesa de Acula - Los pol\u00edticos Veracruz\",\"isPartOf\":{\"@id\":\"https:\\\/\\\/lospoliticosveracruz.com\\\/#website\"},\"primaryImageOfPage\":{\"@id\":\"https:\\\/\\\/lospoliticosveracruz.com\\\/?p=73277#primaryimage\"},\"image\":{\"@id\":\"https:\\\/\\\/lospoliticosveracruz.com\\\/?p=73277#primaryimage\"},\"thumbnailUrl\":\"http:\\\/\\\/www.lospoliticosveracruz.com.mx\\\/wp-content\\\/uploads\\\/2021\\\/05\\\/Batalla-Cordoba.jpeg\",\"datePublished\":\"2021-05-18T13:34:50+00:00\",\"dateModified\":\"2021-05-18T13:34:53+00:00\",\"breadcrumb\":{\"@id\":\"https:\\\/\\\/lospoliticosveracruz.com\\\/?p=73277#breadcrumb\"},\"inLanguage\":\"es\",\"potentialAction\":[{\"@type\":\"ReadAction\",\"target\":[\"https:\\\/\\\/lospoliticosveracruz.com\\\/?p=73277\"]}]},{\"@type\":\"ImageObject\",\"inLanguage\":\"es\",\"@id\":\"https:\\\/\\\/lospoliticosveracruz.com\\\/?p=73277#primaryimage\",\"url\":\"http:\\\/\\\/www.lospoliticosveracruz.com.mx\\\/wp-content\\\/uploads\\\/2021\\\/05\\\/Batalla-Cordoba.jpeg\",\"contentUrl\":\"http:\\\/\\\/www.lospoliticosveracruz.com.mx\\\/wp-content\\\/uploads\\\/2021\\\/05\\\/Batalla-Cordoba.jpeg\"},{\"@type\":\"BreadcrumbList\",\"@id\":\"https:\\\/\\\/lospoliticosveracruz.com\\\/?p=73277#breadcrumb\",\"itemListElement\":[{\"@type\":\"ListItem\",\"position\":1,\"name\":\"Portada\",\"item\":\"https:\\\/\\\/lospoliticosveracruz.com\\\/\"},{\"@type\":\"ListItem\",\"position\":2,\"name\":\"Ch\u00edo Cruz ser\u00e1 alcaldesa de Acula\"}]},{\"@type\":\"WebSite\",\"@id\":\"https:\\\/\\\/lospoliticosveracruz.com\\\/#website\",\"url\":\"https:\\\/\\\/lospoliticosveracruz.com\\\/\",\"name\":\"Los pol\u00edticos Veracruz\",\"description\":\"\",\"publisher\":{\"@id\":\"https:\\\/\\\/lospoliticosveracruz.com\\\/#organization\"},\"potentialAction\":[{\"@type\":\"SearchAction\",\"target\":{\"@type\":\"EntryPoint\",\"urlTemplate\":\"https:\\\/\\\/lospoliticosveracruz.com\\\/?s={search_term_string}\"},\"query-input\":{\"@type\":\"PropertyValueSpecification\",\"valueRequired\":true,\"valueName\":\"search_term_string\"}}],\"inLanguage\":\"es\"},{\"@type\":\"Organization\",\"@id\":\"https:\\\/\\\/lospoliticosveracruz.com\\\/#organization\",\"name\":\"Los pol\u00edticos Veracruz\",\"url\":\"https:\\\/\\\/lospoliticosveracruz.com\\\/\",\"logo\":{\"@type\":\"ImageObject\",\"inLanguage\":\"es\",\"@id\":\"https:\\\/\\\/lospoliticosveracruz.com\\\/#\\\/schema\\\/logo\\\/image\\\/\",\"url\":\"https:\\\/\\\/lospoliticosveracruz.com\\\/wp-content\\\/uploads\\\/2025\\\/12\\\/Logo-Nuevo-LOS-POLITICOS-1.jpg\",\"contentUrl\":\"https:\\\/\\\/lospoliticosveracruz.com\\\/wp-content\\\/uploads\\\/2025\\\/12\\\/Logo-Nuevo-LOS-POLITICOS-1.jpg\",\"width\":260,\"height\":70,\"caption\":\"Los pol\u00edticos Veracruz\"},\"image\":{\"@id\":\"https:\\\/\\\/lospoliticosveracruz.com\\\/#\\\/schema\\\/logo\\\/image\\\/\"},\"sameAs\":[\"https:\\\/\\\/www.facebook.com\\\/people\\\/Notimemes-de-los-Polticos\\\/61565672886568\\\/\",\"https:\\\/\\\/x.com\\\/LosPoliticosVer\"]},{\"@type\":\"Person\",\"@id\":\"https:\\\/\\\/lospoliticosveracruz.com\\\/#\\\/schema\\\/person\\\/b8702bb0e538456e6efd07080bf2a4a2\",\"name\":\"Lo viste en Los Pol\u00edticos\",\"image\":{\"@type\":\"ImageObject\",\"inLanguage\":\"es\",\"@id\":\"https:\\\/\\\/secure.gravatar.com\\\/avatar\\\/3a8de04a2656d44082be478bd6c086daa447c4651605818287b9532d3d0bd435?s=96&d=mm&r=g\",\"url\":\"https:\\\/\\\/secure.gravatar.com\\\/avatar\\\/3a8de04a2656d44082be478bd6c086daa447c4651605818287b9532d3d0bd435?s=96&d=mm&r=g\",\"contentUrl\":\"https:\\\/\\\/secure.gravatar.com\\\/avatar\\\/3a8de04a2656d44082be478bd6c086daa447c4651605818287b9532d3d0bd435?s=96&d=mm&r=g\",\"caption\":\"Lo viste en Los Pol\u00edticos\"},\"url\":\"https:\\\/\\\/lospoliticosveracruz.com\\\/?author=2\"}]}<\/script>\n<!-- \/ Yoast SEO plugin. -->","yoast_head_json":{"title":"Ch\u00edo Cruz ser\u00e1 alcaldesa de Acula - Los pol\u00edticos Veracruz","robots":{"index":"index","follow":"follow","max-snippet":"max-snippet:-1","max-image-preview":"max-image-preview:large","max-video-preview":"max-video-preview:-1"},"canonical":"https:\/\/lospoliticosveracruz.com\/?p=73277","og_locale":"es_ES","og_type":"article","og_title":"Ch\u00edo Cruz ser\u00e1 alcaldesa de Acula - Los pol\u00edticos Veracruz","og_description":"Eduardo Venegas Naranjo. Aqu\u00ed Entre Nos\u2026 Contin\u00faan avanzando los candidatos en la regi\u00f3n, con miras a llegar fortalecidos a la elecci\u00f3n del 6 de junio; tal como es el caso de Roc\u00edo Cruz Dom\u00ednguez quien es la candidata a la alcald\u00eda de Acula por la alianza, Partido Verde, Morena, Partido del Trabajo; quien tiene m\u00e1s [&hellip;]","og_url":"https:\/\/lospoliticosveracruz.com\/?p=73277","og_site_name":"Los pol\u00edticos Veracruz","article_publisher":"https:\/\/www.facebook.com\/people\/Notimemes-de-los-Polticos\/61565672886568\/","article_published_time":"2021-05-18T13:34:50+00:00","article_modified_time":"2021-05-18T13:34:53+00:00","og_image":[{"url":"http:\/\/www.lospoliticosveracruz.com.mx\/wp-content\/uploads\/2021\/05\/Batalla-Cordoba.jpeg","type":"","width":"","height":""}],"author":"Lo viste en Los Pol\u00edticos","twitter_card":"summary_large_image","twitter_creator":"@LosPoliticosVer","twitter_site":"@LosPoliticosVer","twitter_misc":{"Escrito por":"Lo viste en Los Pol\u00edticos","Tiempo de lectura":"2 minutos"},"schema":{"@context":"https:\/\/schema.org","@graph":[{"@type":"Article","@id":"https:\/\/lospoliticosveracruz.com\/?p=73277#article","isPartOf":{"@id":"https:\/\/lospoliticosveracruz.com\/?p=73277"},"author":{"name":"Lo viste en Los Pol\u00edticos","@id":"https:\/\/lospoliticosveracruz.com\/#\/schema\/person\/b8702bb0e538456e6efd07080bf2a4a2"},"headline":"Ch\u00edo Cruz ser\u00e1 alcaldesa de Acula","datePublished":"2021-05-18T13:34:50+00:00","dateModified":"2021-05-18T13:34:53+00:00","mainEntityOfPage":{"@id":"https:\/\/lospoliticosveracruz.com\/?p=73277"},"wordCount":409,"publisher":{"@id":"https:\/\/lospoliticosveracruz.com\/#organization"},"image":{"@id":"https:\/\/lospoliticosveracruz.com\/?p=73277#primaryimage"},"thumbnailUrl":"http:\/\/www.lospoliticosveracruz.com.mx\/wp-content\/uploads\/2021\/05\/Batalla-Cordoba.jpeg","keywords":["Carlos Flores Calderon","Eduardo Venegas Naranjo","Lizzette Alvarez","MORENA-PVEM-PT","Roc\u00edo Cruz Dom\u00ednguez","Tavo Ru\u00edz"],"articleSection":["De Opini\u00f3n"],"inLanguage":"es"},{"@type":"WebPage","@id":"https:\/\/lospoliticosveracruz.com\/?p=73277","url":"https:\/\/lospoliticosveracruz.com\/?p=73277","name":"Ch\u00edo Cruz ser\u00e1 alcaldesa de Acula - Los pol\u00edticos Veracruz","isPartOf":{"@id":"https:\/\/lospoliticosveracruz.com\/#website"},"primaryImageOfPage":{"@id":"https:\/\/lospoliticosveracruz.com\/?p=73277#primaryimage"},"image":{"@id":"https:\/\/lospoliticosveracruz.com\/?p=73277#primaryimage"},"thumbnailUrl":"http:\/\/www.lospoliticosveracruz.com.mx\/wp-content\/uploads\/2021\/05\/Batalla-Cordoba.jpeg","datePublished":"2021-05-18T13:34:50+00:00","dateModified":"2021-05-18T13:34:53+00:00","breadcrumb":{"@id":"https:\/\/lospoliticosveracruz.com\/?p=73277#breadcrumb"},"inLanguage":"es","potentialAction":[{"@type":"ReadAction","target":["https:\/\/lospoliticosveracruz.com\/?p=73277"]}]},{"@type":"ImageObject","inLanguage":"es","@id":"https:\/\/lospoliticosveracruz.com\/?p=73277#primaryimage","url":"http:\/\/www.lospoliticosveracruz.com.mx\/wp-content\/uploads\/2021\/05\/Batalla-Cordoba.jpeg","contentUrl":"http:\/\/www.lospoliticosveracruz.com.mx\/wp-content\/uploads\/2021\/05\/Batalla-Cordoba.jpeg"},{"@type":"BreadcrumbList","@id":"https:\/\/lospoliticosveracruz.com\/?p=73277#breadcrumb","itemListElement":[{"@type":"ListItem","position":1,"name":"Portada","item":"https:\/\/lospoliticosveracruz.com\/"},{"@type":"ListItem","position":2,"name":"Ch\u00edo Cruz ser\u00e1 alcaldesa de Acula"}]},{"@type":"WebSite","@id":"https:\/\/lospoliticosveracruz.com\/#website","url":"https:\/\/lospoliticosveracruz.com\/","name":"Los pol\u00edticos Veracruz","description":"","publisher":{"@id":"https:\/\/lospoliticosveracruz.com\/#organization"},"potentialAction":[{"@type":"SearchAction","target":{"@type":"EntryPoint","urlTemplate":"https:\/\/lospoliticosveracruz.com\/?s={search_term_string}"},"query-input":{"@type":"PropertyValueSpecification","valueRequired":true,"valueName":"search_term_string"}}],"inLanguage":"es"},{"@type":"Organization","@id":"https:\/\/lospoliticosveracruz.com\/#organization","name":"Los pol\u00edticos Veracruz","url":"https:\/\/lospoliticosveracruz.com\/","logo":{"@type":"ImageObject","inLanguage":"es","@id":"https:\/\/lospoliticosveracruz.com\/#\/schema\/logo\/image\/","url":"https:\/\/lospoliticosveracruz.com\/wp-content\/uploads\/2025\/12\/Logo-Nuevo-LOS-POLITICOS-1.jpg","contentUrl":"https:\/\/lospoliticosveracruz.com\/wp-content\/uploads\/2025\/12\/Logo-Nuevo-LOS-POLITICOS-1.jpg","width":260,"height":70,"caption":"Los pol\u00edticos Veracruz"},"image":{"@id":"https:\/\/lospoliticosveracruz.com\/#\/schema\/logo\/image\/"},"sameAs":["https:\/\/www.facebook.com\/people\/Notimemes-de-los-Polticos\/61565672886568\/","https:\/\/x.com\/LosPoliticosVer"]},{"@type":"Person","@id":"https:\/\/lospoliticosveracruz.com\/#\/schema\/person\/b8702bb0e538456e6efd07080bf2a4a2","name":"Lo viste en Los Pol\u00edticos","image":{"@type":"ImageObject","inLanguage":"es","@id":"https:\/\/secure.gravatar.com\/avatar\/3a8de04a2656d44082be478bd6c086daa447c4651605818287b9532d3d0bd435?s=96&d=mm&r=g","url":"https:\/\/secure.gravatar.com\/avatar\/3a8de04a2656d44082be478bd6c086daa447c4651605818287b9532d3d0bd435?s=96&d=mm&r=g","contentUrl":"https:\/\/secure.gravatar.com\/avatar\/3a8de04a2656d44082be478bd6c086daa447c4651605818287b9532d3d0bd435?s=96&d=mm&r=g","caption":"Lo viste en Los Pol\u00edticos"},"url":"https:\/\/lospoliticosveracruz.com\/?author=2"}]}},"_links":{"self":[{"href":"https:\/\/lospoliticosveracruz.com\/index.php?rest_route=\/wp\/v2\/posts\/73277","targetHints":{"allow":["GET"]}}],"collection":[{"href":"https:\/\/lospoliticosveracruz.com\/index.php?rest_route=\/wp\/v2\/posts"}],"about":[{"href":"https:\/\/lospoliticosveracruz.com\/index.php?rest_route=\/wp\/v2\/types\/post"}],"author":[{"embeddable":true,"href":"https:\/\/lospoliticosveracruz.com\/index.php?rest_route=\/wp\/v2\/users\/2"}],"replies":[{"embeddable":true,"href":"https:\/\/lospoliticosveracruz.com\/index.php?rest_route=%2Fwp%2Fv2%2Fcomments&post=73277"}],"version-history":[{"count":1,"href":"https:\/\/lospoliticosveracruz.com\/index.php?rest_route=\/wp\/v2\/posts\/73277\/revisions"}],"predecessor-version":[{"id":73279,"href":"https:\/\/lospoliticosveracruz.com\/index.php?rest_route=\/wp\/v2\/posts\/73277\/revisions\/73279"}],"wp:attachment":[{"href":"https:\/\/lospoliticosveracruz.com\/index.php?rest_route=%2Fwp%2Fv2%2Fmedia&parent=73277"}],"wp:term":[{"taxonomy":"category","embeddable":true,"href":"https:\/\/lospoliticosveracruz.com\/index.php?rest_route=%2Fwp%2Fv2%2Fcategories&post=73277"},{"taxonomy":"post_tag","embeddable":true,"href":"https:\/\/lospoliticosveracruz.com\/index.php?rest_route=%2Fwp%2Fv2%2Ftags&post=73277"}],"curies":[{"name":"wp","href":"https:\/\/api.w.org\/{rel}","templated":true}]}}