{"id":73280,"date":"2021-05-18T08:40:21","date_gmt":"2021-05-18T13:40:21","guid":{"rendered":"http:\/\/www.lospoliticosveracruz.com.mx\/?p=73280"},"modified":"2021-05-18T08:40:25","modified_gmt":"2021-05-18T13:40:25","slug":"exsome-unanue-y-chiquis-isleno","status":"publish","type":"post","link":"https:\/\/lospoliticosveracruz.com\/?p=73280","title":{"rendered":"Exsome, Unanue y Chiquis, Isle\u00f1o"},"content":{"rendered":"\n<p>Ricardo Ch\u00faa<br>Sale y Vale<\/p>\n\n\n\n<p>SE FUE DANIEL P\u00c9REZ VALDEZ\u2026 Ayer por la tarde corri\u00f3 la noticia en Veracruz del sorpresivo fallecimiento a causa de un infarto fulminante del l\u00edder ca\u00f1ero, Daniel P\u00e9rez V\u00e1ldez\u2026 Suceso ocurrido en sus oficinas del comit\u00e9 nacional de la Uni\u00f3n de Productores de Ca\u00f1a de la CNC\u2026 Donde se encontraba despachando\u2026 Con la muerte de P\u00e9rez V\u00e1ldez se fue uno de los \u00faltimos \u00edconos de los dirigentes ca\u00f1eros en el pa\u00eds\u2026 Amigo y compadre del tambi\u00e9n malogrado, Juan Carlos Molina Palacio \u00abEl Compayito\u00bb\u2026<br>P\u00e9rez V\u00e1ldez ascendi\u00f3 a la dirigencia nacional ca\u00f1era por el apoyo del entonces gobernador de Veracruz, Miguel Alem\u00e1n Velasco y fue refrendado por Fidel Herrera Beltr\u00e1n\u2026 Su alianza y amistad con Molina Palacios, logr\u00f3 fortalecerlos a ambos en el sector ca\u00f1ero en el pa\u00eds\u2026 A pesar que presuntamente P\u00e9rez V\u00e1ldez, ya no militaba en el PRI, dej\u00f3 amigos dentro del partido. El que pierde un aliado con su partida, es el diputado federal con licencia, H\u00e9ctor Yunes Landa\u2026 P\u00e9rez V\u00e1ldez era uno de sus asociados pol\u00edticos\u2026 QDEP \u2026<\/p>\n\n\n\n<div class=\"wp-block-image\"><figure class=\"alignleft size-large\"><a href=\"http:\/\/www.lospoliticosveracruz.com.mx\/wp-content\/uploads\/2021\/05\/Batalla-Cordoba.jpeg\"><img decoding=\"async\" src=\"http:\/\/www.lospoliticosveracruz.com.mx\/wp-content\/uploads\/2021\/05\/Batalla-Cordoba.jpeg\" alt=\"\" class=\"wp-image-72571\"\/><\/a><\/figure><\/div>\n\n\n\n<p>EL CAMBIO DE EXSOME\u2026 Nos cuentan \u00abGargantas Profundas\u00bb que desde hace unos d\u00edas ya se encuentran operando en Veracruz puerto.. Personajes que le saben a la operaci\u00f3n pol\u00edtica y estrategia electoral dentro de MORENA, a nivel nacional y estatal\u2026 Todo para reforzar la campa\u00f1a de Ricardo Exsome Zapatra a la alcald\u00eda porte\u00f1a\u2026 Donde han visto posibilidades de darle un \u00absusto\u00bb al PAN y a su alianza con el PRI-PRD\u2026 El cambio se ha visto desde el pasado fin de semana\u2026<br>El evento ocurri\u00f3 en la zona rural de Santa Fe el domingo pasado\u2026 Fue la muestra de como se hace un evento pol\u00edtico sin contratiempos, bien organizado y log\u00edsticamente bien operado en todos los aspectos\u2026 Tal como se deben ser los actos del partido en el poder\u2026 Esto puede ser el inicio de una reconversi\u00f3n de la campa\u00f1a de Exsome, a s\u00f3lo 15 d\u00edas que termine este proceso a la alcald\u00eda\u2026 Es ahora o nunca\u2026 La ayuda que le mandaron a la campa\u00f1a de Exsome, sirvi\u00f3\u2026 Se vio todo diferente\u2026 AMEN\u2026<\/p>\n\n\n\n<p>YUNES-UNANUE\u2026 Mientras tanto las campa\u00f1as panistas a las alcald\u00edas de Veracruz y Boca del R\u00edo, de Miguel \u00c1ngel Yunes M\u00e1rquez y Juan Manuel Unanue\u2026 A 15 d\u00edas de haber iniciado, siguen con la misma t\u00e1ctica pol\u00edtica del principio\u2026 No enfrentamiento, no descalificaci\u00f3n, no \u00abgolpeteo\u00bb a ninguno de sus contrincantes\u2026 Ellos se la han pasado en su campa\u00f1a s\u00f3lo proponiendo, proponiendo y proponiendo\u2026 Nadie los saca de ese esquema\u2026 Y les est\u00e1 dando resultados\u2026<br>Yunes y Unanue llevan una campa\u00f1a en conjunto\u2026 Y pese a los ataques y se\u00f1alamientos del gobierno estatal, que han sido evidentes, no les ha sacado de ese esquema\u2026 Ellos dan la percepci\u00f3n de ganadores\u2026 De futuras autoridades municipales y as\u00ed est\u00e1n actuando en esos eventos y sus comunicados oficiales\u2026 Lo cual hace que se perciba que los dos personajes panistas van arriba en las preferencias, uno en alianza y el otro s\u00f3lo con el PAN\u2026 Al final, ellos siguen en lo suyo que es ganar la elecci\u00f3n, sin conflictos\u2026 AM\u00c9N II\u2026<\/p>\n\n\n\n<p>MEDELL\u00cdN, EL DEBATE\u2026 Ayer en el famoso debate que en cada elecci\u00f3n organiza la estaci\u00f3n de la familia Pazos en Veracruz\u2026 Sobre los candidatos a la alcald\u00eda, en esta ocasi\u00f3n les toc\u00f3 a los de Medell\u00edn de Bravo\u2026 Y desde el arranque del encuentro, dos de los m\u00e1s fuertes participantes, el del PAN-PRI-PRD, Gabriel C\u00e1rdenas y el de Movimiento Ciudadano, Memo Herrada, se le fueron encima al del PVEM-MORENA-PT, Marcos Isle\u00f1o Andrade\u2026 Lo quisieron poner como \u00abtrapeador\u00bb pero la estrategia no les funcion\u00f3\u2026 La erraron por completo\u2026<br>Ya que de manera extra\u00f1a\u2026 El panista y el naranja\u2026 Lo acusaron de rara manera, no del tema sobre el cual se\u00f1alaban a Isle\u00f1o, desde antes de la campa\u00f1a, que era de la presunta violencia familiar que incurri\u00f3 el del PVEM en contra de una mujer\u2026 NO\u2026 Lo atacaron se\u00f1al\u00e1ndole que vive en Boca del R\u00edo y no en Medell\u00edn\u2026 Sobre ese tema se le fueron encima\u2026 As\u00ed que m\u00e1s que preocuparse por hacer propuestas, los otros aspirantes se preocuparon m\u00e1s por tratar de manchar la imagen de Isle\u00f1o..<br>Lo cual esto se traduce en un solo argumento\u2026 Que a Marcos Isle\u00f1o tanto Gabriel C\u00e1rdenas y Memo Herrada, lo ven como el candidato a vencer\u2026 Ya que para nadie es un secreto que en ciencia pol\u00edtica es muy claro, que cuando como candidato te dedicas a \u00abgolpear\u00bb al rival pol\u00edtico\u2026 Es porque este va encabezando las encuestas\u2026 Es el \u00abpuntero\u00bb en las simpat\u00edas ciudadanas\u2026 Si no pasar\u00eda como dicen en Medell\u00edn sino fuera as\u00ed\u2026 NI lo \u00abpelaran\u00bb\u2026 As\u00ed se desarroll\u00f3 el debate de ayer\u2026<br>As\u00ed que seguramente en estas dos semanas m\u00e1s que quedan de campa\u00f1as\u2026 Se ver\u00e1 m\u00e1s enrarecido el tema de Medell\u00edn de Bravo\u2026 Donde seguramente intentar\u00e1n bajar con todo lo que tengan en sus manos a Marcos Isle\u00f1o,. el oriundo de La Laguna\u2026 Finalmente el \u00ablodo\u00bb es normal en estos tiempos pol\u00edticos\u2026 Y esto se podr\u00e1 confirmar, si Marcos Isle\u00f1o era s\u00f3lo un \u00abespejismo\u00bb\u2026 Si Gabriel C\u00e1rdenas siempre fue \u00abinflado\u00bb o Memo Herrera no termin\u00f3 de \u00abestirar\u2026 Hasta el 6 de junio pr\u00f3ximo\u2026 CONSUMATUM EST\u2026<\/p>\n\n\n\n<p>MOTA CON PAN\u2026 El que parece ser que ya sabe cu\u00e1l es el camino que debe llevar para lograr el triunfo en su distrito a diputado federal por la alianza \u00abVa por M\u00e9xico\u00bb, en Xalapa rural, es Adolfo Mota Hern\u00e1ndez\u2026 Este personaje ha logrado penetrar con el panismo de esos municipios que conforman la demarcaci\u00f3n alrededor de la capital del Estado, y que las 21 ciudades del distrito, la gran mayor\u00eda las gobierna Acci\u00f3n Nacional\u2026 Pero ahora Mota es el m\u00e1s azul de los rojos.. El m\u00e1s Yunista de Alito\u2026 Es el aliado de Fernando Yunes en el distrito\u2026<br>Mota Hern\u00e1ndez desde hace semanas transita bien con los Yunes Azules, quienes tienen mucha ascendencia sobre sus hom\u00f3logos de su distrito\u2026 Mota ha sabido cultivarlos y ahora eso est\u00e1 rindiendo \u00abfrutos\u00bb a su favor\u2026 Si algo grave, no pasa en su campa\u00f1a y mantiene la armon\u00eda con las autoridades y liderazgos azules siendo rojo\u2026 No tendr\u00e1 problema para triunfar\u2026 M\u00e1s si Ricardo Ahued \u00absuelta de la mano\u00bb a los aspirantes a diputados federales por MORENA en Xalapa\u2026 Ah\u00ed va la suerte de Mota\u2026 AMEN..<\/p>\n","protected":false},"excerpt":{"rendered":"<p>Ricardo Ch\u00faaSale y Vale SE FUE DANIEL P\u00c9REZ VALDEZ\u2026 Ayer por la tarde corri\u00f3 la noticia en Veracruz del sorpresivo fallecimiento a causa de un infarto fulminante del l\u00edder ca\u00f1ero, Daniel P\u00e9rez V\u00e1ldez\u2026 Suceso ocurrido en sus oficinas del comit\u00e9 nacional de la Uni\u00f3n de Productores de Ca\u00f1a de la CNC\u2026 Donde se encontraba despachando\u2026 [&hellip;]<\/p>\n","protected":false},"author":2,"featured_media":0,"comment_status":"closed","ping_status":"closed","sticky":false,"template":"","format":"standard","meta":{"tdm_status":"","tdm_grid_status":"","footnotes":""},"categories":[70],"tags":[28097,17579,21898,18727,1420,28098,536,2327,26715,13604],"class_list":{"0":"post-73280","1":"post","2":"type-post","3":"status-publish","4":"format-standard","6":"category-de-opinion","7":"tag-daniel-perez-valdez","8":"tag-juan-manuel-unanue","9":"tag-lider-canero","10":"tag-marcos-isleno-andrade","11":"tag-medellin-de-bravo","12":"tag-memo-herrada","13":"tag-miguel-angel-yunes-marquez","14":"tag-movimiento-ciudadano","15":"tag-pvem-morena-pt","16":"tag-ricardo-chua"},"yoast_head":"<!-- This site is optimized with the Yoast SEO plugin v27.4 - https:\/\/yoast.com\/product\/yoast-seo-wordpress\/ -->\n<title>Exsome, Unanue y Chiquis, Isle\u00f1o - Los pol\u00edticos Veracruz<\/title>\n<meta name=\"robots\" content=\"index, follow, max-snippet:-1, max-image-preview:large, max-video-preview:-1\" \/>\n<link rel=\"canonical\" href=\"https:\/\/lospoliticosveracruz.com\/?p=73280\" \/>\n<meta property=\"og:locale\" content=\"es_ES\" \/>\n<meta property=\"og:type\" content=\"article\" \/>\n<meta property=\"og:title\" content=\"Exsome, Unanue y Chiquis, Isle\u00f1o - Los pol\u00edticos Veracruz\" \/>\n<meta property=\"og:description\" content=\"Ricardo Ch\u00faaSale y Vale SE FUE DANIEL P\u00c9REZ VALDEZ\u2026 Ayer por la tarde corri\u00f3 la noticia en Veracruz del sorpresivo fallecimiento a causa de un infarto fulminante del l\u00edder ca\u00f1ero, Daniel P\u00e9rez V\u00e1ldez\u2026 Suceso ocurrido en sus oficinas del comit\u00e9 nacional de la Uni\u00f3n de Productores de Ca\u00f1a de la CNC\u2026 Donde se encontraba despachando\u2026 [&hellip;]\" \/>\n<meta property=\"og:url\" content=\"https:\/\/lospoliticosveracruz.com\/?p=73280\" \/>\n<meta property=\"og:site_name\" content=\"Los pol\u00edticos Veracruz\" \/>\n<meta property=\"article:publisher\" content=\"https:\/\/www.facebook.com\/people\/Notimemes-de-los-Polticos\/61565672886568\/\" \/>\n<meta property=\"article:published_time\" content=\"2021-05-18T13:40:21+00:00\" \/>\n<meta property=\"article:modified_time\" content=\"2021-05-18T13:40:25+00:00\" \/>\n<meta property=\"og:image\" content=\"http:\/\/www.lospoliticosveracruz.com.mx\/wp-content\/uploads\/2021\/05\/Batalla-Cordoba.jpeg\" \/>\n<meta name=\"author\" content=\"Lo viste en Los Pol\u00edticos\" \/>\n<meta name=\"twitter:card\" content=\"summary_large_image\" \/>\n<meta name=\"twitter:creator\" content=\"@LosPoliticosVer\" \/>\n<meta name=\"twitter:site\" content=\"@LosPoliticosVer\" \/>\n<meta name=\"twitter:label1\" content=\"Escrito por\" \/>\n\t<meta name=\"twitter:data1\" content=\"Lo viste en Los Pol\u00edticos\" \/>\n\t<meta name=\"twitter:label2\" content=\"Tiempo de lectura\" \/>\n\t<meta name=\"twitter:data2\" content=\"6 minutos\" \/>\n<script type=\"application\/ld+json\" class=\"yoast-schema-graph\">{\"@context\":\"https:\\\/\\\/schema.org\",\"@graph\":[{\"@type\":\"Article\",\"@id\":\"https:\\\/\\\/lospoliticosveracruz.com\\\/?p=73280#article\",\"isPartOf\":{\"@id\":\"https:\\\/\\\/lospoliticosveracruz.com\\\/?p=73280\"},\"author\":{\"name\":\"Lo viste en Los Pol\u00edticos\",\"@id\":\"https:\\\/\\\/lospoliticosveracruz.com\\\/#\\\/schema\\\/person\\\/b8702bb0e538456e6efd07080bf2a4a2\"},\"headline\":\"Exsome, Unanue y Chiquis, Isle\u00f1o\",\"datePublished\":\"2021-05-18T13:40:21+00:00\",\"dateModified\":\"2021-05-18T13:40:25+00:00\",\"mainEntityOfPage\":{\"@id\":\"https:\\\/\\\/lospoliticosveracruz.com\\\/?p=73280\"},\"wordCount\":1148,\"publisher\":{\"@id\":\"https:\\\/\\\/lospoliticosveracruz.com\\\/#organization\"},\"image\":{\"@id\":\"https:\\\/\\\/lospoliticosveracruz.com\\\/?p=73280#primaryimage\"},\"thumbnailUrl\":\"http:\\\/\\\/www.lospoliticosveracruz.com.mx\\\/wp-content\\\/uploads\\\/2021\\\/05\\\/Batalla-Cordoba.jpeg\",\"keywords\":[\"Daniel P\u00e9rez V\u00e1ldez\",\"Juan Manuel Unanue\",\"L\u00edder ca\u00f1ero\",\"Marcos Isle\u00f1o Andrade\",\"Medell\u00edn de Bravo\",\"Memo Herrada\",\"Miguel \u00c1ngel Yunes M\u00e1rquez\",\"Movimiento Ciudadano\",\"PVEM-MORENA-PT\",\"Ricardo Ch\u00faa\"],\"articleSection\":[\"De Opini\u00f3n\"],\"inLanguage\":\"es\"},{\"@type\":\"WebPage\",\"@id\":\"https:\\\/\\\/lospoliticosveracruz.com\\\/?p=73280\",\"url\":\"https:\\\/\\\/lospoliticosveracruz.com\\\/?p=73280\",\"name\":\"Exsome, Unanue y Chiquis, Isle\u00f1o - Los pol\u00edticos Veracruz\",\"isPartOf\":{\"@id\":\"https:\\\/\\\/lospoliticosveracruz.com\\\/#website\"},\"primaryImageOfPage\":{\"@id\":\"https:\\\/\\\/lospoliticosveracruz.com\\\/?p=73280#primaryimage\"},\"image\":{\"@id\":\"https:\\\/\\\/lospoliticosveracruz.com\\\/?p=73280#primaryimage\"},\"thumbnailUrl\":\"http:\\\/\\\/www.lospoliticosveracruz.com.mx\\\/wp-content\\\/uploads\\\/2021\\\/05\\\/Batalla-Cordoba.jpeg\",\"datePublished\":\"2021-05-18T13:40:21+00:00\",\"dateModified\":\"2021-05-18T13:40:25+00:00\",\"breadcrumb\":{\"@id\":\"https:\\\/\\\/lospoliticosveracruz.com\\\/?p=73280#breadcrumb\"},\"inLanguage\":\"es\",\"potentialAction\":[{\"@type\":\"ReadAction\",\"target\":[\"https:\\\/\\\/lospoliticosveracruz.com\\\/?p=73280\"]}]},{\"@type\":\"ImageObject\",\"inLanguage\":\"es\",\"@id\":\"https:\\\/\\\/lospoliticosveracruz.com\\\/?p=73280#primaryimage\",\"url\":\"http:\\\/\\\/www.lospoliticosveracruz.com.mx\\\/wp-content\\\/uploads\\\/2021\\\/05\\\/Batalla-Cordoba.jpeg\",\"contentUrl\":\"http:\\\/\\\/www.lospoliticosveracruz.com.mx\\\/wp-content\\\/uploads\\\/2021\\\/05\\\/Batalla-Cordoba.jpeg\"},{\"@type\":\"BreadcrumbList\",\"@id\":\"https:\\\/\\\/lospoliticosveracruz.com\\\/?p=73280#breadcrumb\",\"itemListElement\":[{\"@type\":\"ListItem\",\"position\":1,\"name\":\"Portada\",\"item\":\"https:\\\/\\\/lospoliticosveracruz.com\\\/\"},{\"@type\":\"ListItem\",\"position\":2,\"name\":\"Exsome, Unanue y Chiquis, Isle\u00f1o\"}]},{\"@type\":\"WebSite\",\"@id\":\"https:\\\/\\\/lospoliticosveracruz.com\\\/#website\",\"url\":\"https:\\\/\\\/lospoliticosveracruz.com\\\/\",\"name\":\"Los pol\u00edticos Veracruz\",\"description\":\"\",\"publisher\":{\"@id\":\"https:\\\/\\\/lospoliticosveracruz.com\\\/#organization\"},\"potentialAction\":[{\"@type\":\"SearchAction\",\"target\":{\"@type\":\"EntryPoint\",\"urlTemplate\":\"https:\\\/\\\/lospoliticosveracruz.com\\\/?s={search_term_string}\"},\"query-input\":{\"@type\":\"PropertyValueSpecification\",\"valueRequired\":true,\"valueName\":\"search_term_string\"}}],\"inLanguage\":\"es\"},{\"@type\":\"Organization\",\"@id\":\"https:\\\/\\\/lospoliticosveracruz.com\\\/#organization\",\"name\":\"Los pol\u00edticos Veracruz\",\"url\":\"https:\\\/\\\/lospoliticosveracruz.com\\\/\",\"logo\":{\"@type\":\"ImageObject\",\"inLanguage\":\"es\",\"@id\":\"https:\\\/\\\/lospoliticosveracruz.com\\\/#\\\/schema\\\/logo\\\/image\\\/\",\"url\":\"https:\\\/\\\/lospoliticosveracruz.com\\\/wp-content\\\/uploads\\\/2025\\\/12\\\/Logo-Nuevo-LOS-POLITICOS-1.jpg\",\"contentUrl\":\"https:\\\/\\\/lospoliticosveracruz.com\\\/wp-content\\\/uploads\\\/2025\\\/12\\\/Logo-Nuevo-LOS-POLITICOS-1.jpg\",\"width\":260,\"height\":70,\"caption\":\"Los pol\u00edticos Veracruz\"},\"image\":{\"@id\":\"https:\\\/\\\/lospoliticosveracruz.com\\\/#\\\/schema\\\/logo\\\/image\\\/\"},\"sameAs\":[\"https:\\\/\\\/www.facebook.com\\\/people\\\/Notimemes-de-los-Polticos\\\/61565672886568\\\/\",\"https:\\\/\\\/x.com\\\/LosPoliticosVer\"]},{\"@type\":\"Person\",\"@id\":\"https:\\\/\\\/lospoliticosveracruz.com\\\/#\\\/schema\\\/person\\\/b8702bb0e538456e6efd07080bf2a4a2\",\"name\":\"Lo viste en Los Pol\u00edticos\",\"image\":{\"@type\":\"ImageObject\",\"inLanguage\":\"es\",\"@id\":\"https:\\\/\\\/secure.gravatar.com\\\/avatar\\\/3a8de04a2656d44082be478bd6c086daa447c4651605818287b9532d3d0bd435?s=96&d=mm&r=g\",\"url\":\"https:\\\/\\\/secure.gravatar.com\\\/avatar\\\/3a8de04a2656d44082be478bd6c086daa447c4651605818287b9532d3d0bd435?s=96&d=mm&r=g\",\"contentUrl\":\"https:\\\/\\\/secure.gravatar.com\\\/avatar\\\/3a8de04a2656d44082be478bd6c086daa447c4651605818287b9532d3d0bd435?s=96&d=mm&r=g\",\"caption\":\"Lo viste en Los Pol\u00edticos\"},\"url\":\"https:\\\/\\\/lospoliticosveracruz.com\\\/?author=2\"}]}<\/script>\n<!-- \/ Yoast SEO plugin. -->","yoast_head_json":{"title":"Exsome, Unanue y Chiquis, Isle\u00f1o - Los pol\u00edticos Veracruz","robots":{"index":"index","follow":"follow","max-snippet":"max-snippet:-1","max-image-preview":"max-image-preview:large","max-video-preview":"max-video-preview:-1"},"canonical":"https:\/\/lospoliticosveracruz.com\/?p=73280","og_locale":"es_ES","og_type":"article","og_title":"Exsome, Unanue y Chiquis, Isle\u00f1o - Los pol\u00edticos Veracruz","og_description":"Ricardo Ch\u00faaSale y Vale SE FUE DANIEL P\u00c9REZ VALDEZ\u2026 Ayer por la tarde corri\u00f3 la noticia en Veracruz del sorpresivo fallecimiento a causa de un infarto fulminante del l\u00edder ca\u00f1ero, Daniel P\u00e9rez V\u00e1ldez\u2026 Suceso ocurrido en sus oficinas del comit\u00e9 nacional de la Uni\u00f3n de Productores de Ca\u00f1a de la CNC\u2026 Donde se encontraba despachando\u2026 [&hellip;]","og_url":"https:\/\/lospoliticosveracruz.com\/?p=73280","og_site_name":"Los pol\u00edticos Veracruz","article_publisher":"https:\/\/www.facebook.com\/people\/Notimemes-de-los-Polticos\/61565672886568\/","article_published_time":"2021-05-18T13:40:21+00:00","article_modified_time":"2021-05-18T13:40:25+00:00","og_image":[{"url":"http:\/\/www.lospoliticosveracruz.com.mx\/wp-content\/uploads\/2021\/05\/Batalla-Cordoba.jpeg","type":"","width":"","height":""}],"author":"Lo viste en Los Pol\u00edticos","twitter_card":"summary_large_image","twitter_creator":"@LosPoliticosVer","twitter_site":"@LosPoliticosVer","twitter_misc":{"Escrito por":"Lo viste en Los Pol\u00edticos","Tiempo de lectura":"6 minutos"},"schema":{"@context":"https:\/\/schema.org","@graph":[{"@type":"Article","@id":"https:\/\/lospoliticosveracruz.com\/?p=73280#article","isPartOf":{"@id":"https:\/\/lospoliticosveracruz.com\/?p=73280"},"author":{"name":"Lo viste en Los Pol\u00edticos","@id":"https:\/\/lospoliticosveracruz.com\/#\/schema\/person\/b8702bb0e538456e6efd07080bf2a4a2"},"headline":"Exsome, Unanue y Chiquis, Isle\u00f1o","datePublished":"2021-05-18T13:40:21+00:00","dateModified":"2021-05-18T13:40:25+00:00","mainEntityOfPage":{"@id":"https:\/\/lospoliticosveracruz.com\/?p=73280"},"wordCount":1148,"publisher":{"@id":"https:\/\/lospoliticosveracruz.com\/#organization"},"image":{"@id":"https:\/\/lospoliticosveracruz.com\/?p=73280#primaryimage"},"thumbnailUrl":"http:\/\/www.lospoliticosveracruz.com.mx\/wp-content\/uploads\/2021\/05\/Batalla-Cordoba.jpeg","keywords":["Daniel P\u00e9rez V\u00e1ldez","Juan Manuel Unanue","L\u00edder ca\u00f1ero","Marcos Isle\u00f1o Andrade","Medell\u00edn de Bravo","Memo Herrada","Miguel \u00c1ngel Yunes M\u00e1rquez","Movimiento Ciudadano","PVEM-MORENA-PT","Ricardo Ch\u00faa"],"articleSection":["De Opini\u00f3n"],"inLanguage":"es"},{"@type":"WebPage","@id":"https:\/\/lospoliticosveracruz.com\/?p=73280","url":"https:\/\/lospoliticosveracruz.com\/?p=73280","name":"Exsome, Unanue y Chiquis, Isle\u00f1o - Los pol\u00edticos Veracruz","isPartOf":{"@id":"https:\/\/lospoliticosveracruz.com\/#website"},"primaryImageOfPage":{"@id":"https:\/\/lospoliticosveracruz.com\/?p=73280#primaryimage"},"image":{"@id":"https:\/\/lospoliticosveracruz.com\/?p=73280#primaryimage"},"thumbnailUrl":"http:\/\/www.lospoliticosveracruz.com.mx\/wp-content\/uploads\/2021\/05\/Batalla-Cordoba.jpeg","datePublished":"2021-05-18T13:40:21+00:00","dateModified":"2021-05-18T13:40:25+00:00","breadcrumb":{"@id":"https:\/\/lospoliticosveracruz.com\/?p=73280#breadcrumb"},"inLanguage":"es","potentialAction":[{"@type":"ReadAction","target":["https:\/\/lospoliticosveracruz.com\/?p=73280"]}]},{"@type":"ImageObject","inLanguage":"es","@id":"https:\/\/lospoliticosveracruz.com\/?p=73280#primaryimage","url":"http:\/\/www.lospoliticosveracruz.com.mx\/wp-content\/uploads\/2021\/05\/Batalla-Cordoba.jpeg","contentUrl":"http:\/\/www.lospoliticosveracruz.com.mx\/wp-content\/uploads\/2021\/05\/Batalla-Cordoba.jpeg"},{"@type":"BreadcrumbList","@id":"https:\/\/lospoliticosveracruz.com\/?p=73280#breadcrumb","itemListElement":[{"@type":"ListItem","position":1,"name":"Portada","item":"https:\/\/lospoliticosveracruz.com\/"},{"@type":"ListItem","position":2,"name":"Exsome, Unanue y Chiquis, Isle\u00f1o"}]},{"@type":"WebSite","@id":"https:\/\/lospoliticosveracruz.com\/#website","url":"https:\/\/lospoliticosveracruz.com\/","name":"Los pol\u00edticos Veracruz","description":"","publisher":{"@id":"https:\/\/lospoliticosveracruz.com\/#organization"},"potentialAction":[{"@type":"SearchAction","target":{"@type":"EntryPoint","urlTemplate":"https:\/\/lospoliticosveracruz.com\/?s={search_term_string}"},"query-input":{"@type":"PropertyValueSpecification","valueRequired":true,"valueName":"search_term_string"}}],"inLanguage":"es"},{"@type":"Organization","@id":"https:\/\/lospoliticosveracruz.com\/#organization","name":"Los pol\u00edticos Veracruz","url":"https:\/\/lospoliticosveracruz.com\/","logo":{"@type":"ImageObject","inLanguage":"es","@id":"https:\/\/lospoliticosveracruz.com\/#\/schema\/logo\/image\/","url":"https:\/\/lospoliticosveracruz.com\/wp-content\/uploads\/2025\/12\/Logo-Nuevo-LOS-POLITICOS-1.jpg","contentUrl":"https:\/\/lospoliticosveracruz.com\/wp-content\/uploads\/2025\/12\/Logo-Nuevo-LOS-POLITICOS-1.jpg","width":260,"height":70,"caption":"Los pol\u00edticos Veracruz"},"image":{"@id":"https:\/\/lospoliticosveracruz.com\/#\/schema\/logo\/image\/"},"sameAs":["https:\/\/www.facebook.com\/people\/Notimemes-de-los-Polticos\/61565672886568\/","https:\/\/x.com\/LosPoliticosVer"]},{"@type":"Person","@id":"https:\/\/lospoliticosveracruz.com\/#\/schema\/person\/b8702bb0e538456e6efd07080bf2a4a2","name":"Lo viste en Los Pol\u00edticos","image":{"@type":"ImageObject","inLanguage":"es","@id":"https:\/\/secure.gravatar.com\/avatar\/3a8de04a2656d44082be478bd6c086daa447c4651605818287b9532d3d0bd435?s=96&d=mm&r=g","url":"https:\/\/secure.gravatar.com\/avatar\/3a8de04a2656d44082be478bd6c086daa447c4651605818287b9532d3d0bd435?s=96&d=mm&r=g","contentUrl":"https:\/\/secure.gravatar.com\/avatar\/3a8de04a2656d44082be478bd6c086daa447c4651605818287b9532d3d0bd435?s=96&d=mm&r=g","caption":"Lo viste en Los Pol\u00edticos"},"url":"https:\/\/lospoliticosveracruz.com\/?author=2"}]}},"_links":{"self":[{"href":"https:\/\/lospoliticosveracruz.com\/index.php?rest_route=\/wp\/v2\/posts\/73280","targetHints":{"allow":["GET"]}}],"collection":[{"href":"https:\/\/lospoliticosveracruz.com\/index.php?rest_route=\/wp\/v2\/posts"}],"about":[{"href":"https:\/\/lospoliticosveracruz.com\/index.php?rest_route=\/wp\/v2\/types\/post"}],"author":[{"embeddable":true,"href":"https:\/\/lospoliticosveracruz.com\/index.php?rest_route=\/wp\/v2\/users\/2"}],"replies":[{"embeddable":true,"href":"https:\/\/lospoliticosveracruz.com\/index.php?rest_route=%2Fwp%2Fv2%2Fcomments&post=73280"}],"version-history":[{"count":1,"href":"https:\/\/lospoliticosveracruz.com\/index.php?rest_route=\/wp\/v2\/posts\/73280\/revisions"}],"predecessor-version":[{"id":73286,"href":"https:\/\/lospoliticosveracruz.com\/index.php?rest_route=\/wp\/v2\/posts\/73280\/revisions\/73286"}],"wp:attachment":[{"href":"https:\/\/lospoliticosveracruz.com\/index.php?rest_route=%2Fwp%2Fv2%2Fmedia&parent=73280"}],"wp:term":[{"taxonomy":"category","embeddable":true,"href":"https:\/\/lospoliticosveracruz.com\/index.php?rest_route=%2Fwp%2Fv2%2Fcategories&post=73280"},{"taxonomy":"post_tag","embeddable":true,"href":"https:\/\/lospoliticosveracruz.com\/index.php?rest_route=%2Fwp%2Fv2%2Ftags&post=73280"}],"curies":[{"name":"wp","href":"https:\/\/api.w.org\/{rel}","templated":true}]}}