{"id":73299,"date":"2021-05-18T12:58:25","date_gmt":"2021-05-18T17:58:25","guid":{"rendered":"http:\/\/www.lospoliticosveracruz.com.mx\/?p=73299"},"modified":"2021-05-18T12:58:31","modified_gmt":"2021-05-18T17:58:31","slug":"sigue-recesion-desempleo-e-informalidad","status":"publish","type":"post","link":"https:\/\/lospoliticosveracruz.com\/?p=73299","title":{"rendered":"Sigue recesi\u00f3n, desempleo e informalidad"},"content":{"rendered":"\n<p><strong>Rafael Arias Hern\u00e1ndez<\/strong><\/p>\n\n\n\n<p><em>Mutatis Mutandis<br><\/em><\/p>\n\n\n\n<p><br>\u00bfQui\u00e9nes asumieron m\u00e1s sacrificio, por los recientes ajustes y efectos provocados en los mercados del trabajo?.<br>Ahora se sabe que, \u00ab\u2026el impacto ha ca\u00eddo desproporcionadamente sobre las mujeres; el 84% de los 1.6 millones de personas que salieron de la fuerza laboral #PEA eran mujeres y 7 de cada 10 personas de los 2.1 millones que ya no est\u00e1n ocupadas, tambi\u00e9n eran mujeres\u2026\u00bb (Julio A. Santaella.240521)<br>Esto y m\u00e1s, con base en informaci\u00f3n, del primer trimestre de 2021, derivada de la encuesta de ocupaci\u00f3n y empleo (ENOE) del INEGI.<\/p>\n\n\n\n<div class=\"wp-block-image\"><figure class=\"alignleft size-large\"><a href=\"http:\/\/www.lospoliticosveracruz.com.mx\/wp-content\/uploads\/2021\/05\/Batalla-Cordoba.jpeg\"><img decoding=\"async\" src=\"http:\/\/www.lospoliticosveracruz.com.mx\/wp-content\/uploads\/2021\/05\/Batalla-Cordoba.jpeg\" alt=\"\" class=\"wp-image-72571\"\/><\/a><\/figure><\/div>\n\n\n\n<p><br>Hablar de recesi\u00f3n, desempleo e informalidad, brinda otra oportunidad m\u00e1s para recordar, que uno de los ejes centrales de una acertada pol\u00edtica gubernamental, lo es la atenci\u00f3n oportuna, suficiente y eficaz de la econom\u00eda; empezando por asegurar crecimiento y creaci\u00f3n sostenida de fuentes de ocupaci\u00f3n, tanto para el trabajador como para el empresario y la poblaci\u00f3n en general.<br>As\u00ed, este breve comentario se enfoca, a resaltar la importancia tanto de empleos formales, como de la informalidad en todas sus formas.<br>Preocupante, si se consideran situaci\u00f3n y evoluci\u00f3n recientes, de las crisis econ\u00f3mica nacional e internacional.<br>En este contexto, en relaci\u00f3n con el a\u00f1o anterior, el Instituto Nacional de Estad\u00edstica y Geograf\u00eda (INEGI) y otras fuentes oficiales, dan a conocer su estimaci\u00f3n oportuna del Producto Interno Bruto (PIB).<br>Con series desestacionalizadas, para marzo de 2021, se reporta crecimiento de 0.4% respecto al trimestre anterior, y una ca\u00edda en t\u00e9rminos reales de 2.9%, en relaci\u00f3n con el primer trimestre de 2020.<br>Por actividades econ\u00f3micas, los decrementos fueron de 3.6% del PIB de las Actividades Terciarias y de 2.3 para el de las Secundarias; en tanto que el de las Actividades Primarias se increment\u00f3 2.8% frente a igual trimestre de 2020. (INEGI .Comunicado de prensa n\u00fam. 261\/21, del 30 de abril de 2021)<br>Adem\u00e1s, de acuerdo a la variaci\u00f3n porcentual (%) real, respecto a igual periodo del a\u00f1o anterior. INEGI difunde que para 2020, el Sistema de Cuentas Nacionales, el indicador trimestral de actividad econ\u00f3mica, (ITAEE), la variaci\u00f3n porcentual, fue de: IT20. (-) 1.3; IIT20, (-) 18.5; IIIT, (-) 8.4; IVT (-) 4.1; que resulta anual de, (-) 8.1.<br>Las cifras precisan y comprueban los alcances de la recesi\u00f3n y su tendencia real.<br>En todo caso, se puede verificar una persistente ca\u00edda de la econom\u00eda mexicana, de cuando menos seis trimestres consecutivos, al identificarse el \u00faltimo trimestre de 2019 con crecimiento negativo: IVT19. (-) 0.6<br>\u00abLa cifra del PIB en el cuarto trimestre de 2020 fue de 248.982 millones de euros, con lo que M\u00e9xico se situaba como la econom\u00eda n\u00famero 14 en el ranking de PIB trimestral de los 51 pa\u00edses que publicamos\u2026M\u00e9xico tiene un PIB Per c\u00e1pita trimestral de 1.948\u20ac euros, -317 euros menor que en el mismo trimestre del a\u00f1o anterior, cuando fue de 2.265 euros.\u00bb (Expansion.DatosMacro.150521)<br>En efecto, a nivel mundial expresado en euros, Expansi\u00f3n reporta que el PIB de M\u00e9xico 2019 fue de 1, 133,905; mientras que para 2020 llego a 948,009. Resultando una reducci\u00f3n de 145,896, o sea -8.2%.<br>Y en cuando PIB per c\u00e1pita, se pas\u00f3 de 8,958 en 2019, a la cantidad de 7,379 para 2020. Reduci\u00e9ndose 1,579, o sea un -17%.<br>Recesi\u00f3n y crisis que prevalecen y se padecen. Retroceso y p\u00e9rdidas inocultables. Siguen los esfuerzos de reactivaci\u00f3n, ante una nueva realidad m\u00e1s dif\u00edcil y compleja, que exige conocerse y atenderse bien y a tiempo, o las condiciones se agravar\u00e1n, incrementando los cr\u00edticos nivel de hambre y pobreza alcanzados.<br>En 2020, Veracruz retrocedi\u00f3 (-8.2%). Y por trimestre: IT20, (-0.3%); IIT20, (-16.5%); IIIT, (-9.9%); y IVT, (-6.3%)<br><strong>LO FORMAL Y LO INFORMAL.<br><\/strong>Oportuno se\u00f1alar, aunque sea en forma breve y general, los efectos de la crisis tanto en empleo formal, como en informalidad.<br>As\u00ed, de acuerdo con el IMSS, los trabajadores asegurados en 2019 fueron 20, 440,029, pasando al 2020 con 19, 926,017.<br>Reducci\u00f3n anual de 474,012 empleos.<br>Para Veracruz, la situaci\u00f3n es parecida. En 2019 contaba con 751,959, y para 2020 alcanz\u00f3 734,565.<br>La reducci\u00f3n anual lleg\u00f3 a 17,384.<br>La misma comparaci\u00f3n anual, de marzo a marzo, fue para 2019 de 765,330, y para 2020 de 729,835. Veracruz redujo 35,495.<br>De todos modos, nacional y estatalmente, se trabaja en la recuperaci\u00f3n, pero sigue la falta de creaci\u00f3n de nuevos empleos, suficientes para recuperar, los niveles alcanzados a\u00f1os antes.<\/p>\n\n\n\n<p>La informalidad a su vez, caracteriza a diversas actividades de muchas empresas y trabajadores, organizaciones y grupos. Su presencia y operaci\u00f3n en parte ilegal y sin control, es tambi\u00e9n una salida o soluci\u00f3n, para la subsistencia de mayor\u00edas que no encuentran oportunidades, y que recurren a este tipo de salida o alternativa. Aunque se caracteriza por la negaci\u00f3n de derechos y la evasi\u00f3n de responsabilidades de diversos tipos: fiscales, laborales, etc.<br>Es m\u00e1s, con frecuencia se le atribuyen, condiciones y consecuencias adversas a los trabajadores informales tanto independientes como contratados, como la poca seguridad, estabilidad y atenci\u00f3n, as\u00ed como la falta o reducci\u00f3n dr\u00e1stica de seguridad y prestaciones sociales, y de oportunidades y derechos.<br><strong>\u00abEn 2019, 23% del PIB fue informal y se gener\u00f3 por el 56.5% de la poblaci\u00f3n ocupada\u00bb<br><\/strong>Para 2020, tan solo al mes de mayo alcanz\u00f3 30.8 millones de personas, el 51.8% de la poblaci\u00f3n econ\u00f3micamente activa del pa\u00eds. Y para 2021, se reportaba que la ocupaci\u00f3n informal fue de 29.4 millones, con una Tasa de Informalidad Laboral 1 (TIL1) de 55%, cifra inferior 0.7 % comparada con la de febrero de 2020<br>Crisis y efectos pand\u00e9micos, contuvieron informalidad y disminuyeron su presencia. Hecho poco frecuente, pero que sin duda favorece al crecimiento de hambre y pobreza, a la inseguridad y complicaci\u00f3n, de las diversas problem\u00e1ticas que se padecen y a los da\u00f1os y sacrificios que causan<br>En fin, seg\u00fan el gobierno mexicano: \u00abla ocupaci\u00f3n fue menor en 2.1 millones en el primer trimestre de 2021 respecto al mismo periodo de 2020. Mientras que la desocupada aument\u00f3 en 455 mil personas\u00bb<br>Mucho que seguir y comentar de estos temas.<\/p>\n\n\n\n<p>Academico.IIESESUV @RafaelAriasH,Facebook:VeracruzHoydeRafaelAriasH<\/p>\n","protected":false},"excerpt":{"rendered":"<p>Rafael Arias Hern\u00e1ndez Mutatis Mutandis \u00bfQui\u00e9nes asumieron m\u00e1s sacrificio, por los recientes ajustes y efectos provocados en los mercados del trabajo?.Ahora se sabe que, \u00ab\u2026el impacto ha ca\u00eddo desproporcionadamente sobre las mujeres; el 84% de los 1.6 millones de personas que salieron de la fuerza laboral #PEA eran mujeres y 7 de cada 10 personas [&hellip;]<\/p>\n","protected":false},"author":2,"featured_media":0,"comment_status":"closed","ping_status":"closed","sticky":false,"template":"","format":"standard","meta":{"tdm_status":"","tdm_grid_status":"","footnotes":""},"categories":[70],"tags":[7037,178,734,28103,8032,16640],"class_list":{"0":"post-73299","1":"post","2":"type-post","3":"status-publish","4":"format-standard","6":"category-de-opinion","7":"tag-desempleo","8":"tag-inegi","9":"tag-informalidad","10":"tag-pea","11":"tag-rafael-arias-hernandez","12":"tag-recesion"},"yoast_head":"<!-- This site is optimized with the Yoast SEO plugin v27.4 - https:\/\/yoast.com\/product\/yoast-seo-wordpress\/ -->\n<title>Sigue recesi\u00f3n, desempleo e informalidad - Los pol\u00edticos Veracruz<\/title>\n<meta name=\"robots\" content=\"index, follow, max-snippet:-1, max-image-preview:large, max-video-preview:-1\" \/>\n<link rel=\"canonical\" href=\"https:\/\/lospoliticosveracruz.com\/?p=73299\" \/>\n<meta property=\"og:locale\" content=\"es_ES\" \/>\n<meta property=\"og:type\" content=\"article\" \/>\n<meta property=\"og:title\" content=\"Sigue recesi\u00f3n, desempleo e informalidad - Los pol\u00edticos Veracruz\" \/>\n<meta property=\"og:description\" content=\"Rafael Arias Hern\u00e1ndez Mutatis Mutandis \u00bfQui\u00e9nes asumieron m\u00e1s sacrificio, por los recientes ajustes y efectos provocados en los mercados del trabajo?.Ahora se sabe que, \u00ab\u2026el impacto ha ca\u00eddo desproporcionadamente sobre las mujeres; el 84% de los 1.6 millones de personas que salieron de la fuerza laboral #PEA eran mujeres y 7 de cada 10 personas [&hellip;]\" \/>\n<meta property=\"og:url\" content=\"https:\/\/lospoliticosveracruz.com\/?p=73299\" \/>\n<meta property=\"og:site_name\" content=\"Los pol\u00edticos Veracruz\" \/>\n<meta property=\"article:publisher\" content=\"https:\/\/www.facebook.com\/people\/Notimemes-de-los-Polticos\/61565672886568\/\" \/>\n<meta property=\"article:published_time\" content=\"2021-05-18T17:58:25+00:00\" \/>\n<meta property=\"article:modified_time\" content=\"2021-05-18T17:58:31+00:00\" \/>\n<meta property=\"og:image\" content=\"http:\/\/www.lospoliticosveracruz.com.mx\/wp-content\/uploads\/2021\/05\/Batalla-Cordoba.jpeg\" \/>\n<meta name=\"author\" content=\"Lo viste en Los Pol\u00edticos\" \/>\n<meta name=\"twitter:card\" content=\"summary_large_image\" \/>\n<meta name=\"twitter:creator\" content=\"@LosPoliticosVer\" \/>\n<meta name=\"twitter:site\" content=\"@LosPoliticosVer\" \/>\n<meta name=\"twitter:label1\" content=\"Escrito por\" \/>\n\t<meta name=\"twitter:data1\" content=\"Lo viste en Los Pol\u00edticos\" \/>\n\t<meta name=\"twitter:label2\" content=\"Tiempo de lectura\" \/>\n\t<meta name=\"twitter:data2\" content=\"5 minutos\" \/>\n<script type=\"application\/ld+json\" class=\"yoast-schema-graph\">{\"@context\":\"https:\\\/\\\/schema.org\",\"@graph\":[{\"@type\":\"Article\",\"@id\":\"https:\\\/\\\/lospoliticosveracruz.com\\\/?p=73299#article\",\"isPartOf\":{\"@id\":\"https:\\\/\\\/lospoliticosveracruz.com\\\/?p=73299\"},\"author\":{\"name\":\"Lo viste en Los Pol\u00edticos\",\"@id\":\"https:\\\/\\\/lospoliticosveracruz.com\\\/#\\\/schema\\\/person\\\/b8702bb0e538456e6efd07080bf2a4a2\"},\"headline\":\"Sigue recesi\u00f3n, desempleo e informalidad\",\"datePublished\":\"2021-05-18T17:58:25+00:00\",\"dateModified\":\"2021-05-18T17:58:31+00:00\",\"mainEntityOfPage\":{\"@id\":\"https:\\\/\\\/lospoliticosveracruz.com\\\/?p=73299\"},\"wordCount\":1011,\"publisher\":{\"@id\":\"https:\\\/\\\/lospoliticosveracruz.com\\\/#organization\"},\"image\":{\"@id\":\"https:\\\/\\\/lospoliticosveracruz.com\\\/?p=73299#primaryimage\"},\"thumbnailUrl\":\"http:\\\/\\\/www.lospoliticosveracruz.com.mx\\\/wp-content\\\/uploads\\\/2021\\\/05\\\/Batalla-Cordoba.jpeg\",\"keywords\":[\"Desempleo\",\"Inegi\",\"informalidad\",\"PEA\",\"Rafael Arias Hern\u00e1ndez\",\"recesi\u00f3n\"],\"articleSection\":[\"De Opini\u00f3n\"],\"inLanguage\":\"es\"},{\"@type\":\"WebPage\",\"@id\":\"https:\\\/\\\/lospoliticosveracruz.com\\\/?p=73299\",\"url\":\"https:\\\/\\\/lospoliticosveracruz.com\\\/?p=73299\",\"name\":\"Sigue recesi\u00f3n, desempleo e informalidad - Los pol\u00edticos Veracruz\",\"isPartOf\":{\"@id\":\"https:\\\/\\\/lospoliticosveracruz.com\\\/#website\"},\"primaryImageOfPage\":{\"@id\":\"https:\\\/\\\/lospoliticosveracruz.com\\\/?p=73299#primaryimage\"},\"image\":{\"@id\":\"https:\\\/\\\/lospoliticosveracruz.com\\\/?p=73299#primaryimage\"},\"thumbnailUrl\":\"http:\\\/\\\/www.lospoliticosveracruz.com.mx\\\/wp-content\\\/uploads\\\/2021\\\/05\\\/Batalla-Cordoba.jpeg\",\"datePublished\":\"2021-05-18T17:58:25+00:00\",\"dateModified\":\"2021-05-18T17:58:31+00:00\",\"breadcrumb\":{\"@id\":\"https:\\\/\\\/lospoliticosveracruz.com\\\/?p=73299#breadcrumb\"},\"inLanguage\":\"es\",\"potentialAction\":[{\"@type\":\"ReadAction\",\"target\":[\"https:\\\/\\\/lospoliticosveracruz.com\\\/?p=73299\"]}]},{\"@type\":\"ImageObject\",\"inLanguage\":\"es\",\"@id\":\"https:\\\/\\\/lospoliticosveracruz.com\\\/?p=73299#primaryimage\",\"url\":\"http:\\\/\\\/www.lospoliticosveracruz.com.mx\\\/wp-content\\\/uploads\\\/2021\\\/05\\\/Batalla-Cordoba.jpeg\",\"contentUrl\":\"http:\\\/\\\/www.lospoliticosveracruz.com.mx\\\/wp-content\\\/uploads\\\/2021\\\/05\\\/Batalla-Cordoba.jpeg\"},{\"@type\":\"BreadcrumbList\",\"@id\":\"https:\\\/\\\/lospoliticosveracruz.com\\\/?p=73299#breadcrumb\",\"itemListElement\":[{\"@type\":\"ListItem\",\"position\":1,\"name\":\"Portada\",\"item\":\"https:\\\/\\\/lospoliticosveracruz.com\\\/\"},{\"@type\":\"ListItem\",\"position\":2,\"name\":\"Sigue recesi\u00f3n, desempleo e informalidad\"}]},{\"@type\":\"WebSite\",\"@id\":\"https:\\\/\\\/lospoliticosveracruz.com\\\/#website\",\"url\":\"https:\\\/\\\/lospoliticosveracruz.com\\\/\",\"name\":\"Los pol\u00edticos Veracruz\",\"description\":\"\",\"publisher\":{\"@id\":\"https:\\\/\\\/lospoliticosveracruz.com\\\/#organization\"},\"potentialAction\":[{\"@type\":\"SearchAction\",\"target\":{\"@type\":\"EntryPoint\",\"urlTemplate\":\"https:\\\/\\\/lospoliticosveracruz.com\\\/?s={search_term_string}\"},\"query-input\":{\"@type\":\"PropertyValueSpecification\",\"valueRequired\":true,\"valueName\":\"search_term_string\"}}],\"inLanguage\":\"es\"},{\"@type\":\"Organization\",\"@id\":\"https:\\\/\\\/lospoliticosveracruz.com\\\/#organization\",\"name\":\"Los pol\u00edticos Veracruz\",\"url\":\"https:\\\/\\\/lospoliticosveracruz.com\\\/\",\"logo\":{\"@type\":\"ImageObject\",\"inLanguage\":\"es\",\"@id\":\"https:\\\/\\\/lospoliticosveracruz.com\\\/#\\\/schema\\\/logo\\\/image\\\/\",\"url\":\"https:\\\/\\\/lospoliticosveracruz.com\\\/wp-content\\\/uploads\\\/2025\\\/12\\\/Logo-Nuevo-LOS-POLITICOS-1.jpg\",\"contentUrl\":\"https:\\\/\\\/lospoliticosveracruz.com\\\/wp-content\\\/uploads\\\/2025\\\/12\\\/Logo-Nuevo-LOS-POLITICOS-1.jpg\",\"width\":260,\"height\":70,\"caption\":\"Los pol\u00edticos Veracruz\"},\"image\":{\"@id\":\"https:\\\/\\\/lospoliticosveracruz.com\\\/#\\\/schema\\\/logo\\\/image\\\/\"},\"sameAs\":[\"https:\\\/\\\/www.facebook.com\\\/people\\\/Notimemes-de-los-Polticos\\\/61565672886568\\\/\",\"https:\\\/\\\/x.com\\\/LosPoliticosVer\"]},{\"@type\":\"Person\",\"@id\":\"https:\\\/\\\/lospoliticosveracruz.com\\\/#\\\/schema\\\/person\\\/b8702bb0e538456e6efd07080bf2a4a2\",\"name\":\"Lo viste en Los Pol\u00edticos\",\"image\":{\"@type\":\"ImageObject\",\"inLanguage\":\"es\",\"@id\":\"https:\\\/\\\/secure.gravatar.com\\\/avatar\\\/3a8de04a2656d44082be478bd6c086daa447c4651605818287b9532d3d0bd435?s=96&d=mm&r=g\",\"url\":\"https:\\\/\\\/secure.gravatar.com\\\/avatar\\\/3a8de04a2656d44082be478bd6c086daa447c4651605818287b9532d3d0bd435?s=96&d=mm&r=g\",\"contentUrl\":\"https:\\\/\\\/secure.gravatar.com\\\/avatar\\\/3a8de04a2656d44082be478bd6c086daa447c4651605818287b9532d3d0bd435?s=96&d=mm&r=g\",\"caption\":\"Lo viste en Los Pol\u00edticos\"},\"url\":\"https:\\\/\\\/lospoliticosveracruz.com\\\/?author=2\"}]}<\/script>\n<!-- \/ Yoast SEO plugin. -->","yoast_head_json":{"title":"Sigue recesi\u00f3n, desempleo e informalidad - Los pol\u00edticos Veracruz","robots":{"index":"index","follow":"follow","max-snippet":"max-snippet:-1","max-image-preview":"max-image-preview:large","max-video-preview":"max-video-preview:-1"},"canonical":"https:\/\/lospoliticosveracruz.com\/?p=73299","og_locale":"es_ES","og_type":"article","og_title":"Sigue recesi\u00f3n, desempleo e informalidad - Los pol\u00edticos Veracruz","og_description":"Rafael Arias Hern\u00e1ndez Mutatis Mutandis \u00bfQui\u00e9nes asumieron m\u00e1s sacrificio, por los recientes ajustes y efectos provocados en los mercados del trabajo?.Ahora se sabe que, \u00ab\u2026el impacto ha ca\u00eddo desproporcionadamente sobre las mujeres; el 84% de los 1.6 millones de personas que salieron de la fuerza laboral #PEA eran mujeres y 7 de cada 10 personas [&hellip;]","og_url":"https:\/\/lospoliticosveracruz.com\/?p=73299","og_site_name":"Los pol\u00edticos Veracruz","article_publisher":"https:\/\/www.facebook.com\/people\/Notimemes-de-los-Polticos\/61565672886568\/","article_published_time":"2021-05-18T17:58:25+00:00","article_modified_time":"2021-05-18T17:58:31+00:00","og_image":[{"url":"http:\/\/www.lospoliticosveracruz.com.mx\/wp-content\/uploads\/2021\/05\/Batalla-Cordoba.jpeg","type":"","width":"","height":""}],"author":"Lo viste en Los Pol\u00edticos","twitter_card":"summary_large_image","twitter_creator":"@LosPoliticosVer","twitter_site":"@LosPoliticosVer","twitter_misc":{"Escrito por":"Lo viste en Los Pol\u00edticos","Tiempo de lectura":"5 minutos"},"schema":{"@context":"https:\/\/schema.org","@graph":[{"@type":"Article","@id":"https:\/\/lospoliticosveracruz.com\/?p=73299#article","isPartOf":{"@id":"https:\/\/lospoliticosveracruz.com\/?p=73299"},"author":{"name":"Lo viste en Los Pol\u00edticos","@id":"https:\/\/lospoliticosveracruz.com\/#\/schema\/person\/b8702bb0e538456e6efd07080bf2a4a2"},"headline":"Sigue recesi\u00f3n, desempleo e informalidad","datePublished":"2021-05-18T17:58:25+00:00","dateModified":"2021-05-18T17:58:31+00:00","mainEntityOfPage":{"@id":"https:\/\/lospoliticosveracruz.com\/?p=73299"},"wordCount":1011,"publisher":{"@id":"https:\/\/lospoliticosveracruz.com\/#organization"},"image":{"@id":"https:\/\/lospoliticosveracruz.com\/?p=73299#primaryimage"},"thumbnailUrl":"http:\/\/www.lospoliticosveracruz.com.mx\/wp-content\/uploads\/2021\/05\/Batalla-Cordoba.jpeg","keywords":["Desempleo","Inegi","informalidad","PEA","Rafael Arias Hern\u00e1ndez","recesi\u00f3n"],"articleSection":["De Opini\u00f3n"],"inLanguage":"es"},{"@type":"WebPage","@id":"https:\/\/lospoliticosveracruz.com\/?p=73299","url":"https:\/\/lospoliticosveracruz.com\/?p=73299","name":"Sigue recesi\u00f3n, desempleo e informalidad - Los pol\u00edticos Veracruz","isPartOf":{"@id":"https:\/\/lospoliticosveracruz.com\/#website"},"primaryImageOfPage":{"@id":"https:\/\/lospoliticosveracruz.com\/?p=73299#primaryimage"},"image":{"@id":"https:\/\/lospoliticosveracruz.com\/?p=73299#primaryimage"},"thumbnailUrl":"http:\/\/www.lospoliticosveracruz.com.mx\/wp-content\/uploads\/2021\/05\/Batalla-Cordoba.jpeg","datePublished":"2021-05-18T17:58:25+00:00","dateModified":"2021-05-18T17:58:31+00:00","breadcrumb":{"@id":"https:\/\/lospoliticosveracruz.com\/?p=73299#breadcrumb"},"inLanguage":"es","potentialAction":[{"@type":"ReadAction","target":["https:\/\/lospoliticosveracruz.com\/?p=73299"]}]},{"@type":"ImageObject","inLanguage":"es","@id":"https:\/\/lospoliticosveracruz.com\/?p=73299#primaryimage","url":"http:\/\/www.lospoliticosveracruz.com.mx\/wp-content\/uploads\/2021\/05\/Batalla-Cordoba.jpeg","contentUrl":"http:\/\/www.lospoliticosveracruz.com.mx\/wp-content\/uploads\/2021\/05\/Batalla-Cordoba.jpeg"},{"@type":"BreadcrumbList","@id":"https:\/\/lospoliticosveracruz.com\/?p=73299#breadcrumb","itemListElement":[{"@type":"ListItem","position":1,"name":"Portada","item":"https:\/\/lospoliticosveracruz.com\/"},{"@type":"ListItem","position":2,"name":"Sigue recesi\u00f3n, desempleo e informalidad"}]},{"@type":"WebSite","@id":"https:\/\/lospoliticosveracruz.com\/#website","url":"https:\/\/lospoliticosveracruz.com\/","name":"Los pol\u00edticos Veracruz","description":"","publisher":{"@id":"https:\/\/lospoliticosveracruz.com\/#organization"},"potentialAction":[{"@type":"SearchAction","target":{"@type":"EntryPoint","urlTemplate":"https:\/\/lospoliticosveracruz.com\/?s={search_term_string}"},"query-input":{"@type":"PropertyValueSpecification","valueRequired":true,"valueName":"search_term_string"}}],"inLanguage":"es"},{"@type":"Organization","@id":"https:\/\/lospoliticosveracruz.com\/#organization","name":"Los pol\u00edticos Veracruz","url":"https:\/\/lospoliticosveracruz.com\/","logo":{"@type":"ImageObject","inLanguage":"es","@id":"https:\/\/lospoliticosveracruz.com\/#\/schema\/logo\/image\/","url":"https:\/\/lospoliticosveracruz.com\/wp-content\/uploads\/2025\/12\/Logo-Nuevo-LOS-POLITICOS-1.jpg","contentUrl":"https:\/\/lospoliticosveracruz.com\/wp-content\/uploads\/2025\/12\/Logo-Nuevo-LOS-POLITICOS-1.jpg","width":260,"height":70,"caption":"Los pol\u00edticos Veracruz"},"image":{"@id":"https:\/\/lospoliticosveracruz.com\/#\/schema\/logo\/image\/"},"sameAs":["https:\/\/www.facebook.com\/people\/Notimemes-de-los-Polticos\/61565672886568\/","https:\/\/x.com\/LosPoliticosVer"]},{"@type":"Person","@id":"https:\/\/lospoliticosveracruz.com\/#\/schema\/person\/b8702bb0e538456e6efd07080bf2a4a2","name":"Lo viste en Los Pol\u00edticos","image":{"@type":"ImageObject","inLanguage":"es","@id":"https:\/\/secure.gravatar.com\/avatar\/3a8de04a2656d44082be478bd6c086daa447c4651605818287b9532d3d0bd435?s=96&d=mm&r=g","url":"https:\/\/secure.gravatar.com\/avatar\/3a8de04a2656d44082be478bd6c086daa447c4651605818287b9532d3d0bd435?s=96&d=mm&r=g","contentUrl":"https:\/\/secure.gravatar.com\/avatar\/3a8de04a2656d44082be478bd6c086daa447c4651605818287b9532d3d0bd435?s=96&d=mm&r=g","caption":"Lo viste en Los Pol\u00edticos"},"url":"https:\/\/lospoliticosveracruz.com\/?author=2"}]}},"_links":{"self":[{"href":"https:\/\/lospoliticosveracruz.com\/index.php?rest_route=\/wp\/v2\/posts\/73299","targetHints":{"allow":["GET"]}}],"collection":[{"href":"https:\/\/lospoliticosveracruz.com\/index.php?rest_route=\/wp\/v2\/posts"}],"about":[{"href":"https:\/\/lospoliticosveracruz.com\/index.php?rest_route=\/wp\/v2\/types\/post"}],"author":[{"embeddable":true,"href":"https:\/\/lospoliticosveracruz.com\/index.php?rest_route=\/wp\/v2\/users\/2"}],"replies":[{"embeddable":true,"href":"https:\/\/lospoliticosveracruz.com\/index.php?rest_route=%2Fwp%2Fv2%2Fcomments&post=73299"}],"version-history":[{"count":1,"href":"https:\/\/lospoliticosveracruz.com\/index.php?rest_route=\/wp\/v2\/posts\/73299\/revisions"}],"predecessor-version":[{"id":73300,"href":"https:\/\/lospoliticosveracruz.com\/index.php?rest_route=\/wp\/v2\/posts\/73299\/revisions\/73300"}],"wp:attachment":[{"href":"https:\/\/lospoliticosveracruz.com\/index.php?rest_route=%2Fwp%2Fv2%2Fmedia&parent=73299"}],"wp:term":[{"taxonomy":"category","embeddable":true,"href":"https:\/\/lospoliticosveracruz.com\/index.php?rest_route=%2Fwp%2Fv2%2Fcategories&post=73299"},{"taxonomy":"post_tag","embeddable":true,"href":"https:\/\/lospoliticosveracruz.com\/index.php?rest_route=%2Fwp%2Fv2%2Ftags&post=73299"}],"curies":[{"name":"wp","href":"https:\/\/api.w.org\/{rel}","templated":true}]}}