{"id":73371,"date":"2021-05-18T21:04:51","date_gmt":"2021-05-19T02:04:51","guid":{"rendered":"http:\/\/www.lospoliticosveracruz.com.mx\/?p=73371"},"modified":"2021-05-18T21:04:55","modified_gmt":"2021-05-19T02:04:55","slug":"victor-castelan-recuperara-orizaba","status":"publish","type":"post","link":"https:\/\/lospoliticosveracruz.com\/?p=73371","title":{"rendered":"V\u00edctor Castel\u00e1n recuperar\u00e1 Orizaba"},"content":{"rendered":"\n<p><strong>Yair Ademar Dom\u00ednguez<br><\/strong><em>Punto y Coma<\/em><\/p>\n\n\n\n<p>Como ha sucedido en el corredor Veracruz-Boca del R\u00edo, en donde una familia se apoder\u00f3 del poder p\u00fablico como si de un patrimonio familiar se tratara, en la zona Orizaba-C\u00f3rdoba, un grupo de empresarios ha seguido el mismo esquema para lucrar con el presupuesto, manipulando la voluntad popular.<\/p>\n\n\n\n<div class=\"wp-block-image\"><figure class=\"alignleft size-large\"><a href=\"http:\/\/www.lospoliticosveracruz.com.mx\/wp-content\/uploads\/2021\/05\/Batalla-Cordoba.jpeg\"><img decoding=\"async\" src=\"http:\/\/www.lospoliticosveracruz.com.mx\/wp-content\/uploads\/2021\/05\/Batalla-Cordoba.jpeg\" alt=\"\" class=\"wp-image-72571\"\/><\/a><\/figure><\/div>\n\n\n\n<p><br>Se hacen llamar \u201cLa Cofrad\u00eda\u201d y desde el Poliforum Mier y Pesado, en reuniones secretas, como si de un bot\u00edn se tratara, se reparten Orizaba y ahora intentan hacer lo mismo con C\u00f3rdoba. Ah\u00ed, las reuniones se llevan a cabo desde \u201cEl breve espacio\u201d. Nadie entra. S\u00f3lo los poderosos, los hombres del dinero, quienes se dicen due\u00f1os de la vida y el alma de cordobeses y orizabe\u00f1os.<br>En la nueva era, en estos nuevos tiempos de transformaci\u00f3n que corren en Veracruz, eso se acab\u00f3. En MORENA no creemos en el poder por el poder ni que \u00e9ste es patrimonio de una familia o de un grupo pol\u00edtico-empresarial para explotar el presupuesto p\u00fablico.<br>Estos grupos pol\u00edticos, dirigidos y azuzados por el empresario Juan Manuel Diez Francos, amigo de Fidel Herrera Beltr\u00e1n y Javier Duarte de Ochoa, los peores gobernadores que ha tenido este estado, est\u00e1n aferrados en mantener el poder por el poder. Han visto, en esta ola de justicia social que recorre el pa\u00eds, un riesgo para sus monopolios pol\u00edticos y empresariales.<br>Como lo hemos se\u00f1alado en este espacio, la \u00e9poca de los caciquismos se ha terminado en Veracruz. Hoy, el poder se ejerce para servir al pueblo y al poder se llega con la venia del pueblo. En MORENA, tal y como nos lo ha se\u00f1alado nuestro l\u00edder moral, el presidente Andr\u00e9s Manuel L\u00f3pez Obrador, el pueblo es el que otorga la soberan\u00eda y al pueblo se le debe servir.<br>Con V\u00edctor Castel\u00e1n Crivelli, el pr\u00f3ximo 06 de junio, los militantes de MORENA y los ciudadanos que creen en la aut\u00e9ntica transformaci\u00f3n, vamos a recuperar Orizaba para el pueblo, para la gente. Esta es la oportunidad que tendr\u00e1n los ciudadanos para demostrar que est\u00e1n hartos de que una familia, de que un grupo de poder, pretenda mantener el control del municipio y protegerse entre ellos de sus corrupciones y malas administraciones.<br>Licenciado en administraci\u00f3n de empresas por la Universidad Veracruzana, V\u00edctor Castel\u00e1n ha sido diputado local, presidente de la Canaco y presidente de la Asociaci\u00f3n de Transportistas de Veracruz (Astraver). Con una gran estatura moral y pol\u00edtica, su inter\u00e9s y trabajo por la pluviosilla es incuestionable.<br>Hoy, con la bandera de la Cuarta Transformaci\u00f3n, V\u00edctor Castel\u00e1n Crivelli dar\u00e1 la batalla para derrocar a quien se ha cre\u00eddo un monarca de Orizaba, \u201cse\u00f1or de horca y cuchillo\u201d, como se le llam\u00f3 en alguna \u00e9poca a los caciques que pod\u00edan decidir la vida o la muerte de una persona. Hoy, esto se termin\u00f3 y en Orizaba MORENA har\u00e1 historia para subvertir el orden de las cosas y para desenmascarar a quienes han lucrado con el patrimonio de la ciudad de las aguas alegres.<br>La preferencia electoral de Morena sigue creciendo como la espuma en todo el estado de Veracruz. No tenemos ninguna duda, el pr\u00f3ximo 6 de junio vamos a ganar la mayor\u00eda de las diputaciones federales, vamos a ganar la mayor\u00eda de las diputaciones locales y vamos a ganar la mayor\u00eda de los municipios veracruzanos, incluido Orizaba.<\/p>\n\n\n\n<p>Comentarios: Facebook Yair Ademar Dominguez Twitter @YairAdemar<\/p>\n","protected":false},"excerpt":{"rendered":"<p>Yair Ademar Dom\u00ednguezPunto y Coma Como ha sucedido en el corredor Veracruz-Boca del R\u00edo, en donde una familia se apoder\u00f3 del poder p\u00fablico como si de un patrimonio familiar se tratara, en la zona Orizaba-C\u00f3rdoba, un grupo de empresarios ha seguido el mismo esquema para lucrar con el presupuesto, manipulando la voluntad popular. Se hacen [&hellip;]<\/p>\n","protected":false},"author":2,"featured_media":0,"comment_status":"closed","ping_status":"closed","sticky":false,"template":"","format":"standard","meta":{"tdm_status":"","tdm_grid_status":"","footnotes":""},"categories":[70],"tags":[6816,1640,1026,1639,28122,28123,20652],"class_list":{"0":"post-73371","1":"post","2":"type-post","3":"status-publish","4":"format-standard","6":"category-de-opinion","7":"tag-canaco","8":"tag-juan-manuel-diez-francos","9":"tag-morena","10":"tag-orizaba","11":"tag-orizaba-cordoba","12":"tag-poliforum-mier","13":"tag-yair-ademar-dominguez"},"yoast_head":"<!-- This site is optimized with the Yoast SEO plugin v27.4 - https:\/\/yoast.com\/product\/yoast-seo-wordpress\/ -->\n<title>V\u00edctor Castel\u00e1n recuperar\u00e1 Orizaba - Los pol\u00edticos Veracruz<\/title>\n<meta name=\"robots\" content=\"index, follow, max-snippet:-1, max-image-preview:large, max-video-preview:-1\" \/>\n<link rel=\"canonical\" href=\"https:\/\/lospoliticosveracruz.com\/?p=73371\" \/>\n<meta property=\"og:locale\" content=\"es_ES\" \/>\n<meta property=\"og:type\" content=\"article\" \/>\n<meta property=\"og:title\" content=\"V\u00edctor Castel\u00e1n recuperar\u00e1 Orizaba - Los pol\u00edticos Veracruz\" \/>\n<meta property=\"og:description\" content=\"Yair Ademar Dom\u00ednguezPunto y Coma Como ha sucedido en el corredor Veracruz-Boca del R\u00edo, en donde una familia se apoder\u00f3 del poder p\u00fablico como si de un patrimonio familiar se tratara, en la zona Orizaba-C\u00f3rdoba, un grupo de empresarios ha seguido el mismo esquema para lucrar con el presupuesto, manipulando la voluntad popular. Se hacen [&hellip;]\" \/>\n<meta property=\"og:url\" content=\"https:\/\/lospoliticosveracruz.com\/?p=73371\" \/>\n<meta property=\"og:site_name\" content=\"Los pol\u00edticos Veracruz\" \/>\n<meta property=\"article:publisher\" content=\"https:\/\/www.facebook.com\/people\/Notimemes-de-los-Polticos\/61565672886568\/\" \/>\n<meta property=\"article:published_time\" content=\"2021-05-19T02:04:51+00:00\" \/>\n<meta property=\"article:modified_time\" content=\"2021-05-19T02:04:55+00:00\" \/>\n<meta property=\"og:image\" content=\"http:\/\/www.lospoliticosveracruz.com.mx\/wp-content\/uploads\/2021\/05\/Batalla-Cordoba.jpeg\" \/>\n<meta name=\"author\" content=\"Lo viste en Los Pol\u00edticos\" \/>\n<meta name=\"twitter:card\" content=\"summary_large_image\" \/>\n<meta name=\"twitter:creator\" content=\"@LosPoliticosVer\" \/>\n<meta name=\"twitter:site\" content=\"@LosPoliticosVer\" \/>\n<meta name=\"twitter:label1\" content=\"Escrito por\" \/>\n\t<meta name=\"twitter:data1\" content=\"Lo viste en Los Pol\u00edticos\" \/>\n\t<meta name=\"twitter:label2\" content=\"Tiempo de lectura\" \/>\n\t<meta name=\"twitter:data2\" content=\"3 minutos\" \/>\n<script type=\"application\/ld+json\" class=\"yoast-schema-graph\">{\"@context\":\"https:\\\/\\\/schema.org\",\"@graph\":[{\"@type\":\"Article\",\"@id\":\"https:\\\/\\\/lospoliticosveracruz.com\\\/?p=73371#article\",\"isPartOf\":{\"@id\":\"https:\\\/\\\/lospoliticosveracruz.com\\\/?p=73371\"},\"author\":{\"name\":\"Lo viste en Los Pol\u00edticos\",\"@id\":\"https:\\\/\\\/lospoliticosveracruz.com\\\/#\\\/schema\\\/person\\\/b8702bb0e538456e6efd07080bf2a4a2\"},\"headline\":\"V\u00edctor Castel\u00e1n recuperar\u00e1 Orizaba\",\"datePublished\":\"2021-05-19T02:04:51+00:00\",\"dateModified\":\"2021-05-19T02:04:55+00:00\",\"mainEntityOfPage\":{\"@id\":\"https:\\\/\\\/lospoliticosveracruz.com\\\/?p=73371\"},\"wordCount\":609,\"publisher\":{\"@id\":\"https:\\\/\\\/lospoliticosveracruz.com\\\/#organization\"},\"image\":{\"@id\":\"https:\\\/\\\/lospoliticosveracruz.com\\\/?p=73371#primaryimage\"},\"thumbnailUrl\":\"http:\\\/\\\/www.lospoliticosveracruz.com.mx\\\/wp-content\\\/uploads\\\/2021\\\/05\\\/Batalla-Cordoba.jpeg\",\"keywords\":[\"Canaco\",\"Juan Manuel Diez Francos\",\"Morena\",\"Orizaba\",\"Orizaba-C\u00f3rdoba\",\"Poliforum Mier\",\"Yair Ademar Dom\u00ednguez\"],\"articleSection\":[\"De Opini\u00f3n\"],\"inLanguage\":\"es\"},{\"@type\":\"WebPage\",\"@id\":\"https:\\\/\\\/lospoliticosveracruz.com\\\/?p=73371\",\"url\":\"https:\\\/\\\/lospoliticosveracruz.com\\\/?p=73371\",\"name\":\"V\u00edctor Castel\u00e1n recuperar\u00e1 Orizaba - Los pol\u00edticos Veracruz\",\"isPartOf\":{\"@id\":\"https:\\\/\\\/lospoliticosveracruz.com\\\/#website\"},\"primaryImageOfPage\":{\"@id\":\"https:\\\/\\\/lospoliticosveracruz.com\\\/?p=73371#primaryimage\"},\"image\":{\"@id\":\"https:\\\/\\\/lospoliticosveracruz.com\\\/?p=73371#primaryimage\"},\"thumbnailUrl\":\"http:\\\/\\\/www.lospoliticosveracruz.com.mx\\\/wp-content\\\/uploads\\\/2021\\\/05\\\/Batalla-Cordoba.jpeg\",\"datePublished\":\"2021-05-19T02:04:51+00:00\",\"dateModified\":\"2021-05-19T02:04:55+00:00\",\"breadcrumb\":{\"@id\":\"https:\\\/\\\/lospoliticosveracruz.com\\\/?p=73371#breadcrumb\"},\"inLanguage\":\"es\",\"potentialAction\":[{\"@type\":\"ReadAction\",\"target\":[\"https:\\\/\\\/lospoliticosveracruz.com\\\/?p=73371\"]}]},{\"@type\":\"ImageObject\",\"inLanguage\":\"es\",\"@id\":\"https:\\\/\\\/lospoliticosveracruz.com\\\/?p=73371#primaryimage\",\"url\":\"http:\\\/\\\/www.lospoliticosveracruz.com.mx\\\/wp-content\\\/uploads\\\/2021\\\/05\\\/Batalla-Cordoba.jpeg\",\"contentUrl\":\"http:\\\/\\\/www.lospoliticosveracruz.com.mx\\\/wp-content\\\/uploads\\\/2021\\\/05\\\/Batalla-Cordoba.jpeg\"},{\"@type\":\"BreadcrumbList\",\"@id\":\"https:\\\/\\\/lospoliticosveracruz.com\\\/?p=73371#breadcrumb\",\"itemListElement\":[{\"@type\":\"ListItem\",\"position\":1,\"name\":\"Portada\",\"item\":\"https:\\\/\\\/lospoliticosveracruz.com\\\/\"},{\"@type\":\"ListItem\",\"position\":2,\"name\":\"V\u00edctor Castel\u00e1n recuperar\u00e1 Orizaba\"}]},{\"@type\":\"WebSite\",\"@id\":\"https:\\\/\\\/lospoliticosveracruz.com\\\/#website\",\"url\":\"https:\\\/\\\/lospoliticosveracruz.com\\\/\",\"name\":\"Los pol\u00edticos Veracruz\",\"description\":\"\",\"publisher\":{\"@id\":\"https:\\\/\\\/lospoliticosveracruz.com\\\/#organization\"},\"potentialAction\":[{\"@type\":\"SearchAction\",\"target\":{\"@type\":\"EntryPoint\",\"urlTemplate\":\"https:\\\/\\\/lospoliticosveracruz.com\\\/?s={search_term_string}\"},\"query-input\":{\"@type\":\"PropertyValueSpecification\",\"valueRequired\":true,\"valueName\":\"search_term_string\"}}],\"inLanguage\":\"es\"},{\"@type\":\"Organization\",\"@id\":\"https:\\\/\\\/lospoliticosveracruz.com\\\/#organization\",\"name\":\"Los pol\u00edticos Veracruz\",\"url\":\"https:\\\/\\\/lospoliticosveracruz.com\\\/\",\"logo\":{\"@type\":\"ImageObject\",\"inLanguage\":\"es\",\"@id\":\"https:\\\/\\\/lospoliticosveracruz.com\\\/#\\\/schema\\\/logo\\\/image\\\/\",\"url\":\"https:\\\/\\\/lospoliticosveracruz.com\\\/wp-content\\\/uploads\\\/2025\\\/12\\\/Logo-Nuevo-LOS-POLITICOS-1.jpg\",\"contentUrl\":\"https:\\\/\\\/lospoliticosveracruz.com\\\/wp-content\\\/uploads\\\/2025\\\/12\\\/Logo-Nuevo-LOS-POLITICOS-1.jpg\",\"width\":260,\"height\":70,\"caption\":\"Los pol\u00edticos Veracruz\"},\"image\":{\"@id\":\"https:\\\/\\\/lospoliticosveracruz.com\\\/#\\\/schema\\\/logo\\\/image\\\/\"},\"sameAs\":[\"https:\\\/\\\/www.facebook.com\\\/people\\\/Notimemes-de-los-Polticos\\\/61565672886568\\\/\",\"https:\\\/\\\/x.com\\\/LosPoliticosVer\"]},{\"@type\":\"Person\",\"@id\":\"https:\\\/\\\/lospoliticosveracruz.com\\\/#\\\/schema\\\/person\\\/b8702bb0e538456e6efd07080bf2a4a2\",\"name\":\"Lo viste en Los Pol\u00edticos\",\"image\":{\"@type\":\"ImageObject\",\"inLanguage\":\"es\",\"@id\":\"https:\\\/\\\/secure.gravatar.com\\\/avatar\\\/3a8de04a2656d44082be478bd6c086daa447c4651605818287b9532d3d0bd435?s=96&d=mm&r=g\",\"url\":\"https:\\\/\\\/secure.gravatar.com\\\/avatar\\\/3a8de04a2656d44082be478bd6c086daa447c4651605818287b9532d3d0bd435?s=96&d=mm&r=g\",\"contentUrl\":\"https:\\\/\\\/secure.gravatar.com\\\/avatar\\\/3a8de04a2656d44082be478bd6c086daa447c4651605818287b9532d3d0bd435?s=96&d=mm&r=g\",\"caption\":\"Lo viste en Los Pol\u00edticos\"},\"url\":\"https:\\\/\\\/lospoliticosveracruz.com\\\/?author=2\"}]}<\/script>\n<!-- \/ Yoast SEO plugin. -->","yoast_head_json":{"title":"V\u00edctor Castel\u00e1n recuperar\u00e1 Orizaba - Los pol\u00edticos Veracruz","robots":{"index":"index","follow":"follow","max-snippet":"max-snippet:-1","max-image-preview":"max-image-preview:large","max-video-preview":"max-video-preview:-1"},"canonical":"https:\/\/lospoliticosveracruz.com\/?p=73371","og_locale":"es_ES","og_type":"article","og_title":"V\u00edctor Castel\u00e1n recuperar\u00e1 Orizaba - Los pol\u00edticos Veracruz","og_description":"Yair Ademar Dom\u00ednguezPunto y Coma Como ha sucedido en el corredor Veracruz-Boca del R\u00edo, en donde una familia se apoder\u00f3 del poder p\u00fablico como si de un patrimonio familiar se tratara, en la zona Orizaba-C\u00f3rdoba, un grupo de empresarios ha seguido el mismo esquema para lucrar con el presupuesto, manipulando la voluntad popular. Se hacen [&hellip;]","og_url":"https:\/\/lospoliticosveracruz.com\/?p=73371","og_site_name":"Los pol\u00edticos Veracruz","article_publisher":"https:\/\/www.facebook.com\/people\/Notimemes-de-los-Polticos\/61565672886568\/","article_published_time":"2021-05-19T02:04:51+00:00","article_modified_time":"2021-05-19T02:04:55+00:00","og_image":[{"url":"http:\/\/www.lospoliticosveracruz.com.mx\/wp-content\/uploads\/2021\/05\/Batalla-Cordoba.jpeg","type":"","width":"","height":""}],"author":"Lo viste en Los Pol\u00edticos","twitter_card":"summary_large_image","twitter_creator":"@LosPoliticosVer","twitter_site":"@LosPoliticosVer","twitter_misc":{"Escrito por":"Lo viste en Los Pol\u00edticos","Tiempo de lectura":"3 minutos"},"schema":{"@context":"https:\/\/schema.org","@graph":[{"@type":"Article","@id":"https:\/\/lospoliticosveracruz.com\/?p=73371#article","isPartOf":{"@id":"https:\/\/lospoliticosveracruz.com\/?p=73371"},"author":{"name":"Lo viste en Los Pol\u00edticos","@id":"https:\/\/lospoliticosveracruz.com\/#\/schema\/person\/b8702bb0e538456e6efd07080bf2a4a2"},"headline":"V\u00edctor Castel\u00e1n recuperar\u00e1 Orizaba","datePublished":"2021-05-19T02:04:51+00:00","dateModified":"2021-05-19T02:04:55+00:00","mainEntityOfPage":{"@id":"https:\/\/lospoliticosveracruz.com\/?p=73371"},"wordCount":609,"publisher":{"@id":"https:\/\/lospoliticosveracruz.com\/#organization"},"image":{"@id":"https:\/\/lospoliticosveracruz.com\/?p=73371#primaryimage"},"thumbnailUrl":"http:\/\/www.lospoliticosveracruz.com.mx\/wp-content\/uploads\/2021\/05\/Batalla-Cordoba.jpeg","keywords":["Canaco","Juan Manuel Diez Francos","Morena","Orizaba","Orizaba-C\u00f3rdoba","Poliforum Mier","Yair Ademar Dom\u00ednguez"],"articleSection":["De Opini\u00f3n"],"inLanguage":"es"},{"@type":"WebPage","@id":"https:\/\/lospoliticosveracruz.com\/?p=73371","url":"https:\/\/lospoliticosveracruz.com\/?p=73371","name":"V\u00edctor Castel\u00e1n recuperar\u00e1 Orizaba - Los pol\u00edticos Veracruz","isPartOf":{"@id":"https:\/\/lospoliticosveracruz.com\/#website"},"primaryImageOfPage":{"@id":"https:\/\/lospoliticosveracruz.com\/?p=73371#primaryimage"},"image":{"@id":"https:\/\/lospoliticosveracruz.com\/?p=73371#primaryimage"},"thumbnailUrl":"http:\/\/www.lospoliticosveracruz.com.mx\/wp-content\/uploads\/2021\/05\/Batalla-Cordoba.jpeg","datePublished":"2021-05-19T02:04:51+00:00","dateModified":"2021-05-19T02:04:55+00:00","breadcrumb":{"@id":"https:\/\/lospoliticosveracruz.com\/?p=73371#breadcrumb"},"inLanguage":"es","potentialAction":[{"@type":"ReadAction","target":["https:\/\/lospoliticosveracruz.com\/?p=73371"]}]},{"@type":"ImageObject","inLanguage":"es","@id":"https:\/\/lospoliticosveracruz.com\/?p=73371#primaryimage","url":"http:\/\/www.lospoliticosveracruz.com.mx\/wp-content\/uploads\/2021\/05\/Batalla-Cordoba.jpeg","contentUrl":"http:\/\/www.lospoliticosveracruz.com.mx\/wp-content\/uploads\/2021\/05\/Batalla-Cordoba.jpeg"},{"@type":"BreadcrumbList","@id":"https:\/\/lospoliticosveracruz.com\/?p=73371#breadcrumb","itemListElement":[{"@type":"ListItem","position":1,"name":"Portada","item":"https:\/\/lospoliticosveracruz.com\/"},{"@type":"ListItem","position":2,"name":"V\u00edctor Castel\u00e1n recuperar\u00e1 Orizaba"}]},{"@type":"WebSite","@id":"https:\/\/lospoliticosveracruz.com\/#website","url":"https:\/\/lospoliticosveracruz.com\/","name":"Los pol\u00edticos Veracruz","description":"","publisher":{"@id":"https:\/\/lospoliticosveracruz.com\/#organization"},"potentialAction":[{"@type":"SearchAction","target":{"@type":"EntryPoint","urlTemplate":"https:\/\/lospoliticosveracruz.com\/?s={search_term_string}"},"query-input":{"@type":"PropertyValueSpecification","valueRequired":true,"valueName":"search_term_string"}}],"inLanguage":"es"},{"@type":"Organization","@id":"https:\/\/lospoliticosveracruz.com\/#organization","name":"Los pol\u00edticos Veracruz","url":"https:\/\/lospoliticosveracruz.com\/","logo":{"@type":"ImageObject","inLanguage":"es","@id":"https:\/\/lospoliticosveracruz.com\/#\/schema\/logo\/image\/","url":"https:\/\/lospoliticosveracruz.com\/wp-content\/uploads\/2025\/12\/Logo-Nuevo-LOS-POLITICOS-1.jpg","contentUrl":"https:\/\/lospoliticosveracruz.com\/wp-content\/uploads\/2025\/12\/Logo-Nuevo-LOS-POLITICOS-1.jpg","width":260,"height":70,"caption":"Los pol\u00edticos Veracruz"},"image":{"@id":"https:\/\/lospoliticosveracruz.com\/#\/schema\/logo\/image\/"},"sameAs":["https:\/\/www.facebook.com\/people\/Notimemes-de-los-Polticos\/61565672886568\/","https:\/\/x.com\/LosPoliticosVer"]},{"@type":"Person","@id":"https:\/\/lospoliticosveracruz.com\/#\/schema\/person\/b8702bb0e538456e6efd07080bf2a4a2","name":"Lo viste en Los Pol\u00edticos","image":{"@type":"ImageObject","inLanguage":"es","@id":"https:\/\/secure.gravatar.com\/avatar\/3a8de04a2656d44082be478bd6c086daa447c4651605818287b9532d3d0bd435?s=96&d=mm&r=g","url":"https:\/\/secure.gravatar.com\/avatar\/3a8de04a2656d44082be478bd6c086daa447c4651605818287b9532d3d0bd435?s=96&d=mm&r=g","contentUrl":"https:\/\/secure.gravatar.com\/avatar\/3a8de04a2656d44082be478bd6c086daa447c4651605818287b9532d3d0bd435?s=96&d=mm&r=g","caption":"Lo viste en Los Pol\u00edticos"},"url":"https:\/\/lospoliticosveracruz.com\/?author=2"}]}},"_links":{"self":[{"href":"https:\/\/lospoliticosveracruz.com\/index.php?rest_route=\/wp\/v2\/posts\/73371","targetHints":{"allow":["GET"]}}],"collection":[{"href":"https:\/\/lospoliticosveracruz.com\/index.php?rest_route=\/wp\/v2\/posts"}],"about":[{"href":"https:\/\/lospoliticosveracruz.com\/index.php?rest_route=\/wp\/v2\/types\/post"}],"author":[{"embeddable":true,"href":"https:\/\/lospoliticosveracruz.com\/index.php?rest_route=\/wp\/v2\/users\/2"}],"replies":[{"embeddable":true,"href":"https:\/\/lospoliticosveracruz.com\/index.php?rest_route=%2Fwp%2Fv2%2Fcomments&post=73371"}],"version-history":[{"count":1,"href":"https:\/\/lospoliticosveracruz.com\/index.php?rest_route=\/wp\/v2\/posts\/73371\/revisions"}],"predecessor-version":[{"id":73373,"href":"https:\/\/lospoliticosveracruz.com\/index.php?rest_route=\/wp\/v2\/posts\/73371\/revisions\/73373"}],"wp:attachment":[{"href":"https:\/\/lospoliticosveracruz.com\/index.php?rest_route=%2Fwp%2Fv2%2Fmedia&parent=73371"}],"wp:term":[{"taxonomy":"category","embeddable":true,"href":"https:\/\/lospoliticosveracruz.com\/index.php?rest_route=%2Fwp%2Fv2%2Fcategories&post=73371"},{"taxonomy":"post_tag","embeddable":true,"href":"https:\/\/lospoliticosveracruz.com\/index.php?rest_route=%2Fwp%2Fv2%2Ftags&post=73371"}],"curies":[{"name":"wp","href":"https:\/\/api.w.org\/{rel}","templated":true}]}}