{"id":73376,"date":"2021-05-18T22:43:51","date_gmt":"2021-05-19T03:43:51","guid":{"rendered":"http:\/\/www.lospoliticosveracruz.com.mx\/?p=73376"},"modified":"2021-05-18T22:43:55","modified_gmt":"2021-05-19T03:43:55","slug":"el-pes-por-la-boca-muere-la-campana-de-dvch","status":"publish","type":"post","link":"https:\/\/lospoliticosveracruz.com\/?p=73376","title":{"rendered":"El PES por la boca muere \/ La campa\u00f1a de DVCH"},"content":{"rendered":"\n<p><strong>Enrique Yasser Pompeyo<\/strong><\/p>\n\n\n\n<p><em>Mesa de Redacci\u00f3n<\/em><br><\/p>\n\n\n\n<p>Este fin de semana se registr\u00f3 un accidente vehicular en la carretera Tuzamapan-Vaquer\u00eda, en la regi\u00f3n de Coatepec, en el cual resultaron lesionados dos adultos y dos menores de edad.<\/p>\n\n\n\n<div class=\"wp-block-image\"><figure class=\"alignleft size-large\"><a href=\"http:\/\/www.lospoliticosveracruz.com.mx\/wp-content\/uploads\/2021\/05\/Batalla-Cordoba.jpeg\"><img decoding=\"async\" src=\"http:\/\/www.lospoliticosveracruz.com.mx\/wp-content\/uploads\/2021\/05\/Batalla-Cordoba.jpeg\" alt=\"\" class=\"wp-image-72571\"\/><\/a><\/figure><\/div>\n\n\n\n<p><br>De acuerdo con la informaci\u00f3n, las personas heridas regresaban del mitin de una candidata del Partido Encuentro Solidario (PES).<br>Y aunque el instituto pol\u00edtico asegura que no le paga a la gente para que los acompa\u00f1en a realizar proselitismo, de acuerdo con un audio en poder de este reportero, ciudadanos afirman que por acudir a los eventos electorales les pagan 100 pesos.<br>Las personas, quienes pidieron guardar el anonimato por temor a represalias, aseguran que esa es la cantidad que les dan para apoyar al partido morado que carece de presencia en el municipio y en todo el estado de Veracruz.<br>Pero, adem\u00e1s, dichas declaraciones coinciden con los comentarios que se hicieron a trav\u00e9s de las redes sociales.<br>Estos son algunos de los usuarios: Alv Jsca: \u201c150 pesos se pag\u00f3 a la ciudadan\u00eda por acarreo\u201d; Marcela Libreros Hernandez: \u201cPues si quieren ser un partido claro por qu\u00e9 mienten los accidentados son familia de la sra Raquel Nachon candidata suplente si as\u00ed mienten como quieren ganar los accidentados ven\u00edan del mitin mentirosos\u201d; Carlos Mino: \u201cEste partido es sat\u00e9lite y gato de Morena\u201d.<br>Los acarreos han sido una constante en las campa\u00f1as electorales desde hace d\u00e9cadas. Desafortunadamente, la poblaci\u00f3n m\u00e1s vulnerable, debido a sus carencias y necesidades, acepta migajas para acompa\u00f1ar a los candidatos, aunque no los conozcan, ni siquiera sus nombres.<br>En otros casos, como el se\u00f1alado al inicio de este texto, se presentan hechos que pueden terminar en tragedia.<br>Los partidos, los candidatos, en su af\u00e1n de demostrar que cuentan con el respaldo ciudadano realizan este tipo de pr\u00e1cticas; lo peor es que intentan comprar conciencias y voluntades.<br>El pr\u00f3ximo 6 de junio, los veracruzanos, los coatepecanos deber\u00e1n analizar y evaluar las propuestas de los candidatos, as\u00ed como el perfil de quienes buscan ocupar la silla municipal del pueblo m\u00e1gico.<\/p>\n\n\n\n<p><strong>LA CAMPA\u00d1A DE DAVID VELASCO CHEDRAUI<br><\/strong>David Velasco Chedraui, candidato a la presidencia municipal de Xalapa por la alianza \u201cVeracruz Va\u201d, camin\u00f3 este martes por las calles Bolivia, Encino y Las Hayas, en la colonia Francisco I. Madero, en donde escuch\u00f3 las necesidades de la gente en materia de servicios p\u00fablicos y seguridad.<br>Vecinos de esta zona, colindante con la colonia Reforma, le comentaron que se han tenido que organizar para instalar grupos de WhatsApp y c\u00e1maras de videovigilancia, ante los diversos hechos delictivos que se han presentado y ante la ausencia de la polic\u00eda municipal.<br>El candidato reconoci\u00f3 esta iniciativa ciudadana y coment\u00f3 que durante su gobierno implementar\u00e1 el programa Grupo Por la Seguridad (GPS) conformado por las y los ciudadanos con el fin de apoyar las labores de vigilancia en su calle.<br>Adem\u00e1s, crear\u00e1 una Contralor\u00eda Social en materia de seguridad p\u00fablica conformada por ciudadanas y ciudadanos que vigilen el actuar de los elementos policiacos. Junto a esto, dijo que atender\u00e1 las afectaciones que existen en calles y avenidas, cuyas losas da\u00f1adas afectan la movilidad, como sucede en la calle Magnolia, en esta zona.<br>Durante sus recorridos, el candidato ha sido acompa\u00f1ado por Mauro Solano, quien es el coordinador de su campa\u00f1a; adem\u00e1s ha destacado por ser un operador eficiente, pues ya ha realizado varias campa\u00f1as y es una persona de todas las confianzas del abanderado aliancista.<br>David Velasco Chedraui escuch\u00f3 las necesidades de la zona, como la mejora en los servicios de alumbrado p\u00fablico, recolecci\u00f3n de residuos s\u00f3lidos y sobre todo de mayores rondines policiacos para detener la ola de inseguridad que azota a toda la ciudad.<br>\u201cEstos recorridos son muy importantes; no es lo mismo cuando te lo informan que cuando los vives con ellos en sus casas, en su calle; la gente necesita autoridades cercanas, atentas a las necesidades de las y los xalape\u00f1os\u201d, asegur\u00f3 el candidato.<br>David Velasco Chedraui dijo que tal y como ya lo hizo cuando fue alcalde de la capital, se mantendr\u00e1 cercano a la gente, trabajando s\u00e1bados y domingos, atendiendo todas las demandas de las y los capitalinos.<\/p>\n\n\n\n<p>enriquepompeyo@hotmail.com<\/p>\n","protected":false},"excerpt":{"rendered":"<p>Enrique Yasser Pompeyo Mesa de Redacci\u00f3n Este fin de semana se registr\u00f3 un accidente vehicular en la carretera Tuzamapan-Vaquer\u00eda, en la regi\u00f3n de Coatepec, en el cual resultaron lesionados dos adultos y dos menores de edad. De acuerdo con la informaci\u00f3n, las personas heridas regresaban del mitin de una candidata del Partido Encuentro Solidario (PES).Y [&hellip;]<\/p>\n","protected":false},"author":2,"featured_media":0,"comment_status":"closed","ping_status":"closed","sticky":false,"template":"","format":"standard","meta":{"tdm_status":"","tdm_grid_status":"","footnotes":""},"categories":[70],"tags":[28128,277,407,15477,28127,24157,437,25692],"class_list":{"0":"post-73376","1":"post","2":"type-post","3":"status-publish","4":"format-standard","6":"category-de-opinion","7":"tag-carlos-mino","8":"tag-coatepec","9":"tag-david-velasco-chedraui","10":"tag-enrique-yasser-pompeyo","11":"tag-marcela-libreros-hernandez","12":"tag-partido-encuentro-solidario","13":"tag-pes","14":"tag-veracruz-va"},"yoast_head":"<!-- This site is optimized with the Yoast SEO plugin v27.4 - https:\/\/yoast.com\/product\/yoast-seo-wordpress\/ -->\n<title>El PES por la boca muere \/ La campa\u00f1a de DVCH - Los pol\u00edticos Veracruz<\/title>\n<meta name=\"robots\" content=\"index, follow, max-snippet:-1, max-image-preview:large, max-video-preview:-1\" \/>\n<link rel=\"canonical\" href=\"https:\/\/lospoliticosveracruz.com\/?p=73376\" \/>\n<meta property=\"og:locale\" content=\"es_ES\" \/>\n<meta property=\"og:type\" content=\"article\" \/>\n<meta property=\"og:title\" content=\"El PES por la boca muere \/ La campa\u00f1a de DVCH - Los pol\u00edticos Veracruz\" \/>\n<meta property=\"og:description\" content=\"Enrique Yasser Pompeyo Mesa de Redacci\u00f3n Este fin de semana se registr\u00f3 un accidente vehicular en la carretera Tuzamapan-Vaquer\u00eda, en la regi\u00f3n de Coatepec, en el cual resultaron lesionados dos adultos y dos menores de edad. De acuerdo con la informaci\u00f3n, las personas heridas regresaban del mitin de una candidata del Partido Encuentro Solidario (PES).Y [&hellip;]\" \/>\n<meta property=\"og:url\" content=\"https:\/\/lospoliticosveracruz.com\/?p=73376\" \/>\n<meta property=\"og:site_name\" content=\"Los pol\u00edticos Veracruz\" \/>\n<meta property=\"article:publisher\" content=\"https:\/\/www.facebook.com\/people\/Notimemes-de-los-Polticos\/61565672886568\/\" \/>\n<meta property=\"article:published_time\" content=\"2021-05-19T03:43:51+00:00\" \/>\n<meta property=\"article:modified_time\" content=\"2021-05-19T03:43:55+00:00\" \/>\n<meta property=\"og:image\" content=\"http:\/\/www.lospoliticosveracruz.com.mx\/wp-content\/uploads\/2021\/05\/Batalla-Cordoba.jpeg\" \/>\n<meta name=\"author\" content=\"Lo viste en Los Pol\u00edticos\" \/>\n<meta name=\"twitter:card\" content=\"summary_large_image\" \/>\n<meta name=\"twitter:creator\" content=\"@LosPoliticosVer\" \/>\n<meta name=\"twitter:site\" content=\"@LosPoliticosVer\" \/>\n<meta name=\"twitter:label1\" content=\"Escrito por\" \/>\n\t<meta name=\"twitter:data1\" content=\"Lo viste en Los Pol\u00edticos\" \/>\n\t<meta name=\"twitter:label2\" content=\"Tiempo de lectura\" \/>\n\t<meta name=\"twitter:data2\" content=\"4 minutos\" \/>\n<script type=\"application\/ld+json\" class=\"yoast-schema-graph\">{\"@context\":\"https:\\\/\\\/schema.org\",\"@graph\":[{\"@type\":\"Article\",\"@id\":\"https:\\\/\\\/lospoliticosveracruz.com\\\/?p=73376#article\",\"isPartOf\":{\"@id\":\"https:\\\/\\\/lospoliticosveracruz.com\\\/?p=73376\"},\"author\":{\"name\":\"Lo viste en Los Pol\u00edticos\",\"@id\":\"https:\\\/\\\/lospoliticosveracruz.com\\\/#\\\/schema\\\/person\\\/b8702bb0e538456e6efd07080bf2a4a2\"},\"headline\":\"El PES por la boca muere \\\/ La campa\u00f1a de DVCH\",\"datePublished\":\"2021-05-19T03:43:51+00:00\",\"dateModified\":\"2021-05-19T03:43:55+00:00\",\"mainEntityOfPage\":{\"@id\":\"https:\\\/\\\/lospoliticosveracruz.com\\\/?p=73376\"},\"wordCount\":734,\"publisher\":{\"@id\":\"https:\\\/\\\/lospoliticosveracruz.com\\\/#organization\"},\"image\":{\"@id\":\"https:\\\/\\\/lospoliticosveracruz.com\\\/?p=73376#primaryimage\"},\"thumbnailUrl\":\"http:\\\/\\\/www.lospoliticosveracruz.com.mx\\\/wp-content\\\/uploads\\\/2021\\\/05\\\/Batalla-Cordoba.jpeg\",\"keywords\":[\"Carlos Mino\",\"Coatepec\",\"David Velasco Chedraui\",\"Enrique Yasser Pompeyo\",\"Marcela Libreros Hernandez\",\"Partido Encuentro Solidario\",\"PES\",\"Veracruz Va\"],\"articleSection\":[\"De Opini\u00f3n\"],\"inLanguage\":\"es\"},{\"@type\":\"WebPage\",\"@id\":\"https:\\\/\\\/lospoliticosveracruz.com\\\/?p=73376\",\"url\":\"https:\\\/\\\/lospoliticosveracruz.com\\\/?p=73376\",\"name\":\"El PES por la boca muere \\\/ La campa\u00f1a de DVCH - Los pol\u00edticos Veracruz\",\"isPartOf\":{\"@id\":\"https:\\\/\\\/lospoliticosveracruz.com\\\/#website\"},\"primaryImageOfPage\":{\"@id\":\"https:\\\/\\\/lospoliticosveracruz.com\\\/?p=73376#primaryimage\"},\"image\":{\"@id\":\"https:\\\/\\\/lospoliticosveracruz.com\\\/?p=73376#primaryimage\"},\"thumbnailUrl\":\"http:\\\/\\\/www.lospoliticosveracruz.com.mx\\\/wp-content\\\/uploads\\\/2021\\\/05\\\/Batalla-Cordoba.jpeg\",\"datePublished\":\"2021-05-19T03:43:51+00:00\",\"dateModified\":\"2021-05-19T03:43:55+00:00\",\"breadcrumb\":{\"@id\":\"https:\\\/\\\/lospoliticosveracruz.com\\\/?p=73376#breadcrumb\"},\"inLanguage\":\"es\",\"potentialAction\":[{\"@type\":\"ReadAction\",\"target\":[\"https:\\\/\\\/lospoliticosveracruz.com\\\/?p=73376\"]}]},{\"@type\":\"ImageObject\",\"inLanguage\":\"es\",\"@id\":\"https:\\\/\\\/lospoliticosveracruz.com\\\/?p=73376#primaryimage\",\"url\":\"http:\\\/\\\/www.lospoliticosveracruz.com.mx\\\/wp-content\\\/uploads\\\/2021\\\/05\\\/Batalla-Cordoba.jpeg\",\"contentUrl\":\"http:\\\/\\\/www.lospoliticosveracruz.com.mx\\\/wp-content\\\/uploads\\\/2021\\\/05\\\/Batalla-Cordoba.jpeg\"},{\"@type\":\"BreadcrumbList\",\"@id\":\"https:\\\/\\\/lospoliticosveracruz.com\\\/?p=73376#breadcrumb\",\"itemListElement\":[{\"@type\":\"ListItem\",\"position\":1,\"name\":\"Portada\",\"item\":\"https:\\\/\\\/lospoliticosveracruz.com\\\/\"},{\"@type\":\"ListItem\",\"position\":2,\"name\":\"El PES por la boca muere \\\/ La campa\u00f1a de DVCH\"}]},{\"@type\":\"WebSite\",\"@id\":\"https:\\\/\\\/lospoliticosveracruz.com\\\/#website\",\"url\":\"https:\\\/\\\/lospoliticosveracruz.com\\\/\",\"name\":\"Los pol\u00edticos Veracruz\",\"description\":\"\",\"publisher\":{\"@id\":\"https:\\\/\\\/lospoliticosveracruz.com\\\/#organization\"},\"potentialAction\":[{\"@type\":\"SearchAction\",\"target\":{\"@type\":\"EntryPoint\",\"urlTemplate\":\"https:\\\/\\\/lospoliticosveracruz.com\\\/?s={search_term_string}\"},\"query-input\":{\"@type\":\"PropertyValueSpecification\",\"valueRequired\":true,\"valueName\":\"search_term_string\"}}],\"inLanguage\":\"es\"},{\"@type\":\"Organization\",\"@id\":\"https:\\\/\\\/lospoliticosveracruz.com\\\/#organization\",\"name\":\"Los pol\u00edticos Veracruz\",\"url\":\"https:\\\/\\\/lospoliticosveracruz.com\\\/\",\"logo\":{\"@type\":\"ImageObject\",\"inLanguage\":\"es\",\"@id\":\"https:\\\/\\\/lospoliticosveracruz.com\\\/#\\\/schema\\\/logo\\\/image\\\/\",\"url\":\"https:\\\/\\\/lospoliticosveracruz.com\\\/wp-content\\\/uploads\\\/2025\\\/12\\\/Logo-Nuevo-LOS-POLITICOS-1.jpg\",\"contentUrl\":\"https:\\\/\\\/lospoliticosveracruz.com\\\/wp-content\\\/uploads\\\/2025\\\/12\\\/Logo-Nuevo-LOS-POLITICOS-1.jpg\",\"width\":260,\"height\":70,\"caption\":\"Los pol\u00edticos Veracruz\"},\"image\":{\"@id\":\"https:\\\/\\\/lospoliticosveracruz.com\\\/#\\\/schema\\\/logo\\\/image\\\/\"},\"sameAs\":[\"https:\\\/\\\/www.facebook.com\\\/people\\\/Notimemes-de-los-Polticos\\\/61565672886568\\\/\",\"https:\\\/\\\/x.com\\\/LosPoliticosVer\"]},{\"@type\":\"Person\",\"@id\":\"https:\\\/\\\/lospoliticosveracruz.com\\\/#\\\/schema\\\/person\\\/b8702bb0e538456e6efd07080bf2a4a2\",\"name\":\"Lo viste en Los Pol\u00edticos\",\"image\":{\"@type\":\"ImageObject\",\"inLanguage\":\"es\",\"@id\":\"https:\\\/\\\/secure.gravatar.com\\\/avatar\\\/3a8de04a2656d44082be478bd6c086daa447c4651605818287b9532d3d0bd435?s=96&d=mm&r=g\",\"url\":\"https:\\\/\\\/secure.gravatar.com\\\/avatar\\\/3a8de04a2656d44082be478bd6c086daa447c4651605818287b9532d3d0bd435?s=96&d=mm&r=g\",\"contentUrl\":\"https:\\\/\\\/secure.gravatar.com\\\/avatar\\\/3a8de04a2656d44082be478bd6c086daa447c4651605818287b9532d3d0bd435?s=96&d=mm&r=g\",\"caption\":\"Lo viste en Los Pol\u00edticos\"},\"url\":\"https:\\\/\\\/lospoliticosveracruz.com\\\/?author=2\"}]}<\/script>\n<!-- \/ Yoast SEO plugin. -->","yoast_head_json":{"title":"El PES por la boca muere \/ La campa\u00f1a de DVCH - Los pol\u00edticos Veracruz","robots":{"index":"index","follow":"follow","max-snippet":"max-snippet:-1","max-image-preview":"max-image-preview:large","max-video-preview":"max-video-preview:-1"},"canonical":"https:\/\/lospoliticosveracruz.com\/?p=73376","og_locale":"es_ES","og_type":"article","og_title":"El PES por la boca muere \/ La campa\u00f1a de DVCH - Los pol\u00edticos Veracruz","og_description":"Enrique Yasser Pompeyo Mesa de Redacci\u00f3n Este fin de semana se registr\u00f3 un accidente vehicular en la carretera Tuzamapan-Vaquer\u00eda, en la regi\u00f3n de Coatepec, en el cual resultaron lesionados dos adultos y dos menores de edad. De acuerdo con la informaci\u00f3n, las personas heridas regresaban del mitin de una candidata del Partido Encuentro Solidario (PES).Y [&hellip;]","og_url":"https:\/\/lospoliticosveracruz.com\/?p=73376","og_site_name":"Los pol\u00edticos Veracruz","article_publisher":"https:\/\/www.facebook.com\/people\/Notimemes-de-los-Polticos\/61565672886568\/","article_published_time":"2021-05-19T03:43:51+00:00","article_modified_time":"2021-05-19T03:43:55+00:00","og_image":[{"url":"http:\/\/www.lospoliticosveracruz.com.mx\/wp-content\/uploads\/2021\/05\/Batalla-Cordoba.jpeg","type":"","width":"","height":""}],"author":"Lo viste en Los Pol\u00edticos","twitter_card":"summary_large_image","twitter_creator":"@LosPoliticosVer","twitter_site":"@LosPoliticosVer","twitter_misc":{"Escrito por":"Lo viste en Los Pol\u00edticos","Tiempo de lectura":"4 minutos"},"schema":{"@context":"https:\/\/schema.org","@graph":[{"@type":"Article","@id":"https:\/\/lospoliticosveracruz.com\/?p=73376#article","isPartOf":{"@id":"https:\/\/lospoliticosveracruz.com\/?p=73376"},"author":{"name":"Lo viste en Los Pol\u00edticos","@id":"https:\/\/lospoliticosveracruz.com\/#\/schema\/person\/b8702bb0e538456e6efd07080bf2a4a2"},"headline":"El PES por la boca muere \/ La campa\u00f1a de DVCH","datePublished":"2021-05-19T03:43:51+00:00","dateModified":"2021-05-19T03:43:55+00:00","mainEntityOfPage":{"@id":"https:\/\/lospoliticosveracruz.com\/?p=73376"},"wordCount":734,"publisher":{"@id":"https:\/\/lospoliticosveracruz.com\/#organization"},"image":{"@id":"https:\/\/lospoliticosveracruz.com\/?p=73376#primaryimage"},"thumbnailUrl":"http:\/\/www.lospoliticosveracruz.com.mx\/wp-content\/uploads\/2021\/05\/Batalla-Cordoba.jpeg","keywords":["Carlos Mino","Coatepec","David Velasco Chedraui","Enrique Yasser Pompeyo","Marcela Libreros Hernandez","Partido Encuentro Solidario","PES","Veracruz Va"],"articleSection":["De Opini\u00f3n"],"inLanguage":"es"},{"@type":"WebPage","@id":"https:\/\/lospoliticosveracruz.com\/?p=73376","url":"https:\/\/lospoliticosveracruz.com\/?p=73376","name":"El PES por la boca muere \/ La campa\u00f1a de DVCH - Los pol\u00edticos Veracruz","isPartOf":{"@id":"https:\/\/lospoliticosveracruz.com\/#website"},"primaryImageOfPage":{"@id":"https:\/\/lospoliticosveracruz.com\/?p=73376#primaryimage"},"image":{"@id":"https:\/\/lospoliticosveracruz.com\/?p=73376#primaryimage"},"thumbnailUrl":"http:\/\/www.lospoliticosveracruz.com.mx\/wp-content\/uploads\/2021\/05\/Batalla-Cordoba.jpeg","datePublished":"2021-05-19T03:43:51+00:00","dateModified":"2021-05-19T03:43:55+00:00","breadcrumb":{"@id":"https:\/\/lospoliticosveracruz.com\/?p=73376#breadcrumb"},"inLanguage":"es","potentialAction":[{"@type":"ReadAction","target":["https:\/\/lospoliticosveracruz.com\/?p=73376"]}]},{"@type":"ImageObject","inLanguage":"es","@id":"https:\/\/lospoliticosveracruz.com\/?p=73376#primaryimage","url":"http:\/\/www.lospoliticosveracruz.com.mx\/wp-content\/uploads\/2021\/05\/Batalla-Cordoba.jpeg","contentUrl":"http:\/\/www.lospoliticosveracruz.com.mx\/wp-content\/uploads\/2021\/05\/Batalla-Cordoba.jpeg"},{"@type":"BreadcrumbList","@id":"https:\/\/lospoliticosveracruz.com\/?p=73376#breadcrumb","itemListElement":[{"@type":"ListItem","position":1,"name":"Portada","item":"https:\/\/lospoliticosveracruz.com\/"},{"@type":"ListItem","position":2,"name":"El PES por la boca muere \/ La campa\u00f1a de DVCH"}]},{"@type":"WebSite","@id":"https:\/\/lospoliticosveracruz.com\/#website","url":"https:\/\/lospoliticosveracruz.com\/","name":"Los pol\u00edticos Veracruz","description":"","publisher":{"@id":"https:\/\/lospoliticosveracruz.com\/#organization"},"potentialAction":[{"@type":"SearchAction","target":{"@type":"EntryPoint","urlTemplate":"https:\/\/lospoliticosveracruz.com\/?s={search_term_string}"},"query-input":{"@type":"PropertyValueSpecification","valueRequired":true,"valueName":"search_term_string"}}],"inLanguage":"es"},{"@type":"Organization","@id":"https:\/\/lospoliticosveracruz.com\/#organization","name":"Los pol\u00edticos Veracruz","url":"https:\/\/lospoliticosveracruz.com\/","logo":{"@type":"ImageObject","inLanguage":"es","@id":"https:\/\/lospoliticosveracruz.com\/#\/schema\/logo\/image\/","url":"https:\/\/lospoliticosveracruz.com\/wp-content\/uploads\/2025\/12\/Logo-Nuevo-LOS-POLITICOS-1.jpg","contentUrl":"https:\/\/lospoliticosveracruz.com\/wp-content\/uploads\/2025\/12\/Logo-Nuevo-LOS-POLITICOS-1.jpg","width":260,"height":70,"caption":"Los pol\u00edticos Veracruz"},"image":{"@id":"https:\/\/lospoliticosveracruz.com\/#\/schema\/logo\/image\/"},"sameAs":["https:\/\/www.facebook.com\/people\/Notimemes-de-los-Polticos\/61565672886568\/","https:\/\/x.com\/LosPoliticosVer"]},{"@type":"Person","@id":"https:\/\/lospoliticosveracruz.com\/#\/schema\/person\/b8702bb0e538456e6efd07080bf2a4a2","name":"Lo viste en Los Pol\u00edticos","image":{"@type":"ImageObject","inLanguage":"es","@id":"https:\/\/secure.gravatar.com\/avatar\/3a8de04a2656d44082be478bd6c086daa447c4651605818287b9532d3d0bd435?s=96&d=mm&r=g","url":"https:\/\/secure.gravatar.com\/avatar\/3a8de04a2656d44082be478bd6c086daa447c4651605818287b9532d3d0bd435?s=96&d=mm&r=g","contentUrl":"https:\/\/secure.gravatar.com\/avatar\/3a8de04a2656d44082be478bd6c086daa447c4651605818287b9532d3d0bd435?s=96&d=mm&r=g","caption":"Lo viste en Los Pol\u00edticos"},"url":"https:\/\/lospoliticosveracruz.com\/?author=2"}]}},"_links":{"self":[{"href":"https:\/\/lospoliticosveracruz.com\/index.php?rest_route=\/wp\/v2\/posts\/73376","targetHints":{"allow":["GET"]}}],"collection":[{"href":"https:\/\/lospoliticosveracruz.com\/index.php?rest_route=\/wp\/v2\/posts"}],"about":[{"href":"https:\/\/lospoliticosveracruz.com\/index.php?rest_route=\/wp\/v2\/types\/post"}],"author":[{"embeddable":true,"href":"https:\/\/lospoliticosveracruz.com\/index.php?rest_route=\/wp\/v2\/users\/2"}],"replies":[{"embeddable":true,"href":"https:\/\/lospoliticosveracruz.com\/index.php?rest_route=%2Fwp%2Fv2%2Fcomments&post=73376"}],"version-history":[{"count":1,"href":"https:\/\/lospoliticosveracruz.com\/index.php?rest_route=\/wp\/v2\/posts\/73376\/revisions"}],"predecessor-version":[{"id":73378,"href":"https:\/\/lospoliticosveracruz.com\/index.php?rest_route=\/wp\/v2\/posts\/73376\/revisions\/73378"}],"wp:attachment":[{"href":"https:\/\/lospoliticosveracruz.com\/index.php?rest_route=%2Fwp%2Fv2%2Fmedia&parent=73376"}],"wp:term":[{"taxonomy":"category","embeddable":true,"href":"https:\/\/lospoliticosveracruz.com\/index.php?rest_route=%2Fwp%2Fv2%2Fcategories&post=73376"},{"taxonomy":"post_tag","embeddable":true,"href":"https:\/\/lospoliticosveracruz.com\/index.php?rest_route=%2Fwp%2Fv2%2Ftags&post=73376"}],"curies":[{"name":"wp","href":"https:\/\/api.w.org\/{rel}","templated":true}]}}