{"id":73379,"date":"2021-05-19T08:10:18","date_gmt":"2021-05-19T13:10:18","guid":{"rendered":"http:\/\/www.lospoliticosveracruz.com.mx\/?p=73379"},"modified":"2021-05-19T09:39:20","modified_gmt":"2021-05-19T14:39:20","slug":"ahued-el-enemigo-adentro","status":"publish","type":"post","link":"https:\/\/lospoliticosveracruz.com\/?p=73379","title":{"rendered":"Ahued, el enemigo adentro"},"content":{"rendered":"\n<p><br><strong>Ricardo Ch\u00faa<\/strong><br><em>Sale y Vale<\/em><\/p>\n\n\n\n<p>EL CASO YUNES\u2026 Lo que sucedi\u00f3 ayer en el Tribunal Electoral de Veracruz (TEV) era ya algo esperado hasta por el propio Miguel \u00c1ngel Yunes M\u00e1rquez\u2026 Quien desde horas antes anticipaba la resoluci\u00f3n del TEV.. Y de que su candidatura ser\u00eda echada para abajo por el tema de la ilegibilidad por la residencia\u2026 Los magistrados se basaron en lo que por tanto tiempo, estuvieron exhibiendo en redes sociales, los enemigos de los Yunes azules, tanto adentro como afuera del PAN\u2026 Ahora viene el proceso de las impugnaciones en los tribunales federales\u2026<\/p>\n\n\n\n<div class=\"wp-block-image\"><figure class=\"alignleft size-large\"><a href=\"http:\/\/www.lospoliticosveracruz.com.mx\/wp-content\/uploads\/2021\/05\/Batalla-Cordoba.jpeg\"><img decoding=\"async\" src=\"http:\/\/www.lospoliticosveracruz.com.mx\/wp-content\/uploads\/2021\/05\/Batalla-Cordoba.jpeg\" alt=\"\" class=\"wp-image-72571\"\/><\/a><\/figure><\/div>\n\n\n\n<p><br>Lo que suceda m\u00e1s adelante ser\u00e1 un albur\u2026 Se supone que, por lo general, el tribunal federal se basa en las decisiones del estatal, salvo sus excepciones\u2026. En Veracruz, han ocurrido esos reveses \u00faltimamente\u2026 Pero ahora como este tema de bajarlo de la candidatura a Yunes M\u00e1rquez, se volvi\u00f3 demasiado medi\u00e1tico y con muchas presiones pol\u00edtica al interior y exterior, qui\u00e9n sabe lo que pueda pasar\u2026 Todos estar\u00e1n atentos a este asunto\u2026<br>Por lo pronto, lo real es que el TEV se\u00f1ala que hubo un enga\u00f1o con el tema del domicilio de Miguel Yunes junior, y que por esa raz\u00f3n, le anularon su candidatura a la alcald\u00eda de Veracruz\u2026 Mientras que, por otro lado, Yunes M\u00e1rquez se\u00f1alaba, horas antes de hacerse oficial, de manera directa que por ordenes de la 4T el TEV iba a invalidar su candidatura\u2026. Situaci\u00f3n que finalmente sucedi\u00f3\u2026 Hay que esperar ver que rumbo toma el asunto\u2026 Miguel buscara revertirlo\u2026 Se ver\u00e1 si los tribunales mantienen su decisi\u00f3n o no.. Por lo pronto\u2026 AMEN\u2026<\/p>\n\n\n\n<p>EL CASO AHUED\u2026 Luego que en este espacio se\u00f1alamos que David Velasco Chedraui puede perder la elecci\u00f3n a la alcald\u00eda de Xalapa\u2026 Por errores cometidos en la organizaci\u00f3n de su campa\u00f1a\u2026 Y que esto podr\u00eda dar pie a un triunfo del candidato de MORENA, Ricardo Ahued, para quedarse con la presidencia municipal de la capital\u2026 Todo parece indicar, que el senador con licencia\u2026 No las trae todas consigo y tambi\u00e9n puede caer por temas al interior de este partido pol\u00edtico\u2026 El enemigo lo tiene adentro y eso puede causar su derrota\u2026<br>Y esta conclusi\u00f3n\u2026 Se puede explicar por partes\u2026 Hip\u00f3lito Rodr\u00edguez, el actual alcalde xalape\u00f1o morenista, fue maestro de Manuel Huerta, el delegado del gobierno federal en Veracruz\u2026 Este fue esposo de la actual s\u00edndica del ayuntamiento de Xalapa\u2026 Hipo-Crito como todo acad\u00e9mico universitario, que no le entiende al tema de la pol\u00edtica, no se va a meter, a operar a favor de Ahued\u2026 Lo mismo har\u00e1 Manuel Huerta\u2026 No puede hacer crecer \u00abmonstruos\u00bb que despu\u00e9s no pueda controlar\u2026<br>La otra parte es con Rocio Nahle\u2026 Ya que la secretaria de Energ\u00eda del gobierno federal, no puede dejar crecer a Ricardo Ahued porque \u00e9l, en caso de triunfar en la capital, se convierte en su principal competidor para la sucesi\u00f3n a la gubernatura por MORENA en Veracruz en 2024.. Por eso, no lo puede ayudar como se puede creer\u2026 Ya que Ahued de manera directa, se montar\u00eda en esa candidatura a gobernador\u2026 Un hecho que no puede permitir la funcionaria federal..<br>Adem\u00e1s dentro del mismo partido MORENA\u2026 Los que no son aliados a Esteban Ramirez Zepeta\u2026 Tienen la IDEA PERVERSA que esa marchas que le organiz\u00f3 el Palacio de Gobierno\u2026 S\u00f3lo tienen como fin de REVENTARLO con el INE\u2026 Ya que MORENA en su padr\u00f3n electoral s\u00f3lo tiene 20 mil afiliados en Veracruz\u2026 Y s\u00f3lo en Xalapa son mil 100 militantes activos\u2026 El INE habr\u00e1 de preguntarse, de d\u00f3nde salieron los otros 3 o 4 mil marchistas\u2026 . Ya todas esas evidencias las tiene la Unidad de Fiscalizaci\u00f3n del INE\u2026 OJO CON ESO\u2026<br>Tambi\u00e9n en Xalapa\u2026 Los propios bur\u00f3cratas de MORENA\u2026 De todos los niveles de gobierno se\u00f1alan que, a pesar de la \u00abcargada\u00bb\u2026. No ven que se tenga garantizado el triunfo.. Ni para Ahued, menos para David\u2026 Se puede presentar una TERCERA V\u00cdA\u2026 Est\u00e1n dudando del triunfo de Ahued y MORENA\u2026 El tema puede ser cre\u00edble porque ya no est\u00e1n en el 2004\u2026 Y el senador no trae apoyos de Cuitl\u00e1huac\u2026 Tampoco de Huerta\u2026 No lo apoya Hip\u00f3lito\u2026 Trae parte del partido en contra\u2026 Y ya no el apellido lo salva\u2026 SU SUERTE EST\u00c1 ECHADA\u2026<\/p>\n\n\n\n<p>OJO.. Lo peor en Xalapa .. MORENA como partido pol\u00edtico vive una proceso de \u00abjibarizaci\u00f3n\u00bb de la pol\u00edtica\u2026 Ya se puede ver como un ente depredatorio, como se dice en Ciencia Pol\u00edtica\u2026 El partido no aporta, m\u00e1s bien quita\u2026 Y les \u00abcarcome\u00bb el capital pol\u00edtico a sus figuras p\u00fablicas m\u00e1s representativas\u2026Ricardo Ahued se dio cuenta de eso con el asunto de las lluvias\u2026 Intento copiar el estilo de Fidel Herrera\u2026 Pero le fall\u00f3 con la \u00abca\u00edda\u00bb\u2026 Nadie lo rescat\u00f3\u2026 As\u00ed lo est\u00e1n dejando s\u00f3lo en Xalapa\u2026 Lo exhiben para que acabe el mito.. CONSUMATUM EST..<\/p>\n\n\n\n<p>DE LA GARZA, ENGANCHADO\u2026 El personaje que se la est\u00e1 llevando tranquilo en su carrera a la diputaci\u00f3n local por el distrito XVI de Boca del R\u00edo, por la alianza \u00abVeracruz Va\u00bb (PRI-PAN-PRD) es Jaime de la Graza\u2026 El ex funcionario municipal boque\u00f1o\u2026 Sabiendo que su candidatura no es de las m\u00e1s pol\u00e9micas y que m\u00e1s llaman la atenci\u00f3n en esta zona conurbada\u2026 Se ha dedicado a caminar y presentar propuestas\u2026 Tampoco se enfrenta con nadie\u2026 Est\u00e1 administrando la ventaja del panismo\u2026<br>Es un hecho que De la Garza con lo que construy\u00f3 en su carrera pol\u00edtica a lado de Humberto Morelli, antes con Miguel Angel Yunes pap\u00e1\u2026. Y aunado a eso, montado en la estructura panista, que la tiene muy \u00abaceitada\u00bb, Juan Manuel Unanue\u2026 El candidato a diputado camina de manera tranquila, sin aspaviento, evitando confrontaciones y \u00abjalando agua para su molino\u00bb en este distrito\u2026 No la tiene \u00abpapita\u00bb\u2026 Pero es un hecho que el PAN ganando Boca del R\u00edo, el distrito local, se puede decir, es de ellos\u2026 AMEN\u2026<\/p>\n\n\n\n<p>DATO TUXPAN\u2026 Nos cuenta \u00abGarganta Profunda\u00bb\u2026 Que al empezar a correr el rumor, el pasado jueves de la posible detenci\u00f3n del candidato a alcalde de la alianza \u00abVeracruz Va\u00bb (PAN-PRI-PRD), Pepe Mancha-Do.. El que DICEN sali\u00f3 de \u00abpelada\u00bb, no fue el panista\u2026 Fue su primo, el presidente municipal, Jos\u00e9 Antonio Aguilar Mancha\u2026 Hay quienes lo vieron pasar \u00abcomo alma que lleva el diablo\u00bb a la autopista a CDMX\u2026. Se acalambr\u00f3 el Primo C\u00f3modo porque el \u00abInc\u00f3modo\u00bb, se qued\u00f3 cenando estrujadas, frijoles y cecina con unos vecinas del barrio. AMEN<\/p>\n","protected":false},"excerpt":{"rendered":"<p>Ricardo Ch\u00faaSale y Vale EL CASO YUNES\u2026 Lo que sucedi\u00f3 ayer en el Tribunal Electoral de Veracruz (TEV) era ya algo esperado hasta por el propio Miguel \u00c1ngel Yunes M\u00e1rquez\u2026 Quien desde horas antes anticipaba la resoluci\u00f3n del TEV.. Y de que su candidatura ser\u00eda echada para abajo por el tema de la ilegibilidad por [&hellip;]<\/p>\n","protected":false},"author":2,"featured_media":0,"comment_status":"closed","ping_status":"closed","sticky":false,"template":"","format":"standard","meta":{"tdm_status":"","tdm_grid_status":"","footnotes":""},"categories":[70],"tags":[407,17053,7620,554,536,876,13604,8317,96],"class_list":{"0":"post-73379","1":"post","2":"type-post","3":"status-publish","4":"format-standard","6":"category-de-opinion","7":"tag-david-velasco-chedraui","8":"tag-esteban-ramirez-zepeta","9":"tag-hipolito-rodriguez-herrero","10":"tag-ine","11":"tag-miguel-angel-yunes-marquez","12":"tag-ricardo-ahued","13":"tag-ricardo-chua","14":"tag-tev","15":"tag-xalapa"},"yoast_head":"<!-- This site is optimized with the Yoast SEO plugin v27.4 - https:\/\/yoast.com\/product\/yoast-seo-wordpress\/ -->\n<title>Ahued, el enemigo adentro - Los pol\u00edticos Veracruz<\/title>\n<meta name=\"robots\" content=\"index, follow, max-snippet:-1, max-image-preview:large, max-video-preview:-1\" \/>\n<link rel=\"canonical\" href=\"https:\/\/lospoliticosveracruz.com\/?p=73379\" \/>\n<meta property=\"og:locale\" content=\"es_ES\" \/>\n<meta property=\"og:type\" content=\"article\" \/>\n<meta property=\"og:title\" content=\"Ahued, el enemigo adentro - Los pol\u00edticos Veracruz\" \/>\n<meta property=\"og:description\" content=\"Ricardo Ch\u00faaSale y Vale EL CASO YUNES\u2026 Lo que sucedi\u00f3 ayer en el Tribunal Electoral de Veracruz (TEV) era ya algo esperado hasta por el propio Miguel \u00c1ngel Yunes M\u00e1rquez\u2026 Quien desde horas antes anticipaba la resoluci\u00f3n del TEV.. Y de que su candidatura ser\u00eda echada para abajo por el tema de la ilegibilidad por [&hellip;]\" \/>\n<meta property=\"og:url\" content=\"https:\/\/lospoliticosveracruz.com\/?p=73379\" \/>\n<meta property=\"og:site_name\" content=\"Los pol\u00edticos Veracruz\" \/>\n<meta property=\"article:publisher\" content=\"https:\/\/www.facebook.com\/people\/Notimemes-de-los-Polticos\/61565672886568\/\" \/>\n<meta property=\"article:published_time\" content=\"2021-05-19T13:10:18+00:00\" \/>\n<meta property=\"article:modified_time\" content=\"2021-05-19T14:39:20+00:00\" \/>\n<meta property=\"og:image\" content=\"http:\/\/www.lospoliticosveracruz.com.mx\/wp-content\/uploads\/2021\/05\/Batalla-Cordoba.jpeg\" \/>\n<meta name=\"author\" content=\"Lo viste en Los Pol\u00edticos\" \/>\n<meta name=\"twitter:card\" content=\"summary_large_image\" \/>\n<meta name=\"twitter:creator\" content=\"@LosPoliticosVer\" \/>\n<meta name=\"twitter:site\" content=\"@LosPoliticosVer\" \/>\n<meta name=\"twitter:label1\" content=\"Escrito por\" \/>\n\t<meta name=\"twitter:data1\" content=\"Lo viste en Los Pol\u00edticos\" \/>\n\t<meta name=\"twitter:label2\" content=\"Tiempo de lectura\" \/>\n\t<meta name=\"twitter:data2\" content=\"6 minutos\" \/>\n<script type=\"application\/ld+json\" class=\"yoast-schema-graph\">{\"@context\":\"https:\\\/\\\/schema.org\",\"@graph\":[{\"@type\":\"Article\",\"@id\":\"https:\\\/\\\/lospoliticosveracruz.com\\\/?p=73379#article\",\"isPartOf\":{\"@id\":\"https:\\\/\\\/lospoliticosveracruz.com\\\/?p=73379\"},\"author\":{\"name\":\"Lo viste en Los Pol\u00edticos\",\"@id\":\"https:\\\/\\\/lospoliticosveracruz.com\\\/#\\\/schema\\\/person\\\/b8702bb0e538456e6efd07080bf2a4a2\"},\"headline\":\"Ahued, el enemigo adentro\",\"datePublished\":\"2021-05-19T13:10:18+00:00\",\"dateModified\":\"2021-05-19T14:39:20+00:00\",\"mainEntityOfPage\":{\"@id\":\"https:\\\/\\\/lospoliticosveracruz.com\\\/?p=73379\"},\"wordCount\":1128,\"publisher\":{\"@id\":\"https:\\\/\\\/lospoliticosveracruz.com\\\/#organization\"},\"image\":{\"@id\":\"https:\\\/\\\/lospoliticosveracruz.com\\\/?p=73379#primaryimage\"},\"thumbnailUrl\":\"http:\\\/\\\/www.lospoliticosveracruz.com.mx\\\/wp-content\\\/uploads\\\/2021\\\/05\\\/Batalla-Cordoba.jpeg\",\"keywords\":[\"David Velasco Chedraui\",\"Esteban Ram\u00edrez Zepeta\",\"Hip\u00f3lito Rodr\u00edguez Herrero\",\"INE\",\"Miguel \u00c1ngel Yunes M\u00e1rquez\",\"Ricardo Ahued\",\"Ricardo Ch\u00faa\",\"TEV\",\"Xalapa\"],\"articleSection\":[\"De Opini\u00f3n\"],\"inLanguage\":\"es\"},{\"@type\":\"WebPage\",\"@id\":\"https:\\\/\\\/lospoliticosveracruz.com\\\/?p=73379\",\"url\":\"https:\\\/\\\/lospoliticosveracruz.com\\\/?p=73379\",\"name\":\"Ahued, el enemigo adentro - Los pol\u00edticos Veracruz\",\"isPartOf\":{\"@id\":\"https:\\\/\\\/lospoliticosveracruz.com\\\/#website\"},\"primaryImageOfPage\":{\"@id\":\"https:\\\/\\\/lospoliticosveracruz.com\\\/?p=73379#primaryimage\"},\"image\":{\"@id\":\"https:\\\/\\\/lospoliticosveracruz.com\\\/?p=73379#primaryimage\"},\"thumbnailUrl\":\"http:\\\/\\\/www.lospoliticosveracruz.com.mx\\\/wp-content\\\/uploads\\\/2021\\\/05\\\/Batalla-Cordoba.jpeg\",\"datePublished\":\"2021-05-19T13:10:18+00:00\",\"dateModified\":\"2021-05-19T14:39:20+00:00\",\"breadcrumb\":{\"@id\":\"https:\\\/\\\/lospoliticosveracruz.com\\\/?p=73379#breadcrumb\"},\"inLanguage\":\"es\",\"potentialAction\":[{\"@type\":\"ReadAction\",\"target\":[\"https:\\\/\\\/lospoliticosveracruz.com\\\/?p=73379\"]}]},{\"@type\":\"ImageObject\",\"inLanguage\":\"es\",\"@id\":\"https:\\\/\\\/lospoliticosveracruz.com\\\/?p=73379#primaryimage\",\"url\":\"http:\\\/\\\/www.lospoliticosveracruz.com.mx\\\/wp-content\\\/uploads\\\/2021\\\/05\\\/Batalla-Cordoba.jpeg\",\"contentUrl\":\"http:\\\/\\\/www.lospoliticosveracruz.com.mx\\\/wp-content\\\/uploads\\\/2021\\\/05\\\/Batalla-Cordoba.jpeg\"},{\"@type\":\"BreadcrumbList\",\"@id\":\"https:\\\/\\\/lospoliticosveracruz.com\\\/?p=73379#breadcrumb\",\"itemListElement\":[{\"@type\":\"ListItem\",\"position\":1,\"name\":\"Portada\",\"item\":\"https:\\\/\\\/lospoliticosveracruz.com\\\/\"},{\"@type\":\"ListItem\",\"position\":2,\"name\":\"Ahued, el enemigo adentro\"}]},{\"@type\":\"WebSite\",\"@id\":\"https:\\\/\\\/lospoliticosveracruz.com\\\/#website\",\"url\":\"https:\\\/\\\/lospoliticosveracruz.com\\\/\",\"name\":\"Los pol\u00edticos Veracruz\",\"description\":\"\",\"publisher\":{\"@id\":\"https:\\\/\\\/lospoliticosveracruz.com\\\/#organization\"},\"potentialAction\":[{\"@type\":\"SearchAction\",\"target\":{\"@type\":\"EntryPoint\",\"urlTemplate\":\"https:\\\/\\\/lospoliticosveracruz.com\\\/?s={search_term_string}\"},\"query-input\":{\"@type\":\"PropertyValueSpecification\",\"valueRequired\":true,\"valueName\":\"search_term_string\"}}],\"inLanguage\":\"es\"},{\"@type\":\"Organization\",\"@id\":\"https:\\\/\\\/lospoliticosveracruz.com\\\/#organization\",\"name\":\"Los pol\u00edticos Veracruz\",\"url\":\"https:\\\/\\\/lospoliticosveracruz.com\\\/\",\"logo\":{\"@type\":\"ImageObject\",\"inLanguage\":\"es\",\"@id\":\"https:\\\/\\\/lospoliticosveracruz.com\\\/#\\\/schema\\\/logo\\\/image\\\/\",\"url\":\"https:\\\/\\\/lospoliticosveracruz.com\\\/wp-content\\\/uploads\\\/2025\\\/12\\\/Logo-Nuevo-LOS-POLITICOS-1.jpg\",\"contentUrl\":\"https:\\\/\\\/lospoliticosveracruz.com\\\/wp-content\\\/uploads\\\/2025\\\/12\\\/Logo-Nuevo-LOS-POLITICOS-1.jpg\",\"width\":260,\"height\":70,\"caption\":\"Los pol\u00edticos Veracruz\"},\"image\":{\"@id\":\"https:\\\/\\\/lospoliticosveracruz.com\\\/#\\\/schema\\\/logo\\\/image\\\/\"},\"sameAs\":[\"https:\\\/\\\/www.facebook.com\\\/people\\\/Notimemes-de-los-Polticos\\\/61565672886568\\\/\",\"https:\\\/\\\/x.com\\\/LosPoliticosVer\"]},{\"@type\":\"Person\",\"@id\":\"https:\\\/\\\/lospoliticosveracruz.com\\\/#\\\/schema\\\/person\\\/b8702bb0e538456e6efd07080bf2a4a2\",\"name\":\"Lo viste en Los Pol\u00edticos\",\"image\":{\"@type\":\"ImageObject\",\"inLanguage\":\"es\",\"@id\":\"https:\\\/\\\/secure.gravatar.com\\\/avatar\\\/3a8de04a2656d44082be478bd6c086daa447c4651605818287b9532d3d0bd435?s=96&d=mm&r=g\",\"url\":\"https:\\\/\\\/secure.gravatar.com\\\/avatar\\\/3a8de04a2656d44082be478bd6c086daa447c4651605818287b9532d3d0bd435?s=96&d=mm&r=g\",\"contentUrl\":\"https:\\\/\\\/secure.gravatar.com\\\/avatar\\\/3a8de04a2656d44082be478bd6c086daa447c4651605818287b9532d3d0bd435?s=96&d=mm&r=g\",\"caption\":\"Lo viste en Los Pol\u00edticos\"},\"url\":\"https:\\\/\\\/lospoliticosveracruz.com\\\/?author=2\"}]}<\/script>\n<!-- \/ Yoast SEO plugin. -->","yoast_head_json":{"title":"Ahued, el enemigo adentro - Los pol\u00edticos Veracruz","robots":{"index":"index","follow":"follow","max-snippet":"max-snippet:-1","max-image-preview":"max-image-preview:large","max-video-preview":"max-video-preview:-1"},"canonical":"https:\/\/lospoliticosveracruz.com\/?p=73379","og_locale":"es_ES","og_type":"article","og_title":"Ahued, el enemigo adentro - Los pol\u00edticos Veracruz","og_description":"Ricardo Ch\u00faaSale y Vale EL CASO YUNES\u2026 Lo que sucedi\u00f3 ayer en el Tribunal Electoral de Veracruz (TEV) era ya algo esperado hasta por el propio Miguel \u00c1ngel Yunes M\u00e1rquez\u2026 Quien desde horas antes anticipaba la resoluci\u00f3n del TEV.. Y de que su candidatura ser\u00eda echada para abajo por el tema de la ilegibilidad por [&hellip;]","og_url":"https:\/\/lospoliticosveracruz.com\/?p=73379","og_site_name":"Los pol\u00edticos Veracruz","article_publisher":"https:\/\/www.facebook.com\/people\/Notimemes-de-los-Polticos\/61565672886568\/","article_published_time":"2021-05-19T13:10:18+00:00","article_modified_time":"2021-05-19T14:39:20+00:00","og_image":[{"url":"http:\/\/www.lospoliticosveracruz.com.mx\/wp-content\/uploads\/2021\/05\/Batalla-Cordoba.jpeg","type":"","width":"","height":""}],"author":"Lo viste en Los Pol\u00edticos","twitter_card":"summary_large_image","twitter_creator":"@LosPoliticosVer","twitter_site":"@LosPoliticosVer","twitter_misc":{"Escrito por":"Lo viste en Los Pol\u00edticos","Tiempo de lectura":"6 minutos"},"schema":{"@context":"https:\/\/schema.org","@graph":[{"@type":"Article","@id":"https:\/\/lospoliticosveracruz.com\/?p=73379#article","isPartOf":{"@id":"https:\/\/lospoliticosveracruz.com\/?p=73379"},"author":{"name":"Lo viste en Los Pol\u00edticos","@id":"https:\/\/lospoliticosveracruz.com\/#\/schema\/person\/b8702bb0e538456e6efd07080bf2a4a2"},"headline":"Ahued, el enemigo adentro","datePublished":"2021-05-19T13:10:18+00:00","dateModified":"2021-05-19T14:39:20+00:00","mainEntityOfPage":{"@id":"https:\/\/lospoliticosveracruz.com\/?p=73379"},"wordCount":1128,"publisher":{"@id":"https:\/\/lospoliticosveracruz.com\/#organization"},"image":{"@id":"https:\/\/lospoliticosveracruz.com\/?p=73379#primaryimage"},"thumbnailUrl":"http:\/\/www.lospoliticosveracruz.com.mx\/wp-content\/uploads\/2021\/05\/Batalla-Cordoba.jpeg","keywords":["David Velasco Chedraui","Esteban Ram\u00edrez Zepeta","Hip\u00f3lito Rodr\u00edguez Herrero","INE","Miguel \u00c1ngel Yunes M\u00e1rquez","Ricardo Ahued","Ricardo Ch\u00faa","TEV","Xalapa"],"articleSection":["De Opini\u00f3n"],"inLanguage":"es"},{"@type":"WebPage","@id":"https:\/\/lospoliticosveracruz.com\/?p=73379","url":"https:\/\/lospoliticosveracruz.com\/?p=73379","name":"Ahued, el enemigo adentro - Los pol\u00edticos Veracruz","isPartOf":{"@id":"https:\/\/lospoliticosveracruz.com\/#website"},"primaryImageOfPage":{"@id":"https:\/\/lospoliticosveracruz.com\/?p=73379#primaryimage"},"image":{"@id":"https:\/\/lospoliticosveracruz.com\/?p=73379#primaryimage"},"thumbnailUrl":"http:\/\/www.lospoliticosveracruz.com.mx\/wp-content\/uploads\/2021\/05\/Batalla-Cordoba.jpeg","datePublished":"2021-05-19T13:10:18+00:00","dateModified":"2021-05-19T14:39:20+00:00","breadcrumb":{"@id":"https:\/\/lospoliticosveracruz.com\/?p=73379#breadcrumb"},"inLanguage":"es","potentialAction":[{"@type":"ReadAction","target":["https:\/\/lospoliticosveracruz.com\/?p=73379"]}]},{"@type":"ImageObject","inLanguage":"es","@id":"https:\/\/lospoliticosveracruz.com\/?p=73379#primaryimage","url":"http:\/\/www.lospoliticosveracruz.com.mx\/wp-content\/uploads\/2021\/05\/Batalla-Cordoba.jpeg","contentUrl":"http:\/\/www.lospoliticosveracruz.com.mx\/wp-content\/uploads\/2021\/05\/Batalla-Cordoba.jpeg"},{"@type":"BreadcrumbList","@id":"https:\/\/lospoliticosveracruz.com\/?p=73379#breadcrumb","itemListElement":[{"@type":"ListItem","position":1,"name":"Portada","item":"https:\/\/lospoliticosveracruz.com\/"},{"@type":"ListItem","position":2,"name":"Ahued, el enemigo adentro"}]},{"@type":"WebSite","@id":"https:\/\/lospoliticosveracruz.com\/#website","url":"https:\/\/lospoliticosveracruz.com\/","name":"Los pol\u00edticos Veracruz","description":"","publisher":{"@id":"https:\/\/lospoliticosveracruz.com\/#organization"},"potentialAction":[{"@type":"SearchAction","target":{"@type":"EntryPoint","urlTemplate":"https:\/\/lospoliticosveracruz.com\/?s={search_term_string}"},"query-input":{"@type":"PropertyValueSpecification","valueRequired":true,"valueName":"search_term_string"}}],"inLanguage":"es"},{"@type":"Organization","@id":"https:\/\/lospoliticosveracruz.com\/#organization","name":"Los pol\u00edticos Veracruz","url":"https:\/\/lospoliticosveracruz.com\/","logo":{"@type":"ImageObject","inLanguage":"es","@id":"https:\/\/lospoliticosveracruz.com\/#\/schema\/logo\/image\/","url":"https:\/\/lospoliticosveracruz.com\/wp-content\/uploads\/2025\/12\/Logo-Nuevo-LOS-POLITICOS-1.jpg","contentUrl":"https:\/\/lospoliticosveracruz.com\/wp-content\/uploads\/2025\/12\/Logo-Nuevo-LOS-POLITICOS-1.jpg","width":260,"height":70,"caption":"Los pol\u00edticos Veracruz"},"image":{"@id":"https:\/\/lospoliticosveracruz.com\/#\/schema\/logo\/image\/"},"sameAs":["https:\/\/www.facebook.com\/people\/Notimemes-de-los-Polticos\/61565672886568\/","https:\/\/x.com\/LosPoliticosVer"]},{"@type":"Person","@id":"https:\/\/lospoliticosveracruz.com\/#\/schema\/person\/b8702bb0e538456e6efd07080bf2a4a2","name":"Lo viste en Los Pol\u00edticos","image":{"@type":"ImageObject","inLanguage":"es","@id":"https:\/\/secure.gravatar.com\/avatar\/3a8de04a2656d44082be478bd6c086daa447c4651605818287b9532d3d0bd435?s=96&d=mm&r=g","url":"https:\/\/secure.gravatar.com\/avatar\/3a8de04a2656d44082be478bd6c086daa447c4651605818287b9532d3d0bd435?s=96&d=mm&r=g","contentUrl":"https:\/\/secure.gravatar.com\/avatar\/3a8de04a2656d44082be478bd6c086daa447c4651605818287b9532d3d0bd435?s=96&d=mm&r=g","caption":"Lo viste en Los Pol\u00edticos"},"url":"https:\/\/lospoliticosveracruz.com\/?author=2"}]}},"_links":{"self":[{"href":"https:\/\/lospoliticosveracruz.com\/index.php?rest_route=\/wp\/v2\/posts\/73379","targetHints":{"allow":["GET"]}}],"collection":[{"href":"https:\/\/lospoliticosveracruz.com\/index.php?rest_route=\/wp\/v2\/posts"}],"about":[{"href":"https:\/\/lospoliticosveracruz.com\/index.php?rest_route=\/wp\/v2\/types\/post"}],"author":[{"embeddable":true,"href":"https:\/\/lospoliticosveracruz.com\/index.php?rest_route=\/wp\/v2\/users\/2"}],"replies":[{"embeddable":true,"href":"https:\/\/lospoliticosveracruz.com\/index.php?rest_route=%2Fwp%2Fv2%2Fcomments&post=73379"}],"version-history":[{"count":2,"href":"https:\/\/lospoliticosveracruz.com\/index.php?rest_route=\/wp\/v2\/posts\/73379\/revisions"}],"predecessor-version":[{"id":73394,"href":"https:\/\/lospoliticosveracruz.com\/index.php?rest_route=\/wp\/v2\/posts\/73379\/revisions\/73394"}],"wp:attachment":[{"href":"https:\/\/lospoliticosveracruz.com\/index.php?rest_route=%2Fwp%2Fv2%2Fmedia&parent=73379"}],"wp:term":[{"taxonomy":"category","embeddable":true,"href":"https:\/\/lospoliticosveracruz.com\/index.php?rest_route=%2Fwp%2Fv2%2Fcategories&post=73379"},{"taxonomy":"post_tag","embeddable":true,"href":"https:\/\/lospoliticosveracruz.com\/index.php?rest_route=%2Fwp%2Fv2%2Ftags&post=73379"}],"curies":[{"name":"wp","href":"https:\/\/api.w.org\/{rel}","templated":true}]}}