{"id":73388,"date":"2021-05-19T08:36:38","date_gmt":"2021-05-19T13:36:38","guid":{"rendered":"http:\/\/www.lospoliticosveracruz.com.mx\/?p=73388"},"modified":"2021-05-19T08:36:41","modified_gmt":"2021-05-19T13:36:41","slug":"las-incomprendidas","status":"publish","type":"post","link":"https:\/\/lospoliticosveracruz.com\/?p=73388","title":{"rendered":"Las incomprendidas"},"content":{"rendered":"\n<p><strong><strong>Maricarmen Garc\u00eda El\u00edas<\/strong><\/strong><br><em>Animalia<\/em><br><br>Era cerca del mediod\u00eda y estaba a punto de subirme al auto y llevar a mi princesa a una fiesta de cumplea\u00f1os de su mejor amiga cuando mi celular vibraba de recibir mensajes y mensajes, reviso y se trataba del chat de whatsapp de los vecinos, con esa insistencia pens\u00e9 que hab\u00edan robado alguna casa, un choque en la autopista \u00abpista de hielo\u00bb, un asalto o secuestro cerca de la zona o algo por el estilo pues es cuando por lo regular ese chat se llena de mensajes.<br>Pues no, no era nada de lo anterior, afortunadamente era una vecina que hab\u00eda encontrado una tar\u00e1ntula en el jard\u00edn de su casa y estaba aterrada, paralizada de miedo pidiendo ayuda, solo una persona le contest\u00f3 aconsej\u00e1ndole le pidiera por favor al jardinero o al vigilante que fuera a retirarla , ella contest\u00f3 que ya hab\u00eda marcado al celular de la caseta pero nadie contestaba y ya ning\u00fan vecino le contest\u00f3, me apen\u00e9 mucho por ella pues yo misma le ten\u00eda fobia a las ara\u00f1as y logr\u00e9 entenderla.<br>Decid\u00ed con mi hija que llegar\u00edamos un poco tarde a la fiesta y ayudar\u00edamos a esta mujer pues estaba sola y es una persona de edad avanzada, cuando me abri\u00f3 la puerta me abraz\u00f3 como si hubiera visto a alguien muy cercano, yo la abrac\u00e9 tambi\u00e9n y le dije que se calmara que todo iba a estar bien que a mi tambi\u00e9n me dan miedo las ara\u00f1as pero que tratar\u00eda de ayudarla.<br>Por suerte en ese momento lleg\u00f3 a una casa cercana el repartidor de gas , le ped\u00ed si me prestaba sus guantes y amablemente me dijo que \u00e9l nos ayudar\u00eda a resolver el \u00abproblema\u00bb , el jard\u00edn de la vecina est\u00e1 muy ordenado y fue muy f\u00e1cil ver a la tar\u00e1ntula, la verdad que cuando la vi me dio un sentimiento de tristeza que jam\u00e1s me hab\u00eda producido una ara\u00f1a , se ve\u00eda m\u00e1s asustada que nosotros y en cuanto el se\u00f1or le acerc\u00f3 una bolsa ella entr\u00f3 como si estuviera adiestrada y resignada a los que fu\u00e9ramos a hacerle bueno o malo.<br>Conoc\u00ed el caso lamentable de una amiga activista protectora de los derechos de los ni\u00f1os a quien una ara\u00f1a parada reclusa (con viol\u00edn en el lomo) pic\u00f3 en el brazo mientras se pon\u00eda su saco para asistir a una conferencia, esto ocurri\u00f3 hace como tres a\u00f1os en Valsequillo, Puebla y por desgracia muri\u00f3 con un sufrimiento de aquellos pues le amputaron el brazo y tuvo infartos antes de morir al siguiente d\u00eda de la picadura. Conozco ni\u00f1os y perros que las viudas negras mataron con su poderoso veneno, quiz\u00e1 por ello les temo tanto y reconozco que estos animales son considerados fauna nociva.<br>Sin embargo esa tar\u00e1ntula ten\u00eda algo especial, no intent\u00f3 atacar ni escapar solo se rindi\u00f3, de un negro fulgor e impresionante pelaje impon\u00eda a pesar de ser joven pues tengo entendido que las adultas miden de 7 a 8 cm si son hembras y poco menos si son machos. Tom\u00e9 la bolsa dispuesta a liberarla de camino a la fiesta ya que vivimos en una zona boscosa y esta tar\u00e1ntula me recordaba que estamos acabando con los pocos h\u00e1bitats que les quedan, despierto todos los d\u00edas con el cantar de los p\u00e1jaros, en mi jard\u00edn he visto insectos y aves que jam\u00e1s en la vida hab\u00eda visto y no es suerte es que nos estamos acabando las tierras de los animales, la tar\u00e1ntula estaba en su tierra invadida por nosotros y la constructora y es muy lamentable esta situaci\u00f3n como el hombre est\u00e1 acabando con el planeta a pasos agigantados.<br>Me qued\u00e9 pensando en esto toda la tarde, incluso al regresar de la fiesta investigu\u00e9 todo sobre estos hermosos animales y me qued\u00f3 claro que la mayor\u00eda de especies de tar\u00e1ntulas no son mortales para el ser humano, ayudan a poner equilibrio en el medio ambiente al alimentarse de moscos como el dengue, moscas y otros insectos como la chinche de chaga que es letal para los seres humanos, as\u00ed que en vez de temerles debemos agradecerles que existan pero por desgracia hay m\u00e1s de cinco especies de tar\u00e1ntulas mexicanas amenazadas y a punto de extinguirse por causa del hombre y por la venta ilegal de estos animales.<br>Contact\u00e9 a Tar\u00e1ntulas de M\u00e9xico (puedes encontrarlos en la web) quienes junto con CONACYT est\u00e1n desarrollando un interesante proyecto de conservaci\u00f3n de estos animales mediante la adopci\u00f3n responsable, vale la pena salvar a estos animalitos que adem\u00e1s de ser muy f\u00e1ciles, limpios y econ\u00f3micos de mantener no dan molestias en casa pues no debe existir una interacci\u00f3n con ellas ya que no son mascotas dom\u00e9sticas, luego de todo lo que le\u00ed vaya que me lo estoy pensando y tal vez pronto me sume a este proyecto de adoptar una de estas especies, si es as\u00ed ya les comentar\u00e9 posteriormente.<\/p>\n","protected":false},"excerpt":{"rendered":"<p>Maricarmen Garc\u00eda El\u00edasAnimalia Era cerca del mediod\u00eda y estaba a punto de subirme al auto y llevar a mi princesa a una fiesta de cumplea\u00f1os de su mejor amiga cuando mi celular vibraba de recibir mensajes y mensajes, reviso y se trataba del chat de whatsapp de los vecinos, con esa insistencia pens\u00e9 que hab\u00edan [&hellip;]<\/p>\n","protected":false},"author":2,"featured_media":0,"comment_status":"closed","ping_status":"closed","sticky":false,"template":"","format":"standard","meta":{"tdm_status":"","tdm_grid_status":"","footnotes":""},"categories":[6451],"tags":[1604,28130,16828,28129],"class_list":{"0":"post-73388","1":"post","2":"type-post","3":"status-publish","4":"format-standard","6":"category-historias_de_amigos","7":"tag-conacyt","8":"tag-conservacion-de-animales","9":"tag-maricarmen-garcia-elias","10":"tag-tarantula"},"yoast_head":"<!-- This site is optimized with the Yoast SEO plugin v27.4 - https:\/\/yoast.com\/product\/yoast-seo-wordpress\/ -->\n<title>Las incomprendidas - Los pol\u00edticos Veracruz<\/title>\n<meta name=\"robots\" content=\"index, follow, max-snippet:-1, max-image-preview:large, max-video-preview:-1\" \/>\n<link rel=\"canonical\" href=\"https:\/\/lospoliticosveracruz.com\/?p=73388\" \/>\n<meta property=\"og:locale\" content=\"es_ES\" \/>\n<meta property=\"og:type\" content=\"article\" \/>\n<meta property=\"og:title\" content=\"Las incomprendidas - Los pol\u00edticos Veracruz\" \/>\n<meta property=\"og:description\" content=\"Maricarmen Garc\u00eda El\u00edasAnimalia Era cerca del mediod\u00eda y estaba a punto de subirme al auto y llevar a mi princesa a una fiesta de cumplea\u00f1os de su mejor amiga cuando mi celular vibraba de recibir mensajes y mensajes, reviso y se trataba del chat de whatsapp de los vecinos, con esa insistencia pens\u00e9 que hab\u00edan [&hellip;]\" \/>\n<meta property=\"og:url\" content=\"https:\/\/lospoliticosveracruz.com\/?p=73388\" \/>\n<meta property=\"og:site_name\" content=\"Los pol\u00edticos Veracruz\" \/>\n<meta property=\"article:publisher\" content=\"https:\/\/www.facebook.com\/people\/Notimemes-de-los-Polticos\/61565672886568\/\" \/>\n<meta property=\"article:published_time\" content=\"2021-05-19T13:36:38+00:00\" \/>\n<meta property=\"article:modified_time\" content=\"2021-05-19T13:36:41+00:00\" \/>\n<meta property=\"og:image\" content=\"https:\/\/lospoliticosveracruz.com\/wp-content\/uploads\/2016\/07\/Logo-Dor.jpg\" \/>\n\t<meta property=\"og:image:width\" content=\"200\" \/>\n\t<meta property=\"og:image:height\" content=\"200\" \/>\n\t<meta property=\"og:image:type\" content=\"image\/jpeg\" \/>\n<meta name=\"author\" content=\"Lo viste en Los Pol\u00edticos\" \/>\n<meta name=\"twitter:card\" content=\"summary_large_image\" \/>\n<meta name=\"twitter:creator\" content=\"@LosPoliticosVer\" \/>\n<meta name=\"twitter:site\" content=\"@LosPoliticosVer\" \/>\n<meta name=\"twitter:label1\" content=\"Escrito por\" \/>\n\t<meta name=\"twitter:data1\" content=\"Lo viste en Los Pol\u00edticos\" \/>\n\t<meta name=\"twitter:label2\" content=\"Tiempo de lectura\" \/>\n\t<meta name=\"twitter:data2\" content=\"4 minutos\" \/>\n<script type=\"application\/ld+json\" class=\"yoast-schema-graph\">{\"@context\":\"https:\\\/\\\/schema.org\",\"@graph\":[{\"@type\":\"Article\",\"@id\":\"https:\\\/\\\/lospoliticosveracruz.com\\\/?p=73388#article\",\"isPartOf\":{\"@id\":\"https:\\\/\\\/lospoliticosveracruz.com\\\/?p=73388\"},\"author\":{\"name\":\"Lo viste en Los Pol\u00edticos\",\"@id\":\"https:\\\/\\\/lospoliticosveracruz.com\\\/#\\\/schema\\\/person\\\/b8702bb0e538456e6efd07080bf2a4a2\"},\"headline\":\"Las incomprendidas\",\"datePublished\":\"2021-05-19T13:36:38+00:00\",\"dateModified\":\"2021-05-19T13:36:41+00:00\",\"mainEntityOfPage\":{\"@id\":\"https:\\\/\\\/lospoliticosveracruz.com\\\/?p=73388\"},\"wordCount\":874,\"publisher\":{\"@id\":\"https:\\\/\\\/lospoliticosveracruz.com\\\/#organization\"},\"keywords\":[\"Conacyt\",\"conservaci\u00f3n de animales\",\"Maricarmen Garc\u00eda El\u00edas\",\"tar\u00e1ntula\"],\"articleSection\":[\"Historias de Amigos\"],\"inLanguage\":\"es\"},{\"@type\":\"WebPage\",\"@id\":\"https:\\\/\\\/lospoliticosveracruz.com\\\/?p=73388\",\"url\":\"https:\\\/\\\/lospoliticosveracruz.com\\\/?p=73388\",\"name\":\"Las incomprendidas - Los pol\u00edticos Veracruz\",\"isPartOf\":{\"@id\":\"https:\\\/\\\/lospoliticosveracruz.com\\\/#website\"},\"datePublished\":\"2021-05-19T13:36:38+00:00\",\"dateModified\":\"2021-05-19T13:36:41+00:00\",\"breadcrumb\":{\"@id\":\"https:\\\/\\\/lospoliticosveracruz.com\\\/?p=73388#breadcrumb\"},\"inLanguage\":\"es\",\"potentialAction\":[{\"@type\":\"ReadAction\",\"target\":[\"https:\\\/\\\/lospoliticosveracruz.com\\\/?p=73388\"]}]},{\"@type\":\"BreadcrumbList\",\"@id\":\"https:\\\/\\\/lospoliticosveracruz.com\\\/?p=73388#breadcrumb\",\"itemListElement\":[{\"@type\":\"ListItem\",\"position\":1,\"name\":\"Portada\",\"item\":\"https:\\\/\\\/lospoliticosveracruz.com\\\/\"},{\"@type\":\"ListItem\",\"position\":2,\"name\":\"Las incomprendidas\"}]},{\"@type\":\"WebSite\",\"@id\":\"https:\\\/\\\/lospoliticosveracruz.com\\\/#website\",\"url\":\"https:\\\/\\\/lospoliticosveracruz.com\\\/\",\"name\":\"Los pol\u00edticos Veracruz\",\"description\":\"\",\"publisher\":{\"@id\":\"https:\\\/\\\/lospoliticosveracruz.com\\\/#organization\"},\"potentialAction\":[{\"@type\":\"SearchAction\",\"target\":{\"@type\":\"EntryPoint\",\"urlTemplate\":\"https:\\\/\\\/lospoliticosveracruz.com\\\/?s={search_term_string}\"},\"query-input\":{\"@type\":\"PropertyValueSpecification\",\"valueRequired\":true,\"valueName\":\"search_term_string\"}}],\"inLanguage\":\"es\"},{\"@type\":\"Organization\",\"@id\":\"https:\\\/\\\/lospoliticosveracruz.com\\\/#organization\",\"name\":\"Los pol\u00edticos Veracruz\",\"url\":\"https:\\\/\\\/lospoliticosveracruz.com\\\/\",\"logo\":{\"@type\":\"ImageObject\",\"inLanguage\":\"es\",\"@id\":\"https:\\\/\\\/lospoliticosveracruz.com\\\/#\\\/schema\\\/logo\\\/image\\\/\",\"url\":\"https:\\\/\\\/lospoliticosveracruz.com\\\/wp-content\\\/uploads\\\/2025\\\/12\\\/Logo-Nuevo-LOS-POLITICOS-1.jpg\",\"contentUrl\":\"https:\\\/\\\/lospoliticosveracruz.com\\\/wp-content\\\/uploads\\\/2025\\\/12\\\/Logo-Nuevo-LOS-POLITICOS-1.jpg\",\"width\":260,\"height\":70,\"caption\":\"Los pol\u00edticos Veracruz\"},\"image\":{\"@id\":\"https:\\\/\\\/lospoliticosveracruz.com\\\/#\\\/schema\\\/logo\\\/image\\\/\"},\"sameAs\":[\"https:\\\/\\\/www.facebook.com\\\/people\\\/Notimemes-de-los-Polticos\\\/61565672886568\\\/\",\"https:\\\/\\\/x.com\\\/LosPoliticosVer\"]},{\"@type\":\"Person\",\"@id\":\"https:\\\/\\\/lospoliticosveracruz.com\\\/#\\\/schema\\\/person\\\/b8702bb0e538456e6efd07080bf2a4a2\",\"name\":\"Lo viste en Los Pol\u00edticos\",\"image\":{\"@type\":\"ImageObject\",\"inLanguage\":\"es\",\"@id\":\"https:\\\/\\\/secure.gravatar.com\\\/avatar\\\/3a8de04a2656d44082be478bd6c086daa447c4651605818287b9532d3d0bd435?s=96&d=mm&r=g\",\"url\":\"https:\\\/\\\/secure.gravatar.com\\\/avatar\\\/3a8de04a2656d44082be478bd6c086daa447c4651605818287b9532d3d0bd435?s=96&d=mm&r=g\",\"contentUrl\":\"https:\\\/\\\/secure.gravatar.com\\\/avatar\\\/3a8de04a2656d44082be478bd6c086daa447c4651605818287b9532d3d0bd435?s=96&d=mm&r=g\",\"caption\":\"Lo viste en Los Pol\u00edticos\"},\"url\":\"https:\\\/\\\/lospoliticosveracruz.com\\\/?author=2\"}]}<\/script>\n<!-- \/ Yoast SEO plugin. -->","yoast_head_json":{"title":"Las incomprendidas - Los pol\u00edticos Veracruz","robots":{"index":"index","follow":"follow","max-snippet":"max-snippet:-1","max-image-preview":"max-image-preview:large","max-video-preview":"max-video-preview:-1"},"canonical":"https:\/\/lospoliticosveracruz.com\/?p=73388","og_locale":"es_ES","og_type":"article","og_title":"Las incomprendidas - Los pol\u00edticos Veracruz","og_description":"Maricarmen Garc\u00eda El\u00edasAnimalia Era cerca del mediod\u00eda y estaba a punto de subirme al auto y llevar a mi princesa a una fiesta de cumplea\u00f1os de su mejor amiga cuando mi celular vibraba de recibir mensajes y mensajes, reviso y se trataba del chat de whatsapp de los vecinos, con esa insistencia pens\u00e9 que hab\u00edan [&hellip;]","og_url":"https:\/\/lospoliticosveracruz.com\/?p=73388","og_site_name":"Los pol\u00edticos Veracruz","article_publisher":"https:\/\/www.facebook.com\/people\/Notimemes-de-los-Polticos\/61565672886568\/","article_published_time":"2021-05-19T13:36:38+00:00","article_modified_time":"2021-05-19T13:36:41+00:00","og_image":[{"width":200,"height":200,"url":"https:\/\/lospoliticosveracruz.com\/wp-content\/uploads\/2016\/07\/Logo-Dor.jpg","type":"image\/jpeg"}],"author":"Lo viste en Los Pol\u00edticos","twitter_card":"summary_large_image","twitter_creator":"@LosPoliticosVer","twitter_site":"@LosPoliticosVer","twitter_misc":{"Escrito por":"Lo viste en Los Pol\u00edticos","Tiempo de lectura":"4 minutos"},"schema":{"@context":"https:\/\/schema.org","@graph":[{"@type":"Article","@id":"https:\/\/lospoliticosveracruz.com\/?p=73388#article","isPartOf":{"@id":"https:\/\/lospoliticosveracruz.com\/?p=73388"},"author":{"name":"Lo viste en Los Pol\u00edticos","@id":"https:\/\/lospoliticosveracruz.com\/#\/schema\/person\/b8702bb0e538456e6efd07080bf2a4a2"},"headline":"Las incomprendidas","datePublished":"2021-05-19T13:36:38+00:00","dateModified":"2021-05-19T13:36:41+00:00","mainEntityOfPage":{"@id":"https:\/\/lospoliticosveracruz.com\/?p=73388"},"wordCount":874,"publisher":{"@id":"https:\/\/lospoliticosveracruz.com\/#organization"},"keywords":["Conacyt","conservaci\u00f3n de animales","Maricarmen Garc\u00eda El\u00edas","tar\u00e1ntula"],"articleSection":["Historias de Amigos"],"inLanguage":"es"},{"@type":"WebPage","@id":"https:\/\/lospoliticosveracruz.com\/?p=73388","url":"https:\/\/lospoliticosveracruz.com\/?p=73388","name":"Las incomprendidas - Los pol\u00edticos Veracruz","isPartOf":{"@id":"https:\/\/lospoliticosveracruz.com\/#website"},"datePublished":"2021-05-19T13:36:38+00:00","dateModified":"2021-05-19T13:36:41+00:00","breadcrumb":{"@id":"https:\/\/lospoliticosveracruz.com\/?p=73388#breadcrumb"},"inLanguage":"es","potentialAction":[{"@type":"ReadAction","target":["https:\/\/lospoliticosveracruz.com\/?p=73388"]}]},{"@type":"BreadcrumbList","@id":"https:\/\/lospoliticosveracruz.com\/?p=73388#breadcrumb","itemListElement":[{"@type":"ListItem","position":1,"name":"Portada","item":"https:\/\/lospoliticosveracruz.com\/"},{"@type":"ListItem","position":2,"name":"Las incomprendidas"}]},{"@type":"WebSite","@id":"https:\/\/lospoliticosveracruz.com\/#website","url":"https:\/\/lospoliticosveracruz.com\/","name":"Los pol\u00edticos Veracruz","description":"","publisher":{"@id":"https:\/\/lospoliticosveracruz.com\/#organization"},"potentialAction":[{"@type":"SearchAction","target":{"@type":"EntryPoint","urlTemplate":"https:\/\/lospoliticosveracruz.com\/?s={search_term_string}"},"query-input":{"@type":"PropertyValueSpecification","valueRequired":true,"valueName":"search_term_string"}}],"inLanguage":"es"},{"@type":"Organization","@id":"https:\/\/lospoliticosveracruz.com\/#organization","name":"Los pol\u00edticos Veracruz","url":"https:\/\/lospoliticosveracruz.com\/","logo":{"@type":"ImageObject","inLanguage":"es","@id":"https:\/\/lospoliticosveracruz.com\/#\/schema\/logo\/image\/","url":"https:\/\/lospoliticosveracruz.com\/wp-content\/uploads\/2025\/12\/Logo-Nuevo-LOS-POLITICOS-1.jpg","contentUrl":"https:\/\/lospoliticosveracruz.com\/wp-content\/uploads\/2025\/12\/Logo-Nuevo-LOS-POLITICOS-1.jpg","width":260,"height":70,"caption":"Los pol\u00edticos Veracruz"},"image":{"@id":"https:\/\/lospoliticosveracruz.com\/#\/schema\/logo\/image\/"},"sameAs":["https:\/\/www.facebook.com\/people\/Notimemes-de-los-Polticos\/61565672886568\/","https:\/\/x.com\/LosPoliticosVer"]},{"@type":"Person","@id":"https:\/\/lospoliticosveracruz.com\/#\/schema\/person\/b8702bb0e538456e6efd07080bf2a4a2","name":"Lo viste en Los Pol\u00edticos","image":{"@type":"ImageObject","inLanguage":"es","@id":"https:\/\/secure.gravatar.com\/avatar\/3a8de04a2656d44082be478bd6c086daa447c4651605818287b9532d3d0bd435?s=96&d=mm&r=g","url":"https:\/\/secure.gravatar.com\/avatar\/3a8de04a2656d44082be478bd6c086daa447c4651605818287b9532d3d0bd435?s=96&d=mm&r=g","contentUrl":"https:\/\/secure.gravatar.com\/avatar\/3a8de04a2656d44082be478bd6c086daa447c4651605818287b9532d3d0bd435?s=96&d=mm&r=g","caption":"Lo viste en Los Pol\u00edticos"},"url":"https:\/\/lospoliticosveracruz.com\/?author=2"}]}},"_links":{"self":[{"href":"https:\/\/lospoliticosveracruz.com\/index.php?rest_route=\/wp\/v2\/posts\/73388","targetHints":{"allow":["GET"]}}],"collection":[{"href":"https:\/\/lospoliticosveracruz.com\/index.php?rest_route=\/wp\/v2\/posts"}],"about":[{"href":"https:\/\/lospoliticosveracruz.com\/index.php?rest_route=\/wp\/v2\/types\/post"}],"author":[{"embeddable":true,"href":"https:\/\/lospoliticosveracruz.com\/index.php?rest_route=\/wp\/v2\/users\/2"}],"replies":[{"embeddable":true,"href":"https:\/\/lospoliticosveracruz.com\/index.php?rest_route=%2Fwp%2Fv2%2Fcomments&post=73388"}],"version-history":[{"count":1,"href":"https:\/\/lospoliticosveracruz.com\/index.php?rest_route=\/wp\/v2\/posts\/73388\/revisions"}],"predecessor-version":[{"id":73390,"href":"https:\/\/lospoliticosveracruz.com\/index.php?rest_route=\/wp\/v2\/posts\/73388\/revisions\/73390"}],"wp:attachment":[{"href":"https:\/\/lospoliticosveracruz.com\/index.php?rest_route=%2Fwp%2Fv2%2Fmedia&parent=73388"}],"wp:term":[{"taxonomy":"category","embeddable":true,"href":"https:\/\/lospoliticosveracruz.com\/index.php?rest_route=%2Fwp%2Fv2%2Fcategories&post=73388"},{"taxonomy":"post_tag","embeddable":true,"href":"https:\/\/lospoliticosveracruz.com\/index.php?rest_route=%2Fwp%2Fv2%2Ftags&post=73388"}],"curies":[{"name":"wp","href":"https:\/\/api.w.org\/{rel}","templated":true}]}}