{"id":73522,"date":"2021-05-20T14:00:42","date_gmt":"2021-05-20T19:00:42","guid":{"rendered":"http:\/\/www.lospoliticosveracruz.com.mx\/?p=73522"},"modified":"2021-05-20T14:28:18","modified_gmt":"2021-05-20T19:28:18","slug":"anilu-de-mano-con-empresarios","status":"publish","type":"post","link":"https:\/\/lospoliticosveracruz.com\/?p=73522","title":{"rendered":"Anil\u00fa, de mano con empresarios"},"content":{"rendered":"\n<p><strong>Veracruz<\/strong><br>En el marco de la \u201cEntrega de propuestas de empresarios del Comercio, Servicio y Turismo de Veracruz\u201d a los candidatos a diputados y presidentes municipales, la abanderada a diputada local por la v\u00eda plurinominal, Anil\u00fa Ingram Vallines refrend\u00f3 su compromiso de continuar su trabajo legislativo federal ahora desde el \u00e1mbito local; a este evento asisti\u00f3 con el Presidente del Comit\u00e9 Directivo Estatal del PRI, Marlon Ramirez.<\/p>\n\n\n\n<div class=\"wp-block-image\"><figure class=\"alignleft size-large\"><a href=\"http:\/\/www.lospoliticosveracruz.com.mx\/wp-content\/uploads\/2021\/05\/Batalla-Cordoba.jpeg\"><img decoding=\"async\" src=\"http:\/\/www.lospoliticosveracruz.com.mx\/wp-content\/uploads\/2021\/05\/Batalla-Cordoba.jpeg\" alt=\"\" class=\"wp-image-72571\"\/><\/a><\/figure><\/div>\n\n\n\n<p><br>\u201cHe sido fiel impulsora de soluciones conjuntas con el sector empresarial, estoy segura que si el gobierno hubiera hecho caso a todas las propuestas que hemos impulsado desde San L\u00e1zaro, la crisis no se hubiera sentido tanto\u201d, afirm\u00f3.<br>La legisladora con licencia enfatiz\u00f3 que, al igual que lo ha hecho desde las diferentes trincheras, escuchar\u00e1 a todas las voces para trabajar en favor de todos los sectores, especialmente en este caso, del empresarial, el cual ha sido duramente golpeado por el actual gobierno federal morenista.<br>Por lo anterior, como legisladora local propondr\u00e1 un esquema de incentivos fiscales, buscando especialmente reducir el impuesto a n\u00f3mina y\/o garantizar que los recursos generados por este concepto se apliquen conforme a la ley, con esquemas de transparencia y rendici\u00f3n de cuentas, as\u00ed como aplicar un financiamiento a las MiPymes, con acceso a cr\u00e9ditos con tasa preferencial a trav\u00e9s de la Banca de Desarrollo.<br>De igual forma -dijo-, se apoyar\u00e1 a los emprendedores con incentivos fiscales a nuevas empresas \u00a0y una certificaci\u00f3n en igualdad salarial (que le paguen lo mismo a los hombres que a mujeres), es decir quienes lo hagan, podr\u00e1n acceder a incentivos.<br>Tambi\u00e9n propondr\u00e1 un seguro de desempleo que aplicar\u00eda solo a las personas que ganen menos de 10 mil pesos al mes y la ayuda consistir\u00eda en solo una fracci\u00f3n de lo que ganaban, es decir, la idea es que sea una forma de trascender entre un trabajo y otro.<br>Ingram Vallines agreg\u00f3 que se sumar\u00e1 a las propuestas de su candidato a la presidencia municipal por la Alianza Veracruz Va y a las que proponga la c\u00e1mara empresarial para impulsar desde el Congreso Local, el presupuesto, acciones y marco jur\u00eddico que abone a que las cosas sucedan de verdad en temas de salud, seguridad, gobierno, comercio y turismo.<br>Aunado a lo anterior record\u00f3 que desde San L\u00e1zaro impuls\u00f3 70 iniciativas, 31 como iniciante y 7 de ellas ya aprobadas, as\u00ed como 413 puntos de acuerdo, de los cuales 40 fueron propios, teniendo 11 aprobados, lo que le mereci\u00f3 estar en el top 5 de las diputadas de su grupo parlamentario, de acuerdo con el Bur\u00f3 Parlamentario, siendo adem\u00e1s la diputada veracruzana m\u00e1s productiva del estado. \u00a0<br>De esta forma, de acuerdo con los 3 ejes que rigen sus iniciativas: Mujeres, Justicia social y Reactivaci\u00f3n econ\u00f3mica, la tambi\u00e9n Coordinadora del Programa Recupera del PRI, explic\u00f3 que la Ley Ingrid, la Ley Olimpia, la Violencia Comunitaria y la 3 de 3 deben ser una realidad que se apliquen en este estado que, desgraciadamente, ostenta el segundo lugar nacional en feminicidios; as\u00ed como regresar los programas sociales, pero con un enfoque integral y no con las d\u00e1divas que ahora se dan y que no mueven la econom\u00eda.<\/p>\n","protected":false},"excerpt":{"rendered":"<p>VeracruzEn el marco de la \u201cEntrega de propuestas de empresarios del Comercio, Servicio y Turismo de Veracruz\u201d a los candidatos a diputados y presidentes municipales, la abanderada a diputada local por la v\u00eda plurinominal, Anil\u00fa Ingram Vallines refrend\u00f3 su compromiso de continuar su trabajo legislativo federal ahora desde el \u00e1mbito local; a este evento asisti\u00f3 [&hellip;]<\/p>\n","protected":false},"author":2,"featured_media":0,"comment_status":"closed","ping_status":"closed","sticky":false,"template":"","format":"standard","meta":{"tdm_status":"","tdm_grid_status":"","footnotes":""},"categories":[73],"tags":[1872,1463,15295,2908,17298,251],"class_list":{"0":"post-73522","1":"post","2":"type-post","3":"status-publish","4":"format-standard","6":"category-de-boleto","7":"tag-anilu-ingram-vallines","8":"tag-empresarios","9":"tag-justicia-social","10":"tag-marlon-ramirez-marin","11":"tag-mipymes","12":"tag-pri"},"yoast_head":"<!-- This site is optimized with the Yoast SEO plugin v27.4 - https:\/\/yoast.com\/product\/yoast-seo-wordpress\/ -->\n<title>Anil\u00fa, de mano con empresarios - Los pol\u00edticos Veracruz<\/title>\n<meta name=\"robots\" content=\"index, follow, max-snippet:-1, max-image-preview:large, max-video-preview:-1\" \/>\n<link rel=\"canonical\" href=\"https:\/\/lospoliticosveracruz.com\/?p=73522\" \/>\n<meta property=\"og:locale\" content=\"es_ES\" \/>\n<meta property=\"og:type\" content=\"article\" \/>\n<meta property=\"og:title\" content=\"Anil\u00fa, de mano con empresarios - Los pol\u00edticos Veracruz\" \/>\n<meta property=\"og:description\" content=\"VeracruzEn el marco de la \u201cEntrega de propuestas de empresarios del Comercio, Servicio y Turismo de Veracruz\u201d a los candidatos a diputados y presidentes municipales, la abanderada a diputada local por la v\u00eda plurinominal, Anil\u00fa Ingram Vallines refrend\u00f3 su compromiso de continuar su trabajo legislativo federal ahora desde el \u00e1mbito local; a este evento asisti\u00f3 [&hellip;]\" \/>\n<meta property=\"og:url\" content=\"https:\/\/lospoliticosveracruz.com\/?p=73522\" \/>\n<meta property=\"og:site_name\" content=\"Los pol\u00edticos Veracruz\" \/>\n<meta property=\"article:publisher\" content=\"https:\/\/www.facebook.com\/people\/Notimemes-de-los-Polticos\/61565672886568\/\" \/>\n<meta property=\"article:published_time\" content=\"2021-05-20T19:00:42+00:00\" \/>\n<meta property=\"article:modified_time\" content=\"2021-05-20T19:28:18+00:00\" \/>\n<meta property=\"og:image\" content=\"http:\/\/www.lospoliticosveracruz.com.mx\/wp-content\/uploads\/2021\/05\/Batalla-Cordoba.jpeg\" \/>\n<meta name=\"author\" content=\"Lo viste en Los Pol\u00edticos\" \/>\n<meta name=\"twitter:card\" content=\"summary_large_image\" \/>\n<meta name=\"twitter:creator\" content=\"@LosPoliticosVer\" \/>\n<meta name=\"twitter:site\" content=\"@LosPoliticosVer\" \/>\n<meta name=\"twitter:label1\" content=\"Escrito por\" \/>\n\t<meta name=\"twitter:data1\" content=\"Lo viste en Los Pol\u00edticos\" \/>\n\t<meta name=\"twitter:label2\" content=\"Tiempo de lectura\" \/>\n\t<meta name=\"twitter:data2\" content=\"3 minutos\" \/>\n<script type=\"application\/ld+json\" class=\"yoast-schema-graph\">{\"@context\":\"https:\\\/\\\/schema.org\",\"@graph\":[{\"@type\":\"Article\",\"@id\":\"https:\\\/\\\/lospoliticosveracruz.com\\\/?p=73522#article\",\"isPartOf\":{\"@id\":\"https:\\\/\\\/lospoliticosveracruz.com\\\/?p=73522\"},\"author\":{\"name\":\"Lo viste en Los Pol\u00edticos\",\"@id\":\"https:\\\/\\\/lospoliticosveracruz.com\\\/#\\\/schema\\\/person\\\/b8702bb0e538456e6efd07080bf2a4a2\"},\"headline\":\"Anil\u00fa, de mano con empresarios\",\"datePublished\":\"2021-05-20T19:00:42+00:00\",\"dateModified\":\"2021-05-20T19:28:18+00:00\",\"mainEntityOfPage\":{\"@id\":\"https:\\\/\\\/lospoliticosveracruz.com\\\/?p=73522\"},\"wordCount\":537,\"publisher\":{\"@id\":\"https:\\\/\\\/lospoliticosveracruz.com\\\/#organization\"},\"image\":{\"@id\":\"https:\\\/\\\/lospoliticosveracruz.com\\\/?p=73522#primaryimage\"},\"thumbnailUrl\":\"http:\\\/\\\/www.lospoliticosveracruz.com.mx\\\/wp-content\\\/uploads\\\/2021\\\/05\\\/Batalla-Cordoba.jpeg\",\"keywords\":[\"Anil\u00fa Ingram Vallines\",\"empresarios\",\"Justicia Social\",\"Marlon Ram\u00edrez Mar\u00edn\",\"mipymes\",\"PRI\"],\"articleSection\":[\"De Boleto\"],\"inLanguage\":\"es\"},{\"@type\":\"WebPage\",\"@id\":\"https:\\\/\\\/lospoliticosveracruz.com\\\/?p=73522\",\"url\":\"https:\\\/\\\/lospoliticosveracruz.com\\\/?p=73522\",\"name\":\"Anil\u00fa, de mano con empresarios - Los pol\u00edticos Veracruz\",\"isPartOf\":{\"@id\":\"https:\\\/\\\/lospoliticosveracruz.com\\\/#website\"},\"primaryImageOfPage\":{\"@id\":\"https:\\\/\\\/lospoliticosveracruz.com\\\/?p=73522#primaryimage\"},\"image\":{\"@id\":\"https:\\\/\\\/lospoliticosveracruz.com\\\/?p=73522#primaryimage\"},\"thumbnailUrl\":\"http:\\\/\\\/www.lospoliticosveracruz.com.mx\\\/wp-content\\\/uploads\\\/2021\\\/05\\\/Batalla-Cordoba.jpeg\",\"datePublished\":\"2021-05-20T19:00:42+00:00\",\"dateModified\":\"2021-05-20T19:28:18+00:00\",\"breadcrumb\":{\"@id\":\"https:\\\/\\\/lospoliticosveracruz.com\\\/?p=73522#breadcrumb\"},\"inLanguage\":\"es\",\"potentialAction\":[{\"@type\":\"ReadAction\",\"target\":[\"https:\\\/\\\/lospoliticosveracruz.com\\\/?p=73522\"]}]},{\"@type\":\"ImageObject\",\"inLanguage\":\"es\",\"@id\":\"https:\\\/\\\/lospoliticosveracruz.com\\\/?p=73522#primaryimage\",\"url\":\"http:\\\/\\\/www.lospoliticosveracruz.com.mx\\\/wp-content\\\/uploads\\\/2021\\\/05\\\/Batalla-Cordoba.jpeg\",\"contentUrl\":\"http:\\\/\\\/www.lospoliticosveracruz.com.mx\\\/wp-content\\\/uploads\\\/2021\\\/05\\\/Batalla-Cordoba.jpeg\"},{\"@type\":\"BreadcrumbList\",\"@id\":\"https:\\\/\\\/lospoliticosveracruz.com\\\/?p=73522#breadcrumb\",\"itemListElement\":[{\"@type\":\"ListItem\",\"position\":1,\"name\":\"Portada\",\"item\":\"https:\\\/\\\/lospoliticosveracruz.com\\\/\"},{\"@type\":\"ListItem\",\"position\":2,\"name\":\"Anil\u00fa, de mano con empresarios\"}]},{\"@type\":\"WebSite\",\"@id\":\"https:\\\/\\\/lospoliticosveracruz.com\\\/#website\",\"url\":\"https:\\\/\\\/lospoliticosveracruz.com\\\/\",\"name\":\"Los pol\u00edticos Veracruz\",\"description\":\"\",\"publisher\":{\"@id\":\"https:\\\/\\\/lospoliticosveracruz.com\\\/#organization\"},\"potentialAction\":[{\"@type\":\"SearchAction\",\"target\":{\"@type\":\"EntryPoint\",\"urlTemplate\":\"https:\\\/\\\/lospoliticosveracruz.com\\\/?s={search_term_string}\"},\"query-input\":{\"@type\":\"PropertyValueSpecification\",\"valueRequired\":true,\"valueName\":\"search_term_string\"}}],\"inLanguage\":\"es\"},{\"@type\":\"Organization\",\"@id\":\"https:\\\/\\\/lospoliticosveracruz.com\\\/#organization\",\"name\":\"Los pol\u00edticos Veracruz\",\"url\":\"https:\\\/\\\/lospoliticosveracruz.com\\\/\",\"logo\":{\"@type\":\"ImageObject\",\"inLanguage\":\"es\",\"@id\":\"https:\\\/\\\/lospoliticosveracruz.com\\\/#\\\/schema\\\/logo\\\/image\\\/\",\"url\":\"https:\\\/\\\/lospoliticosveracruz.com\\\/wp-content\\\/uploads\\\/2025\\\/12\\\/Logo-Nuevo-LOS-POLITICOS-1.jpg\",\"contentUrl\":\"https:\\\/\\\/lospoliticosveracruz.com\\\/wp-content\\\/uploads\\\/2025\\\/12\\\/Logo-Nuevo-LOS-POLITICOS-1.jpg\",\"width\":260,\"height\":70,\"caption\":\"Los pol\u00edticos Veracruz\"},\"image\":{\"@id\":\"https:\\\/\\\/lospoliticosveracruz.com\\\/#\\\/schema\\\/logo\\\/image\\\/\"},\"sameAs\":[\"https:\\\/\\\/www.facebook.com\\\/people\\\/Notimemes-de-los-Polticos\\\/61565672886568\\\/\",\"https:\\\/\\\/x.com\\\/LosPoliticosVer\"]},{\"@type\":\"Person\",\"@id\":\"https:\\\/\\\/lospoliticosveracruz.com\\\/#\\\/schema\\\/person\\\/b8702bb0e538456e6efd07080bf2a4a2\",\"name\":\"Lo viste en Los Pol\u00edticos\",\"image\":{\"@type\":\"ImageObject\",\"inLanguage\":\"es\",\"@id\":\"https:\\\/\\\/secure.gravatar.com\\\/avatar\\\/3a8de04a2656d44082be478bd6c086daa447c4651605818287b9532d3d0bd435?s=96&d=mm&r=g\",\"url\":\"https:\\\/\\\/secure.gravatar.com\\\/avatar\\\/3a8de04a2656d44082be478bd6c086daa447c4651605818287b9532d3d0bd435?s=96&d=mm&r=g\",\"contentUrl\":\"https:\\\/\\\/secure.gravatar.com\\\/avatar\\\/3a8de04a2656d44082be478bd6c086daa447c4651605818287b9532d3d0bd435?s=96&d=mm&r=g\",\"caption\":\"Lo viste en Los Pol\u00edticos\"},\"url\":\"https:\\\/\\\/lospoliticosveracruz.com\\\/?author=2\"}]}<\/script>\n<!-- \/ Yoast SEO plugin. -->","yoast_head_json":{"title":"Anil\u00fa, de mano con empresarios - Los pol\u00edticos Veracruz","robots":{"index":"index","follow":"follow","max-snippet":"max-snippet:-1","max-image-preview":"max-image-preview:large","max-video-preview":"max-video-preview:-1"},"canonical":"https:\/\/lospoliticosveracruz.com\/?p=73522","og_locale":"es_ES","og_type":"article","og_title":"Anil\u00fa, de mano con empresarios - Los pol\u00edticos Veracruz","og_description":"VeracruzEn el marco de la \u201cEntrega de propuestas de empresarios del Comercio, Servicio y Turismo de Veracruz\u201d a los candidatos a diputados y presidentes municipales, la abanderada a diputada local por la v\u00eda plurinominal, Anil\u00fa Ingram Vallines refrend\u00f3 su compromiso de continuar su trabajo legislativo federal ahora desde el \u00e1mbito local; a este evento asisti\u00f3 [&hellip;]","og_url":"https:\/\/lospoliticosveracruz.com\/?p=73522","og_site_name":"Los pol\u00edticos Veracruz","article_publisher":"https:\/\/www.facebook.com\/people\/Notimemes-de-los-Polticos\/61565672886568\/","article_published_time":"2021-05-20T19:00:42+00:00","article_modified_time":"2021-05-20T19:28:18+00:00","og_image":[{"url":"http:\/\/www.lospoliticosveracruz.com.mx\/wp-content\/uploads\/2021\/05\/Batalla-Cordoba.jpeg","type":"","width":"","height":""}],"author":"Lo viste en Los Pol\u00edticos","twitter_card":"summary_large_image","twitter_creator":"@LosPoliticosVer","twitter_site":"@LosPoliticosVer","twitter_misc":{"Escrito por":"Lo viste en Los Pol\u00edticos","Tiempo de lectura":"3 minutos"},"schema":{"@context":"https:\/\/schema.org","@graph":[{"@type":"Article","@id":"https:\/\/lospoliticosveracruz.com\/?p=73522#article","isPartOf":{"@id":"https:\/\/lospoliticosveracruz.com\/?p=73522"},"author":{"name":"Lo viste en Los Pol\u00edticos","@id":"https:\/\/lospoliticosveracruz.com\/#\/schema\/person\/b8702bb0e538456e6efd07080bf2a4a2"},"headline":"Anil\u00fa, de mano con empresarios","datePublished":"2021-05-20T19:00:42+00:00","dateModified":"2021-05-20T19:28:18+00:00","mainEntityOfPage":{"@id":"https:\/\/lospoliticosveracruz.com\/?p=73522"},"wordCount":537,"publisher":{"@id":"https:\/\/lospoliticosveracruz.com\/#organization"},"image":{"@id":"https:\/\/lospoliticosveracruz.com\/?p=73522#primaryimage"},"thumbnailUrl":"http:\/\/www.lospoliticosveracruz.com.mx\/wp-content\/uploads\/2021\/05\/Batalla-Cordoba.jpeg","keywords":["Anil\u00fa Ingram Vallines","empresarios","Justicia Social","Marlon Ram\u00edrez Mar\u00edn","mipymes","PRI"],"articleSection":["De Boleto"],"inLanguage":"es"},{"@type":"WebPage","@id":"https:\/\/lospoliticosveracruz.com\/?p=73522","url":"https:\/\/lospoliticosveracruz.com\/?p=73522","name":"Anil\u00fa, de mano con empresarios - Los pol\u00edticos Veracruz","isPartOf":{"@id":"https:\/\/lospoliticosveracruz.com\/#website"},"primaryImageOfPage":{"@id":"https:\/\/lospoliticosveracruz.com\/?p=73522#primaryimage"},"image":{"@id":"https:\/\/lospoliticosveracruz.com\/?p=73522#primaryimage"},"thumbnailUrl":"http:\/\/www.lospoliticosveracruz.com.mx\/wp-content\/uploads\/2021\/05\/Batalla-Cordoba.jpeg","datePublished":"2021-05-20T19:00:42+00:00","dateModified":"2021-05-20T19:28:18+00:00","breadcrumb":{"@id":"https:\/\/lospoliticosveracruz.com\/?p=73522#breadcrumb"},"inLanguage":"es","potentialAction":[{"@type":"ReadAction","target":["https:\/\/lospoliticosveracruz.com\/?p=73522"]}]},{"@type":"ImageObject","inLanguage":"es","@id":"https:\/\/lospoliticosveracruz.com\/?p=73522#primaryimage","url":"http:\/\/www.lospoliticosveracruz.com.mx\/wp-content\/uploads\/2021\/05\/Batalla-Cordoba.jpeg","contentUrl":"http:\/\/www.lospoliticosveracruz.com.mx\/wp-content\/uploads\/2021\/05\/Batalla-Cordoba.jpeg"},{"@type":"BreadcrumbList","@id":"https:\/\/lospoliticosveracruz.com\/?p=73522#breadcrumb","itemListElement":[{"@type":"ListItem","position":1,"name":"Portada","item":"https:\/\/lospoliticosveracruz.com\/"},{"@type":"ListItem","position":2,"name":"Anil\u00fa, de mano con empresarios"}]},{"@type":"WebSite","@id":"https:\/\/lospoliticosveracruz.com\/#website","url":"https:\/\/lospoliticosveracruz.com\/","name":"Los pol\u00edticos Veracruz","description":"","publisher":{"@id":"https:\/\/lospoliticosveracruz.com\/#organization"},"potentialAction":[{"@type":"SearchAction","target":{"@type":"EntryPoint","urlTemplate":"https:\/\/lospoliticosveracruz.com\/?s={search_term_string}"},"query-input":{"@type":"PropertyValueSpecification","valueRequired":true,"valueName":"search_term_string"}}],"inLanguage":"es"},{"@type":"Organization","@id":"https:\/\/lospoliticosveracruz.com\/#organization","name":"Los pol\u00edticos Veracruz","url":"https:\/\/lospoliticosveracruz.com\/","logo":{"@type":"ImageObject","inLanguage":"es","@id":"https:\/\/lospoliticosveracruz.com\/#\/schema\/logo\/image\/","url":"https:\/\/lospoliticosveracruz.com\/wp-content\/uploads\/2025\/12\/Logo-Nuevo-LOS-POLITICOS-1.jpg","contentUrl":"https:\/\/lospoliticosveracruz.com\/wp-content\/uploads\/2025\/12\/Logo-Nuevo-LOS-POLITICOS-1.jpg","width":260,"height":70,"caption":"Los pol\u00edticos Veracruz"},"image":{"@id":"https:\/\/lospoliticosveracruz.com\/#\/schema\/logo\/image\/"},"sameAs":["https:\/\/www.facebook.com\/people\/Notimemes-de-los-Polticos\/61565672886568\/","https:\/\/x.com\/LosPoliticosVer"]},{"@type":"Person","@id":"https:\/\/lospoliticosveracruz.com\/#\/schema\/person\/b8702bb0e538456e6efd07080bf2a4a2","name":"Lo viste en Los Pol\u00edticos","image":{"@type":"ImageObject","inLanguage":"es","@id":"https:\/\/secure.gravatar.com\/avatar\/3a8de04a2656d44082be478bd6c086daa447c4651605818287b9532d3d0bd435?s=96&d=mm&r=g","url":"https:\/\/secure.gravatar.com\/avatar\/3a8de04a2656d44082be478bd6c086daa447c4651605818287b9532d3d0bd435?s=96&d=mm&r=g","contentUrl":"https:\/\/secure.gravatar.com\/avatar\/3a8de04a2656d44082be478bd6c086daa447c4651605818287b9532d3d0bd435?s=96&d=mm&r=g","caption":"Lo viste en Los Pol\u00edticos"},"url":"https:\/\/lospoliticosveracruz.com\/?author=2"}]}},"_links":{"self":[{"href":"https:\/\/lospoliticosveracruz.com\/index.php?rest_route=\/wp\/v2\/posts\/73522","targetHints":{"allow":["GET"]}}],"collection":[{"href":"https:\/\/lospoliticosveracruz.com\/index.php?rest_route=\/wp\/v2\/posts"}],"about":[{"href":"https:\/\/lospoliticosveracruz.com\/index.php?rest_route=\/wp\/v2\/types\/post"}],"author":[{"embeddable":true,"href":"https:\/\/lospoliticosveracruz.com\/index.php?rest_route=\/wp\/v2\/users\/2"}],"replies":[{"embeddable":true,"href":"https:\/\/lospoliticosveracruz.com\/index.php?rest_route=%2Fwp%2Fv2%2Fcomments&post=73522"}],"version-history":[{"count":2,"href":"https:\/\/lospoliticosveracruz.com\/index.php?rest_route=\/wp\/v2\/posts\/73522\/revisions"}],"predecessor-version":[{"id":73536,"href":"https:\/\/lospoliticosveracruz.com\/index.php?rest_route=\/wp\/v2\/posts\/73522\/revisions\/73536"}],"wp:attachment":[{"href":"https:\/\/lospoliticosveracruz.com\/index.php?rest_route=%2Fwp%2Fv2%2Fmedia&parent=73522"}],"wp:term":[{"taxonomy":"category","embeddable":true,"href":"https:\/\/lospoliticosveracruz.com\/index.php?rest_route=%2Fwp%2Fv2%2Fcategories&post=73522"},{"taxonomy":"post_tag","embeddable":true,"href":"https:\/\/lospoliticosveracruz.com\/index.php?rest_route=%2Fwp%2Fv2%2Ftags&post=73522"}],"curies":[{"name":"wp","href":"https:\/\/api.w.org\/{rel}","templated":true}]}}