{"id":73529,"date":"2021-05-20T14:16:45","date_gmt":"2021-05-20T19:16:45","guid":{"rendered":"http:\/\/www.lospoliticosveracruz.com.mx\/?p=73529"},"modified":"2021-05-20T14:16:48","modified_gmt":"2021-05-20T19:16:48","slug":"veracruz-se-digitaliza-en-transparencia","status":"publish","type":"post","link":"https:\/\/lospoliticosveracruz.com\/?p=73529","title":{"rendered":"Veracruz se digitaliza en transparencia"},"content":{"rendered":"\n<p><strong>Xalapa<br><\/strong>El Instituto Veracruzano de Acceso a la Informaci\u00f3n y Protecci\u00f3n de Datos Personales (IVAI) y sus sujetos obligados avanzan en la justicia digital y abierta para la resoluci\u00f3n de las quejas ciudadanas en materia de transparencia.<\/p>\n\n\n\n<div class=\"wp-block-image\"><figure class=\"alignleft size-large\"><a href=\"http:\/\/www.lospoliticosveracruz.com.mx\/wp-content\/uploads\/2021\/05\/Batalla-Cordoba.jpeg\"><img decoding=\"async\" src=\"http:\/\/www.lospoliticosveracruz.com.mx\/wp-content\/uploads\/2021\/05\/Batalla-Cordoba.jpeg\" alt=\"\" class=\"wp-image-72571\"\/><\/a><\/figure><\/div>\n\n\n\n<p><br>Con la incorporaci\u00f3n al Sistema de Gesti\u00f3n de Medios de Impugnaci\u00f3n (SIGEMI) y el Sistema de Comunicaci\u00f3n entre Organismos Garantes y Sujetos Obligados (SICOM), Veracruz se convierte en el estado n\u00famero 19 en implementar este m\u00f3dulo de la Plataforma Nacional de Transparencia (PNT).<br>En la presentaci\u00f3n y puesta en marcha de estos sistemas, el Pleno del IVAI tuvo el acompa\u00f1amiento de los comisionados del Instituto Nacional de Transparencia, Acceso a la Informaci\u00f3n y Protecci\u00f3n de Datos Personales (INAI), Oscar Guerra Ford y Julieta del R\u00edo Venegas, quienes destacaron que este m\u00f3dulo de la PNT es una obligaci\u00f3n para todos los estados, que les permitir\u00e1 realizar los procedimientos internos de manera organizada y sistematizada, generar un expediente digital y tener comunicaci\u00f3n directa con los sujetos obligados.<br>\u201cTambi\u00e9n se dar\u00e1 claridad, eficiencia, transparencia y evitar\u00e1 desplazamientos con lo que habr\u00e1 ahorro de recursos, en vez de ser una traba es una ayuda, un canal de comunicaci\u00f3n permanente con los sujetos obligados y la ciudadan\u00eda, lo que fortalecer\u00e1 la democracia\u201d, dijo Guerra Ford.<br>La comisionada del INAI, Julieta del R\u00edo Venegas, reconoci\u00f3 la voluntad del Pleno del IVAI por sumarse a estas tecnolog\u00edas. \u201cVer\u00e1n los ciudadanos la maravilla que es trabajar con este sistema, lo que representa transparencia rendici\u00f3n de cuentas y agilidad en la administraci\u00f3n p\u00fablica\u201d, expres\u00f3.<br>En representaci\u00f3n del Pleno del IVAI, la comisionada presidenta Naldy Patricia Rodr\u00edguez, destac\u00f3 que la incorporaci\u00f3n de Veracruz a este m\u00f3dulo compromete a la instituci\u00f3n a cumplir los plazos, a trabajar con m\u00e1s ah\u00ednco para garantizar la etapa de cumplimiento, as\u00ed como a agilizar las notificaciones.<br>\u201cNos compromete tambi\u00e9n a homologar y eficientar los procedimientos, a sistematizarnos para que, no quede lugar a duda, que se respeta y cumple la ley\u201d, declar\u00f3.<br>Acompa\u00f1ada de la comisionada Mar\u00eda Magda Zayas Mu\u00f1oz y del comisionado Jos\u00e9 Alfredo Corona Liz\u00e1rraga, detall\u00f3 que entre el 2016 y el 2020, Veracruz fue el cuarto estado del pa\u00eds con el mayor n\u00famero de solicitudes con 138 mil registros; mientras que, en este a\u00f1o, se han recibido ya poco m\u00e1s de mil recursos de revisi\u00f3n por presuntas vulneraciones al derecho de acceso a la informaci\u00f3n.<br>Coment\u00f3 que, en Veracruz, el IVAI y sus sujetos obligados ya se han capacitado en el uso del SIGEMI-SICOM, con el apoyo del INAI y, por unanimidad, se aprob\u00f3 el acuerdo para adoptar los sistemas, as\u00ed como el procedimiento que lo regular\u00e1.<br>\u201cEste m\u00f3dulo de la PNT evitar\u00e1 el manejo discrecional de los asuntos y expedientes, y con ello ayudar\u00e1 a combatir la corrupci\u00f3n en Veracruz, de la cual este \u00f3rgano no estuvo exento en el pasado\u201d.<br>La comisionada presidenta agradeci\u00f3 el acompa\u00f1amiento de la comisionada Julieta del R\u00edo Venegas y del comisionado Oscar Guerra Ford, as\u00ed como de todo el equipo de tecnolog\u00edas del INAI y especialmente de las \u00e1reas involucradas para la puesta en marcha de los sistemas.<br>En el evento estuvieron presentes de manera virtual el coordinador de la Regi\u00f3n Sureste del Sistema Nacional de Transparencia (SNT) el comisionado Ricardo Le\u00f3n Caraveo; el coordinador de la Comisi\u00f3n de Tecnolog\u00edas de la Informaci\u00f3n y Plataforma Nacional de Transparencia, comisionado Jos\u00e9 Orlando Espinosa Rodr\u00edguez.<br>Tambi\u00e9n la titular del \u00d3rgano de Fiscalizaci\u00f3n Superior (ORFIS), Delia Gonz\u00e1lez Cobos; la fiscal especializada en Combate a la Corrupci\u00f3n Veracruz, Clementina Salazar Cruz; el presidente del Tribunal de Justicia Administrativa de Veracruz (TEJAV), Roberto P\u00e9rez Guti\u00e9rrez y personal de la Contralor\u00eda General del Estado.<\/p>\n","protected":false},"excerpt":{"rendered":"<p>XalapaEl Instituto Veracruzano de Acceso a la Informaci\u00f3n y Protecci\u00f3n de Datos Personales (IVAI) y sus sujetos obligados avanzan en la justicia digital y abierta para la resoluci\u00f3n de las quejas ciudadanas en materia de transparencia. Con la incorporaci\u00f3n al Sistema de Gesti\u00f3n de Medios de Impugnaci\u00f3n (SIGEMI) y el Sistema de Comunicaci\u00f3n entre Organismos [&hellip;]<\/p>\n","protected":false},"author":2,"featured_media":0,"comment_status":"closed","ping_status":"closed","sticky":false,"template":"","format":"standard","meta":{"tdm_status":"","tdm_grid_status":"","footnotes":""},"categories":[73],"tags":[985,14040,18343,18339,1607,28174,27610,18337,28017,28175,195],"class_list":{"0":"post-73529","1":"post","2":"type-post","3":"status-publish","4":"format-standard","6":"category-de-boleto","7":"tag-ivai","8":"tag-jose-alfredo-corona-lizarraga","9":"tag-julieta-del-rio-venegas","10":"tag-maria-magda-zayas-munoz","11":"tag-naldy-patricia-rodriguez","12":"tag-oscar-guerra-ford-2","13":"tag-pnt","14":"tag-sicom","15":"tag-sigemi","16":"tag-sigemi-sicom","17":"tag-veracruz"},"yoast_head":"<!-- This site is optimized with the Yoast SEO plugin v27.4 - https:\/\/yoast.com\/product\/yoast-seo-wordpress\/ -->\n<title>Veracruz se digitaliza en transparencia - Los pol\u00edticos Veracruz<\/title>\n<meta name=\"robots\" content=\"index, follow, max-snippet:-1, max-image-preview:large, max-video-preview:-1\" \/>\n<link rel=\"canonical\" href=\"https:\/\/lospoliticosveracruz.com\/?p=73529\" \/>\n<meta property=\"og:locale\" content=\"es_ES\" \/>\n<meta property=\"og:type\" content=\"article\" \/>\n<meta property=\"og:title\" content=\"Veracruz se digitaliza en transparencia - Los pol\u00edticos Veracruz\" \/>\n<meta property=\"og:description\" content=\"XalapaEl Instituto Veracruzano de Acceso a la Informaci\u00f3n y Protecci\u00f3n de Datos Personales (IVAI) y sus sujetos obligados avanzan en la justicia digital y abierta para la resoluci\u00f3n de las quejas ciudadanas en materia de transparencia. Con la incorporaci\u00f3n al Sistema de Gesti\u00f3n de Medios de Impugnaci\u00f3n (SIGEMI) y el Sistema de Comunicaci\u00f3n entre Organismos [&hellip;]\" \/>\n<meta property=\"og:url\" content=\"https:\/\/lospoliticosveracruz.com\/?p=73529\" \/>\n<meta property=\"og:site_name\" content=\"Los pol\u00edticos Veracruz\" \/>\n<meta property=\"article:publisher\" content=\"https:\/\/www.facebook.com\/people\/Notimemes-de-los-Polticos\/61565672886568\/\" \/>\n<meta property=\"article:published_time\" content=\"2021-05-20T19:16:45+00:00\" \/>\n<meta property=\"article:modified_time\" content=\"2021-05-20T19:16:48+00:00\" \/>\n<meta property=\"og:image\" content=\"http:\/\/www.lospoliticosveracruz.com.mx\/wp-content\/uploads\/2021\/05\/Batalla-Cordoba.jpeg\" \/>\n<meta name=\"author\" content=\"Lo viste en Los Pol\u00edticos\" \/>\n<meta name=\"twitter:card\" content=\"summary_large_image\" \/>\n<meta name=\"twitter:creator\" content=\"@LosPoliticosVer\" \/>\n<meta name=\"twitter:site\" content=\"@LosPoliticosVer\" \/>\n<meta name=\"twitter:label1\" content=\"Escrito por\" \/>\n\t<meta name=\"twitter:data1\" content=\"Lo viste en Los Pol\u00edticos\" \/>\n\t<meta name=\"twitter:label2\" content=\"Tiempo de lectura\" \/>\n\t<meta name=\"twitter:data2\" content=\"3 minutos\" \/>\n<script type=\"application\/ld+json\" class=\"yoast-schema-graph\">{\"@context\":\"https:\\\/\\\/schema.org\",\"@graph\":[{\"@type\":\"Article\",\"@id\":\"https:\\\/\\\/lospoliticosveracruz.com\\\/?p=73529#article\",\"isPartOf\":{\"@id\":\"https:\\\/\\\/lospoliticosveracruz.com\\\/?p=73529\"},\"author\":{\"name\":\"Lo viste en Los Pol\u00edticos\",\"@id\":\"https:\\\/\\\/lospoliticosveracruz.com\\\/#\\\/schema\\\/person\\\/b8702bb0e538456e6efd07080bf2a4a2\"},\"headline\":\"Veracruz se digitaliza en transparencia\",\"datePublished\":\"2021-05-20T19:16:45+00:00\",\"dateModified\":\"2021-05-20T19:16:48+00:00\",\"mainEntityOfPage\":{\"@id\":\"https:\\\/\\\/lospoliticosveracruz.com\\\/?p=73529\"},\"wordCount\":663,\"publisher\":{\"@id\":\"https:\\\/\\\/lospoliticosveracruz.com\\\/#organization\"},\"image\":{\"@id\":\"https:\\\/\\\/lospoliticosveracruz.com\\\/?p=73529#primaryimage\"},\"thumbnailUrl\":\"http:\\\/\\\/www.lospoliticosveracruz.com.mx\\\/wp-content\\\/uploads\\\/2021\\\/05\\\/Batalla-Cordoba.jpeg\",\"keywords\":[\"IVAI\",\"Jos\u00e9 Alfredo Corona Liz\u00e1rraga\",\"Julieta del R\u00edo Venegas\",\"Mar\u00eda Magda Zayas Mu\u00f1oz\",\"Naldy Patricia Rodr\u00edguez\",\"Oscar Guerra Ford\",\"PNT\",\"Sicom\",\"SIGEMI\",\"SIGEMI-SICOM\",\"Veracruz\"],\"articleSection\":[\"De Boleto\"],\"inLanguage\":\"es\"},{\"@type\":\"WebPage\",\"@id\":\"https:\\\/\\\/lospoliticosveracruz.com\\\/?p=73529\",\"url\":\"https:\\\/\\\/lospoliticosveracruz.com\\\/?p=73529\",\"name\":\"Veracruz se digitaliza en transparencia - Los pol\u00edticos Veracruz\",\"isPartOf\":{\"@id\":\"https:\\\/\\\/lospoliticosveracruz.com\\\/#website\"},\"primaryImageOfPage\":{\"@id\":\"https:\\\/\\\/lospoliticosveracruz.com\\\/?p=73529#primaryimage\"},\"image\":{\"@id\":\"https:\\\/\\\/lospoliticosveracruz.com\\\/?p=73529#primaryimage\"},\"thumbnailUrl\":\"http:\\\/\\\/www.lospoliticosveracruz.com.mx\\\/wp-content\\\/uploads\\\/2021\\\/05\\\/Batalla-Cordoba.jpeg\",\"datePublished\":\"2021-05-20T19:16:45+00:00\",\"dateModified\":\"2021-05-20T19:16:48+00:00\",\"breadcrumb\":{\"@id\":\"https:\\\/\\\/lospoliticosveracruz.com\\\/?p=73529#breadcrumb\"},\"inLanguage\":\"es\",\"potentialAction\":[{\"@type\":\"ReadAction\",\"target\":[\"https:\\\/\\\/lospoliticosveracruz.com\\\/?p=73529\"]}]},{\"@type\":\"ImageObject\",\"inLanguage\":\"es\",\"@id\":\"https:\\\/\\\/lospoliticosveracruz.com\\\/?p=73529#primaryimage\",\"url\":\"http:\\\/\\\/www.lospoliticosveracruz.com.mx\\\/wp-content\\\/uploads\\\/2021\\\/05\\\/Batalla-Cordoba.jpeg\",\"contentUrl\":\"http:\\\/\\\/www.lospoliticosveracruz.com.mx\\\/wp-content\\\/uploads\\\/2021\\\/05\\\/Batalla-Cordoba.jpeg\"},{\"@type\":\"BreadcrumbList\",\"@id\":\"https:\\\/\\\/lospoliticosveracruz.com\\\/?p=73529#breadcrumb\",\"itemListElement\":[{\"@type\":\"ListItem\",\"position\":1,\"name\":\"Portada\",\"item\":\"https:\\\/\\\/lospoliticosveracruz.com\\\/\"},{\"@type\":\"ListItem\",\"position\":2,\"name\":\"Veracruz se digitaliza en transparencia\"}]},{\"@type\":\"WebSite\",\"@id\":\"https:\\\/\\\/lospoliticosveracruz.com\\\/#website\",\"url\":\"https:\\\/\\\/lospoliticosveracruz.com\\\/\",\"name\":\"Los pol\u00edticos Veracruz\",\"description\":\"\",\"publisher\":{\"@id\":\"https:\\\/\\\/lospoliticosveracruz.com\\\/#organization\"},\"potentialAction\":[{\"@type\":\"SearchAction\",\"target\":{\"@type\":\"EntryPoint\",\"urlTemplate\":\"https:\\\/\\\/lospoliticosveracruz.com\\\/?s={search_term_string}\"},\"query-input\":{\"@type\":\"PropertyValueSpecification\",\"valueRequired\":true,\"valueName\":\"search_term_string\"}}],\"inLanguage\":\"es\"},{\"@type\":\"Organization\",\"@id\":\"https:\\\/\\\/lospoliticosveracruz.com\\\/#organization\",\"name\":\"Los pol\u00edticos Veracruz\",\"url\":\"https:\\\/\\\/lospoliticosveracruz.com\\\/\",\"logo\":{\"@type\":\"ImageObject\",\"inLanguage\":\"es\",\"@id\":\"https:\\\/\\\/lospoliticosveracruz.com\\\/#\\\/schema\\\/logo\\\/image\\\/\",\"url\":\"https:\\\/\\\/lospoliticosveracruz.com\\\/wp-content\\\/uploads\\\/2025\\\/12\\\/Logo-Nuevo-LOS-POLITICOS-1.jpg\",\"contentUrl\":\"https:\\\/\\\/lospoliticosveracruz.com\\\/wp-content\\\/uploads\\\/2025\\\/12\\\/Logo-Nuevo-LOS-POLITICOS-1.jpg\",\"width\":260,\"height\":70,\"caption\":\"Los pol\u00edticos Veracruz\"},\"image\":{\"@id\":\"https:\\\/\\\/lospoliticosveracruz.com\\\/#\\\/schema\\\/logo\\\/image\\\/\"},\"sameAs\":[\"https:\\\/\\\/www.facebook.com\\\/people\\\/Notimemes-de-los-Polticos\\\/61565672886568\\\/\",\"https:\\\/\\\/x.com\\\/LosPoliticosVer\"]},{\"@type\":\"Person\",\"@id\":\"https:\\\/\\\/lospoliticosveracruz.com\\\/#\\\/schema\\\/person\\\/b8702bb0e538456e6efd07080bf2a4a2\",\"name\":\"Lo viste en Los Pol\u00edticos\",\"image\":{\"@type\":\"ImageObject\",\"inLanguage\":\"es\",\"@id\":\"https:\\\/\\\/secure.gravatar.com\\\/avatar\\\/3a8de04a2656d44082be478bd6c086daa447c4651605818287b9532d3d0bd435?s=96&d=mm&r=g\",\"url\":\"https:\\\/\\\/secure.gravatar.com\\\/avatar\\\/3a8de04a2656d44082be478bd6c086daa447c4651605818287b9532d3d0bd435?s=96&d=mm&r=g\",\"contentUrl\":\"https:\\\/\\\/secure.gravatar.com\\\/avatar\\\/3a8de04a2656d44082be478bd6c086daa447c4651605818287b9532d3d0bd435?s=96&d=mm&r=g\",\"caption\":\"Lo viste en Los Pol\u00edticos\"},\"url\":\"https:\\\/\\\/lospoliticosveracruz.com\\\/?author=2\"}]}<\/script>\n<!-- \/ Yoast SEO plugin. -->","yoast_head_json":{"title":"Veracruz se digitaliza en transparencia - Los pol\u00edticos Veracruz","robots":{"index":"index","follow":"follow","max-snippet":"max-snippet:-1","max-image-preview":"max-image-preview:large","max-video-preview":"max-video-preview:-1"},"canonical":"https:\/\/lospoliticosveracruz.com\/?p=73529","og_locale":"es_ES","og_type":"article","og_title":"Veracruz se digitaliza en transparencia - Los pol\u00edticos Veracruz","og_description":"XalapaEl Instituto Veracruzano de Acceso a la Informaci\u00f3n y Protecci\u00f3n de Datos Personales (IVAI) y sus sujetos obligados avanzan en la justicia digital y abierta para la resoluci\u00f3n de las quejas ciudadanas en materia de transparencia. Con la incorporaci\u00f3n al Sistema de Gesti\u00f3n de Medios de Impugnaci\u00f3n (SIGEMI) y el Sistema de Comunicaci\u00f3n entre Organismos [&hellip;]","og_url":"https:\/\/lospoliticosveracruz.com\/?p=73529","og_site_name":"Los pol\u00edticos Veracruz","article_publisher":"https:\/\/www.facebook.com\/people\/Notimemes-de-los-Polticos\/61565672886568\/","article_published_time":"2021-05-20T19:16:45+00:00","article_modified_time":"2021-05-20T19:16:48+00:00","og_image":[{"url":"http:\/\/www.lospoliticosveracruz.com.mx\/wp-content\/uploads\/2021\/05\/Batalla-Cordoba.jpeg","type":"","width":"","height":""}],"author":"Lo viste en Los Pol\u00edticos","twitter_card":"summary_large_image","twitter_creator":"@LosPoliticosVer","twitter_site":"@LosPoliticosVer","twitter_misc":{"Escrito por":"Lo viste en Los Pol\u00edticos","Tiempo de lectura":"3 minutos"},"schema":{"@context":"https:\/\/schema.org","@graph":[{"@type":"Article","@id":"https:\/\/lospoliticosveracruz.com\/?p=73529#article","isPartOf":{"@id":"https:\/\/lospoliticosveracruz.com\/?p=73529"},"author":{"name":"Lo viste en Los Pol\u00edticos","@id":"https:\/\/lospoliticosveracruz.com\/#\/schema\/person\/b8702bb0e538456e6efd07080bf2a4a2"},"headline":"Veracruz se digitaliza en transparencia","datePublished":"2021-05-20T19:16:45+00:00","dateModified":"2021-05-20T19:16:48+00:00","mainEntityOfPage":{"@id":"https:\/\/lospoliticosveracruz.com\/?p=73529"},"wordCount":663,"publisher":{"@id":"https:\/\/lospoliticosveracruz.com\/#organization"},"image":{"@id":"https:\/\/lospoliticosveracruz.com\/?p=73529#primaryimage"},"thumbnailUrl":"http:\/\/www.lospoliticosveracruz.com.mx\/wp-content\/uploads\/2021\/05\/Batalla-Cordoba.jpeg","keywords":["IVAI","Jos\u00e9 Alfredo Corona Liz\u00e1rraga","Julieta del R\u00edo Venegas","Mar\u00eda Magda Zayas Mu\u00f1oz","Naldy Patricia Rodr\u00edguez","Oscar Guerra Ford","PNT","Sicom","SIGEMI","SIGEMI-SICOM","Veracruz"],"articleSection":["De Boleto"],"inLanguage":"es"},{"@type":"WebPage","@id":"https:\/\/lospoliticosveracruz.com\/?p=73529","url":"https:\/\/lospoliticosveracruz.com\/?p=73529","name":"Veracruz se digitaliza en transparencia - Los pol\u00edticos Veracruz","isPartOf":{"@id":"https:\/\/lospoliticosveracruz.com\/#website"},"primaryImageOfPage":{"@id":"https:\/\/lospoliticosveracruz.com\/?p=73529#primaryimage"},"image":{"@id":"https:\/\/lospoliticosveracruz.com\/?p=73529#primaryimage"},"thumbnailUrl":"http:\/\/www.lospoliticosveracruz.com.mx\/wp-content\/uploads\/2021\/05\/Batalla-Cordoba.jpeg","datePublished":"2021-05-20T19:16:45+00:00","dateModified":"2021-05-20T19:16:48+00:00","breadcrumb":{"@id":"https:\/\/lospoliticosveracruz.com\/?p=73529#breadcrumb"},"inLanguage":"es","potentialAction":[{"@type":"ReadAction","target":["https:\/\/lospoliticosveracruz.com\/?p=73529"]}]},{"@type":"ImageObject","inLanguage":"es","@id":"https:\/\/lospoliticosveracruz.com\/?p=73529#primaryimage","url":"http:\/\/www.lospoliticosveracruz.com.mx\/wp-content\/uploads\/2021\/05\/Batalla-Cordoba.jpeg","contentUrl":"http:\/\/www.lospoliticosveracruz.com.mx\/wp-content\/uploads\/2021\/05\/Batalla-Cordoba.jpeg"},{"@type":"BreadcrumbList","@id":"https:\/\/lospoliticosveracruz.com\/?p=73529#breadcrumb","itemListElement":[{"@type":"ListItem","position":1,"name":"Portada","item":"https:\/\/lospoliticosveracruz.com\/"},{"@type":"ListItem","position":2,"name":"Veracruz se digitaliza en transparencia"}]},{"@type":"WebSite","@id":"https:\/\/lospoliticosveracruz.com\/#website","url":"https:\/\/lospoliticosveracruz.com\/","name":"Los pol\u00edticos Veracruz","description":"","publisher":{"@id":"https:\/\/lospoliticosveracruz.com\/#organization"},"potentialAction":[{"@type":"SearchAction","target":{"@type":"EntryPoint","urlTemplate":"https:\/\/lospoliticosveracruz.com\/?s={search_term_string}"},"query-input":{"@type":"PropertyValueSpecification","valueRequired":true,"valueName":"search_term_string"}}],"inLanguage":"es"},{"@type":"Organization","@id":"https:\/\/lospoliticosveracruz.com\/#organization","name":"Los pol\u00edticos Veracruz","url":"https:\/\/lospoliticosveracruz.com\/","logo":{"@type":"ImageObject","inLanguage":"es","@id":"https:\/\/lospoliticosveracruz.com\/#\/schema\/logo\/image\/","url":"https:\/\/lospoliticosveracruz.com\/wp-content\/uploads\/2025\/12\/Logo-Nuevo-LOS-POLITICOS-1.jpg","contentUrl":"https:\/\/lospoliticosveracruz.com\/wp-content\/uploads\/2025\/12\/Logo-Nuevo-LOS-POLITICOS-1.jpg","width":260,"height":70,"caption":"Los pol\u00edticos Veracruz"},"image":{"@id":"https:\/\/lospoliticosveracruz.com\/#\/schema\/logo\/image\/"},"sameAs":["https:\/\/www.facebook.com\/people\/Notimemes-de-los-Polticos\/61565672886568\/","https:\/\/x.com\/LosPoliticosVer"]},{"@type":"Person","@id":"https:\/\/lospoliticosveracruz.com\/#\/schema\/person\/b8702bb0e538456e6efd07080bf2a4a2","name":"Lo viste en Los Pol\u00edticos","image":{"@type":"ImageObject","inLanguage":"es","@id":"https:\/\/secure.gravatar.com\/avatar\/3a8de04a2656d44082be478bd6c086daa447c4651605818287b9532d3d0bd435?s=96&d=mm&r=g","url":"https:\/\/secure.gravatar.com\/avatar\/3a8de04a2656d44082be478bd6c086daa447c4651605818287b9532d3d0bd435?s=96&d=mm&r=g","contentUrl":"https:\/\/secure.gravatar.com\/avatar\/3a8de04a2656d44082be478bd6c086daa447c4651605818287b9532d3d0bd435?s=96&d=mm&r=g","caption":"Lo viste en Los Pol\u00edticos"},"url":"https:\/\/lospoliticosveracruz.com\/?author=2"}]}},"_links":{"self":[{"href":"https:\/\/lospoliticosveracruz.com\/index.php?rest_route=\/wp\/v2\/posts\/73529","targetHints":{"allow":["GET"]}}],"collection":[{"href":"https:\/\/lospoliticosveracruz.com\/index.php?rest_route=\/wp\/v2\/posts"}],"about":[{"href":"https:\/\/lospoliticosveracruz.com\/index.php?rest_route=\/wp\/v2\/types\/post"}],"author":[{"embeddable":true,"href":"https:\/\/lospoliticosveracruz.com\/index.php?rest_route=\/wp\/v2\/users\/2"}],"replies":[{"embeddable":true,"href":"https:\/\/lospoliticosveracruz.com\/index.php?rest_route=%2Fwp%2Fv2%2Fcomments&post=73529"}],"version-history":[{"count":1,"href":"https:\/\/lospoliticosveracruz.com\/index.php?rest_route=\/wp\/v2\/posts\/73529\/revisions"}],"predecessor-version":[{"id":73530,"href":"https:\/\/lospoliticosveracruz.com\/index.php?rest_route=\/wp\/v2\/posts\/73529\/revisions\/73530"}],"wp:attachment":[{"href":"https:\/\/lospoliticosveracruz.com\/index.php?rest_route=%2Fwp%2Fv2%2Fmedia&parent=73529"}],"wp:term":[{"taxonomy":"category","embeddable":true,"href":"https:\/\/lospoliticosveracruz.com\/index.php?rest_route=%2Fwp%2Fv2%2Fcategories&post=73529"},{"taxonomy":"post_tag","embeddable":true,"href":"https:\/\/lospoliticosveracruz.com\/index.php?rest_route=%2Fwp%2Fv2%2Ftags&post=73529"}],"curies":[{"name":"wp","href":"https:\/\/api.w.org\/{rel}","templated":true}]}}