{"id":73587,"date":"2021-05-20T23:09:13","date_gmt":"2021-05-21T04:09:13","guid":{"rendered":"http:\/\/www.lospoliticosveracruz.com.mx\/?p=73587"},"modified":"2021-05-20T23:09:16","modified_gmt":"2021-05-21T04:09:16","slug":"xico-carolina-y-los-recursos-publicos","status":"publish","type":"post","link":"https:\/\/lospoliticosveracruz.com\/?p=73587","title":{"rendered":"Xico, Carolina y los recursos p\u00fablicos"},"content":{"rendered":"\n<p><strong>Enrique Yasser Pompeyo<\/strong><\/p>\n\n\n\n<p><em>Mesa de Redacci\u00f3n<br><\/em><\/p>\n\n\n\n<p>A las diferentes denuncias que se han realizado por presuntas irregularidades en el manejo de los recursos p\u00fablicos en el Ayuntamiento de Xico, se suman otras m\u00e1s graves.<\/p>\n\n\n\n<div class=\"wp-block-image\"><figure class=\"alignleft size-large\"><a href=\"http:\/\/www.lospoliticosveracruz.com.mx\/wp-content\/uploads\/2021\/05\/Batalla-Cordoba.jpeg\"><img decoding=\"async\" src=\"http:\/\/www.lospoliticosveracruz.com.mx\/wp-content\/uploads\/2021\/05\/Batalla-Cordoba.jpeg\" alt=\"\" class=\"wp-image-72571\"\/><\/a><\/figure><\/div>\n\n\n\n<p><br>De entrada, 12 obras presentar\u00edan serias irregularidades y deficiencias, ya que los montos totales no coinciden con los proyectos y algunas ser\u00edan inexistentes.<br>Tan s\u00f3lo del ejercicio fiscal 2018, se tratar\u00eda de ocho obras; del 2019, tres y del a\u00f1o 2020, una obra. El monto total de las 12 superar\u00eda los diez millones de pesos.<br>Por ello, se han interpuesto las denuncias ante el \u00d3rgano de Fiscalizaci\u00f3n Superior (ORFIS) para que investigue a fondo ante la probable comisi\u00f3n de varios delitos.<br>Las obras incluyen comedores comunitarios, techos con l\u00e1mina de zinc, explanadas de usos m\u00faltiples, unidad deportiva, comedores escolares, caminos, rehabilitaci\u00f3n de techos, entre otros.<br>Pero eso no es todo. Lo peor es que, de acuerdo con algunos trabajadores del Ayuntamiento, son presuntamente amenazados para que apoyen a Carolina Galv\u00e1n (hija de la alcaldesa Gloria Luz Galv\u00e1n Ordu\u00f1a), quien es candidata a la presidencia municipal del pueblo m\u00e1gico.<br>Hay un aspecto grave. En las reuniones a las que se convoca a los ciudadanos habr\u00eda gente armada como medida de intimidaci\u00f3n y presi\u00f3n, de acuerdo con lo dicho por el diputado local por el distrito de Coatepec, Adri\u00e1n Gonz\u00e1lez Naveda.<br>Desde hace tiempo se han denunciado las diferentes irregularidades en la administraci\u00f3n p\u00fablica local xique\u00f1a, as\u00ed como en el manejo de los apoyos del DIF nacional para desviarlos presuntamente para beneficiar de manera electoral a la abanderada.<br>Pero todav\u00eda hay m\u00e1s. De acuerdo con agentes y subagentes municipales, las autoridades locales les condicionar\u00edan la realizaci\u00f3n de obras en sus comunidades, a cambio de apoyar la campa\u00f1a de Carolina Galv\u00e1n.<br>A lo referido por el legislador local, se sum\u00f3 el regidor primero Eduardo Pozos, as\u00ed como los subagentes de las comunidades de Oxtlapa y Las Cruces; el agente de Matlalapa, y ciudadanos de la comunidad La Laguna.<br>Las autoridades fiscalizadoras deber\u00edan volver a revisar los informes presentados por ese ayuntamiento, pues como se observa, existir\u00edan suficientes elementos para proceder legalmente contra las autoridades de Xico.<\/p>\n\n\n\n<p><strong>ALIANZA HIST\u00d3RICA PARA RECUPERAR XALAPA: DAVID VELASCO<br><\/strong>Con la fuerza de miles de ciudadanos y la voluntad decidida de militantes del PAN, PRI y PRD que han conformado esta alianza hist\u00f3rica recuperaremos Xalapa del abandono y de la desatenci\u00f3n de un gobierno que no ha estado a la altura de las y los xalape\u00f1os, asegur\u00f3 David Velasco Chedraui, candidato de \u201cVeracruz Va\u201d.<br>Durante un encuentro con militantes del Partido Acci\u00f3n Nacional y su dirigente estatal, Joaqu\u00edn Guzm\u00e1n Avil\u00e9s, David Velasco Chedraui reconoci\u00f3 la importancia de este partido hist\u00f3rico en la consolidaci\u00f3n democr\u00e1tica de nuestro pa\u00eds y dijo que su participaci\u00f3n ser\u00e1 muy importante para obtener el triunfo el pr\u00f3ximo 6 de junio y para gobernar dignamente la capital de los veracruzanos.<br>\u201cEsta alianza es muy importante y es hist\u00f3rica, porque nos hemos unido hombres y mujeres de diversas fuerzas pol\u00edticas e ideolog\u00edas con un mismo objetivo, recuperar Xalapa de las manos de la ineficiencia, la improvisaci\u00f3n y las ocurrencias. Hoy, juntos, vamos a gobernar con eficacia y con resultados\u201d, asent\u00f3.<br>David Velasco Chedraui coment\u00f3 que la alianza \u201cVeracruz Va\u201d est\u00e1 m\u00e1s fuerte que nunca y con gran \u00edmpetu se prepara para ganar en las urnas el pr\u00f3ximo 6 de junio. \u201cJuntos, unidos, aliados, vamos decididos a recuperar Xalapa\u201d, concluy\u00f3.<\/p>\n\n\n\n<p><strong>RECIBE PRD A DISIDENTES DE MORENA<br><\/strong>Las puertas del Partido de la Revoluci\u00f3n Democr\u00e1tica est\u00e1n abiertas a todas y todos los ciudadanos, pol\u00edticos y representantes de los sectores sociales y productivos de la entidad que quieran sumarse al rescate de Veracruz, porque aqu\u00ed se reconoce la val\u00eda de todos y existe plena conciencia de que unidos, sociedad y gobierno, partidos y fuerzas pol\u00edticas se vencer\u00e1 a la mala administraci\u00f3n estatal y al partido en el gobierno que hoy nos tienen sin salud y sumidos en la pobreza, se\u00f1al\u00f3 Sergio Cadena Mart\u00ednez, presidente del PRD en Veracruz.<br>Cadena Mart\u00ednez puso como ejemplo la adhesi\u00f3n a los trabajos que lleva a cabo el Partido del Sol Azteca en la zona de Tatahuicapan, de Eloy Gonz\u00e1lez Bautista, quien encabeza un considerable grupo de ciudadanos que simpatizaban y militaban en Morena, y ahora decidieron hacer p\u00fablico su trabajo a favor de las y los candidatos del PRD, Filogonio Hern\u00e1ndez Bautista a la alcald\u00eda, Jessica Zetina e Isela Ram\u00edrez a las diputaciones federal y local, respectivamente.<br>\u201cDijimos que los nulos resultados del gobierno federal como estatal iban a hacer que la gente repensara su voto, Morena se est\u00e1 desplomando, las encuestas a nivel nacional ubican a esta alianza en la mayor\u00eda de distritos ganadores y Morena se est\u00e1 yendo abajo porque el presidente tambi\u00e9n se est\u00e1 yendo abajo\u201d, apunt\u00f3.<br>Agreg\u00f3 que el PRD no descarta que este tipo de acciones se repitan a lo largo y ancho de la entidad con esta y otras fuerzas pol\u00edticas, que reconocen la fuerza y la simpat\u00eda de las y los veracruzanos por las exitosas campa\u00f1as que mujeres y hombres perredistas desarrollan por toda la entidad, porque est\u00e1n comprometidos con el pueblo, con Veracruz y con M\u00e9xico.<br>\u201cLo dijimos desde el inicio, el PRD ha apostado por la conformaci\u00f3n de un gran bloque pol\u00edtico ciudadano que represente a la mayor\u00eda de los ciudadanos, sus necesidades e intereses; somos hermanos, no somos enemigos, bienvenidas y bienvenidos todos los que quieran sumar al rescate de M\u00e9xico y de Veracruz\u201d, finaliz\u00f3.<\/p>\n\n\n\n<p>enriquepompeyo@hotmail.com<\/p>\n","protected":false},"excerpt":{"rendered":"<p>Enrique Yasser Pompeyo Mesa de Redacci\u00f3n A las diferentes denuncias que se han realizado por presuntas irregularidades en el manejo de los recursos p\u00fablicos en el Ayuntamiento de Xico, se suman otras m\u00e1s graves. De entrada, 12 obras presentar\u00edan serias irregularidades y deficiencias, ya que los montos totales no coinciden con los proyectos y algunas [&hellip;]<\/p>\n","protected":false},"author":2,"featured_media":0,"comment_status":"closed","ping_status":"closed","sticky":false,"template":"","format":"standard","meta":{"tdm_status":"","tdm_grid_status":"","footnotes":""},"categories":[70],"tags":[4830,277,407,15951,135,1202,7887,25692],"class_list":{"0":"post-73587","1":"post","2":"type-post","3":"status-publish","4":"format-standard","6":"category-de-opinion","7":"tag-carolina-galvan","8":"tag-coatepec","9":"tag-david-velasco-chedraui","10":"tag-gloria-luz-galvan-orduna","11":"tag-orfis","12":"tag-recursos-publicos","13":"tag-sergio-cadena-martinez","14":"tag-veracruz-va"},"yoast_head":"<!-- This site is optimized with the Yoast SEO plugin v27.4 - https:\/\/yoast.com\/product\/yoast-seo-wordpress\/ -->\n<title>Xico, Carolina y los recursos p\u00fablicos - Los pol\u00edticos Veracruz<\/title>\n<meta name=\"robots\" content=\"index, follow, max-snippet:-1, max-image-preview:large, max-video-preview:-1\" \/>\n<link rel=\"canonical\" href=\"https:\/\/lospoliticosveracruz.com\/?p=73587\" \/>\n<meta property=\"og:locale\" content=\"es_ES\" \/>\n<meta property=\"og:type\" content=\"article\" \/>\n<meta property=\"og:title\" content=\"Xico, Carolina y los recursos p\u00fablicos - Los pol\u00edticos Veracruz\" \/>\n<meta property=\"og:description\" content=\"Enrique Yasser Pompeyo Mesa de Redacci\u00f3n A las diferentes denuncias que se han realizado por presuntas irregularidades en el manejo de los recursos p\u00fablicos en el Ayuntamiento de Xico, se suman otras m\u00e1s graves. De entrada, 12 obras presentar\u00edan serias irregularidades y deficiencias, ya que los montos totales no coinciden con los proyectos y algunas [&hellip;]\" \/>\n<meta property=\"og:url\" content=\"https:\/\/lospoliticosveracruz.com\/?p=73587\" \/>\n<meta property=\"og:site_name\" content=\"Los pol\u00edticos Veracruz\" \/>\n<meta property=\"article:publisher\" content=\"https:\/\/www.facebook.com\/people\/Notimemes-de-los-Polticos\/61565672886568\/\" \/>\n<meta property=\"article:published_time\" content=\"2021-05-21T04:09:13+00:00\" \/>\n<meta property=\"article:modified_time\" content=\"2021-05-21T04:09:16+00:00\" \/>\n<meta property=\"og:image\" content=\"http:\/\/www.lospoliticosveracruz.com.mx\/wp-content\/uploads\/2021\/05\/Batalla-Cordoba.jpeg\" \/>\n<meta name=\"author\" content=\"Lo viste en Los Pol\u00edticos\" \/>\n<meta name=\"twitter:card\" content=\"summary_large_image\" \/>\n<meta name=\"twitter:creator\" content=\"@LosPoliticosVer\" \/>\n<meta name=\"twitter:site\" content=\"@LosPoliticosVer\" \/>\n<meta name=\"twitter:label1\" content=\"Escrito por\" \/>\n\t<meta name=\"twitter:data1\" content=\"Lo viste en Los Pol\u00edticos\" \/>\n\t<meta name=\"twitter:label2\" content=\"Tiempo de lectura\" \/>\n\t<meta name=\"twitter:data2\" content=\"5 minutos\" \/>\n<script type=\"application\/ld+json\" class=\"yoast-schema-graph\">{\"@context\":\"https:\\\/\\\/schema.org\",\"@graph\":[{\"@type\":\"Article\",\"@id\":\"https:\\\/\\\/lospoliticosveracruz.com\\\/?p=73587#article\",\"isPartOf\":{\"@id\":\"https:\\\/\\\/lospoliticosveracruz.com\\\/?p=73587\"},\"author\":{\"name\":\"Lo viste en Los Pol\u00edticos\",\"@id\":\"https:\\\/\\\/lospoliticosveracruz.com\\\/#\\\/schema\\\/person\\\/b8702bb0e538456e6efd07080bf2a4a2\"},\"headline\":\"Xico, Carolina y los recursos p\u00fablicos\",\"datePublished\":\"2021-05-21T04:09:13+00:00\",\"dateModified\":\"2021-05-21T04:09:16+00:00\",\"mainEntityOfPage\":{\"@id\":\"https:\\\/\\\/lospoliticosveracruz.com\\\/?p=73587\"},\"wordCount\":989,\"publisher\":{\"@id\":\"https:\\\/\\\/lospoliticosveracruz.com\\\/#organization\"},\"image\":{\"@id\":\"https:\\\/\\\/lospoliticosveracruz.com\\\/?p=73587#primaryimage\"},\"thumbnailUrl\":\"http:\\\/\\\/www.lospoliticosveracruz.com.mx\\\/wp-content\\\/uploads\\\/2021\\\/05\\\/Batalla-Cordoba.jpeg\",\"keywords\":[\"Carolina Galv\u00e1n\",\"Coatepec\",\"David Velasco Chedraui\",\"Gloria Luz Galv\u00e1n Ordu\u00f1a\",\"Orfis\",\"recursos p\u00fablicos\",\"Sergio Cadena Mart\u00ednez\",\"Veracruz Va\"],\"articleSection\":[\"De Opini\u00f3n\"],\"inLanguage\":\"es\"},{\"@type\":\"WebPage\",\"@id\":\"https:\\\/\\\/lospoliticosveracruz.com\\\/?p=73587\",\"url\":\"https:\\\/\\\/lospoliticosveracruz.com\\\/?p=73587\",\"name\":\"Xico, Carolina y los recursos p\u00fablicos - Los pol\u00edticos Veracruz\",\"isPartOf\":{\"@id\":\"https:\\\/\\\/lospoliticosveracruz.com\\\/#website\"},\"primaryImageOfPage\":{\"@id\":\"https:\\\/\\\/lospoliticosveracruz.com\\\/?p=73587#primaryimage\"},\"image\":{\"@id\":\"https:\\\/\\\/lospoliticosveracruz.com\\\/?p=73587#primaryimage\"},\"thumbnailUrl\":\"http:\\\/\\\/www.lospoliticosveracruz.com.mx\\\/wp-content\\\/uploads\\\/2021\\\/05\\\/Batalla-Cordoba.jpeg\",\"datePublished\":\"2021-05-21T04:09:13+00:00\",\"dateModified\":\"2021-05-21T04:09:16+00:00\",\"breadcrumb\":{\"@id\":\"https:\\\/\\\/lospoliticosveracruz.com\\\/?p=73587#breadcrumb\"},\"inLanguage\":\"es\",\"potentialAction\":[{\"@type\":\"ReadAction\",\"target\":[\"https:\\\/\\\/lospoliticosveracruz.com\\\/?p=73587\"]}]},{\"@type\":\"ImageObject\",\"inLanguage\":\"es\",\"@id\":\"https:\\\/\\\/lospoliticosveracruz.com\\\/?p=73587#primaryimage\",\"url\":\"http:\\\/\\\/www.lospoliticosveracruz.com.mx\\\/wp-content\\\/uploads\\\/2021\\\/05\\\/Batalla-Cordoba.jpeg\",\"contentUrl\":\"http:\\\/\\\/www.lospoliticosveracruz.com.mx\\\/wp-content\\\/uploads\\\/2021\\\/05\\\/Batalla-Cordoba.jpeg\"},{\"@type\":\"BreadcrumbList\",\"@id\":\"https:\\\/\\\/lospoliticosveracruz.com\\\/?p=73587#breadcrumb\",\"itemListElement\":[{\"@type\":\"ListItem\",\"position\":1,\"name\":\"Portada\",\"item\":\"https:\\\/\\\/lospoliticosveracruz.com\\\/\"},{\"@type\":\"ListItem\",\"position\":2,\"name\":\"Xico, Carolina y los recursos p\u00fablicos\"}]},{\"@type\":\"WebSite\",\"@id\":\"https:\\\/\\\/lospoliticosveracruz.com\\\/#website\",\"url\":\"https:\\\/\\\/lospoliticosveracruz.com\\\/\",\"name\":\"Los pol\u00edticos Veracruz\",\"description\":\"\",\"publisher\":{\"@id\":\"https:\\\/\\\/lospoliticosveracruz.com\\\/#organization\"},\"potentialAction\":[{\"@type\":\"SearchAction\",\"target\":{\"@type\":\"EntryPoint\",\"urlTemplate\":\"https:\\\/\\\/lospoliticosveracruz.com\\\/?s={search_term_string}\"},\"query-input\":{\"@type\":\"PropertyValueSpecification\",\"valueRequired\":true,\"valueName\":\"search_term_string\"}}],\"inLanguage\":\"es\"},{\"@type\":\"Organization\",\"@id\":\"https:\\\/\\\/lospoliticosveracruz.com\\\/#organization\",\"name\":\"Los pol\u00edticos Veracruz\",\"url\":\"https:\\\/\\\/lospoliticosveracruz.com\\\/\",\"logo\":{\"@type\":\"ImageObject\",\"inLanguage\":\"es\",\"@id\":\"https:\\\/\\\/lospoliticosveracruz.com\\\/#\\\/schema\\\/logo\\\/image\\\/\",\"url\":\"https:\\\/\\\/lospoliticosveracruz.com\\\/wp-content\\\/uploads\\\/2025\\\/12\\\/Logo-Nuevo-LOS-POLITICOS-1.jpg\",\"contentUrl\":\"https:\\\/\\\/lospoliticosveracruz.com\\\/wp-content\\\/uploads\\\/2025\\\/12\\\/Logo-Nuevo-LOS-POLITICOS-1.jpg\",\"width\":260,\"height\":70,\"caption\":\"Los pol\u00edticos Veracruz\"},\"image\":{\"@id\":\"https:\\\/\\\/lospoliticosveracruz.com\\\/#\\\/schema\\\/logo\\\/image\\\/\"},\"sameAs\":[\"https:\\\/\\\/www.facebook.com\\\/people\\\/Notimemes-de-los-Polticos\\\/61565672886568\\\/\",\"https:\\\/\\\/x.com\\\/LosPoliticosVer\"]},{\"@type\":\"Person\",\"@id\":\"https:\\\/\\\/lospoliticosveracruz.com\\\/#\\\/schema\\\/person\\\/b8702bb0e538456e6efd07080bf2a4a2\",\"name\":\"Lo viste en Los Pol\u00edticos\",\"image\":{\"@type\":\"ImageObject\",\"inLanguage\":\"es\",\"@id\":\"https:\\\/\\\/secure.gravatar.com\\\/avatar\\\/3a8de04a2656d44082be478bd6c086daa447c4651605818287b9532d3d0bd435?s=96&d=mm&r=g\",\"url\":\"https:\\\/\\\/secure.gravatar.com\\\/avatar\\\/3a8de04a2656d44082be478bd6c086daa447c4651605818287b9532d3d0bd435?s=96&d=mm&r=g\",\"contentUrl\":\"https:\\\/\\\/secure.gravatar.com\\\/avatar\\\/3a8de04a2656d44082be478bd6c086daa447c4651605818287b9532d3d0bd435?s=96&d=mm&r=g\",\"caption\":\"Lo viste en Los Pol\u00edticos\"},\"url\":\"https:\\\/\\\/lospoliticosveracruz.com\\\/?author=2\"}]}<\/script>\n<!-- \/ Yoast SEO plugin. -->","yoast_head_json":{"title":"Xico, Carolina y los recursos p\u00fablicos - Los pol\u00edticos Veracruz","robots":{"index":"index","follow":"follow","max-snippet":"max-snippet:-1","max-image-preview":"max-image-preview:large","max-video-preview":"max-video-preview:-1"},"canonical":"https:\/\/lospoliticosveracruz.com\/?p=73587","og_locale":"es_ES","og_type":"article","og_title":"Xico, Carolina y los recursos p\u00fablicos - Los pol\u00edticos Veracruz","og_description":"Enrique Yasser Pompeyo Mesa de Redacci\u00f3n A las diferentes denuncias que se han realizado por presuntas irregularidades en el manejo de los recursos p\u00fablicos en el Ayuntamiento de Xico, se suman otras m\u00e1s graves. De entrada, 12 obras presentar\u00edan serias irregularidades y deficiencias, ya que los montos totales no coinciden con los proyectos y algunas [&hellip;]","og_url":"https:\/\/lospoliticosveracruz.com\/?p=73587","og_site_name":"Los pol\u00edticos Veracruz","article_publisher":"https:\/\/www.facebook.com\/people\/Notimemes-de-los-Polticos\/61565672886568\/","article_published_time":"2021-05-21T04:09:13+00:00","article_modified_time":"2021-05-21T04:09:16+00:00","og_image":[{"url":"http:\/\/www.lospoliticosveracruz.com.mx\/wp-content\/uploads\/2021\/05\/Batalla-Cordoba.jpeg","type":"","width":"","height":""}],"author":"Lo viste en Los Pol\u00edticos","twitter_card":"summary_large_image","twitter_creator":"@LosPoliticosVer","twitter_site":"@LosPoliticosVer","twitter_misc":{"Escrito por":"Lo viste en Los Pol\u00edticos","Tiempo de lectura":"5 minutos"},"schema":{"@context":"https:\/\/schema.org","@graph":[{"@type":"Article","@id":"https:\/\/lospoliticosveracruz.com\/?p=73587#article","isPartOf":{"@id":"https:\/\/lospoliticosveracruz.com\/?p=73587"},"author":{"name":"Lo viste en Los Pol\u00edticos","@id":"https:\/\/lospoliticosveracruz.com\/#\/schema\/person\/b8702bb0e538456e6efd07080bf2a4a2"},"headline":"Xico, Carolina y los recursos p\u00fablicos","datePublished":"2021-05-21T04:09:13+00:00","dateModified":"2021-05-21T04:09:16+00:00","mainEntityOfPage":{"@id":"https:\/\/lospoliticosveracruz.com\/?p=73587"},"wordCount":989,"publisher":{"@id":"https:\/\/lospoliticosveracruz.com\/#organization"},"image":{"@id":"https:\/\/lospoliticosveracruz.com\/?p=73587#primaryimage"},"thumbnailUrl":"http:\/\/www.lospoliticosveracruz.com.mx\/wp-content\/uploads\/2021\/05\/Batalla-Cordoba.jpeg","keywords":["Carolina Galv\u00e1n","Coatepec","David Velasco Chedraui","Gloria Luz Galv\u00e1n Ordu\u00f1a","Orfis","recursos p\u00fablicos","Sergio Cadena Mart\u00ednez","Veracruz Va"],"articleSection":["De Opini\u00f3n"],"inLanguage":"es"},{"@type":"WebPage","@id":"https:\/\/lospoliticosveracruz.com\/?p=73587","url":"https:\/\/lospoliticosveracruz.com\/?p=73587","name":"Xico, Carolina y los recursos p\u00fablicos - Los pol\u00edticos Veracruz","isPartOf":{"@id":"https:\/\/lospoliticosveracruz.com\/#website"},"primaryImageOfPage":{"@id":"https:\/\/lospoliticosveracruz.com\/?p=73587#primaryimage"},"image":{"@id":"https:\/\/lospoliticosveracruz.com\/?p=73587#primaryimage"},"thumbnailUrl":"http:\/\/www.lospoliticosveracruz.com.mx\/wp-content\/uploads\/2021\/05\/Batalla-Cordoba.jpeg","datePublished":"2021-05-21T04:09:13+00:00","dateModified":"2021-05-21T04:09:16+00:00","breadcrumb":{"@id":"https:\/\/lospoliticosveracruz.com\/?p=73587#breadcrumb"},"inLanguage":"es","potentialAction":[{"@type":"ReadAction","target":["https:\/\/lospoliticosveracruz.com\/?p=73587"]}]},{"@type":"ImageObject","inLanguage":"es","@id":"https:\/\/lospoliticosveracruz.com\/?p=73587#primaryimage","url":"http:\/\/www.lospoliticosveracruz.com.mx\/wp-content\/uploads\/2021\/05\/Batalla-Cordoba.jpeg","contentUrl":"http:\/\/www.lospoliticosveracruz.com.mx\/wp-content\/uploads\/2021\/05\/Batalla-Cordoba.jpeg"},{"@type":"BreadcrumbList","@id":"https:\/\/lospoliticosveracruz.com\/?p=73587#breadcrumb","itemListElement":[{"@type":"ListItem","position":1,"name":"Portada","item":"https:\/\/lospoliticosveracruz.com\/"},{"@type":"ListItem","position":2,"name":"Xico, Carolina y los recursos p\u00fablicos"}]},{"@type":"WebSite","@id":"https:\/\/lospoliticosveracruz.com\/#website","url":"https:\/\/lospoliticosveracruz.com\/","name":"Los pol\u00edticos Veracruz","description":"","publisher":{"@id":"https:\/\/lospoliticosveracruz.com\/#organization"},"potentialAction":[{"@type":"SearchAction","target":{"@type":"EntryPoint","urlTemplate":"https:\/\/lospoliticosveracruz.com\/?s={search_term_string}"},"query-input":{"@type":"PropertyValueSpecification","valueRequired":true,"valueName":"search_term_string"}}],"inLanguage":"es"},{"@type":"Organization","@id":"https:\/\/lospoliticosveracruz.com\/#organization","name":"Los pol\u00edticos Veracruz","url":"https:\/\/lospoliticosveracruz.com\/","logo":{"@type":"ImageObject","inLanguage":"es","@id":"https:\/\/lospoliticosveracruz.com\/#\/schema\/logo\/image\/","url":"https:\/\/lospoliticosveracruz.com\/wp-content\/uploads\/2025\/12\/Logo-Nuevo-LOS-POLITICOS-1.jpg","contentUrl":"https:\/\/lospoliticosveracruz.com\/wp-content\/uploads\/2025\/12\/Logo-Nuevo-LOS-POLITICOS-1.jpg","width":260,"height":70,"caption":"Los pol\u00edticos Veracruz"},"image":{"@id":"https:\/\/lospoliticosveracruz.com\/#\/schema\/logo\/image\/"},"sameAs":["https:\/\/www.facebook.com\/people\/Notimemes-de-los-Polticos\/61565672886568\/","https:\/\/x.com\/LosPoliticosVer"]},{"@type":"Person","@id":"https:\/\/lospoliticosveracruz.com\/#\/schema\/person\/b8702bb0e538456e6efd07080bf2a4a2","name":"Lo viste en Los Pol\u00edticos","image":{"@type":"ImageObject","inLanguage":"es","@id":"https:\/\/secure.gravatar.com\/avatar\/3a8de04a2656d44082be478bd6c086daa447c4651605818287b9532d3d0bd435?s=96&d=mm&r=g","url":"https:\/\/secure.gravatar.com\/avatar\/3a8de04a2656d44082be478bd6c086daa447c4651605818287b9532d3d0bd435?s=96&d=mm&r=g","contentUrl":"https:\/\/secure.gravatar.com\/avatar\/3a8de04a2656d44082be478bd6c086daa447c4651605818287b9532d3d0bd435?s=96&d=mm&r=g","caption":"Lo viste en Los Pol\u00edticos"},"url":"https:\/\/lospoliticosveracruz.com\/?author=2"}]}},"_links":{"self":[{"href":"https:\/\/lospoliticosveracruz.com\/index.php?rest_route=\/wp\/v2\/posts\/73587","targetHints":{"allow":["GET"]}}],"collection":[{"href":"https:\/\/lospoliticosveracruz.com\/index.php?rest_route=\/wp\/v2\/posts"}],"about":[{"href":"https:\/\/lospoliticosveracruz.com\/index.php?rest_route=\/wp\/v2\/types\/post"}],"author":[{"embeddable":true,"href":"https:\/\/lospoliticosveracruz.com\/index.php?rest_route=\/wp\/v2\/users\/2"}],"replies":[{"embeddable":true,"href":"https:\/\/lospoliticosveracruz.com\/index.php?rest_route=%2Fwp%2Fv2%2Fcomments&post=73587"}],"version-history":[{"count":1,"href":"https:\/\/lospoliticosveracruz.com\/index.php?rest_route=\/wp\/v2\/posts\/73587\/revisions"}],"predecessor-version":[{"id":73589,"href":"https:\/\/lospoliticosveracruz.com\/index.php?rest_route=\/wp\/v2\/posts\/73587\/revisions\/73589"}],"wp:attachment":[{"href":"https:\/\/lospoliticosveracruz.com\/index.php?rest_route=%2Fwp%2Fv2%2Fmedia&parent=73587"}],"wp:term":[{"taxonomy":"category","embeddable":true,"href":"https:\/\/lospoliticosveracruz.com\/index.php?rest_route=%2Fwp%2Fv2%2Fcategories&post=73587"},{"taxonomy":"post_tag","embeddable":true,"href":"https:\/\/lospoliticosveracruz.com\/index.php?rest_route=%2Fwp%2Fv2%2Ftags&post=73587"}],"curies":[{"name":"wp","href":"https:\/\/api.w.org\/{rel}","templated":true}]}}