{"id":73647,"date":"2021-05-21T15:46:13","date_gmt":"2021-05-21T20:46:13","guid":{"rendered":"http:\/\/www.lospoliticosveracruz.com.mx\/?p=73647"},"modified":"2021-05-21T15:46:23","modified_gmt":"2021-05-21T20:46:23","slug":"preferencia-a-los-de-casa-exsome","status":"publish","type":"post","link":"https:\/\/lospoliticosveracruz.com\/?p=73647","title":{"rendered":"Preferencia a los de casa!: Exsome"},"content":{"rendered":"\n<p><strong>Veracruz<\/strong><br>Con el apoyo de los diferentes niveles de gobierno, el candidato a la presidencia municipal de Veracruz, por la coalici\u00f3n \u00abJuntos Haremos Historia en Veracruz\u00bb, Ricardo Exsome Zapata, manifest\u00f3 que la opini\u00f3n de especialistas en materia de infraestructura ser\u00e1 vital para el desarrollo de la ciudad.<br>El aspirante a gobernar el ayuntamiento de Veracruz sostuvo un encuentro con integrantes de la C\u00e1mara Mexicana de la Industria de la Construcci\u00f3n (CMIC) que preside Marcos Ordu\u00f1a Alcocer, quienes le presentaron sus propuestas sobre las prioridades que requieren atenci\u00f3n inmediata para el sector de la construcci\u00f3n y el municipio porte\u00f1o.<br>\u00abPondremos en marcha un plan de obras, basado en dos premisas: Que atienda las necesidades de los veracruzanos y que cuente con el consejo de los especialistas. Por eso seguimos caminando las colonias y hoy intercambiamos opiniones con la C\u00e1mara de la Construcci\u00f3n. Adem\u00e1s, hablamos de solucionar la problem\u00e1tica que enfrenta el sector\u00bb, coment\u00f3 Ricardo Exsome Zapata.<br>Ante este respaldo por parte del pr\u00f3ximo alcalde de Veracruz, los miembros de la CMIC le manifestaron su total apoyo, y le mencionaron sus inquietudes en torno a la mejora y comienzo de obras p\u00fablicas en beneficio de los ciudadanos.<\/p>\n\n\n\n<p><strong>PROPUESTAS URBANAS EN MEJORA DEL PUERTO DE VERACRUZ<\/strong><br>Al enfatizar Exsome Zapata que el pr\u00f3ximo seis de junio, los candidatos de Morena a la alcald\u00eda y de la zona conurbada conformada por los municipios de Veracruz, Boca del R\u00edo y Medell\u00edn, ser\u00e1n los ganadores de la elecci\u00f3n, facilitar\u00e1 la instalaci\u00f3n del Instituto Metropolitano de Planeaci\u00f3n y Desarrollo (IMPLADE).<br>Con este organismo, mencion\u00f3 Exsome, se podr\u00e1 en trabajar en mejorar los problemas de desabasto de agua, vialidades, seguridad, entre otros. Al ser la calle el alma de la ciudad es importante atender cuestiones de se\u00f1al\u00e9tica y nomenclatura, parques e interconexiones.<\/p>\n\n\n\n<p><strong>PROMOCI\u00d3N DEL CRECIMIENTO ORDENADO<\/strong><br>Ante las propuestas presentadas por parte de la CMIC, que promueve m\u00e1s de 180 ramas industriales en el sector de la construcci\u00f3n; el candidato a presidente municipal de Veracruz, por los partidos Morena, PT y Verde Ecologista de M\u00e9xico, Ricardo Exsome Zapata, tambi\u00e9n dijo que mejorar\u00e1 el servicio de agua, pues la deficiencia y la falta del vital l\u00edquido ahuyentan las inversiones.<br>Tambi\u00e9n le solicitaron priorizar la participaci\u00f3n de empresas locales, transparencia en licitaciones, inversi\u00f3n en infraestructura y funcionarios con experiencia, adem\u00e1s de fortalecer la infraestructura tur\u00edstica y la reestructuraci\u00f3n en el sistema hidrosanitario, as\u00ed como desarrollar v\u00edas de comunicaci\u00f3n.<\/p>\n","protected":false},"excerpt":{"rendered":"<p>VeracruzCon el apoyo de los diferentes niveles de gobierno, el candidato a la presidencia municipal de Veracruz, por la coalici\u00f3n \u00abJuntos Haremos Historia en Veracruz\u00bb, Ricardo Exsome Zapata, manifest\u00f3 que la opini\u00f3n de especialistas en materia de infraestructura ser\u00e1 vital para el desarrollo de la ciudad.El aspirante a gobernar el ayuntamiento de Veracruz sostuvo un [&hellip;]<\/p>\n","protected":false},"author":2,"featured_media":0,"comment_status":"closed","ping_status":"closed","sticky":false,"template":"","format":"standard","meta":{"tdm_status":"","tdm_grid_status":"","footnotes":""},"categories":[73],"tags":[1216,3456,1026,26116,13435,195],"class_list":{"0":"post-73647","1":"post","2":"type-post","3":"status-publish","4":"format-standard","6":"category-de-boleto","7":"tag-cmic","8":"tag-marcos-orduna-alcocer","9":"tag-morena","10":"tag-morena-pvem-pt","11":"tag-ricardo-exsome-zapata","12":"tag-veracruz"},"yoast_head":"<!-- This site is optimized with the Yoast SEO plugin v27.4 - https:\/\/yoast.com\/product\/yoast-seo-wordpress\/ -->\n<title>Preferencia a los de casa!: Exsome - Los pol\u00edticos Veracruz<\/title>\n<meta name=\"robots\" content=\"index, follow, max-snippet:-1, max-image-preview:large, max-video-preview:-1\" \/>\n<link rel=\"canonical\" href=\"https:\/\/lospoliticosveracruz.com\/?p=73647\" \/>\n<meta property=\"og:locale\" content=\"es_ES\" \/>\n<meta property=\"og:type\" content=\"article\" \/>\n<meta property=\"og:title\" content=\"Preferencia a los de casa!: Exsome - Los pol\u00edticos Veracruz\" \/>\n<meta property=\"og:description\" content=\"VeracruzCon el apoyo de los diferentes niveles de gobierno, el candidato a la presidencia municipal de Veracruz, por la coalici\u00f3n \u00abJuntos Haremos Historia en Veracruz\u00bb, Ricardo Exsome Zapata, manifest\u00f3 que la opini\u00f3n de especialistas en materia de infraestructura ser\u00e1 vital para el desarrollo de la ciudad.El aspirante a gobernar el ayuntamiento de Veracruz sostuvo un [&hellip;]\" \/>\n<meta property=\"og:url\" content=\"https:\/\/lospoliticosveracruz.com\/?p=73647\" \/>\n<meta property=\"og:site_name\" content=\"Los pol\u00edticos Veracruz\" \/>\n<meta property=\"article:publisher\" content=\"https:\/\/www.facebook.com\/people\/Notimemes-de-los-Polticos\/61565672886568\/\" \/>\n<meta property=\"article:published_time\" content=\"2021-05-21T20:46:13+00:00\" \/>\n<meta property=\"article:modified_time\" content=\"2021-05-21T20:46:23+00:00\" \/>\n<meta property=\"og:image\" content=\"https:\/\/lospoliticosveracruz.com\/wp-content\/uploads\/2016\/07\/Logo-Dor.jpg\" \/>\n\t<meta property=\"og:image:width\" content=\"200\" \/>\n\t<meta property=\"og:image:height\" content=\"200\" \/>\n\t<meta property=\"og:image:type\" content=\"image\/jpeg\" \/>\n<meta name=\"author\" content=\"Lo viste en Los Pol\u00edticos\" \/>\n<meta name=\"twitter:card\" content=\"summary_large_image\" \/>\n<meta name=\"twitter:creator\" content=\"@LosPoliticosVer\" \/>\n<meta name=\"twitter:site\" content=\"@LosPoliticosVer\" \/>\n<meta name=\"twitter:label1\" content=\"Escrito por\" \/>\n\t<meta name=\"twitter:data1\" content=\"Lo viste en Los Pol\u00edticos\" \/>\n\t<meta name=\"twitter:label2\" content=\"Tiempo de lectura\" \/>\n\t<meta name=\"twitter:data2\" content=\"2 minutos\" \/>\n<script type=\"application\/ld+json\" class=\"yoast-schema-graph\">{\"@context\":\"https:\\\/\\\/schema.org\",\"@graph\":[{\"@type\":\"Article\",\"@id\":\"https:\\\/\\\/lospoliticosveracruz.com\\\/?p=73647#article\",\"isPartOf\":{\"@id\":\"https:\\\/\\\/lospoliticosveracruz.com\\\/?p=73647\"},\"author\":{\"name\":\"Lo viste en Los Pol\u00edticos\",\"@id\":\"https:\\\/\\\/lospoliticosveracruz.com\\\/#\\\/schema\\\/person\\\/b8702bb0e538456e6efd07080bf2a4a2\"},\"headline\":\"Preferencia a los de casa!: Exsome\",\"datePublished\":\"2021-05-21T20:46:13+00:00\",\"dateModified\":\"2021-05-21T20:46:23+00:00\",\"mainEntityOfPage\":{\"@id\":\"https:\\\/\\\/lospoliticosveracruz.com\\\/?p=73647\"},\"wordCount\":441,\"publisher\":{\"@id\":\"https:\\\/\\\/lospoliticosveracruz.com\\\/#organization\"},\"keywords\":[\"CMIC\",\"Marcos Ordu\u00f1a Alcocer\",\"Morena\",\"MORENA-PVEM-PT\",\"Ricardo Exsome Zapata\",\"Veracruz\"],\"articleSection\":[\"De Boleto\"],\"inLanguage\":\"es\"},{\"@type\":\"WebPage\",\"@id\":\"https:\\\/\\\/lospoliticosveracruz.com\\\/?p=73647\",\"url\":\"https:\\\/\\\/lospoliticosveracruz.com\\\/?p=73647\",\"name\":\"Preferencia a los de casa!: Exsome - Los pol\u00edticos Veracruz\",\"isPartOf\":{\"@id\":\"https:\\\/\\\/lospoliticosveracruz.com\\\/#website\"},\"datePublished\":\"2021-05-21T20:46:13+00:00\",\"dateModified\":\"2021-05-21T20:46:23+00:00\",\"breadcrumb\":{\"@id\":\"https:\\\/\\\/lospoliticosveracruz.com\\\/?p=73647#breadcrumb\"},\"inLanguage\":\"es\",\"potentialAction\":[{\"@type\":\"ReadAction\",\"target\":[\"https:\\\/\\\/lospoliticosveracruz.com\\\/?p=73647\"]}]},{\"@type\":\"BreadcrumbList\",\"@id\":\"https:\\\/\\\/lospoliticosveracruz.com\\\/?p=73647#breadcrumb\",\"itemListElement\":[{\"@type\":\"ListItem\",\"position\":1,\"name\":\"Portada\",\"item\":\"https:\\\/\\\/lospoliticosveracruz.com\\\/\"},{\"@type\":\"ListItem\",\"position\":2,\"name\":\"Preferencia a los de casa!: Exsome\"}]},{\"@type\":\"WebSite\",\"@id\":\"https:\\\/\\\/lospoliticosveracruz.com\\\/#website\",\"url\":\"https:\\\/\\\/lospoliticosveracruz.com\\\/\",\"name\":\"Los pol\u00edticos Veracruz\",\"description\":\"\",\"publisher\":{\"@id\":\"https:\\\/\\\/lospoliticosveracruz.com\\\/#organization\"},\"potentialAction\":[{\"@type\":\"SearchAction\",\"target\":{\"@type\":\"EntryPoint\",\"urlTemplate\":\"https:\\\/\\\/lospoliticosveracruz.com\\\/?s={search_term_string}\"},\"query-input\":{\"@type\":\"PropertyValueSpecification\",\"valueRequired\":true,\"valueName\":\"search_term_string\"}}],\"inLanguage\":\"es\"},{\"@type\":\"Organization\",\"@id\":\"https:\\\/\\\/lospoliticosveracruz.com\\\/#organization\",\"name\":\"Los pol\u00edticos Veracruz\",\"url\":\"https:\\\/\\\/lospoliticosveracruz.com\\\/\",\"logo\":{\"@type\":\"ImageObject\",\"inLanguage\":\"es\",\"@id\":\"https:\\\/\\\/lospoliticosveracruz.com\\\/#\\\/schema\\\/logo\\\/image\\\/\",\"url\":\"https:\\\/\\\/lospoliticosveracruz.com\\\/wp-content\\\/uploads\\\/2025\\\/12\\\/Logo-Nuevo-LOS-POLITICOS-1.jpg\",\"contentUrl\":\"https:\\\/\\\/lospoliticosveracruz.com\\\/wp-content\\\/uploads\\\/2025\\\/12\\\/Logo-Nuevo-LOS-POLITICOS-1.jpg\",\"width\":260,\"height\":70,\"caption\":\"Los pol\u00edticos Veracruz\"},\"image\":{\"@id\":\"https:\\\/\\\/lospoliticosveracruz.com\\\/#\\\/schema\\\/logo\\\/image\\\/\"},\"sameAs\":[\"https:\\\/\\\/www.facebook.com\\\/people\\\/Notimemes-de-los-Polticos\\\/61565672886568\\\/\",\"https:\\\/\\\/x.com\\\/LosPoliticosVer\"]},{\"@type\":\"Person\",\"@id\":\"https:\\\/\\\/lospoliticosveracruz.com\\\/#\\\/schema\\\/person\\\/b8702bb0e538456e6efd07080bf2a4a2\",\"name\":\"Lo viste en Los Pol\u00edticos\",\"image\":{\"@type\":\"ImageObject\",\"inLanguage\":\"es\",\"@id\":\"https:\\\/\\\/secure.gravatar.com\\\/avatar\\\/3a8de04a2656d44082be478bd6c086daa447c4651605818287b9532d3d0bd435?s=96&d=mm&r=g\",\"url\":\"https:\\\/\\\/secure.gravatar.com\\\/avatar\\\/3a8de04a2656d44082be478bd6c086daa447c4651605818287b9532d3d0bd435?s=96&d=mm&r=g\",\"contentUrl\":\"https:\\\/\\\/secure.gravatar.com\\\/avatar\\\/3a8de04a2656d44082be478bd6c086daa447c4651605818287b9532d3d0bd435?s=96&d=mm&r=g\",\"caption\":\"Lo viste en Los Pol\u00edticos\"},\"url\":\"https:\\\/\\\/lospoliticosveracruz.com\\\/?author=2\"}]}<\/script>\n<!-- \/ Yoast SEO plugin. -->","yoast_head_json":{"title":"Preferencia a los de casa!: Exsome - Los pol\u00edticos Veracruz","robots":{"index":"index","follow":"follow","max-snippet":"max-snippet:-1","max-image-preview":"max-image-preview:large","max-video-preview":"max-video-preview:-1"},"canonical":"https:\/\/lospoliticosveracruz.com\/?p=73647","og_locale":"es_ES","og_type":"article","og_title":"Preferencia a los de casa!: Exsome - Los pol\u00edticos Veracruz","og_description":"VeracruzCon el apoyo de los diferentes niveles de gobierno, el candidato a la presidencia municipal de Veracruz, por la coalici\u00f3n \u00abJuntos Haremos Historia en Veracruz\u00bb, Ricardo Exsome Zapata, manifest\u00f3 que la opini\u00f3n de especialistas en materia de infraestructura ser\u00e1 vital para el desarrollo de la ciudad.El aspirante a gobernar el ayuntamiento de Veracruz sostuvo un [&hellip;]","og_url":"https:\/\/lospoliticosveracruz.com\/?p=73647","og_site_name":"Los pol\u00edticos Veracruz","article_publisher":"https:\/\/www.facebook.com\/people\/Notimemes-de-los-Polticos\/61565672886568\/","article_published_time":"2021-05-21T20:46:13+00:00","article_modified_time":"2021-05-21T20:46:23+00:00","og_image":[{"width":200,"height":200,"url":"https:\/\/lospoliticosveracruz.com\/wp-content\/uploads\/2016\/07\/Logo-Dor.jpg","type":"image\/jpeg"}],"author":"Lo viste en Los Pol\u00edticos","twitter_card":"summary_large_image","twitter_creator":"@LosPoliticosVer","twitter_site":"@LosPoliticosVer","twitter_misc":{"Escrito por":"Lo viste en Los Pol\u00edticos","Tiempo de lectura":"2 minutos"},"schema":{"@context":"https:\/\/schema.org","@graph":[{"@type":"Article","@id":"https:\/\/lospoliticosveracruz.com\/?p=73647#article","isPartOf":{"@id":"https:\/\/lospoliticosveracruz.com\/?p=73647"},"author":{"name":"Lo viste en Los Pol\u00edticos","@id":"https:\/\/lospoliticosveracruz.com\/#\/schema\/person\/b8702bb0e538456e6efd07080bf2a4a2"},"headline":"Preferencia a los de casa!: Exsome","datePublished":"2021-05-21T20:46:13+00:00","dateModified":"2021-05-21T20:46:23+00:00","mainEntityOfPage":{"@id":"https:\/\/lospoliticosveracruz.com\/?p=73647"},"wordCount":441,"publisher":{"@id":"https:\/\/lospoliticosveracruz.com\/#organization"},"keywords":["CMIC","Marcos Ordu\u00f1a Alcocer","Morena","MORENA-PVEM-PT","Ricardo Exsome Zapata","Veracruz"],"articleSection":["De Boleto"],"inLanguage":"es"},{"@type":"WebPage","@id":"https:\/\/lospoliticosveracruz.com\/?p=73647","url":"https:\/\/lospoliticosveracruz.com\/?p=73647","name":"Preferencia a los de casa!: Exsome - Los pol\u00edticos Veracruz","isPartOf":{"@id":"https:\/\/lospoliticosveracruz.com\/#website"},"datePublished":"2021-05-21T20:46:13+00:00","dateModified":"2021-05-21T20:46:23+00:00","breadcrumb":{"@id":"https:\/\/lospoliticosveracruz.com\/?p=73647#breadcrumb"},"inLanguage":"es","potentialAction":[{"@type":"ReadAction","target":["https:\/\/lospoliticosveracruz.com\/?p=73647"]}]},{"@type":"BreadcrumbList","@id":"https:\/\/lospoliticosveracruz.com\/?p=73647#breadcrumb","itemListElement":[{"@type":"ListItem","position":1,"name":"Portada","item":"https:\/\/lospoliticosveracruz.com\/"},{"@type":"ListItem","position":2,"name":"Preferencia a los de casa!: Exsome"}]},{"@type":"WebSite","@id":"https:\/\/lospoliticosveracruz.com\/#website","url":"https:\/\/lospoliticosveracruz.com\/","name":"Los pol\u00edticos Veracruz","description":"","publisher":{"@id":"https:\/\/lospoliticosveracruz.com\/#organization"},"potentialAction":[{"@type":"SearchAction","target":{"@type":"EntryPoint","urlTemplate":"https:\/\/lospoliticosveracruz.com\/?s={search_term_string}"},"query-input":{"@type":"PropertyValueSpecification","valueRequired":true,"valueName":"search_term_string"}}],"inLanguage":"es"},{"@type":"Organization","@id":"https:\/\/lospoliticosveracruz.com\/#organization","name":"Los pol\u00edticos Veracruz","url":"https:\/\/lospoliticosveracruz.com\/","logo":{"@type":"ImageObject","inLanguage":"es","@id":"https:\/\/lospoliticosveracruz.com\/#\/schema\/logo\/image\/","url":"https:\/\/lospoliticosveracruz.com\/wp-content\/uploads\/2025\/12\/Logo-Nuevo-LOS-POLITICOS-1.jpg","contentUrl":"https:\/\/lospoliticosveracruz.com\/wp-content\/uploads\/2025\/12\/Logo-Nuevo-LOS-POLITICOS-1.jpg","width":260,"height":70,"caption":"Los pol\u00edticos Veracruz"},"image":{"@id":"https:\/\/lospoliticosveracruz.com\/#\/schema\/logo\/image\/"},"sameAs":["https:\/\/www.facebook.com\/people\/Notimemes-de-los-Polticos\/61565672886568\/","https:\/\/x.com\/LosPoliticosVer"]},{"@type":"Person","@id":"https:\/\/lospoliticosveracruz.com\/#\/schema\/person\/b8702bb0e538456e6efd07080bf2a4a2","name":"Lo viste en Los Pol\u00edticos","image":{"@type":"ImageObject","inLanguage":"es","@id":"https:\/\/secure.gravatar.com\/avatar\/3a8de04a2656d44082be478bd6c086daa447c4651605818287b9532d3d0bd435?s=96&d=mm&r=g","url":"https:\/\/secure.gravatar.com\/avatar\/3a8de04a2656d44082be478bd6c086daa447c4651605818287b9532d3d0bd435?s=96&d=mm&r=g","contentUrl":"https:\/\/secure.gravatar.com\/avatar\/3a8de04a2656d44082be478bd6c086daa447c4651605818287b9532d3d0bd435?s=96&d=mm&r=g","caption":"Lo viste en Los Pol\u00edticos"},"url":"https:\/\/lospoliticosveracruz.com\/?author=2"}]}},"_links":{"self":[{"href":"https:\/\/lospoliticosveracruz.com\/index.php?rest_route=\/wp\/v2\/posts\/73647","targetHints":{"allow":["GET"]}}],"collection":[{"href":"https:\/\/lospoliticosveracruz.com\/index.php?rest_route=\/wp\/v2\/posts"}],"about":[{"href":"https:\/\/lospoliticosveracruz.com\/index.php?rest_route=\/wp\/v2\/types\/post"}],"author":[{"embeddable":true,"href":"https:\/\/lospoliticosveracruz.com\/index.php?rest_route=\/wp\/v2\/users\/2"}],"replies":[{"embeddable":true,"href":"https:\/\/lospoliticosveracruz.com\/index.php?rest_route=%2Fwp%2Fv2%2Fcomments&post=73647"}],"version-history":[{"count":1,"href":"https:\/\/lospoliticosveracruz.com\/index.php?rest_route=\/wp\/v2\/posts\/73647\/revisions"}],"predecessor-version":[{"id":73649,"href":"https:\/\/lospoliticosveracruz.com\/index.php?rest_route=\/wp\/v2\/posts\/73647\/revisions\/73649"}],"wp:attachment":[{"href":"https:\/\/lospoliticosveracruz.com\/index.php?rest_route=%2Fwp%2Fv2%2Fmedia&parent=73647"}],"wp:term":[{"taxonomy":"category","embeddable":true,"href":"https:\/\/lospoliticosveracruz.com\/index.php?rest_route=%2Fwp%2Fv2%2Fcategories&post=73647"},{"taxonomy":"post_tag","embeddable":true,"href":"https:\/\/lospoliticosveracruz.com\/index.php?rest_route=%2Fwp%2Fv2%2Ftags&post=73647"}],"curies":[{"name":"wp","href":"https:\/\/api.w.org\/{rel}","templated":true}]}}