{"id":73650,"date":"2021-05-21T16:12:29","date_gmt":"2021-05-21T21:12:29","guid":{"rendered":"http:\/\/www.lospoliticosveracruz.com.mx\/?p=73650"},"modified":"2021-05-21T16:12:32","modified_gmt":"2021-05-21T21:12:32","slug":"el-nuevo-agio","status":"publish","type":"post","link":"https:\/\/lospoliticosveracruz.com\/?p=73650","title":{"rendered":"El nuevo Agio"},"content":{"rendered":"\n<p><strong><strong>Teresa Carbajal<\/strong><\/strong><\/p>\n\n\n\n<p><em>Debo, no niego; pago, lo justo<\/em><br><br><br>Todo comenz\u00f3 cuando por una necesidad de dinero prest\u00f3 atenci\u00f3n a un aviso en el peri\u00f3dico que le ofrec\u00eda un pr\u00e9stamo r\u00e1pido en efectivo, y sin mas requisitos que tener una propiedad con escrituras, despu\u00e9s acordaron un lugar para encontrarse y hacer unos tr\u00e1mites a los que no les dio importancia, pues como hombre de bien, entend\u00eda que de alguna forma tendr\u00eda que garantizar el cr\u00e9dito recibido.<br>As\u00ed comenz\u00f3 una terrible historia de pesadilla en la que Guillermo un adulto mayor de noventa a\u00f1os y su hija, cayeron por necesidad y desconocimiento en manos de un agiotista, (como se le conoce a las personas que prestan dinero a cambio de excesivos intereses) al que sin saber le firmaron documentos suficientes para entregarle su casa.<br>Durante mucho tiempo hemos insistido en lo aventurado que resulta hacer caso de anuncios publicitarios que ofrecen dinero prestado con m\u00ednimos requisitos, de la misma forma en la que hemos insistido en tener mucho cuidado de proporcionar datos confidenciales como identificaciones, fotocopias de escrituras, incluso de firmar documentos cuyo contenido no se entienda o resulte sospechoso. Pero la combinaci\u00f3n de todos esos factores da lugar a consecuencias desastrosas e irreparables para quienes resultan v\u00edctimas de agiotistas.<br>El negocio del agio poco a poco ha ido perdiendo utilidades mediante el cambio de criterios judiciales que ahora permiten la revisi\u00f3n de las tasas de inter\u00e9s que se pactan en un pagar\u00e9 o en un contrato de pr\u00e9stamo civil (conocido como mutuo) incluso aunque tengan garant\u00edas como la hipoteca; ello porque antes de este cambio legal a nivel constitucional de prohibici\u00f3n de la usura se permit\u00eda que las personas ejercieran sin penalizaci\u00f3n alguna un negocio de grandes utilidades y pocos riesgos.<br>Hoy en d\u00eda, se presta m\u00e1s atenci\u00f3n a los montos totales de intereses atendiendo a las tasas pactadas por las partes, lo que hace el piso \u00abmas parejo\u00bb a los contratantes, pero en detrimento de la ambici\u00f3n desmedida de quienes durante a\u00f1os o generaciones enteras se han dedicado a este giro.<br>As\u00ed, la salida que han encontrado es la simulaci\u00f3n de contratos para evadir ese an\u00e1lisis judicial a un pacto de intereses, \u00bfc\u00f3mo?, pues resulta que ahora los prestamistas hacen firmar a los deudores, (aparte de los cl\u00e1sicos pagar\u00e9) un poder amplio, cumplido y bastante para efectos de dominio y un mandato irrevocable a su favor para poder disponer a \u00absus anchas\u00bb de los bienes de un deudor.<br>Dichos documentos est\u00e1n siendo utilizados para simular, compraventas entre deudores y agiotistas para que los bienes queden a nombre de \u00e9stos o de sus prestanombres para finalmente desalojarlos en un juicio en el que aparentemente un propietario reclama a un antiguo due\u00f1o la entrega de la cosa vendida, burlando de esta forma la acci\u00f3n de la justicia.<br>Estos casos los hemos podido detectar en Coatepec, Veracruz, Xalapa, y sus alrededores en donde las v\u00edctimas son principalmente adultos mayores, en situaci\u00f3n de vulnerabilidad, mermados en su salud, movilidad y autosuficiencia.<br>A manera de prevenci\u00f3n resulta conveniente tener en cuenta que, no debe confiarse de los anuncios que ofrezcan dinero f\u00e1cil, todos tienen alg\u00fan riesgo probado que no vale la pena correr por un poco de liquidez, evitar acudir a notarias p\u00fablicas a firmar poderes o mandatos a nombre de extra\u00f1os, si es su caso, pida hablar con el Notario y com\u00e9ntele lo que sucede, si tiene adultos mayores en casa brinde asistencia y acompa\u00f1amiento en todo tr\u00e1mite que le parezca extra\u00f1o, si es adulto mayor no minimice cualquier situaci\u00f3n extra\u00f1a que le ocurra y no caiga en exceso de confianza, no comparta con nadie informaci\u00f3n sobre sus bienes, y mucho menos acceda a firmar compraventas o cualquier otro acto que no sea real.<br>Un pr\u00e9stamo, es un pr\u00e9stamo y hay documentos pertinentes para respaldarlo, pero nada que tenga que ver con poderes o mandatos. Cu\u00eddese y cuide a los suyos. Los casos mas dolorosos e irreversibles con los que el Barz\u00f3n ha luchado desde sus or\u00edgenes, sin lugar a dudas, son aquellos en donde se ven involucrados agiotistas, solo que ahora nos enfrentamos a un agio moderno y m\u00e1s voraz.<\/p>\n\n\n\n<p>Llama al 2281148502 visite www.elbarzonrc.org Contacte elbarzonrc@yahoo.com.mx, O s\u00edgame en @terecarbajal<\/p>\n","protected":false},"excerpt":{"rendered":"<p>Teresa Carbajal Debo, no niego; pago, lo justo Todo comenz\u00f3 cuando por una necesidad de dinero prest\u00f3 atenci\u00f3n a un aviso en el peri\u00f3dico que le ofrec\u00eda un pr\u00e9stamo r\u00e1pido en efectivo, y sin mas requisitos que tener una propiedad con escrituras, despu\u00e9s acordaron un lugar para encontrarse y hacer unos tr\u00e1mites a los que [&hellip;]<\/p>\n","protected":false},"author":2,"featured_media":0,"comment_status":"closed","ping_status":"closed","sticky":false,"template":"","format":"standard","meta":{"tdm_status":"","tdm_grid_status":"","footnotes":""},"categories":[1],"tags":[6969,28220,15570],"class_list":{"0":"post-73650","1":"post","2":"type-post","3":"status-publish","4":"format-standard","6":"category-sin-categoria","7":"tag-creditos","8":"tag-prestamo-civil","9":"tag-teresa-carbajal"},"yoast_head":"<!-- This site is optimized with the Yoast SEO plugin v27.4 - https:\/\/yoast.com\/product\/yoast-seo-wordpress\/ -->\n<title>El nuevo Agio - Los pol\u00edticos Veracruz<\/title>\n<meta name=\"robots\" content=\"index, follow, max-snippet:-1, max-image-preview:large, max-video-preview:-1\" \/>\n<link rel=\"canonical\" href=\"https:\/\/lospoliticosveracruz.com\/?p=73650\" \/>\n<meta property=\"og:locale\" content=\"es_ES\" \/>\n<meta property=\"og:type\" content=\"article\" \/>\n<meta property=\"og:title\" content=\"El nuevo Agio - Los pol\u00edticos Veracruz\" \/>\n<meta property=\"og:description\" content=\"Teresa Carbajal Debo, no niego; pago, lo justo Todo comenz\u00f3 cuando por una necesidad de dinero prest\u00f3 atenci\u00f3n a un aviso en el peri\u00f3dico que le ofrec\u00eda un pr\u00e9stamo r\u00e1pido en efectivo, y sin mas requisitos que tener una propiedad con escrituras, despu\u00e9s acordaron un lugar para encontrarse y hacer unos tr\u00e1mites a los que [&hellip;]\" \/>\n<meta property=\"og:url\" content=\"https:\/\/lospoliticosveracruz.com\/?p=73650\" \/>\n<meta property=\"og:site_name\" content=\"Los pol\u00edticos Veracruz\" \/>\n<meta property=\"article:publisher\" content=\"https:\/\/www.facebook.com\/people\/Notimemes-de-los-Polticos\/61565672886568\/\" \/>\n<meta property=\"article:published_time\" content=\"2021-05-21T21:12:29+00:00\" \/>\n<meta property=\"article:modified_time\" content=\"2021-05-21T21:12:32+00:00\" \/>\n<meta property=\"og:image\" content=\"https:\/\/lospoliticosveracruz.com\/wp-content\/uploads\/2016\/07\/Logo-Dor.jpg\" \/>\n\t<meta property=\"og:image:width\" content=\"200\" \/>\n\t<meta property=\"og:image:height\" content=\"200\" \/>\n\t<meta property=\"og:image:type\" content=\"image\/jpeg\" \/>\n<meta name=\"author\" content=\"Lo viste en Los Pol\u00edticos\" \/>\n<meta name=\"twitter:card\" content=\"summary_large_image\" \/>\n<meta name=\"twitter:creator\" content=\"@LosPoliticosVer\" \/>\n<meta name=\"twitter:site\" content=\"@LosPoliticosVer\" \/>\n<meta name=\"twitter:label1\" content=\"Escrito por\" \/>\n\t<meta name=\"twitter:data1\" content=\"Lo viste en Los Pol\u00edticos\" \/>\n\t<meta name=\"twitter:label2\" content=\"Tiempo de lectura\" \/>\n\t<meta name=\"twitter:data2\" content=\"4 minutos\" \/>\n<script type=\"application\/ld+json\" class=\"yoast-schema-graph\">{\"@context\":\"https:\\\/\\\/schema.org\",\"@graph\":[{\"@type\":\"Article\",\"@id\":\"https:\\\/\\\/lospoliticosveracruz.com\\\/?p=73650#article\",\"isPartOf\":{\"@id\":\"https:\\\/\\\/lospoliticosveracruz.com\\\/?p=73650\"},\"author\":{\"name\":\"Lo viste en Los Pol\u00edticos\",\"@id\":\"https:\\\/\\\/lospoliticosveracruz.com\\\/#\\\/schema\\\/person\\\/b8702bb0e538456e6efd07080bf2a4a2\"},\"headline\":\"El nuevo Agio\",\"datePublished\":\"2021-05-21T21:12:29+00:00\",\"dateModified\":\"2021-05-21T21:12:32+00:00\",\"mainEntityOfPage\":{\"@id\":\"https:\\\/\\\/lospoliticosveracruz.com\\\/?p=73650\"},\"wordCount\":759,\"publisher\":{\"@id\":\"https:\\\/\\\/lospoliticosveracruz.com\\\/#organization\"},\"keywords\":[\"cr\u00e9ditos\",\"pr\u00e9stamo civil\",\"Teresa Carbajal\"],\"inLanguage\":\"es\"},{\"@type\":\"WebPage\",\"@id\":\"https:\\\/\\\/lospoliticosveracruz.com\\\/?p=73650\",\"url\":\"https:\\\/\\\/lospoliticosveracruz.com\\\/?p=73650\",\"name\":\"El nuevo Agio - Los pol\u00edticos Veracruz\",\"isPartOf\":{\"@id\":\"https:\\\/\\\/lospoliticosveracruz.com\\\/#website\"},\"datePublished\":\"2021-05-21T21:12:29+00:00\",\"dateModified\":\"2021-05-21T21:12:32+00:00\",\"breadcrumb\":{\"@id\":\"https:\\\/\\\/lospoliticosveracruz.com\\\/?p=73650#breadcrumb\"},\"inLanguage\":\"es\",\"potentialAction\":[{\"@type\":\"ReadAction\",\"target\":[\"https:\\\/\\\/lospoliticosveracruz.com\\\/?p=73650\"]}]},{\"@type\":\"BreadcrumbList\",\"@id\":\"https:\\\/\\\/lospoliticosveracruz.com\\\/?p=73650#breadcrumb\",\"itemListElement\":[{\"@type\":\"ListItem\",\"position\":1,\"name\":\"Portada\",\"item\":\"https:\\\/\\\/lospoliticosveracruz.com\\\/\"},{\"@type\":\"ListItem\",\"position\":2,\"name\":\"El nuevo Agio\"}]},{\"@type\":\"WebSite\",\"@id\":\"https:\\\/\\\/lospoliticosveracruz.com\\\/#website\",\"url\":\"https:\\\/\\\/lospoliticosveracruz.com\\\/\",\"name\":\"Los pol\u00edticos Veracruz\",\"description\":\"\",\"publisher\":{\"@id\":\"https:\\\/\\\/lospoliticosveracruz.com\\\/#organization\"},\"potentialAction\":[{\"@type\":\"SearchAction\",\"target\":{\"@type\":\"EntryPoint\",\"urlTemplate\":\"https:\\\/\\\/lospoliticosveracruz.com\\\/?s={search_term_string}\"},\"query-input\":{\"@type\":\"PropertyValueSpecification\",\"valueRequired\":true,\"valueName\":\"search_term_string\"}}],\"inLanguage\":\"es\"},{\"@type\":\"Organization\",\"@id\":\"https:\\\/\\\/lospoliticosveracruz.com\\\/#organization\",\"name\":\"Los pol\u00edticos Veracruz\",\"url\":\"https:\\\/\\\/lospoliticosveracruz.com\\\/\",\"logo\":{\"@type\":\"ImageObject\",\"inLanguage\":\"es\",\"@id\":\"https:\\\/\\\/lospoliticosveracruz.com\\\/#\\\/schema\\\/logo\\\/image\\\/\",\"url\":\"https:\\\/\\\/lospoliticosveracruz.com\\\/wp-content\\\/uploads\\\/2025\\\/12\\\/Logo-Nuevo-LOS-POLITICOS-1.jpg\",\"contentUrl\":\"https:\\\/\\\/lospoliticosveracruz.com\\\/wp-content\\\/uploads\\\/2025\\\/12\\\/Logo-Nuevo-LOS-POLITICOS-1.jpg\",\"width\":260,\"height\":70,\"caption\":\"Los pol\u00edticos Veracruz\"},\"image\":{\"@id\":\"https:\\\/\\\/lospoliticosveracruz.com\\\/#\\\/schema\\\/logo\\\/image\\\/\"},\"sameAs\":[\"https:\\\/\\\/www.facebook.com\\\/people\\\/Notimemes-de-los-Polticos\\\/61565672886568\\\/\",\"https:\\\/\\\/x.com\\\/LosPoliticosVer\"]},{\"@type\":\"Person\",\"@id\":\"https:\\\/\\\/lospoliticosveracruz.com\\\/#\\\/schema\\\/person\\\/b8702bb0e538456e6efd07080bf2a4a2\",\"name\":\"Lo viste en Los Pol\u00edticos\",\"image\":{\"@type\":\"ImageObject\",\"inLanguage\":\"es\",\"@id\":\"https:\\\/\\\/secure.gravatar.com\\\/avatar\\\/3a8de04a2656d44082be478bd6c086daa447c4651605818287b9532d3d0bd435?s=96&d=mm&r=g\",\"url\":\"https:\\\/\\\/secure.gravatar.com\\\/avatar\\\/3a8de04a2656d44082be478bd6c086daa447c4651605818287b9532d3d0bd435?s=96&d=mm&r=g\",\"contentUrl\":\"https:\\\/\\\/secure.gravatar.com\\\/avatar\\\/3a8de04a2656d44082be478bd6c086daa447c4651605818287b9532d3d0bd435?s=96&d=mm&r=g\",\"caption\":\"Lo viste en Los Pol\u00edticos\"},\"url\":\"https:\\\/\\\/lospoliticosveracruz.com\\\/?author=2\"}]}<\/script>\n<!-- \/ Yoast SEO plugin. -->","yoast_head_json":{"title":"El nuevo Agio - Los pol\u00edticos Veracruz","robots":{"index":"index","follow":"follow","max-snippet":"max-snippet:-1","max-image-preview":"max-image-preview:large","max-video-preview":"max-video-preview:-1"},"canonical":"https:\/\/lospoliticosveracruz.com\/?p=73650","og_locale":"es_ES","og_type":"article","og_title":"El nuevo Agio - Los pol\u00edticos Veracruz","og_description":"Teresa Carbajal Debo, no niego; pago, lo justo Todo comenz\u00f3 cuando por una necesidad de dinero prest\u00f3 atenci\u00f3n a un aviso en el peri\u00f3dico que le ofrec\u00eda un pr\u00e9stamo r\u00e1pido en efectivo, y sin mas requisitos que tener una propiedad con escrituras, despu\u00e9s acordaron un lugar para encontrarse y hacer unos tr\u00e1mites a los que [&hellip;]","og_url":"https:\/\/lospoliticosveracruz.com\/?p=73650","og_site_name":"Los pol\u00edticos Veracruz","article_publisher":"https:\/\/www.facebook.com\/people\/Notimemes-de-los-Polticos\/61565672886568\/","article_published_time":"2021-05-21T21:12:29+00:00","article_modified_time":"2021-05-21T21:12:32+00:00","og_image":[{"width":200,"height":200,"url":"https:\/\/lospoliticosveracruz.com\/wp-content\/uploads\/2016\/07\/Logo-Dor.jpg","type":"image\/jpeg"}],"author":"Lo viste en Los Pol\u00edticos","twitter_card":"summary_large_image","twitter_creator":"@LosPoliticosVer","twitter_site":"@LosPoliticosVer","twitter_misc":{"Escrito por":"Lo viste en Los Pol\u00edticos","Tiempo de lectura":"4 minutos"},"schema":{"@context":"https:\/\/schema.org","@graph":[{"@type":"Article","@id":"https:\/\/lospoliticosveracruz.com\/?p=73650#article","isPartOf":{"@id":"https:\/\/lospoliticosveracruz.com\/?p=73650"},"author":{"name":"Lo viste en Los Pol\u00edticos","@id":"https:\/\/lospoliticosveracruz.com\/#\/schema\/person\/b8702bb0e538456e6efd07080bf2a4a2"},"headline":"El nuevo Agio","datePublished":"2021-05-21T21:12:29+00:00","dateModified":"2021-05-21T21:12:32+00:00","mainEntityOfPage":{"@id":"https:\/\/lospoliticosveracruz.com\/?p=73650"},"wordCount":759,"publisher":{"@id":"https:\/\/lospoliticosveracruz.com\/#organization"},"keywords":["cr\u00e9ditos","pr\u00e9stamo civil","Teresa Carbajal"],"inLanguage":"es"},{"@type":"WebPage","@id":"https:\/\/lospoliticosveracruz.com\/?p=73650","url":"https:\/\/lospoliticosveracruz.com\/?p=73650","name":"El nuevo Agio - Los pol\u00edticos Veracruz","isPartOf":{"@id":"https:\/\/lospoliticosveracruz.com\/#website"},"datePublished":"2021-05-21T21:12:29+00:00","dateModified":"2021-05-21T21:12:32+00:00","breadcrumb":{"@id":"https:\/\/lospoliticosveracruz.com\/?p=73650#breadcrumb"},"inLanguage":"es","potentialAction":[{"@type":"ReadAction","target":["https:\/\/lospoliticosveracruz.com\/?p=73650"]}]},{"@type":"BreadcrumbList","@id":"https:\/\/lospoliticosveracruz.com\/?p=73650#breadcrumb","itemListElement":[{"@type":"ListItem","position":1,"name":"Portada","item":"https:\/\/lospoliticosveracruz.com\/"},{"@type":"ListItem","position":2,"name":"El nuevo Agio"}]},{"@type":"WebSite","@id":"https:\/\/lospoliticosveracruz.com\/#website","url":"https:\/\/lospoliticosveracruz.com\/","name":"Los pol\u00edticos Veracruz","description":"","publisher":{"@id":"https:\/\/lospoliticosveracruz.com\/#organization"},"potentialAction":[{"@type":"SearchAction","target":{"@type":"EntryPoint","urlTemplate":"https:\/\/lospoliticosveracruz.com\/?s={search_term_string}"},"query-input":{"@type":"PropertyValueSpecification","valueRequired":true,"valueName":"search_term_string"}}],"inLanguage":"es"},{"@type":"Organization","@id":"https:\/\/lospoliticosveracruz.com\/#organization","name":"Los pol\u00edticos Veracruz","url":"https:\/\/lospoliticosveracruz.com\/","logo":{"@type":"ImageObject","inLanguage":"es","@id":"https:\/\/lospoliticosveracruz.com\/#\/schema\/logo\/image\/","url":"https:\/\/lospoliticosveracruz.com\/wp-content\/uploads\/2025\/12\/Logo-Nuevo-LOS-POLITICOS-1.jpg","contentUrl":"https:\/\/lospoliticosveracruz.com\/wp-content\/uploads\/2025\/12\/Logo-Nuevo-LOS-POLITICOS-1.jpg","width":260,"height":70,"caption":"Los pol\u00edticos Veracruz"},"image":{"@id":"https:\/\/lospoliticosveracruz.com\/#\/schema\/logo\/image\/"},"sameAs":["https:\/\/www.facebook.com\/people\/Notimemes-de-los-Polticos\/61565672886568\/","https:\/\/x.com\/LosPoliticosVer"]},{"@type":"Person","@id":"https:\/\/lospoliticosveracruz.com\/#\/schema\/person\/b8702bb0e538456e6efd07080bf2a4a2","name":"Lo viste en Los Pol\u00edticos","image":{"@type":"ImageObject","inLanguage":"es","@id":"https:\/\/secure.gravatar.com\/avatar\/3a8de04a2656d44082be478bd6c086daa447c4651605818287b9532d3d0bd435?s=96&d=mm&r=g","url":"https:\/\/secure.gravatar.com\/avatar\/3a8de04a2656d44082be478bd6c086daa447c4651605818287b9532d3d0bd435?s=96&d=mm&r=g","contentUrl":"https:\/\/secure.gravatar.com\/avatar\/3a8de04a2656d44082be478bd6c086daa447c4651605818287b9532d3d0bd435?s=96&d=mm&r=g","caption":"Lo viste en Los Pol\u00edticos"},"url":"https:\/\/lospoliticosveracruz.com\/?author=2"}]}},"_links":{"self":[{"href":"https:\/\/lospoliticosveracruz.com\/index.php?rest_route=\/wp\/v2\/posts\/73650","targetHints":{"allow":["GET"]}}],"collection":[{"href":"https:\/\/lospoliticosveracruz.com\/index.php?rest_route=\/wp\/v2\/posts"}],"about":[{"href":"https:\/\/lospoliticosveracruz.com\/index.php?rest_route=\/wp\/v2\/types\/post"}],"author":[{"embeddable":true,"href":"https:\/\/lospoliticosveracruz.com\/index.php?rest_route=\/wp\/v2\/users\/2"}],"replies":[{"embeddable":true,"href":"https:\/\/lospoliticosveracruz.com\/index.php?rest_route=%2Fwp%2Fv2%2Fcomments&post=73650"}],"version-history":[{"count":1,"href":"https:\/\/lospoliticosveracruz.com\/index.php?rest_route=\/wp\/v2\/posts\/73650\/revisions"}],"predecessor-version":[{"id":73653,"href":"https:\/\/lospoliticosveracruz.com\/index.php?rest_route=\/wp\/v2\/posts\/73650\/revisions\/73653"}],"wp:attachment":[{"href":"https:\/\/lospoliticosveracruz.com\/index.php?rest_route=%2Fwp%2Fv2%2Fmedia&parent=73650"}],"wp:term":[{"taxonomy":"category","embeddable":true,"href":"https:\/\/lospoliticosveracruz.com\/index.php?rest_route=%2Fwp%2Fv2%2Fcategories&post=73650"},{"taxonomy":"post_tag","embeddable":true,"href":"https:\/\/lospoliticosveracruz.com\/index.php?rest_route=%2Fwp%2Fv2%2Ftags&post=73650"}],"curies":[{"name":"wp","href":"https:\/\/api.w.org\/{rel}","templated":true}]}}