{"id":73730,"date":"2021-05-22T16:28:10","date_gmt":"2021-05-22T21:28:10","guid":{"rendered":"http:\/\/www.lospoliticosveracruz.com.mx\/?p=73730"},"modified":"2021-05-22T16:28:14","modified_gmt":"2021-05-22T21:28:14","slug":"tras-enfrentamiento-capturan-a-6-en-la-carolino","status":"publish","type":"post","link":"https:\/\/lospoliticosveracruz.com\/?p=73730","title":{"rendered":"Tras enfrentamiento, capturan a 6 en la Carolino"},"content":{"rendered":"\n<p><strong>Xalapa<\/strong><br>Por presuntos delitos contra la salud, portaci\u00f3n ilegal de arma de fuego y ultrajes a la autoridad, elementos de la Secretar\u00eda de Seguridad P\u00fablica (SSP) detuvieron a Jos\u00e9 Luis \u201cN\u201d, Jos\u00e9 Osvaldo \u201cN\u201d, Rolando \u201cN\u201d, \u00d3scar Manuel \u201cN\u201d, Humberto \u201cN\u201d y a Christopher Joseph \u201cN\u201d, quien se encuentra identificado como objetivo generador de violencia e integrante de una c\u00e9lula delictiva en la capital del estado.<\/p>\n\n\n\n<p>La intervenci\u00f3n policial se logr\u00f3 luego de la agresi\u00f3n perpetrada por sujetos armados contra efectivos estatales, en hechos registrados en la calle R\u00edo Soto la Marina, esquina Privada Naolinco, colonia Carolino Anaya, en esta ciudad.<br>De acuerdo con los datos policiales, los efectivos detectaron que dos hombres intercambian bolsas con la droga cristal y, al pedirles detenerse, \u00e9stos se negaron, escapando del lugar y resguard\u00e1ndose en dos viviendas desde las cuales comenzaron a disparar contra los polic\u00edas; al repeler la agresi\u00f3n, uno de los presuntos delincuentes fue neutralizado, mientras que el resto fueron intervenidos.<br>Les aseguraron armas de fuego, un arma blanca, motocicletas, chalecos t\u00e1cticos, dosis de la droga denominada cristal y de marihuana, lo cual fue puesto a disposici\u00f3n de la autoridad competente para los tr\u00e1mites de ley.<\/p>\n\n\n\n<p><\/p>\n","protected":false},"excerpt":{"rendered":"<p>XalapaPor presuntos delitos contra la salud, portaci\u00f3n ilegal de arma de fuego y ultrajes a la autoridad, elementos de la Secretar\u00eda de Seguridad P\u00fablica (SSP) detuvieron a Jos\u00e9 Luis \u201cN\u201d, Jos\u00e9 Osvaldo \u201cN\u201d, Rolando \u201cN\u201d, \u00d3scar Manuel \u201cN\u201d, Humberto \u201cN\u201d y a Christopher Joseph \u201cN\u201d, quien se encuentra identificado como objetivo generador de violencia e [&hellip;]<\/p>\n","protected":false},"author":2,"featured_media":0,"comment_status":"closed","ping_status":"closed","sticky":false,"template":"","format":"standard","meta":{"tdm_status":"","tdm_grid_status":"","footnotes":""},"categories":[73],"tags":[28239,28238,28237,28234,28235,28236],"class_list":{"0":"post-73730","1":"post","2":"type-post","3":"status-publish","4":"format-standard","6":"category-de-boleto","7":"tag-celula-delictiva","8":"tag-christopher-joseph-n","9":"tag-humberto-n","10":"tag-jose-osvaldo-n","11":"tag-oscar-manuel-n","12":"tag-rolando-n"},"yoast_head":"<!-- This site is optimized with the Yoast SEO plugin v27.4 - https:\/\/yoast.com\/product\/yoast-seo-wordpress\/ -->\n<title>Tras enfrentamiento, capturan a 6 en la Carolino - Los pol\u00edticos Veracruz<\/title>\n<meta name=\"robots\" content=\"index, follow, max-snippet:-1, max-image-preview:large, max-video-preview:-1\" \/>\n<link rel=\"canonical\" href=\"https:\/\/lospoliticosveracruz.com\/?p=73730\" \/>\n<meta property=\"og:locale\" content=\"es_ES\" \/>\n<meta property=\"og:type\" content=\"article\" \/>\n<meta property=\"og:title\" content=\"Tras enfrentamiento, capturan a 6 en la Carolino - Los pol\u00edticos Veracruz\" \/>\n<meta property=\"og:description\" content=\"XalapaPor presuntos delitos contra la salud, portaci\u00f3n ilegal de arma de fuego y ultrajes a la autoridad, elementos de la Secretar\u00eda de Seguridad P\u00fablica (SSP) detuvieron a Jos\u00e9 Luis \u201cN\u201d, Jos\u00e9 Osvaldo \u201cN\u201d, Rolando \u201cN\u201d, \u00d3scar Manuel \u201cN\u201d, Humberto \u201cN\u201d y a Christopher Joseph \u201cN\u201d, quien se encuentra identificado como objetivo generador de violencia e [&hellip;]\" \/>\n<meta property=\"og:url\" content=\"https:\/\/lospoliticosveracruz.com\/?p=73730\" \/>\n<meta property=\"og:site_name\" content=\"Los pol\u00edticos Veracruz\" \/>\n<meta property=\"article:publisher\" content=\"https:\/\/www.facebook.com\/people\/Notimemes-de-los-Polticos\/61565672886568\/\" \/>\n<meta property=\"article:published_time\" content=\"2021-05-22T21:28:10+00:00\" \/>\n<meta property=\"article:modified_time\" content=\"2021-05-22T21:28:14+00:00\" \/>\n<meta property=\"og:image\" content=\"https:\/\/lospoliticosveracruz.com\/wp-content\/uploads\/2016\/07\/Logo-Dor.jpg\" \/>\n\t<meta property=\"og:image:width\" content=\"200\" \/>\n\t<meta property=\"og:image:height\" content=\"200\" \/>\n\t<meta property=\"og:image:type\" content=\"image\/jpeg\" \/>\n<meta name=\"author\" content=\"Lo viste en Los Pol\u00edticos\" \/>\n<meta name=\"twitter:card\" content=\"summary_large_image\" \/>\n<meta name=\"twitter:creator\" content=\"@LosPoliticosVer\" \/>\n<meta name=\"twitter:site\" content=\"@LosPoliticosVer\" \/>\n<meta name=\"twitter:label1\" content=\"Escrito por\" \/>\n\t<meta name=\"twitter:data1\" content=\"Lo viste en Los Pol\u00edticos\" \/>\n\t<meta name=\"twitter:label2\" content=\"Tiempo de lectura\" \/>\n\t<meta name=\"twitter:data2\" content=\"1 minuto\" \/>\n<script type=\"application\/ld+json\" class=\"yoast-schema-graph\">{\"@context\":\"https:\\\/\\\/schema.org\",\"@graph\":[{\"@type\":\"Article\",\"@id\":\"https:\\\/\\\/lospoliticosveracruz.com\\\/?p=73730#article\",\"isPartOf\":{\"@id\":\"https:\\\/\\\/lospoliticosveracruz.com\\\/?p=73730\"},\"author\":{\"name\":\"Lo viste en Los Pol\u00edticos\",\"@id\":\"https:\\\/\\\/lospoliticosveracruz.com\\\/#\\\/schema\\\/person\\\/b8702bb0e538456e6efd07080bf2a4a2\"},\"headline\":\"Tras enfrentamiento, capturan a 6 en la Carolino\",\"datePublished\":\"2021-05-22T21:28:10+00:00\",\"dateModified\":\"2021-05-22T21:28:14+00:00\",\"mainEntityOfPage\":{\"@id\":\"https:\\\/\\\/lospoliticosveracruz.com\\\/?p=73730\"},\"wordCount\":215,\"publisher\":{\"@id\":\"https:\\\/\\\/lospoliticosveracruz.com\\\/#organization\"},\"keywords\":[\"c\u00e9lula delictiva\",\"Christopher Joseph \u201cN\u201d\",\"Humberto \u201cN\",\"Jos\u00e9 Osvaldo \u201cN\u201d\",\"\u00d3scar Manuel \u201cN\u201d\",\"Rolando \u201cN\u201d\"],\"articleSection\":[\"De Boleto\"],\"inLanguage\":\"es\"},{\"@type\":\"WebPage\",\"@id\":\"https:\\\/\\\/lospoliticosveracruz.com\\\/?p=73730\",\"url\":\"https:\\\/\\\/lospoliticosveracruz.com\\\/?p=73730\",\"name\":\"Tras enfrentamiento, capturan a 6 en la Carolino - Los pol\u00edticos Veracruz\",\"isPartOf\":{\"@id\":\"https:\\\/\\\/lospoliticosveracruz.com\\\/#website\"},\"datePublished\":\"2021-05-22T21:28:10+00:00\",\"dateModified\":\"2021-05-22T21:28:14+00:00\",\"breadcrumb\":{\"@id\":\"https:\\\/\\\/lospoliticosveracruz.com\\\/?p=73730#breadcrumb\"},\"inLanguage\":\"es\",\"potentialAction\":[{\"@type\":\"ReadAction\",\"target\":[\"https:\\\/\\\/lospoliticosveracruz.com\\\/?p=73730\"]}]},{\"@type\":\"BreadcrumbList\",\"@id\":\"https:\\\/\\\/lospoliticosveracruz.com\\\/?p=73730#breadcrumb\",\"itemListElement\":[{\"@type\":\"ListItem\",\"position\":1,\"name\":\"Portada\",\"item\":\"https:\\\/\\\/lospoliticosveracruz.com\\\/\"},{\"@type\":\"ListItem\",\"position\":2,\"name\":\"Tras enfrentamiento, capturan a 6 en la Carolino\"}]},{\"@type\":\"WebSite\",\"@id\":\"https:\\\/\\\/lospoliticosveracruz.com\\\/#website\",\"url\":\"https:\\\/\\\/lospoliticosveracruz.com\\\/\",\"name\":\"Los pol\u00edticos Veracruz\",\"description\":\"\",\"publisher\":{\"@id\":\"https:\\\/\\\/lospoliticosveracruz.com\\\/#organization\"},\"potentialAction\":[{\"@type\":\"SearchAction\",\"target\":{\"@type\":\"EntryPoint\",\"urlTemplate\":\"https:\\\/\\\/lospoliticosveracruz.com\\\/?s={search_term_string}\"},\"query-input\":{\"@type\":\"PropertyValueSpecification\",\"valueRequired\":true,\"valueName\":\"search_term_string\"}}],\"inLanguage\":\"es\"},{\"@type\":\"Organization\",\"@id\":\"https:\\\/\\\/lospoliticosveracruz.com\\\/#organization\",\"name\":\"Los pol\u00edticos Veracruz\",\"url\":\"https:\\\/\\\/lospoliticosveracruz.com\\\/\",\"logo\":{\"@type\":\"ImageObject\",\"inLanguage\":\"es\",\"@id\":\"https:\\\/\\\/lospoliticosveracruz.com\\\/#\\\/schema\\\/logo\\\/image\\\/\",\"url\":\"https:\\\/\\\/lospoliticosveracruz.com\\\/wp-content\\\/uploads\\\/2025\\\/12\\\/Logo-Nuevo-LOS-POLITICOS-1.jpg\",\"contentUrl\":\"https:\\\/\\\/lospoliticosveracruz.com\\\/wp-content\\\/uploads\\\/2025\\\/12\\\/Logo-Nuevo-LOS-POLITICOS-1.jpg\",\"width\":260,\"height\":70,\"caption\":\"Los pol\u00edticos Veracruz\"},\"image\":{\"@id\":\"https:\\\/\\\/lospoliticosveracruz.com\\\/#\\\/schema\\\/logo\\\/image\\\/\"},\"sameAs\":[\"https:\\\/\\\/www.facebook.com\\\/people\\\/Notimemes-de-los-Polticos\\\/61565672886568\\\/\",\"https:\\\/\\\/x.com\\\/LosPoliticosVer\"]},{\"@type\":\"Person\",\"@id\":\"https:\\\/\\\/lospoliticosveracruz.com\\\/#\\\/schema\\\/person\\\/b8702bb0e538456e6efd07080bf2a4a2\",\"name\":\"Lo viste en Los Pol\u00edticos\",\"image\":{\"@type\":\"ImageObject\",\"inLanguage\":\"es\",\"@id\":\"https:\\\/\\\/secure.gravatar.com\\\/avatar\\\/3a8de04a2656d44082be478bd6c086daa447c4651605818287b9532d3d0bd435?s=96&d=mm&r=g\",\"url\":\"https:\\\/\\\/secure.gravatar.com\\\/avatar\\\/3a8de04a2656d44082be478bd6c086daa447c4651605818287b9532d3d0bd435?s=96&d=mm&r=g\",\"contentUrl\":\"https:\\\/\\\/secure.gravatar.com\\\/avatar\\\/3a8de04a2656d44082be478bd6c086daa447c4651605818287b9532d3d0bd435?s=96&d=mm&r=g\",\"caption\":\"Lo viste en Los Pol\u00edticos\"},\"url\":\"https:\\\/\\\/lospoliticosveracruz.com\\\/?author=2\"}]}<\/script>\n<!-- \/ Yoast SEO plugin. -->","yoast_head_json":{"title":"Tras enfrentamiento, capturan a 6 en la Carolino - Los pol\u00edticos Veracruz","robots":{"index":"index","follow":"follow","max-snippet":"max-snippet:-1","max-image-preview":"max-image-preview:large","max-video-preview":"max-video-preview:-1"},"canonical":"https:\/\/lospoliticosveracruz.com\/?p=73730","og_locale":"es_ES","og_type":"article","og_title":"Tras enfrentamiento, capturan a 6 en la Carolino - Los pol\u00edticos Veracruz","og_description":"XalapaPor presuntos delitos contra la salud, portaci\u00f3n ilegal de arma de fuego y ultrajes a la autoridad, elementos de la Secretar\u00eda de Seguridad P\u00fablica (SSP) detuvieron a Jos\u00e9 Luis \u201cN\u201d, Jos\u00e9 Osvaldo \u201cN\u201d, Rolando \u201cN\u201d, \u00d3scar Manuel \u201cN\u201d, Humberto \u201cN\u201d y a Christopher Joseph \u201cN\u201d, quien se encuentra identificado como objetivo generador de violencia e [&hellip;]","og_url":"https:\/\/lospoliticosveracruz.com\/?p=73730","og_site_name":"Los pol\u00edticos Veracruz","article_publisher":"https:\/\/www.facebook.com\/people\/Notimemes-de-los-Polticos\/61565672886568\/","article_published_time":"2021-05-22T21:28:10+00:00","article_modified_time":"2021-05-22T21:28:14+00:00","og_image":[{"width":200,"height":200,"url":"https:\/\/lospoliticosveracruz.com\/wp-content\/uploads\/2016\/07\/Logo-Dor.jpg","type":"image\/jpeg"}],"author":"Lo viste en Los Pol\u00edticos","twitter_card":"summary_large_image","twitter_creator":"@LosPoliticosVer","twitter_site":"@LosPoliticosVer","twitter_misc":{"Escrito por":"Lo viste en Los Pol\u00edticos","Tiempo de lectura":"1 minuto"},"schema":{"@context":"https:\/\/schema.org","@graph":[{"@type":"Article","@id":"https:\/\/lospoliticosveracruz.com\/?p=73730#article","isPartOf":{"@id":"https:\/\/lospoliticosveracruz.com\/?p=73730"},"author":{"name":"Lo viste en Los Pol\u00edticos","@id":"https:\/\/lospoliticosveracruz.com\/#\/schema\/person\/b8702bb0e538456e6efd07080bf2a4a2"},"headline":"Tras enfrentamiento, capturan a 6 en la Carolino","datePublished":"2021-05-22T21:28:10+00:00","dateModified":"2021-05-22T21:28:14+00:00","mainEntityOfPage":{"@id":"https:\/\/lospoliticosveracruz.com\/?p=73730"},"wordCount":215,"publisher":{"@id":"https:\/\/lospoliticosveracruz.com\/#organization"},"keywords":["c\u00e9lula delictiva","Christopher Joseph \u201cN\u201d","Humberto \u201cN","Jos\u00e9 Osvaldo \u201cN\u201d","\u00d3scar Manuel \u201cN\u201d","Rolando \u201cN\u201d"],"articleSection":["De Boleto"],"inLanguage":"es"},{"@type":"WebPage","@id":"https:\/\/lospoliticosveracruz.com\/?p=73730","url":"https:\/\/lospoliticosveracruz.com\/?p=73730","name":"Tras enfrentamiento, capturan a 6 en la Carolino - Los pol\u00edticos Veracruz","isPartOf":{"@id":"https:\/\/lospoliticosveracruz.com\/#website"},"datePublished":"2021-05-22T21:28:10+00:00","dateModified":"2021-05-22T21:28:14+00:00","breadcrumb":{"@id":"https:\/\/lospoliticosveracruz.com\/?p=73730#breadcrumb"},"inLanguage":"es","potentialAction":[{"@type":"ReadAction","target":["https:\/\/lospoliticosveracruz.com\/?p=73730"]}]},{"@type":"BreadcrumbList","@id":"https:\/\/lospoliticosveracruz.com\/?p=73730#breadcrumb","itemListElement":[{"@type":"ListItem","position":1,"name":"Portada","item":"https:\/\/lospoliticosveracruz.com\/"},{"@type":"ListItem","position":2,"name":"Tras enfrentamiento, capturan a 6 en la Carolino"}]},{"@type":"WebSite","@id":"https:\/\/lospoliticosveracruz.com\/#website","url":"https:\/\/lospoliticosveracruz.com\/","name":"Los pol\u00edticos Veracruz","description":"","publisher":{"@id":"https:\/\/lospoliticosveracruz.com\/#organization"},"potentialAction":[{"@type":"SearchAction","target":{"@type":"EntryPoint","urlTemplate":"https:\/\/lospoliticosveracruz.com\/?s={search_term_string}"},"query-input":{"@type":"PropertyValueSpecification","valueRequired":true,"valueName":"search_term_string"}}],"inLanguage":"es"},{"@type":"Organization","@id":"https:\/\/lospoliticosveracruz.com\/#organization","name":"Los pol\u00edticos Veracruz","url":"https:\/\/lospoliticosveracruz.com\/","logo":{"@type":"ImageObject","inLanguage":"es","@id":"https:\/\/lospoliticosveracruz.com\/#\/schema\/logo\/image\/","url":"https:\/\/lospoliticosveracruz.com\/wp-content\/uploads\/2025\/12\/Logo-Nuevo-LOS-POLITICOS-1.jpg","contentUrl":"https:\/\/lospoliticosveracruz.com\/wp-content\/uploads\/2025\/12\/Logo-Nuevo-LOS-POLITICOS-1.jpg","width":260,"height":70,"caption":"Los pol\u00edticos Veracruz"},"image":{"@id":"https:\/\/lospoliticosveracruz.com\/#\/schema\/logo\/image\/"},"sameAs":["https:\/\/www.facebook.com\/people\/Notimemes-de-los-Polticos\/61565672886568\/","https:\/\/x.com\/LosPoliticosVer"]},{"@type":"Person","@id":"https:\/\/lospoliticosveracruz.com\/#\/schema\/person\/b8702bb0e538456e6efd07080bf2a4a2","name":"Lo viste en Los Pol\u00edticos","image":{"@type":"ImageObject","inLanguage":"es","@id":"https:\/\/secure.gravatar.com\/avatar\/3a8de04a2656d44082be478bd6c086daa447c4651605818287b9532d3d0bd435?s=96&d=mm&r=g","url":"https:\/\/secure.gravatar.com\/avatar\/3a8de04a2656d44082be478bd6c086daa447c4651605818287b9532d3d0bd435?s=96&d=mm&r=g","contentUrl":"https:\/\/secure.gravatar.com\/avatar\/3a8de04a2656d44082be478bd6c086daa447c4651605818287b9532d3d0bd435?s=96&d=mm&r=g","caption":"Lo viste en Los Pol\u00edticos"},"url":"https:\/\/lospoliticosveracruz.com\/?author=2"}]}},"_links":{"self":[{"href":"https:\/\/lospoliticosveracruz.com\/index.php?rest_route=\/wp\/v2\/posts\/73730","targetHints":{"allow":["GET"]}}],"collection":[{"href":"https:\/\/lospoliticosveracruz.com\/index.php?rest_route=\/wp\/v2\/posts"}],"about":[{"href":"https:\/\/lospoliticosveracruz.com\/index.php?rest_route=\/wp\/v2\/types\/post"}],"author":[{"embeddable":true,"href":"https:\/\/lospoliticosveracruz.com\/index.php?rest_route=\/wp\/v2\/users\/2"}],"replies":[{"embeddable":true,"href":"https:\/\/lospoliticosveracruz.com\/index.php?rest_route=%2Fwp%2Fv2%2Fcomments&post=73730"}],"version-history":[{"count":1,"href":"https:\/\/lospoliticosveracruz.com\/index.php?rest_route=\/wp\/v2\/posts\/73730\/revisions"}],"predecessor-version":[{"id":73732,"href":"https:\/\/lospoliticosveracruz.com\/index.php?rest_route=\/wp\/v2\/posts\/73730\/revisions\/73732"}],"wp:attachment":[{"href":"https:\/\/lospoliticosveracruz.com\/index.php?rest_route=%2Fwp%2Fv2%2Fmedia&parent=73730"}],"wp:term":[{"taxonomy":"category","embeddable":true,"href":"https:\/\/lospoliticosveracruz.com\/index.php?rest_route=%2Fwp%2Fv2%2Fcategories&post=73730"},{"taxonomy":"post_tag","embeddable":true,"href":"https:\/\/lospoliticosveracruz.com\/index.php?rest_route=%2Fwp%2Fv2%2Ftags&post=73730"}],"curies":[{"name":"wp","href":"https:\/\/api.w.org\/{rel}","templated":true}]}}