{"id":73733,"date":"2021-05-22T16:38:01","date_gmt":"2021-05-22T21:38:01","guid":{"rendered":"http:\/\/www.lospoliticosveracruz.com.mx\/?p=73733"},"modified":"2021-05-22T16:38:05","modified_gmt":"2021-05-22T21:38:05","slug":"va-la-maestra-lidia-por-un-fortin-verde","status":"publish","type":"post","link":"https:\/\/lospoliticosveracruz.com\/?p=73733","title":{"rendered":"Va la Maestra Lidia por un Fort\u00edn verde"},"content":{"rendered":"\n<p><br><strong>Fort\u00edn de las Flores<\/strong><br>\u201cLa tarea es generar condiciones para el desarrollo mientras procuramos el medio ambiente\u201d, dijo la maestra Lidia Aguirre, candidata a la presidencia municipal de Fort\u00edn por Movimiento Ciudadano.<br>Al participar de la iniciativa ciudadana del Volc\u00e1n al mar, Aguirre Gonz\u00e1lez destac\u00f3 la importancia de la visi\u00f3n metropolitana y de largo plazo al gestionar las iniciativas que facilitar\u00e1n la construcci\u00f3n de un Fort\u00edn verde.<\/p>\n\n\n\n<p>Llam\u00f3 a fomentar el uso justo del agua y a promover la cultura de aprovechamiento del vital l\u00edquido, as\u00ed como a atender con sentido metropolitano la gesti\u00f3n de aguas residuales.<\/p>\n\n\n\n<p>La maestra Lidia destac\u00f3 que su gobierno impulsar\u00e1 una visi\u00f3n intermunicipal de cuencia para el manejo y la sostenibilidad de las fuentes de abastecimiento de agua. \u201cDe nada sirve prometer tanques de agua sin tener idea sobre c\u00f3mo gestionar las fuentes de abastecimiento\u201d, agreg\u00f3.<\/p>\n\n\n\n<p>Durante el foro entre ciudadanos y candidatos, Aguirre Gonz\u00e1lez adelant\u00f3 que durante su administraci\u00f3n se aprovechar\u00e1 de manera inteligente cada espacios, para que la planeaci\u00f3n urbana sirva para el desarrollo, y se regule con sentido sustentable y efectivo, el uso del suelo.<\/p>\n\n\n\n<p>La abanderada de Movimiento Ciudadano anticip\u00f3 un programa de manejo de residuos s\u00f3lidos que brindar\u00e1 ventajas a las personas al momento de cumplir con el pago de su impuesto predial: \u201cCon una gestion eficaz de los residuos s\u00f3lidos lograremos una econom\u00eda corcular con un pago justo de tu basura\u201d, indic\u00f3.<\/p>\n\n\n\n<p>Aguirre Gonz\u00e1lez afirm\u00f3 que como parte de su plan de gobierno se ampliar\u00e1 la protecci\u00f3n a la flora y a la fauna, y se crear\u00e1 un Centro de Bienestar Animal.<\/p>\n\n\n\n<p>Como parte del ejercicio ciudadano, Aguirre Gonz\u00e1lez firm\u00f3 un compromiso para integrar el cuidado al medio ambiente desde la formulaci\u00f3n del Plan Municipal de Desarrollo y a generar mesas de di\u00e1logo que enriquezcan las propuestas y acciones del gobierno municipal.<\/p>\n","protected":false},"excerpt":{"rendered":"<p>Fort\u00edn de las Flores\u201cLa tarea es generar condiciones para el desarrollo mientras procuramos el medio ambiente\u201d, dijo la maestra Lidia Aguirre, candidata a la presidencia municipal de Fort\u00edn por Movimiento Ciudadano.Al participar de la iniciativa ciudadana del Volc\u00e1n al mar, Aguirre Gonz\u00e1lez destac\u00f3 la importancia de la visi\u00f3n metropolitana y de largo plazo al gestionar [&hellip;]<\/p>\n","protected":false},"author":2,"featured_media":0,"comment_status":"closed","ping_status":"closed","sticky":false,"template":"","format":"standard","meta":{"tdm_status":"","tdm_grid_status":"","footnotes":""},"categories":[73],"tags":[2254,28240,27705,2327],"class_list":{"0":"post-73733","1":"post","2":"type-post","3":"status-publish","4":"format-standard","6":"category-de-boleto","7":"tag-fortin-de-las-flores","8":"tag-fortin-verde","9":"tag-lidia-aguirre","10":"tag-movimiento-ciudadano"},"yoast_head":"<!-- This site is optimized with the Yoast SEO plugin v27.4 - https:\/\/yoast.com\/product\/yoast-seo-wordpress\/ -->\n<title>Va la Maestra Lidia por un Fort\u00edn verde - Los pol\u00edticos Veracruz<\/title>\n<meta name=\"robots\" content=\"index, follow, max-snippet:-1, max-image-preview:large, max-video-preview:-1\" \/>\n<link rel=\"canonical\" href=\"https:\/\/lospoliticosveracruz.com\/?p=73733\" \/>\n<meta property=\"og:locale\" content=\"es_ES\" \/>\n<meta property=\"og:type\" content=\"article\" \/>\n<meta property=\"og:title\" content=\"Va la Maestra Lidia por un Fort\u00edn verde - Los pol\u00edticos Veracruz\" \/>\n<meta property=\"og:description\" content=\"Fort\u00edn de las Flores\u201cLa tarea es generar condiciones para el desarrollo mientras procuramos el medio ambiente\u201d, dijo la maestra Lidia Aguirre, candidata a la presidencia municipal de Fort\u00edn por Movimiento Ciudadano.Al participar de la iniciativa ciudadana del Volc\u00e1n al mar, Aguirre Gonz\u00e1lez destac\u00f3 la importancia de la visi\u00f3n metropolitana y de largo plazo al gestionar [&hellip;]\" \/>\n<meta property=\"og:url\" content=\"https:\/\/lospoliticosveracruz.com\/?p=73733\" \/>\n<meta property=\"og:site_name\" content=\"Los pol\u00edticos Veracruz\" \/>\n<meta property=\"article:publisher\" content=\"https:\/\/www.facebook.com\/people\/Notimemes-de-los-Polticos\/61565672886568\/\" \/>\n<meta property=\"article:published_time\" content=\"2021-05-22T21:38:01+00:00\" \/>\n<meta property=\"article:modified_time\" content=\"2021-05-22T21:38:05+00:00\" \/>\n<meta property=\"og:image\" content=\"https:\/\/lospoliticosveracruz.com\/wp-content\/uploads\/2016\/07\/Logo-Dor.jpg\" \/>\n\t<meta property=\"og:image:width\" content=\"200\" \/>\n\t<meta property=\"og:image:height\" content=\"200\" \/>\n\t<meta property=\"og:image:type\" content=\"image\/jpeg\" \/>\n<meta name=\"author\" content=\"Lo viste en Los Pol\u00edticos\" \/>\n<meta name=\"twitter:card\" content=\"summary_large_image\" \/>\n<meta name=\"twitter:creator\" content=\"@LosPoliticosVer\" \/>\n<meta name=\"twitter:site\" content=\"@LosPoliticosVer\" \/>\n<meta name=\"twitter:label1\" content=\"Escrito por\" \/>\n\t<meta name=\"twitter:data1\" content=\"Lo viste en Los Pol\u00edticos\" \/>\n\t<meta name=\"twitter:label2\" content=\"Tiempo de lectura\" \/>\n\t<meta name=\"twitter:data2\" content=\"2 minutos\" \/>\n<script type=\"application\/ld+json\" class=\"yoast-schema-graph\">{\"@context\":\"https:\\\/\\\/schema.org\",\"@graph\":[{\"@type\":\"Article\",\"@id\":\"https:\\\/\\\/lospoliticosveracruz.com\\\/?p=73733#article\",\"isPartOf\":{\"@id\":\"https:\\\/\\\/lospoliticosveracruz.com\\\/?p=73733\"},\"author\":{\"name\":\"Lo viste en Los Pol\u00edticos\",\"@id\":\"https:\\\/\\\/lospoliticosveracruz.com\\\/#\\\/schema\\\/person\\\/b8702bb0e538456e6efd07080bf2a4a2\"},\"headline\":\"Va la Maestra Lidia por un Fort\u00edn verde\",\"datePublished\":\"2021-05-22T21:38:01+00:00\",\"dateModified\":\"2021-05-22T21:38:05+00:00\",\"mainEntityOfPage\":{\"@id\":\"https:\\\/\\\/lospoliticosveracruz.com\\\/?p=73733\"},\"wordCount\":335,\"publisher\":{\"@id\":\"https:\\\/\\\/lospoliticosveracruz.com\\\/#organization\"},\"keywords\":[\"Fort\u00edn de las Flores\",\"Fort\u00edn Verde\",\"Lidia Aguirre\",\"Movimiento Ciudadano\"],\"articleSection\":[\"De Boleto\"],\"inLanguage\":\"es\"},{\"@type\":\"WebPage\",\"@id\":\"https:\\\/\\\/lospoliticosveracruz.com\\\/?p=73733\",\"url\":\"https:\\\/\\\/lospoliticosveracruz.com\\\/?p=73733\",\"name\":\"Va la Maestra Lidia por un Fort\u00edn verde - Los pol\u00edticos Veracruz\",\"isPartOf\":{\"@id\":\"https:\\\/\\\/lospoliticosveracruz.com\\\/#website\"},\"datePublished\":\"2021-05-22T21:38:01+00:00\",\"dateModified\":\"2021-05-22T21:38:05+00:00\",\"breadcrumb\":{\"@id\":\"https:\\\/\\\/lospoliticosveracruz.com\\\/?p=73733#breadcrumb\"},\"inLanguage\":\"es\",\"potentialAction\":[{\"@type\":\"ReadAction\",\"target\":[\"https:\\\/\\\/lospoliticosveracruz.com\\\/?p=73733\"]}]},{\"@type\":\"BreadcrumbList\",\"@id\":\"https:\\\/\\\/lospoliticosveracruz.com\\\/?p=73733#breadcrumb\",\"itemListElement\":[{\"@type\":\"ListItem\",\"position\":1,\"name\":\"Portada\",\"item\":\"https:\\\/\\\/lospoliticosveracruz.com\\\/\"},{\"@type\":\"ListItem\",\"position\":2,\"name\":\"Va la Maestra Lidia por un Fort\u00edn verde\"}]},{\"@type\":\"WebSite\",\"@id\":\"https:\\\/\\\/lospoliticosveracruz.com\\\/#website\",\"url\":\"https:\\\/\\\/lospoliticosveracruz.com\\\/\",\"name\":\"Los pol\u00edticos Veracruz\",\"description\":\"\",\"publisher\":{\"@id\":\"https:\\\/\\\/lospoliticosveracruz.com\\\/#organization\"},\"potentialAction\":[{\"@type\":\"SearchAction\",\"target\":{\"@type\":\"EntryPoint\",\"urlTemplate\":\"https:\\\/\\\/lospoliticosveracruz.com\\\/?s={search_term_string}\"},\"query-input\":{\"@type\":\"PropertyValueSpecification\",\"valueRequired\":true,\"valueName\":\"search_term_string\"}}],\"inLanguage\":\"es\"},{\"@type\":\"Organization\",\"@id\":\"https:\\\/\\\/lospoliticosveracruz.com\\\/#organization\",\"name\":\"Los pol\u00edticos Veracruz\",\"url\":\"https:\\\/\\\/lospoliticosveracruz.com\\\/\",\"logo\":{\"@type\":\"ImageObject\",\"inLanguage\":\"es\",\"@id\":\"https:\\\/\\\/lospoliticosveracruz.com\\\/#\\\/schema\\\/logo\\\/image\\\/\",\"url\":\"https:\\\/\\\/lospoliticosveracruz.com\\\/wp-content\\\/uploads\\\/2025\\\/12\\\/Logo-Nuevo-LOS-POLITICOS-1.jpg\",\"contentUrl\":\"https:\\\/\\\/lospoliticosveracruz.com\\\/wp-content\\\/uploads\\\/2025\\\/12\\\/Logo-Nuevo-LOS-POLITICOS-1.jpg\",\"width\":260,\"height\":70,\"caption\":\"Los pol\u00edticos Veracruz\"},\"image\":{\"@id\":\"https:\\\/\\\/lospoliticosveracruz.com\\\/#\\\/schema\\\/logo\\\/image\\\/\"},\"sameAs\":[\"https:\\\/\\\/www.facebook.com\\\/people\\\/Notimemes-de-los-Polticos\\\/61565672886568\\\/\",\"https:\\\/\\\/x.com\\\/LosPoliticosVer\"]},{\"@type\":\"Person\",\"@id\":\"https:\\\/\\\/lospoliticosveracruz.com\\\/#\\\/schema\\\/person\\\/b8702bb0e538456e6efd07080bf2a4a2\",\"name\":\"Lo viste en Los Pol\u00edticos\",\"image\":{\"@type\":\"ImageObject\",\"inLanguage\":\"es\",\"@id\":\"https:\\\/\\\/secure.gravatar.com\\\/avatar\\\/3a8de04a2656d44082be478bd6c086daa447c4651605818287b9532d3d0bd435?s=96&d=mm&r=g\",\"url\":\"https:\\\/\\\/secure.gravatar.com\\\/avatar\\\/3a8de04a2656d44082be478bd6c086daa447c4651605818287b9532d3d0bd435?s=96&d=mm&r=g\",\"contentUrl\":\"https:\\\/\\\/secure.gravatar.com\\\/avatar\\\/3a8de04a2656d44082be478bd6c086daa447c4651605818287b9532d3d0bd435?s=96&d=mm&r=g\",\"caption\":\"Lo viste en Los Pol\u00edticos\"},\"url\":\"https:\\\/\\\/lospoliticosveracruz.com\\\/?author=2\"}]}<\/script>\n<!-- \/ Yoast SEO plugin. -->","yoast_head_json":{"title":"Va la Maestra Lidia por un Fort\u00edn verde - Los pol\u00edticos Veracruz","robots":{"index":"index","follow":"follow","max-snippet":"max-snippet:-1","max-image-preview":"max-image-preview:large","max-video-preview":"max-video-preview:-1"},"canonical":"https:\/\/lospoliticosveracruz.com\/?p=73733","og_locale":"es_ES","og_type":"article","og_title":"Va la Maestra Lidia por un Fort\u00edn verde - Los pol\u00edticos Veracruz","og_description":"Fort\u00edn de las Flores\u201cLa tarea es generar condiciones para el desarrollo mientras procuramos el medio ambiente\u201d, dijo la maestra Lidia Aguirre, candidata a la presidencia municipal de Fort\u00edn por Movimiento Ciudadano.Al participar de la iniciativa ciudadana del Volc\u00e1n al mar, Aguirre Gonz\u00e1lez destac\u00f3 la importancia de la visi\u00f3n metropolitana y de largo plazo al gestionar [&hellip;]","og_url":"https:\/\/lospoliticosveracruz.com\/?p=73733","og_site_name":"Los pol\u00edticos Veracruz","article_publisher":"https:\/\/www.facebook.com\/people\/Notimemes-de-los-Polticos\/61565672886568\/","article_published_time":"2021-05-22T21:38:01+00:00","article_modified_time":"2021-05-22T21:38:05+00:00","og_image":[{"width":200,"height":200,"url":"https:\/\/lospoliticosveracruz.com\/wp-content\/uploads\/2016\/07\/Logo-Dor.jpg","type":"image\/jpeg"}],"author":"Lo viste en Los Pol\u00edticos","twitter_card":"summary_large_image","twitter_creator":"@LosPoliticosVer","twitter_site":"@LosPoliticosVer","twitter_misc":{"Escrito por":"Lo viste en Los Pol\u00edticos","Tiempo de lectura":"2 minutos"},"schema":{"@context":"https:\/\/schema.org","@graph":[{"@type":"Article","@id":"https:\/\/lospoliticosveracruz.com\/?p=73733#article","isPartOf":{"@id":"https:\/\/lospoliticosveracruz.com\/?p=73733"},"author":{"name":"Lo viste en Los Pol\u00edticos","@id":"https:\/\/lospoliticosveracruz.com\/#\/schema\/person\/b8702bb0e538456e6efd07080bf2a4a2"},"headline":"Va la Maestra Lidia por un Fort\u00edn verde","datePublished":"2021-05-22T21:38:01+00:00","dateModified":"2021-05-22T21:38:05+00:00","mainEntityOfPage":{"@id":"https:\/\/lospoliticosveracruz.com\/?p=73733"},"wordCount":335,"publisher":{"@id":"https:\/\/lospoliticosveracruz.com\/#organization"},"keywords":["Fort\u00edn de las Flores","Fort\u00edn Verde","Lidia Aguirre","Movimiento Ciudadano"],"articleSection":["De Boleto"],"inLanguage":"es"},{"@type":"WebPage","@id":"https:\/\/lospoliticosveracruz.com\/?p=73733","url":"https:\/\/lospoliticosveracruz.com\/?p=73733","name":"Va la Maestra Lidia por un Fort\u00edn verde - Los pol\u00edticos Veracruz","isPartOf":{"@id":"https:\/\/lospoliticosveracruz.com\/#website"},"datePublished":"2021-05-22T21:38:01+00:00","dateModified":"2021-05-22T21:38:05+00:00","breadcrumb":{"@id":"https:\/\/lospoliticosveracruz.com\/?p=73733#breadcrumb"},"inLanguage":"es","potentialAction":[{"@type":"ReadAction","target":["https:\/\/lospoliticosveracruz.com\/?p=73733"]}]},{"@type":"BreadcrumbList","@id":"https:\/\/lospoliticosveracruz.com\/?p=73733#breadcrumb","itemListElement":[{"@type":"ListItem","position":1,"name":"Portada","item":"https:\/\/lospoliticosveracruz.com\/"},{"@type":"ListItem","position":2,"name":"Va la Maestra Lidia por un Fort\u00edn verde"}]},{"@type":"WebSite","@id":"https:\/\/lospoliticosveracruz.com\/#website","url":"https:\/\/lospoliticosveracruz.com\/","name":"Los pol\u00edticos Veracruz","description":"","publisher":{"@id":"https:\/\/lospoliticosveracruz.com\/#organization"},"potentialAction":[{"@type":"SearchAction","target":{"@type":"EntryPoint","urlTemplate":"https:\/\/lospoliticosveracruz.com\/?s={search_term_string}"},"query-input":{"@type":"PropertyValueSpecification","valueRequired":true,"valueName":"search_term_string"}}],"inLanguage":"es"},{"@type":"Organization","@id":"https:\/\/lospoliticosveracruz.com\/#organization","name":"Los pol\u00edticos Veracruz","url":"https:\/\/lospoliticosveracruz.com\/","logo":{"@type":"ImageObject","inLanguage":"es","@id":"https:\/\/lospoliticosveracruz.com\/#\/schema\/logo\/image\/","url":"https:\/\/lospoliticosveracruz.com\/wp-content\/uploads\/2025\/12\/Logo-Nuevo-LOS-POLITICOS-1.jpg","contentUrl":"https:\/\/lospoliticosveracruz.com\/wp-content\/uploads\/2025\/12\/Logo-Nuevo-LOS-POLITICOS-1.jpg","width":260,"height":70,"caption":"Los pol\u00edticos Veracruz"},"image":{"@id":"https:\/\/lospoliticosveracruz.com\/#\/schema\/logo\/image\/"},"sameAs":["https:\/\/www.facebook.com\/people\/Notimemes-de-los-Polticos\/61565672886568\/","https:\/\/x.com\/LosPoliticosVer"]},{"@type":"Person","@id":"https:\/\/lospoliticosveracruz.com\/#\/schema\/person\/b8702bb0e538456e6efd07080bf2a4a2","name":"Lo viste en Los Pol\u00edticos","image":{"@type":"ImageObject","inLanguage":"es","@id":"https:\/\/secure.gravatar.com\/avatar\/3a8de04a2656d44082be478bd6c086daa447c4651605818287b9532d3d0bd435?s=96&d=mm&r=g","url":"https:\/\/secure.gravatar.com\/avatar\/3a8de04a2656d44082be478bd6c086daa447c4651605818287b9532d3d0bd435?s=96&d=mm&r=g","contentUrl":"https:\/\/secure.gravatar.com\/avatar\/3a8de04a2656d44082be478bd6c086daa447c4651605818287b9532d3d0bd435?s=96&d=mm&r=g","caption":"Lo viste en Los Pol\u00edticos"},"url":"https:\/\/lospoliticosveracruz.com\/?author=2"}]}},"_links":{"self":[{"href":"https:\/\/lospoliticosveracruz.com\/index.php?rest_route=\/wp\/v2\/posts\/73733","targetHints":{"allow":["GET"]}}],"collection":[{"href":"https:\/\/lospoliticosveracruz.com\/index.php?rest_route=\/wp\/v2\/posts"}],"about":[{"href":"https:\/\/lospoliticosveracruz.com\/index.php?rest_route=\/wp\/v2\/types\/post"}],"author":[{"embeddable":true,"href":"https:\/\/lospoliticosveracruz.com\/index.php?rest_route=\/wp\/v2\/users\/2"}],"replies":[{"embeddable":true,"href":"https:\/\/lospoliticosveracruz.com\/index.php?rest_route=%2Fwp%2Fv2%2Fcomments&post=73733"}],"version-history":[{"count":1,"href":"https:\/\/lospoliticosveracruz.com\/index.php?rest_route=\/wp\/v2\/posts\/73733\/revisions"}],"predecessor-version":[{"id":73735,"href":"https:\/\/lospoliticosveracruz.com\/index.php?rest_route=\/wp\/v2\/posts\/73733\/revisions\/73735"}],"wp:attachment":[{"href":"https:\/\/lospoliticosveracruz.com\/index.php?rest_route=%2Fwp%2Fv2%2Fmedia&parent=73733"}],"wp:term":[{"taxonomy":"category","embeddable":true,"href":"https:\/\/lospoliticosveracruz.com\/index.php?rest_route=%2Fwp%2Fv2%2Fcategories&post=73733"},{"taxonomy":"post_tag","embeddable":true,"href":"https:\/\/lospoliticosveracruz.com\/index.php?rest_route=%2Fwp%2Fv2%2Ftags&post=73733"}],"curies":[{"name":"wp","href":"https:\/\/api.w.org\/{rel}","templated":true}]}}