{"id":73807,"date":"2021-05-23T18:18:10","date_gmt":"2021-05-23T23:18:10","guid":{"rendered":"http:\/\/www.lospoliticosveracruz.com.mx\/?p=73807"},"modified":"2021-05-23T18:18:13","modified_gmt":"2021-05-23T23:18:13","slug":"cuando-alcaldes-nunca-solucionaron-nada","status":"publish","type":"post","link":"https:\/\/lospoliticosveracruz.com\/?p=73807","title":{"rendered":"Cuando alcaldes, nunca solucionaron nada!"},"content":{"rendered":"\n<p><em>Xalapa<\/em><br>Gobiernos anteriores nos han visitado, pero ninguno nos ha solucionado nada y ahora nuevamente quieren nuestro voto, as\u00ed lo se\u00f1al\u00f3 la se\u00f1ora Carmen, vecina de la colonia Progreso, al recibir la visita del candidato a la alcald\u00eda de Xalapa por Movimiento Ciudadano, Ra\u00fal Arias.<\/p>\n\n\n\n<p>Este domingo, el candidato de MC, realiz\u00f3 un recorrido por el mercado de la colonia Revoluci\u00f3n donde tianguistas y colonos le explicaron que padecen a\u00f1o con a\u00f1o por inundaciones en temporada de lluvias, ante la falta de servicios b\u00e1sicos como el drenaje y la pavimentaci\u00f3n de calles, adem\u00e1s que en \u00e9poca de estiaje sufren los tandeos en el suministro de agua potable que los tiene con escasez del vital l\u00edquido.<\/p>\n\n\n\n<p>Por otro lado, vecinos de la colonia Progreso le externaron a Arias Lovillo que Invivienda no les ha entregado escrituras a pesar de haber pagado por la regularizaci\u00f3n de sus lotes.<\/p>\n\n\n\n<p>\u00abSeguimos insistiendo, insistiendo, aunque ahora ya nos est\u00e1n pidiendo m\u00e1s dinero, se elev\u00f3 la cantidad, de 16 mil pesos que hab\u00edan convenido inicialmente a m\u00e1s de 100 mil\u201d, expresaron los vecinos, quienes solicitaron su intervenci\u00f3n ahora que sea Presidente Municipal.<\/p>\n\n\n\n<p>Al hacer uso de la palabra, Ra\u00fal Arias les extern\u00f3 que lo que acaba de escuchar, es el problema recurrente de todas las colonias de Xalapa, ya que existen 120 mil predios irregulares en la capital veracruzana.<\/p>\n\n\n\n<p>Dijo que, llegando a la alcald\u00eda, resolver\u00e1 este tipo de dificultades que padecen muchos ciudadanos, debido a la corrupci\u00f3n de gobiernos municipales pasados.<\/p>\n\n\n\n<p>El candidato a la alcald\u00eda de Xalapa, Ra\u00fal Arias, a muy temprana hora, recorri\u00f3 la colonia Revoluci\u00f3n y posteriormente, sostuvo una reuni\u00f3n con vecinos de la colonia Progreso que pidieron su presencia para darle a conocer la problem\u00e1tica de ese barrio popular de Xalapa.<\/p>\n","protected":false},"excerpt":{"rendered":"<p>XalapaGobiernos anteriores nos han visitado, pero ninguno nos ha solucionado nada y ahora nuevamente quieren nuestro voto, as\u00ed lo se\u00f1al\u00f3 la se\u00f1ora Carmen, vecina de la colonia Progreso, al recibir la visita del candidato a la alcald\u00eda de Xalapa por Movimiento Ciudadano, Ra\u00fal Arias. Este domingo, el candidato de MC, realiz\u00f3 un recorrido por el [&hellip;]<\/p>\n","protected":false},"author":2,"featured_media":0,"comment_status":"closed","ping_status":"closed","sticky":false,"template":"","format":"standard","meta":{"tdm_status":"","tdm_grid_status":"","footnotes":""},"categories":[73],"tags":[2327,12621,96],"class_list":{"0":"post-73807","1":"post","2":"type-post","3":"status-publish","4":"format-standard","6":"category-de-boleto","7":"tag-movimiento-ciudadano","8":"tag-raul-arias-lovillo","9":"tag-xalapa"},"yoast_head":"<!-- This site is optimized with the Yoast SEO plugin v27.4 - https:\/\/yoast.com\/product\/yoast-seo-wordpress\/ -->\n<title>Cuando alcaldes, nunca solucionaron nada! - Los pol\u00edticos Veracruz<\/title>\n<meta name=\"robots\" content=\"index, follow, max-snippet:-1, max-image-preview:large, max-video-preview:-1\" \/>\n<link rel=\"canonical\" href=\"https:\/\/lospoliticosveracruz.com\/?p=73807\" \/>\n<meta property=\"og:locale\" content=\"es_ES\" \/>\n<meta property=\"og:type\" content=\"article\" \/>\n<meta property=\"og:title\" content=\"Cuando alcaldes, nunca solucionaron nada! - Los pol\u00edticos Veracruz\" \/>\n<meta property=\"og:description\" content=\"XalapaGobiernos anteriores nos han visitado, pero ninguno nos ha solucionado nada y ahora nuevamente quieren nuestro voto, as\u00ed lo se\u00f1al\u00f3 la se\u00f1ora Carmen, vecina de la colonia Progreso, al recibir la visita del candidato a la alcald\u00eda de Xalapa por Movimiento Ciudadano, Ra\u00fal Arias. Este domingo, el candidato de MC, realiz\u00f3 un recorrido por el [&hellip;]\" \/>\n<meta property=\"og:url\" content=\"https:\/\/lospoliticosveracruz.com\/?p=73807\" \/>\n<meta property=\"og:site_name\" content=\"Los pol\u00edticos Veracruz\" \/>\n<meta property=\"article:publisher\" content=\"https:\/\/www.facebook.com\/people\/Notimemes-de-los-Polticos\/61565672886568\/\" \/>\n<meta property=\"article:published_time\" content=\"2021-05-23T23:18:10+00:00\" \/>\n<meta property=\"article:modified_time\" content=\"2021-05-23T23:18:13+00:00\" \/>\n<meta property=\"og:image\" content=\"https:\/\/lospoliticosveracruz.com\/wp-content\/uploads\/2016\/07\/Logo-Dor.jpg\" \/>\n\t<meta property=\"og:image:width\" content=\"200\" \/>\n\t<meta property=\"og:image:height\" content=\"200\" \/>\n\t<meta property=\"og:image:type\" content=\"image\/jpeg\" \/>\n<meta name=\"author\" content=\"Lo viste en Los Pol\u00edticos\" \/>\n<meta name=\"twitter:card\" content=\"summary_large_image\" \/>\n<meta name=\"twitter:creator\" content=\"@LosPoliticosVer\" \/>\n<meta name=\"twitter:site\" content=\"@LosPoliticosVer\" \/>\n<meta name=\"twitter:label1\" content=\"Escrito por\" \/>\n\t<meta name=\"twitter:data1\" content=\"Lo viste en Los Pol\u00edticos\" \/>\n\t<meta name=\"twitter:label2\" content=\"Tiempo de lectura\" \/>\n\t<meta name=\"twitter:data2\" content=\"2 minutos\" \/>\n<script type=\"application\/ld+json\" class=\"yoast-schema-graph\">{\"@context\":\"https:\\\/\\\/schema.org\",\"@graph\":[{\"@type\":\"Article\",\"@id\":\"https:\\\/\\\/lospoliticosveracruz.com\\\/?p=73807#article\",\"isPartOf\":{\"@id\":\"https:\\\/\\\/lospoliticosveracruz.com\\\/?p=73807\"},\"author\":{\"name\":\"Lo viste en Los Pol\u00edticos\",\"@id\":\"https:\\\/\\\/lospoliticosveracruz.com\\\/#\\\/schema\\\/person\\\/b8702bb0e538456e6efd07080bf2a4a2\"},\"headline\":\"Cuando alcaldes, nunca solucionaron nada!\",\"datePublished\":\"2021-05-23T23:18:10+00:00\",\"dateModified\":\"2021-05-23T23:18:13+00:00\",\"mainEntityOfPage\":{\"@id\":\"https:\\\/\\\/lospoliticosveracruz.com\\\/?p=73807\"},\"wordCount\":317,\"publisher\":{\"@id\":\"https:\\\/\\\/lospoliticosveracruz.com\\\/#organization\"},\"keywords\":[\"Movimiento Ciudadano\",\"Ra\u00fal Arias Lovillo\",\"Xalapa\"],\"articleSection\":[\"De Boleto\"],\"inLanguage\":\"es\"},{\"@type\":\"WebPage\",\"@id\":\"https:\\\/\\\/lospoliticosveracruz.com\\\/?p=73807\",\"url\":\"https:\\\/\\\/lospoliticosveracruz.com\\\/?p=73807\",\"name\":\"Cuando alcaldes, nunca solucionaron nada! - Los pol\u00edticos Veracruz\",\"isPartOf\":{\"@id\":\"https:\\\/\\\/lospoliticosveracruz.com\\\/#website\"},\"datePublished\":\"2021-05-23T23:18:10+00:00\",\"dateModified\":\"2021-05-23T23:18:13+00:00\",\"breadcrumb\":{\"@id\":\"https:\\\/\\\/lospoliticosveracruz.com\\\/?p=73807#breadcrumb\"},\"inLanguage\":\"es\",\"potentialAction\":[{\"@type\":\"ReadAction\",\"target\":[\"https:\\\/\\\/lospoliticosveracruz.com\\\/?p=73807\"]}]},{\"@type\":\"BreadcrumbList\",\"@id\":\"https:\\\/\\\/lospoliticosveracruz.com\\\/?p=73807#breadcrumb\",\"itemListElement\":[{\"@type\":\"ListItem\",\"position\":1,\"name\":\"Portada\",\"item\":\"https:\\\/\\\/lospoliticosveracruz.com\\\/\"},{\"@type\":\"ListItem\",\"position\":2,\"name\":\"Cuando alcaldes, nunca solucionaron nada!\"}]},{\"@type\":\"WebSite\",\"@id\":\"https:\\\/\\\/lospoliticosveracruz.com\\\/#website\",\"url\":\"https:\\\/\\\/lospoliticosveracruz.com\\\/\",\"name\":\"Los pol\u00edticos Veracruz\",\"description\":\"\",\"publisher\":{\"@id\":\"https:\\\/\\\/lospoliticosveracruz.com\\\/#organization\"},\"potentialAction\":[{\"@type\":\"SearchAction\",\"target\":{\"@type\":\"EntryPoint\",\"urlTemplate\":\"https:\\\/\\\/lospoliticosveracruz.com\\\/?s={search_term_string}\"},\"query-input\":{\"@type\":\"PropertyValueSpecification\",\"valueRequired\":true,\"valueName\":\"search_term_string\"}}],\"inLanguage\":\"es\"},{\"@type\":\"Organization\",\"@id\":\"https:\\\/\\\/lospoliticosveracruz.com\\\/#organization\",\"name\":\"Los pol\u00edticos Veracruz\",\"url\":\"https:\\\/\\\/lospoliticosveracruz.com\\\/\",\"logo\":{\"@type\":\"ImageObject\",\"inLanguage\":\"es\",\"@id\":\"https:\\\/\\\/lospoliticosveracruz.com\\\/#\\\/schema\\\/logo\\\/image\\\/\",\"url\":\"https:\\\/\\\/lospoliticosveracruz.com\\\/wp-content\\\/uploads\\\/2025\\\/12\\\/Logo-Nuevo-LOS-POLITICOS-1.jpg\",\"contentUrl\":\"https:\\\/\\\/lospoliticosveracruz.com\\\/wp-content\\\/uploads\\\/2025\\\/12\\\/Logo-Nuevo-LOS-POLITICOS-1.jpg\",\"width\":260,\"height\":70,\"caption\":\"Los pol\u00edticos Veracruz\"},\"image\":{\"@id\":\"https:\\\/\\\/lospoliticosveracruz.com\\\/#\\\/schema\\\/logo\\\/image\\\/\"},\"sameAs\":[\"https:\\\/\\\/www.facebook.com\\\/people\\\/Notimemes-de-los-Polticos\\\/61565672886568\\\/\",\"https:\\\/\\\/x.com\\\/LosPoliticosVer\"]},{\"@type\":\"Person\",\"@id\":\"https:\\\/\\\/lospoliticosveracruz.com\\\/#\\\/schema\\\/person\\\/b8702bb0e538456e6efd07080bf2a4a2\",\"name\":\"Lo viste en Los Pol\u00edticos\",\"image\":{\"@type\":\"ImageObject\",\"inLanguage\":\"es\",\"@id\":\"https:\\\/\\\/secure.gravatar.com\\\/avatar\\\/3a8de04a2656d44082be478bd6c086daa447c4651605818287b9532d3d0bd435?s=96&d=mm&r=g\",\"url\":\"https:\\\/\\\/secure.gravatar.com\\\/avatar\\\/3a8de04a2656d44082be478bd6c086daa447c4651605818287b9532d3d0bd435?s=96&d=mm&r=g\",\"contentUrl\":\"https:\\\/\\\/secure.gravatar.com\\\/avatar\\\/3a8de04a2656d44082be478bd6c086daa447c4651605818287b9532d3d0bd435?s=96&d=mm&r=g\",\"caption\":\"Lo viste en Los Pol\u00edticos\"},\"url\":\"https:\\\/\\\/lospoliticosveracruz.com\\\/?author=2\"}]}<\/script>\n<!-- \/ Yoast SEO plugin. -->","yoast_head_json":{"title":"Cuando alcaldes, nunca solucionaron nada! - Los pol\u00edticos Veracruz","robots":{"index":"index","follow":"follow","max-snippet":"max-snippet:-1","max-image-preview":"max-image-preview:large","max-video-preview":"max-video-preview:-1"},"canonical":"https:\/\/lospoliticosveracruz.com\/?p=73807","og_locale":"es_ES","og_type":"article","og_title":"Cuando alcaldes, nunca solucionaron nada! - Los pol\u00edticos Veracruz","og_description":"XalapaGobiernos anteriores nos han visitado, pero ninguno nos ha solucionado nada y ahora nuevamente quieren nuestro voto, as\u00ed lo se\u00f1al\u00f3 la se\u00f1ora Carmen, vecina de la colonia Progreso, al recibir la visita del candidato a la alcald\u00eda de Xalapa por Movimiento Ciudadano, Ra\u00fal Arias. Este domingo, el candidato de MC, realiz\u00f3 un recorrido por el [&hellip;]","og_url":"https:\/\/lospoliticosveracruz.com\/?p=73807","og_site_name":"Los pol\u00edticos Veracruz","article_publisher":"https:\/\/www.facebook.com\/people\/Notimemes-de-los-Polticos\/61565672886568\/","article_published_time":"2021-05-23T23:18:10+00:00","article_modified_time":"2021-05-23T23:18:13+00:00","og_image":[{"width":200,"height":200,"url":"https:\/\/lospoliticosveracruz.com\/wp-content\/uploads\/2016\/07\/Logo-Dor.jpg","type":"image\/jpeg"}],"author":"Lo viste en Los Pol\u00edticos","twitter_card":"summary_large_image","twitter_creator":"@LosPoliticosVer","twitter_site":"@LosPoliticosVer","twitter_misc":{"Escrito por":"Lo viste en Los Pol\u00edticos","Tiempo de lectura":"2 minutos"},"schema":{"@context":"https:\/\/schema.org","@graph":[{"@type":"Article","@id":"https:\/\/lospoliticosveracruz.com\/?p=73807#article","isPartOf":{"@id":"https:\/\/lospoliticosveracruz.com\/?p=73807"},"author":{"name":"Lo viste en Los Pol\u00edticos","@id":"https:\/\/lospoliticosveracruz.com\/#\/schema\/person\/b8702bb0e538456e6efd07080bf2a4a2"},"headline":"Cuando alcaldes, nunca solucionaron nada!","datePublished":"2021-05-23T23:18:10+00:00","dateModified":"2021-05-23T23:18:13+00:00","mainEntityOfPage":{"@id":"https:\/\/lospoliticosveracruz.com\/?p=73807"},"wordCount":317,"publisher":{"@id":"https:\/\/lospoliticosveracruz.com\/#organization"},"keywords":["Movimiento Ciudadano","Ra\u00fal Arias Lovillo","Xalapa"],"articleSection":["De Boleto"],"inLanguage":"es"},{"@type":"WebPage","@id":"https:\/\/lospoliticosveracruz.com\/?p=73807","url":"https:\/\/lospoliticosveracruz.com\/?p=73807","name":"Cuando alcaldes, nunca solucionaron nada! - Los pol\u00edticos Veracruz","isPartOf":{"@id":"https:\/\/lospoliticosveracruz.com\/#website"},"datePublished":"2021-05-23T23:18:10+00:00","dateModified":"2021-05-23T23:18:13+00:00","breadcrumb":{"@id":"https:\/\/lospoliticosveracruz.com\/?p=73807#breadcrumb"},"inLanguage":"es","potentialAction":[{"@type":"ReadAction","target":["https:\/\/lospoliticosveracruz.com\/?p=73807"]}]},{"@type":"BreadcrumbList","@id":"https:\/\/lospoliticosveracruz.com\/?p=73807#breadcrumb","itemListElement":[{"@type":"ListItem","position":1,"name":"Portada","item":"https:\/\/lospoliticosveracruz.com\/"},{"@type":"ListItem","position":2,"name":"Cuando alcaldes, nunca solucionaron nada!"}]},{"@type":"WebSite","@id":"https:\/\/lospoliticosveracruz.com\/#website","url":"https:\/\/lospoliticosveracruz.com\/","name":"Los pol\u00edticos Veracruz","description":"","publisher":{"@id":"https:\/\/lospoliticosveracruz.com\/#organization"},"potentialAction":[{"@type":"SearchAction","target":{"@type":"EntryPoint","urlTemplate":"https:\/\/lospoliticosveracruz.com\/?s={search_term_string}"},"query-input":{"@type":"PropertyValueSpecification","valueRequired":true,"valueName":"search_term_string"}}],"inLanguage":"es"},{"@type":"Organization","@id":"https:\/\/lospoliticosveracruz.com\/#organization","name":"Los pol\u00edticos Veracruz","url":"https:\/\/lospoliticosveracruz.com\/","logo":{"@type":"ImageObject","inLanguage":"es","@id":"https:\/\/lospoliticosveracruz.com\/#\/schema\/logo\/image\/","url":"https:\/\/lospoliticosveracruz.com\/wp-content\/uploads\/2025\/12\/Logo-Nuevo-LOS-POLITICOS-1.jpg","contentUrl":"https:\/\/lospoliticosveracruz.com\/wp-content\/uploads\/2025\/12\/Logo-Nuevo-LOS-POLITICOS-1.jpg","width":260,"height":70,"caption":"Los pol\u00edticos Veracruz"},"image":{"@id":"https:\/\/lospoliticosveracruz.com\/#\/schema\/logo\/image\/"},"sameAs":["https:\/\/www.facebook.com\/people\/Notimemes-de-los-Polticos\/61565672886568\/","https:\/\/x.com\/LosPoliticosVer"]},{"@type":"Person","@id":"https:\/\/lospoliticosveracruz.com\/#\/schema\/person\/b8702bb0e538456e6efd07080bf2a4a2","name":"Lo viste en Los Pol\u00edticos","image":{"@type":"ImageObject","inLanguage":"es","@id":"https:\/\/secure.gravatar.com\/avatar\/3a8de04a2656d44082be478bd6c086daa447c4651605818287b9532d3d0bd435?s=96&d=mm&r=g","url":"https:\/\/secure.gravatar.com\/avatar\/3a8de04a2656d44082be478bd6c086daa447c4651605818287b9532d3d0bd435?s=96&d=mm&r=g","contentUrl":"https:\/\/secure.gravatar.com\/avatar\/3a8de04a2656d44082be478bd6c086daa447c4651605818287b9532d3d0bd435?s=96&d=mm&r=g","caption":"Lo viste en Los Pol\u00edticos"},"url":"https:\/\/lospoliticosveracruz.com\/?author=2"}]}},"_links":{"self":[{"href":"https:\/\/lospoliticosveracruz.com\/index.php?rest_route=\/wp\/v2\/posts\/73807","targetHints":{"allow":["GET"]}}],"collection":[{"href":"https:\/\/lospoliticosveracruz.com\/index.php?rest_route=\/wp\/v2\/posts"}],"about":[{"href":"https:\/\/lospoliticosveracruz.com\/index.php?rest_route=\/wp\/v2\/types\/post"}],"author":[{"embeddable":true,"href":"https:\/\/lospoliticosveracruz.com\/index.php?rest_route=\/wp\/v2\/users\/2"}],"replies":[{"embeddable":true,"href":"https:\/\/lospoliticosveracruz.com\/index.php?rest_route=%2Fwp%2Fv2%2Fcomments&post=73807"}],"version-history":[{"count":1,"href":"https:\/\/lospoliticosveracruz.com\/index.php?rest_route=\/wp\/v2\/posts\/73807\/revisions"}],"predecessor-version":[{"id":73809,"href":"https:\/\/lospoliticosveracruz.com\/index.php?rest_route=\/wp\/v2\/posts\/73807\/revisions\/73809"}],"wp:attachment":[{"href":"https:\/\/lospoliticosveracruz.com\/index.php?rest_route=%2Fwp%2Fv2%2Fmedia&parent=73807"}],"wp:term":[{"taxonomy":"category","embeddable":true,"href":"https:\/\/lospoliticosveracruz.com\/index.php?rest_route=%2Fwp%2Fv2%2Fcategories&post=73807"},{"taxonomy":"post_tag","embeddable":true,"href":"https:\/\/lospoliticosveracruz.com\/index.php?rest_route=%2Fwp%2Fv2%2Ftags&post=73807"}],"curies":[{"name":"wp","href":"https:\/\/api.w.org\/{rel}","templated":true}]}}