{"id":73825,"date":"2021-05-24T08:21:44","date_gmt":"2021-05-24T13:21:44","guid":{"rendered":"http:\/\/www.lospoliticosveracruz.com.mx\/?p=73825"},"modified":"2021-05-24T08:21:49","modified_gmt":"2021-05-24T13:21:49","slug":"el-mensaje-de-la-marcha","status":"publish","type":"post","link":"https:\/\/lospoliticosveracruz.com\/?p=73825","title":{"rendered":"El mensaje de la Marcha"},"content":{"rendered":"\n<p><strong>Ricardo Ch\u00faa<br><\/strong><em>Sale y Vale<\/em><\/p>\n\n\n\n<p>LA MARCHA DE LOS YUNES\u2026 Lo ocurrido ayer en el centro hist\u00f3rico del puerto de Veracruz por la ma\u00f1ana\u2026 En la marcha que dieron simpatizantes de la coalici\u00f3n PAN-PRI-PRD a favor de Miguel \u00c1ngel Yunes M\u00e1rquez, quien hasta el jueves fue su candidato a la alcald\u00eda antes que el Tribunal Electoral de Veracruz invalidar\u00e1 su candidatura\u2026 No fueron los ataques o discursos de Miguel Junior contra el gobierno estatal, Cuitl\u00e1huac Garc\u00eda o MORENA\u2026 NO\u2026 Lo que dej\u00f3 en claro, es que en Veracruz puerto\u2026. NO HAY PAN\u2026 HAY YUNISMO AZUL\u2026<\/p>\n\n\n\n<div class=\"wp-block-image\"><figure class=\"alignleft size-large\"><a href=\"http:\/\/www.lospoliticosveracruz.com.mx\/wp-content\/uploads\/2021\/05\/Batalla-Cordoba.jpeg\"><img decoding=\"async\" src=\"http:\/\/www.lospoliticosveracruz.com.mx\/wp-content\/uploads\/2021\/05\/Batalla-Cordoba.jpeg\" alt=\"\" class=\"wp-image-72571\"\/><\/a><\/figure><\/div>\n\n\n\n<p>Esta marcha en apoyo a Yunes M\u00e1rquez da como \u00ablectura\u00bb en la esencia de la Ciencia Pol\u00edtica\u2026 Que en el municipio porte\u00f1o\u2026 El Yunismo \u00abfractur\u00f3\u00bb al panismo y que la figura de Miguel est\u00e1 por encima de su partido\u2026 Esto puede \u00abjugar\u00bb a favor ahora de la candidata, Patricia Lobeira, pero tambi\u00e9n puede tener un costo\u2026 Que algunas de sus \u00abhordas\u00bb panistas se rebelen y no den tregua\u2026 Pero tampoco pasar\u00e1 nada\u2026 Ya que el pleito es con Miguel \u00c1ngel\u2026 No con ella.. As\u00ed que la venganza est\u00e1 fuera de lugar\u2026<\/p>\n\n\n\n<p>Adem\u00e1s esta manifestaci\u00f3n sirvi\u00f3 para demostrar la incondicionalidad de sus aliados, amigos y militantes\u2026 Ya que ellos saben que Miguel \u00c1ngel, no s\u00f3lo enfrenta a Morena, sino a los tribunales electorales, tanto federales como estatales\u2026 Tambi\u00e9n algunos cientos de panistas que desde el 14 de febrero claman venganza\u2026 El espectro de Bingen Rementeria y sus incondicionales, lo siguen, fustigan, quieren arrinconarlo, golpearlo sin misericordia\u2026 Pero Yunes M\u00e1rquez, les mostr\u00f3 \u00abm\u00fasculo\u00bb y que \u00e9l puede responder con quien sea\u2026<\/p>\n\n\n\n<p>Eso se llama \u00abcapital\u00bb pol\u00edtico y Miguel \u00c1ngel demuestra que lo tiene.. Ya s\u00f3lo queda esperar la suerte que le depara en los tribunales electorales federales sobre su candidatura y la del Yunismo en su conjunto\u2026 Por eso, expresa que pase lo que pase, \u00e9l seguir\u00e1 luchando al lado de quien lo suple\u2026 Lo de la marcha, es ya lo de menos porque fue a la vieja escuela priista adoptada por el PAN.. Se vio a Carolina Gudi\u00f1o, Julio Salda\u00f1a y candidatos de la coalici\u00f3n arropandolo\u2026 El hecho es que por lo mostrado ayer\u2026 Para los Yunes.. La lucha sigue\u2026 AMEN<\/p>\n\n\n\n<p>LA MARCHA, LA OTRA VERSI\u00d3N\u2026 Obvio que esta marcha en torno a Miguel \u00c1ngel Yunes M\u00e1rquez\u2026 Iba a levantar mucha \u00ab\u00e1mpula\u00bb y pol\u00e9mica entre sus \u00abmalquerientes\u00bb y adversarios pol\u00edticos\u2026 Y, lo que expresaban los mismos en grupos de \u00abguapsap\u00bb y en propias redes sociales\u2026 Se\u00f1alaban sobre el evento y el apoyo a Miguel Junior\u2026 No se le pod\u00eda llamar de \u00abfuerza\u00bb o de \u00abm\u00fasculo\u00bb porque ninguno de los dirigentes nacionales de los 3 partidos pol\u00edticos que conforman la alianza asistieron este domingo a Veracruz\u2026 Ni Alito, Ni Marko, Ni Zambrano\u2026<\/p>\n\n\n\n<p>Tambi\u00e9n estos \u00abmalquerientes\u00bb de los Yunes Azules empezaron a se\u00f1alar en estos comentarios\u2026 Que esta marcha organizada para la familia Yunes M\u00e1rquez, que era con la finalidad de presionar al TEPJF, para que le devuelva la candidatura a la alcald\u00eda a Miguel Yunes Junior\u2026 No fueron simpatizantes de su campa\u00f1a los que fueron al evento\u2026 Sino acarreados que fueron llevados de varios puntos de Veracruz y que tampoco eran 20 mil las personas que acudieron al centro hist\u00f3rico del puerto\u2026<\/p>\n\n\n\n<p>Estos personajes se\u00f1alaban que esto lo promueven desde las propias redes sociales del PAN porte\u00f1o o de Yunes M\u00e1rquez\u2026 Pero insist\u00edan en explicar de que si esperaban la presencia de personajes de buen nivel para mayor realce a la protesta\u2026. Estos no llegaron\u2026 Hasta fustigaron que ni siquiera los dirigentes estatales de dichos partidos PAN-PRI-PRD.. Registraron su asistencia ante los due\u00f1os de las tres franquicias pol\u00edticas\u2026<\/p>\n\n\n\n<p>Pero los ataques de sus \u00abenemistades\u00bb tambi\u00e9n enfocaron los se\u00f1alamientos.. De que los organizadores, se conformaron con el arropamiento de candidatos de la conurbaci\u00f3n, entre ellos, Paco Guti\u00e9rrez de Velasco y Carolina Gudi\u00f1o\u2026 A la cual, a esta \u00faltima no la dejaban de mencionar porque seg\u00fan ellos\u2026 Carolina fue confundida apoyando a sus \u00abamigos\u00bb Los Yunes.. Pero lo hac\u00eda porque escuchaba a marchistas que gritaban: \u201c\u00a1Fidel, Fidel, Fidel!\u201d, pero era Miguel, Miguel, Miguel\u2026Y que de los Rementeria, ni sus luces\u2026. Qu\u00e9 v\u00edboras\u2026 AM\u00c9N II\u2026<\/p>\n\n\n\n<p>LA SORPRESA DEL DISTRITO XIV\u2026 Nos cuentan personajes bien enterados de las campa\u00f1as pol\u00edticas en Veracruz puerto\u2026 Que esta semana que hoy inicia, ser\u00e1 de muchas sorpresas\u2026 Sobre todo en el distrito 14 a la diputaci\u00f3n local\u2026 De confirmarse en las pr\u00f3ximas horas\u2026 Se har\u00e1 un parteaguas en esta elecci\u00f3n en la demarcaci\u00f3n\u2026 Nos dicen, que el tema est\u00e1 entre Antonio del R\u00edo Argud\u00edn, de PODEMOS con los otros dos competidores fuertes del distrito\u2026 Es decir, Carolina y el \u00abHuevo\u00bb Arteaga\u2026. \u00bfAhora qu\u00e9 ser\u00e1?\u2026 AM\u00c9N III<\/p>\n\n\n\n<p>CADENA, \u00bfDESATADO?\u2026 En espacios pasados comentamos que todo parece que le \u00abpintaba\u00bb bien al dirigente estatal del PRD en Veracruz, Sergio Cadena\u2026 Ya que conservar\u00e1 el registro de su partido en la entidad\u2026 Lograr\u00e1 tener una bancada con representaci\u00f3n de su partido en el Congreso Local y que esto lo pondr\u00eda como factor de negociaci\u00f3n en la elecci\u00f3n local del 2024\u2026 Y este fin de semana, lo confirm\u00f3 en sus giras en Veracruz\u2026 En Catemaco, su tierra, con alcalde y gobierno estatal en contra\u2026 Logr\u00f3 meter 10 mil personas en una marcha\u2026<\/p>\n\n\n\n<p>Pero no s\u00f3lo en Catemaco le est\u00e1 metiendo con todo a su candidato a la alcald\u00eda\u2026. Ya que tambi\u00e9n hay versiones de fuertes \u00abrompimientos\u00bb de MORENA en el distrito de Acayucan, entre sus militantes y candidatos\u2026 Y que est\u00e1 semana, podr\u00eda darse fuertes desbandadas de los Morenos de aquella demarcaci\u00f3n\u2026 Hac\u00eda su \u00abvieja casa\u00bb que era el PRD hasta hace unos a\u00f1os\u2026 Lo cual provocar\u00eda que ese distrito y la mayor\u00eda de sus municipios quedar\u00e1n en manos del PRD\u2026 TA CA\u00d1ON\u2026<\/p>\n\n\n\n<p>Ahora su tema se centra en Papantla\u2026 El otro distrito donde el PRD lleva mano en la alianza opositora\u2026 Donde ha pedido a todos los candidatos a alcaldes y diputados, trabajen en un solo equipo\u2026 Que eviten andar de \u00abdivos\u00bb y colaboren con el PAN y PRI.. Para ganarle, esa demarcaci\u00f3n a MORENA donde los programas sociales del gobierno federal, les dan un fuerte respaldo a sus candidatos\u2026 Pero con negociaciones y \u00abquiebres\u00bb de Morenos, pueden darle el triunfo de la oposici\u00f3n\u2026 Lo dicho\u2026 Cadena anda desatado.. AM\u00c9N III<\/p>\n","protected":false},"excerpt":{"rendered":"<p>Ricardo Ch\u00faaSale y Vale LA MARCHA DE LOS YUNES\u2026 Lo ocurrido ayer en el centro hist\u00f3rico del puerto de Veracruz por la ma\u00f1ana\u2026 En la marcha que dieron simpatizantes de la coalici\u00f3n PAN-PRI-PRD a favor de Miguel \u00c1ngel Yunes M\u00e1rquez, quien hasta el jueves fue su candidato a la alcald\u00eda antes que el Tribunal Electoral [&hellip;]<\/p>\n","protected":false},"author":2,"featured_media":0,"comment_status":"closed","ping_status":"closed","sticky":false,"template":"","format":"standard","meta":{"tdm_status":"","tdm_grid_status":"","footnotes":""},"categories":[70],"tags":[2325,26104,536,107,15095,14196,6753],"class_list":{"0":"post-73825","1":"post","2":"type-post","3":"status-publish","4":"format-standard","6":"category-de-opinion","7":"tag-carolina-gudino","8":"tag-coalicion-pan-pri-prd","9":"tag-miguel-angel-yunes-marquez","10":"tag-prd","11":"tag-sergio-cadena","12":"tag-tepjf","13":"tag-tribunal-electoral-de-veracruz"},"yoast_head":"<!-- This site is optimized with the Yoast SEO plugin v27.4 - https:\/\/yoast.com\/product\/yoast-seo-wordpress\/ -->\n<title>El mensaje de la Marcha - Los pol\u00edticos Veracruz<\/title>\n<meta name=\"robots\" content=\"index, follow, max-snippet:-1, max-image-preview:large, max-video-preview:-1\" \/>\n<link rel=\"canonical\" href=\"https:\/\/lospoliticosveracruz.com\/?p=73825\" \/>\n<meta property=\"og:locale\" content=\"es_ES\" \/>\n<meta property=\"og:type\" content=\"article\" \/>\n<meta property=\"og:title\" content=\"El mensaje de la Marcha - Los pol\u00edticos Veracruz\" \/>\n<meta property=\"og:description\" content=\"Ricardo Ch\u00faaSale y Vale LA MARCHA DE LOS YUNES\u2026 Lo ocurrido ayer en el centro hist\u00f3rico del puerto de Veracruz por la ma\u00f1ana\u2026 En la marcha que dieron simpatizantes de la coalici\u00f3n PAN-PRI-PRD a favor de Miguel \u00c1ngel Yunes M\u00e1rquez, quien hasta el jueves fue su candidato a la alcald\u00eda antes que el Tribunal Electoral [&hellip;]\" \/>\n<meta property=\"og:url\" content=\"https:\/\/lospoliticosveracruz.com\/?p=73825\" \/>\n<meta property=\"og:site_name\" content=\"Los pol\u00edticos Veracruz\" \/>\n<meta property=\"article:publisher\" content=\"https:\/\/www.facebook.com\/people\/Notimemes-de-los-Polticos\/61565672886568\/\" \/>\n<meta property=\"article:published_time\" content=\"2021-05-24T13:21:44+00:00\" \/>\n<meta property=\"article:modified_time\" content=\"2021-05-24T13:21:49+00:00\" \/>\n<meta property=\"og:image\" content=\"http:\/\/www.lospoliticosveracruz.com.mx\/wp-content\/uploads\/2021\/05\/Batalla-Cordoba.jpeg\" \/>\n<meta name=\"author\" content=\"Lo viste en Los Pol\u00edticos\" \/>\n<meta name=\"twitter:card\" content=\"summary_large_image\" \/>\n<meta name=\"twitter:creator\" content=\"@LosPoliticosVer\" \/>\n<meta name=\"twitter:site\" content=\"@LosPoliticosVer\" \/>\n<meta name=\"twitter:label1\" content=\"Escrito por\" \/>\n\t<meta name=\"twitter:data1\" content=\"Lo viste en Los Pol\u00edticos\" \/>\n\t<meta name=\"twitter:label2\" content=\"Tiempo de lectura\" \/>\n\t<meta name=\"twitter:data2\" content=\"6 minutos\" \/>\n<script type=\"application\/ld+json\" class=\"yoast-schema-graph\">{\"@context\":\"https:\\\/\\\/schema.org\",\"@graph\":[{\"@type\":\"Article\",\"@id\":\"https:\\\/\\\/lospoliticosveracruz.com\\\/?p=73825#article\",\"isPartOf\":{\"@id\":\"https:\\\/\\\/lospoliticosveracruz.com\\\/?p=73825\"},\"author\":{\"name\":\"Lo viste en Los Pol\u00edticos\",\"@id\":\"https:\\\/\\\/lospoliticosveracruz.com\\\/#\\\/schema\\\/person\\\/b8702bb0e538456e6efd07080bf2a4a2\"},\"headline\":\"El mensaje de la Marcha\",\"datePublished\":\"2021-05-24T13:21:44+00:00\",\"dateModified\":\"2021-05-24T13:21:49+00:00\",\"mainEntityOfPage\":{\"@id\":\"https:\\\/\\\/lospoliticosveracruz.com\\\/?p=73825\"},\"wordCount\":1112,\"publisher\":{\"@id\":\"https:\\\/\\\/lospoliticosveracruz.com\\\/#organization\"},\"image\":{\"@id\":\"https:\\\/\\\/lospoliticosveracruz.com\\\/?p=73825#primaryimage\"},\"thumbnailUrl\":\"http:\\\/\\\/www.lospoliticosveracruz.com.mx\\\/wp-content\\\/uploads\\\/2021\\\/05\\\/Batalla-Cordoba.jpeg\",\"keywords\":[\"Carolina Gudi\u00f1o\",\"coalici\u00f3n PAN-PRI-PRD\",\"Miguel \u00c1ngel Yunes M\u00e1rquez\",\"PRD\",\"Sergio Cadena\",\"TEPJF\",\"Tribunal Electoral de Veracruz\"],\"articleSection\":[\"De Opini\u00f3n\"],\"inLanguage\":\"es\"},{\"@type\":\"WebPage\",\"@id\":\"https:\\\/\\\/lospoliticosveracruz.com\\\/?p=73825\",\"url\":\"https:\\\/\\\/lospoliticosveracruz.com\\\/?p=73825\",\"name\":\"El mensaje de la Marcha - Los pol\u00edticos Veracruz\",\"isPartOf\":{\"@id\":\"https:\\\/\\\/lospoliticosveracruz.com\\\/#website\"},\"primaryImageOfPage\":{\"@id\":\"https:\\\/\\\/lospoliticosveracruz.com\\\/?p=73825#primaryimage\"},\"image\":{\"@id\":\"https:\\\/\\\/lospoliticosveracruz.com\\\/?p=73825#primaryimage\"},\"thumbnailUrl\":\"http:\\\/\\\/www.lospoliticosveracruz.com.mx\\\/wp-content\\\/uploads\\\/2021\\\/05\\\/Batalla-Cordoba.jpeg\",\"datePublished\":\"2021-05-24T13:21:44+00:00\",\"dateModified\":\"2021-05-24T13:21:49+00:00\",\"breadcrumb\":{\"@id\":\"https:\\\/\\\/lospoliticosveracruz.com\\\/?p=73825#breadcrumb\"},\"inLanguage\":\"es\",\"potentialAction\":[{\"@type\":\"ReadAction\",\"target\":[\"https:\\\/\\\/lospoliticosveracruz.com\\\/?p=73825\"]}]},{\"@type\":\"ImageObject\",\"inLanguage\":\"es\",\"@id\":\"https:\\\/\\\/lospoliticosveracruz.com\\\/?p=73825#primaryimage\",\"url\":\"http:\\\/\\\/www.lospoliticosveracruz.com.mx\\\/wp-content\\\/uploads\\\/2021\\\/05\\\/Batalla-Cordoba.jpeg\",\"contentUrl\":\"http:\\\/\\\/www.lospoliticosveracruz.com.mx\\\/wp-content\\\/uploads\\\/2021\\\/05\\\/Batalla-Cordoba.jpeg\"},{\"@type\":\"BreadcrumbList\",\"@id\":\"https:\\\/\\\/lospoliticosveracruz.com\\\/?p=73825#breadcrumb\",\"itemListElement\":[{\"@type\":\"ListItem\",\"position\":1,\"name\":\"Portada\",\"item\":\"https:\\\/\\\/lospoliticosveracruz.com\\\/\"},{\"@type\":\"ListItem\",\"position\":2,\"name\":\"El mensaje de la Marcha\"}]},{\"@type\":\"WebSite\",\"@id\":\"https:\\\/\\\/lospoliticosveracruz.com\\\/#website\",\"url\":\"https:\\\/\\\/lospoliticosveracruz.com\\\/\",\"name\":\"Los pol\u00edticos Veracruz\",\"description\":\"\",\"publisher\":{\"@id\":\"https:\\\/\\\/lospoliticosveracruz.com\\\/#organization\"},\"potentialAction\":[{\"@type\":\"SearchAction\",\"target\":{\"@type\":\"EntryPoint\",\"urlTemplate\":\"https:\\\/\\\/lospoliticosveracruz.com\\\/?s={search_term_string}\"},\"query-input\":{\"@type\":\"PropertyValueSpecification\",\"valueRequired\":true,\"valueName\":\"search_term_string\"}}],\"inLanguage\":\"es\"},{\"@type\":\"Organization\",\"@id\":\"https:\\\/\\\/lospoliticosveracruz.com\\\/#organization\",\"name\":\"Los pol\u00edticos Veracruz\",\"url\":\"https:\\\/\\\/lospoliticosveracruz.com\\\/\",\"logo\":{\"@type\":\"ImageObject\",\"inLanguage\":\"es\",\"@id\":\"https:\\\/\\\/lospoliticosveracruz.com\\\/#\\\/schema\\\/logo\\\/image\\\/\",\"url\":\"https:\\\/\\\/lospoliticosveracruz.com\\\/wp-content\\\/uploads\\\/2025\\\/12\\\/Logo-Nuevo-LOS-POLITICOS-1.jpg\",\"contentUrl\":\"https:\\\/\\\/lospoliticosveracruz.com\\\/wp-content\\\/uploads\\\/2025\\\/12\\\/Logo-Nuevo-LOS-POLITICOS-1.jpg\",\"width\":260,\"height\":70,\"caption\":\"Los pol\u00edticos Veracruz\"},\"image\":{\"@id\":\"https:\\\/\\\/lospoliticosveracruz.com\\\/#\\\/schema\\\/logo\\\/image\\\/\"},\"sameAs\":[\"https:\\\/\\\/www.facebook.com\\\/people\\\/Notimemes-de-los-Polticos\\\/61565672886568\\\/\",\"https:\\\/\\\/x.com\\\/LosPoliticosVer\"]},{\"@type\":\"Person\",\"@id\":\"https:\\\/\\\/lospoliticosveracruz.com\\\/#\\\/schema\\\/person\\\/b8702bb0e538456e6efd07080bf2a4a2\",\"name\":\"Lo viste en Los Pol\u00edticos\",\"image\":{\"@type\":\"ImageObject\",\"inLanguage\":\"es\",\"@id\":\"https:\\\/\\\/secure.gravatar.com\\\/avatar\\\/3a8de04a2656d44082be478bd6c086daa447c4651605818287b9532d3d0bd435?s=96&d=mm&r=g\",\"url\":\"https:\\\/\\\/secure.gravatar.com\\\/avatar\\\/3a8de04a2656d44082be478bd6c086daa447c4651605818287b9532d3d0bd435?s=96&d=mm&r=g\",\"contentUrl\":\"https:\\\/\\\/secure.gravatar.com\\\/avatar\\\/3a8de04a2656d44082be478bd6c086daa447c4651605818287b9532d3d0bd435?s=96&d=mm&r=g\",\"caption\":\"Lo viste en Los Pol\u00edticos\"},\"url\":\"https:\\\/\\\/lospoliticosveracruz.com\\\/?author=2\"}]}<\/script>\n<!-- \/ Yoast SEO plugin. -->","yoast_head_json":{"title":"El mensaje de la Marcha - Los pol\u00edticos Veracruz","robots":{"index":"index","follow":"follow","max-snippet":"max-snippet:-1","max-image-preview":"max-image-preview:large","max-video-preview":"max-video-preview:-1"},"canonical":"https:\/\/lospoliticosveracruz.com\/?p=73825","og_locale":"es_ES","og_type":"article","og_title":"El mensaje de la Marcha - Los pol\u00edticos Veracruz","og_description":"Ricardo Ch\u00faaSale y Vale LA MARCHA DE LOS YUNES\u2026 Lo ocurrido ayer en el centro hist\u00f3rico del puerto de Veracruz por la ma\u00f1ana\u2026 En la marcha que dieron simpatizantes de la coalici\u00f3n PAN-PRI-PRD a favor de Miguel \u00c1ngel Yunes M\u00e1rquez, quien hasta el jueves fue su candidato a la alcald\u00eda antes que el Tribunal Electoral [&hellip;]","og_url":"https:\/\/lospoliticosveracruz.com\/?p=73825","og_site_name":"Los pol\u00edticos Veracruz","article_publisher":"https:\/\/www.facebook.com\/people\/Notimemes-de-los-Polticos\/61565672886568\/","article_published_time":"2021-05-24T13:21:44+00:00","article_modified_time":"2021-05-24T13:21:49+00:00","og_image":[{"url":"http:\/\/www.lospoliticosveracruz.com.mx\/wp-content\/uploads\/2021\/05\/Batalla-Cordoba.jpeg","type":"","width":"","height":""}],"author":"Lo viste en Los Pol\u00edticos","twitter_card":"summary_large_image","twitter_creator":"@LosPoliticosVer","twitter_site":"@LosPoliticosVer","twitter_misc":{"Escrito por":"Lo viste en Los Pol\u00edticos","Tiempo de lectura":"6 minutos"},"schema":{"@context":"https:\/\/schema.org","@graph":[{"@type":"Article","@id":"https:\/\/lospoliticosveracruz.com\/?p=73825#article","isPartOf":{"@id":"https:\/\/lospoliticosveracruz.com\/?p=73825"},"author":{"name":"Lo viste en Los Pol\u00edticos","@id":"https:\/\/lospoliticosveracruz.com\/#\/schema\/person\/b8702bb0e538456e6efd07080bf2a4a2"},"headline":"El mensaje de la Marcha","datePublished":"2021-05-24T13:21:44+00:00","dateModified":"2021-05-24T13:21:49+00:00","mainEntityOfPage":{"@id":"https:\/\/lospoliticosveracruz.com\/?p=73825"},"wordCount":1112,"publisher":{"@id":"https:\/\/lospoliticosveracruz.com\/#organization"},"image":{"@id":"https:\/\/lospoliticosveracruz.com\/?p=73825#primaryimage"},"thumbnailUrl":"http:\/\/www.lospoliticosveracruz.com.mx\/wp-content\/uploads\/2021\/05\/Batalla-Cordoba.jpeg","keywords":["Carolina Gudi\u00f1o","coalici\u00f3n PAN-PRI-PRD","Miguel \u00c1ngel Yunes M\u00e1rquez","PRD","Sergio Cadena","TEPJF","Tribunal Electoral de Veracruz"],"articleSection":["De Opini\u00f3n"],"inLanguage":"es"},{"@type":"WebPage","@id":"https:\/\/lospoliticosveracruz.com\/?p=73825","url":"https:\/\/lospoliticosveracruz.com\/?p=73825","name":"El mensaje de la Marcha - Los pol\u00edticos Veracruz","isPartOf":{"@id":"https:\/\/lospoliticosveracruz.com\/#website"},"primaryImageOfPage":{"@id":"https:\/\/lospoliticosveracruz.com\/?p=73825#primaryimage"},"image":{"@id":"https:\/\/lospoliticosveracruz.com\/?p=73825#primaryimage"},"thumbnailUrl":"http:\/\/www.lospoliticosveracruz.com.mx\/wp-content\/uploads\/2021\/05\/Batalla-Cordoba.jpeg","datePublished":"2021-05-24T13:21:44+00:00","dateModified":"2021-05-24T13:21:49+00:00","breadcrumb":{"@id":"https:\/\/lospoliticosveracruz.com\/?p=73825#breadcrumb"},"inLanguage":"es","potentialAction":[{"@type":"ReadAction","target":["https:\/\/lospoliticosveracruz.com\/?p=73825"]}]},{"@type":"ImageObject","inLanguage":"es","@id":"https:\/\/lospoliticosveracruz.com\/?p=73825#primaryimage","url":"http:\/\/www.lospoliticosveracruz.com.mx\/wp-content\/uploads\/2021\/05\/Batalla-Cordoba.jpeg","contentUrl":"http:\/\/www.lospoliticosveracruz.com.mx\/wp-content\/uploads\/2021\/05\/Batalla-Cordoba.jpeg"},{"@type":"BreadcrumbList","@id":"https:\/\/lospoliticosveracruz.com\/?p=73825#breadcrumb","itemListElement":[{"@type":"ListItem","position":1,"name":"Portada","item":"https:\/\/lospoliticosveracruz.com\/"},{"@type":"ListItem","position":2,"name":"El mensaje de la Marcha"}]},{"@type":"WebSite","@id":"https:\/\/lospoliticosveracruz.com\/#website","url":"https:\/\/lospoliticosveracruz.com\/","name":"Los pol\u00edticos Veracruz","description":"","publisher":{"@id":"https:\/\/lospoliticosveracruz.com\/#organization"},"potentialAction":[{"@type":"SearchAction","target":{"@type":"EntryPoint","urlTemplate":"https:\/\/lospoliticosveracruz.com\/?s={search_term_string}"},"query-input":{"@type":"PropertyValueSpecification","valueRequired":true,"valueName":"search_term_string"}}],"inLanguage":"es"},{"@type":"Organization","@id":"https:\/\/lospoliticosveracruz.com\/#organization","name":"Los pol\u00edticos Veracruz","url":"https:\/\/lospoliticosveracruz.com\/","logo":{"@type":"ImageObject","inLanguage":"es","@id":"https:\/\/lospoliticosveracruz.com\/#\/schema\/logo\/image\/","url":"https:\/\/lospoliticosveracruz.com\/wp-content\/uploads\/2025\/12\/Logo-Nuevo-LOS-POLITICOS-1.jpg","contentUrl":"https:\/\/lospoliticosveracruz.com\/wp-content\/uploads\/2025\/12\/Logo-Nuevo-LOS-POLITICOS-1.jpg","width":260,"height":70,"caption":"Los pol\u00edticos Veracruz"},"image":{"@id":"https:\/\/lospoliticosveracruz.com\/#\/schema\/logo\/image\/"},"sameAs":["https:\/\/www.facebook.com\/people\/Notimemes-de-los-Polticos\/61565672886568\/","https:\/\/x.com\/LosPoliticosVer"]},{"@type":"Person","@id":"https:\/\/lospoliticosveracruz.com\/#\/schema\/person\/b8702bb0e538456e6efd07080bf2a4a2","name":"Lo viste en Los Pol\u00edticos","image":{"@type":"ImageObject","inLanguage":"es","@id":"https:\/\/secure.gravatar.com\/avatar\/3a8de04a2656d44082be478bd6c086daa447c4651605818287b9532d3d0bd435?s=96&d=mm&r=g","url":"https:\/\/secure.gravatar.com\/avatar\/3a8de04a2656d44082be478bd6c086daa447c4651605818287b9532d3d0bd435?s=96&d=mm&r=g","contentUrl":"https:\/\/secure.gravatar.com\/avatar\/3a8de04a2656d44082be478bd6c086daa447c4651605818287b9532d3d0bd435?s=96&d=mm&r=g","caption":"Lo viste en Los Pol\u00edticos"},"url":"https:\/\/lospoliticosveracruz.com\/?author=2"}]}},"_links":{"self":[{"href":"https:\/\/lospoliticosveracruz.com\/index.php?rest_route=\/wp\/v2\/posts\/73825","targetHints":{"allow":["GET"]}}],"collection":[{"href":"https:\/\/lospoliticosveracruz.com\/index.php?rest_route=\/wp\/v2\/posts"}],"about":[{"href":"https:\/\/lospoliticosveracruz.com\/index.php?rest_route=\/wp\/v2\/types\/post"}],"author":[{"embeddable":true,"href":"https:\/\/lospoliticosveracruz.com\/index.php?rest_route=\/wp\/v2\/users\/2"}],"replies":[{"embeddable":true,"href":"https:\/\/lospoliticosveracruz.com\/index.php?rest_route=%2Fwp%2Fv2%2Fcomments&post=73825"}],"version-history":[{"count":1,"href":"https:\/\/lospoliticosveracruz.com\/index.php?rest_route=\/wp\/v2\/posts\/73825\/revisions"}],"predecessor-version":[{"id":73826,"href":"https:\/\/lospoliticosveracruz.com\/index.php?rest_route=\/wp\/v2\/posts\/73825\/revisions\/73826"}],"wp:attachment":[{"href":"https:\/\/lospoliticosveracruz.com\/index.php?rest_route=%2Fwp%2Fv2%2Fmedia&parent=73825"}],"wp:term":[{"taxonomy":"category","embeddable":true,"href":"https:\/\/lospoliticosveracruz.com\/index.php?rest_route=%2Fwp%2Fv2%2Fcategories&post=73825"},{"taxonomy":"post_tag","embeddable":true,"href":"https:\/\/lospoliticosveracruz.com\/index.php?rest_route=%2Fwp%2Fv2%2Ftags&post=73825"}],"curies":[{"name":"wp","href":"https:\/\/api.w.org\/{rel}","templated":true}]}}