{"id":73945,"date":"2021-05-25T12:50:08","date_gmt":"2021-05-25T17:50:08","guid":{"rendered":"http:\/\/www.lospoliticosveracruz.com.mx\/?p=73945"},"modified":"2021-05-25T12:50:12","modified_gmt":"2021-05-25T17:50:12","slug":"adios-a-las-monarquias-en-veracruz","status":"publish","type":"post","link":"https:\/\/lospoliticosveracruz.com\/?p=73945","title":{"rendered":"Adi\u00f3s a las monarqu\u00edas en Veracruz"},"content":{"rendered":"\n<p><strong>Yair Ademar Dom\u00ednguez<\/strong><\/p>\n\n\n\n<p><em>Punto y coma<br><\/em><\/p>\n\n\n\n<p>Algunos no han entendido que con la llegada del gobierno del pueblo se acabaron los monopolios pol\u00edticos, las monarqu\u00edas y los cacicazgos en M\u00e9xico y en Veracruz. El cambio de r\u00e9gimen instaurado por el presidente Andr\u00e9s Manuel L\u00f3pez Obrador implic\u00f3 la inversi\u00f3n de la pir\u00e1mide del poder. Ya no es el se\u00f1or feudal, el cacique o monarca el que est\u00e1 arriba, en el pin\u00e1culo. No, ahora es el pueblo el que elige, decida y manda; y se gobierna, obedeciendo.<br>Lo comentamos hace algunos d\u00edas en el caso de Orizaba y ahora lo refrendamos para referirnos al corredor Veracruz-Boca del R\u00edo, en donde una familia est\u00e1 obsesionada por el poder. Hace apenas algunos a\u00f1os, el padre, siendo gobernador, pretendi\u00f3 imponer al hijo y el pueblo los repudi\u00f3. Hoy, con mentiras, Miguel \u00c1ngel Yunes M\u00e1rquez quiso ser heredero del reinado de su hermano en el puerto de Veracruz y \u00a1se top\u00f3 con pared!, porque en Veracruz se hace valer la ley y respetan las instituciones.<br>Acostumbrados a hacer y deshacer, el reinado de los Yunes se encuentra en el ocaso, porque en Veracruz no hay privilegios. Veracruz est\u00e1 harto de cacicazgos y monarqu\u00edas. Y lo m\u00e1s curioso, el PRI, que hace algunos a\u00f1os criticaba ese inter\u00e9s mon\u00e1rquico de los Yunes, hoy se encuentra sometido a esos mismos intereses que repudiaban en el pasado inmediato.<\/p>\n\n\n\n<p>Lo dijo bien hace unos d\u00edas, uno de ellos, Ranulfo M\u00e1rquez Hern\u00e1ndez, ex dirigente estatal priista: \u201cAqu\u00ed en Veracruz estamos apoyando no nada m\u00e1s un proyecto contrario a lo que dice la declaraci\u00f3n de principios de nuestro partido, estamos apoyando a un grupo de inter\u00e9s que m\u00e1s bien pareciera una monarqu\u00eda, se turnan entre ellos las posiciones y obviamente ha dado pie a que haya investigaciones por enriquecimiento il\u00edcito\u201d.<\/p>\n\n\n\n<p>El priista se le fue a la cabeza al actual l\u00edder estatal de este partido, Marlon Ram\u00edrez Mar\u00edn, quien adem\u00e1s de cobrar en las arcas de ese partido, tiene n\u00f3mina en el Ayuntamiento que preside Fernando Yunes M\u00e1rquez, como se ha denunciado, porque siempre ha servido a los intereses de la familia mon\u00e1rquica.<\/p>\n\n\n\n<p>As\u00ed que la coalici\u00f3n PAN, PRI, PRD est\u00e1 sacando el cobre y est\u00e1 mostrando al interior sus debilidades, porque naci\u00f3 da\u00f1ada, sin inter\u00e9s por la gente, por el pueblo, s\u00f3lo para continuar su proyecto saqueador, el mismo que ha movido a estos partidos por muchos a\u00f1os en Veracruz y en todo el pa\u00eds.<\/p>\n\n\n\n<p>Como l\u00edder estatal del PRI, en 2018, Am\u00e9rico Z\u00fa\u00f1iga Mart\u00ednez se opuso al proyecto mon\u00e1rquico de Miguel \u00c1ngel Yunes Linares y as\u00ed lo vocifer\u00f3, incendiario, en cuanto discurso pudo. Hoy tambi\u00e9n se olvid\u00f3 de eso y apoya, complaciente, el inter\u00e9s de esa familia que tanto da\u00f1o le ha hecho a Veracruz.<\/p>\n\n\n\n<p>Pero eso se acab\u00f3. Hoy, el Movimiento de Regeneraci\u00f3n Nacional se impondr\u00e1 en este corredor urbano y en todo el territorio veracruzano. El pueblo ya decidi\u00f3, porque no quiere m\u00e1s mentiras, enga\u00f1os ni saqueos. La transformaci\u00f3n es una realidad y los partidos pol\u00edticos y candidatos somos los primeros obligados en cumplir la ley.<\/p>\n\n\n\n<p>La sentencia legal y justa del Tribunal Electoral pone un alto y fin a la corrupci\u00f3n del delincuente electoral Miguel \u00c1ngel Yunes M\u00e1rquez. Por sus mentiras, los propios panistas lo denunciaron. Por sus mentiras, los verdaderos priistas lo rechazaron. Por sus mentiras, los perredistas lo abandonaron. Hoy se quiere hacer la v\u00edctima, pero por mentiroso ya perdi\u00f3, aunque quiera victimizarse. Los veracruzanos no queremos m\u00e1s corrupci\u00f3n ni mentiras.<\/p>\n\n\n\n<p>Comentarios: Facebook Yair Ademar Dominguez Twitter @YairAdemar<\/p>\n","protected":false},"excerpt":{"rendered":"<p>Yair Ademar Dom\u00ednguez Punto y coma Algunos no han entendido que con la llegada del gobierno del pueblo se acabaron los monopolios pol\u00edticos, las monarqu\u00edas y los cacicazgos en M\u00e9xico y en Veracruz. El cambio de r\u00e9gimen instaurado por el presidente Andr\u00e9s Manuel L\u00f3pez Obrador implic\u00f3 la inversi\u00f3n de la pir\u00e1mide del poder. Ya no [&hellip;]<\/p>\n","protected":false},"author":2,"featured_media":0,"comment_status":"closed","ping_status":"closed","sticky":false,"template":"","format":"standard","meta":{"tdm_status":"","tdm_grid_status":"","footnotes":""},"categories":[70],"tags":[539,22357,818,2908,536,1639,11739,4253,12731],"class_list":{"0":"post-73945","1":"post","2":"type-post","3":"status-publish","4":"format-standard","6":"category-de-opinion","7":"tag-americo-zuniga-martinez","8":"tag-cacicazgos","9":"tag-fernando-yunes-marquez","10":"tag-marlon-ramirez-marin","11":"tag-miguel-angel-yunes-marquez","12":"tag-orizaba","13":"tag-privilegios","14":"tag-ranulfo-marquez-hernandez","15":"tag-tribunal-electoral"},"yoast_head":"<!-- This site is optimized with the Yoast SEO plugin v27.4 - https:\/\/yoast.com\/product\/yoast-seo-wordpress\/ -->\n<title>Adi\u00f3s a las monarqu\u00edas en Veracruz - Los pol\u00edticos Veracruz<\/title>\n<meta name=\"robots\" content=\"index, follow, max-snippet:-1, max-image-preview:large, max-video-preview:-1\" \/>\n<link rel=\"canonical\" href=\"https:\/\/lospoliticosveracruz.com\/?p=73945\" \/>\n<meta property=\"og:locale\" content=\"es_ES\" \/>\n<meta property=\"og:type\" content=\"article\" \/>\n<meta property=\"og:title\" content=\"Adi\u00f3s a las monarqu\u00edas en Veracruz - Los pol\u00edticos Veracruz\" \/>\n<meta property=\"og:description\" content=\"Yair Ademar Dom\u00ednguez Punto y coma Algunos no han entendido que con la llegada del gobierno del pueblo se acabaron los monopolios pol\u00edticos, las monarqu\u00edas y los cacicazgos en M\u00e9xico y en Veracruz. El cambio de r\u00e9gimen instaurado por el presidente Andr\u00e9s Manuel L\u00f3pez Obrador implic\u00f3 la inversi\u00f3n de la pir\u00e1mide del poder. Ya no [&hellip;]\" \/>\n<meta property=\"og:url\" content=\"https:\/\/lospoliticosveracruz.com\/?p=73945\" \/>\n<meta property=\"og:site_name\" content=\"Los pol\u00edticos Veracruz\" \/>\n<meta property=\"article:publisher\" content=\"https:\/\/www.facebook.com\/people\/Notimemes-de-los-Polticos\/61565672886568\/\" \/>\n<meta property=\"article:published_time\" content=\"2021-05-25T17:50:08+00:00\" \/>\n<meta property=\"article:modified_time\" content=\"2021-05-25T17:50:12+00:00\" \/>\n<meta property=\"og:image\" content=\"https:\/\/lospoliticosveracruz.com\/wp-content\/uploads\/2016\/07\/Logo-Dor.jpg\" \/>\n\t<meta property=\"og:image:width\" content=\"200\" \/>\n\t<meta property=\"og:image:height\" content=\"200\" \/>\n\t<meta property=\"og:image:type\" content=\"image\/jpeg\" \/>\n<meta name=\"author\" content=\"Lo viste en Los Pol\u00edticos\" \/>\n<meta name=\"twitter:card\" content=\"summary_large_image\" \/>\n<meta name=\"twitter:creator\" content=\"@LosPoliticosVer\" \/>\n<meta name=\"twitter:site\" content=\"@LosPoliticosVer\" \/>\n<meta name=\"twitter:label1\" content=\"Escrito por\" \/>\n\t<meta name=\"twitter:data1\" content=\"Lo viste en Los Pol\u00edticos\" \/>\n\t<meta name=\"twitter:label2\" content=\"Tiempo de lectura\" \/>\n\t<meta name=\"twitter:data2\" content=\"3 minutos\" \/>\n<script type=\"application\/ld+json\" class=\"yoast-schema-graph\">{\"@context\":\"https:\\\/\\\/schema.org\",\"@graph\":[{\"@type\":\"Article\",\"@id\":\"https:\\\/\\\/lospoliticosveracruz.com\\\/?p=73945#article\",\"isPartOf\":{\"@id\":\"https:\\\/\\\/lospoliticosveracruz.com\\\/?p=73945\"},\"author\":{\"name\":\"Lo viste en Los Pol\u00edticos\",\"@id\":\"https:\\\/\\\/lospoliticosveracruz.com\\\/#\\\/schema\\\/person\\\/b8702bb0e538456e6efd07080bf2a4a2\"},\"headline\":\"Adi\u00f3s a las monarqu\u00edas en Veracruz\",\"datePublished\":\"2021-05-25T17:50:08+00:00\",\"dateModified\":\"2021-05-25T17:50:12+00:00\",\"mainEntityOfPage\":{\"@id\":\"https:\\\/\\\/lospoliticosveracruz.com\\\/?p=73945\"},\"wordCount\":649,\"publisher\":{\"@id\":\"https:\\\/\\\/lospoliticosveracruz.com\\\/#organization\"},\"keywords\":[\"Am\u00e9rico Z\u00fa\u00f1iga Mart\u00ednez\",\"Cacicazgos\",\"Fernando Yunes M\u00e1rquez\",\"Marlon Ram\u00edrez Mar\u00edn\",\"Miguel \u00c1ngel Yunes M\u00e1rquez\",\"Orizaba\",\"privilegios\",\"Ranulfo M\u00e1rquez Hern\u00e1ndez\",\"Tribunal Electoral\"],\"articleSection\":[\"De Opini\u00f3n\"],\"inLanguage\":\"es\"},{\"@type\":\"WebPage\",\"@id\":\"https:\\\/\\\/lospoliticosveracruz.com\\\/?p=73945\",\"url\":\"https:\\\/\\\/lospoliticosveracruz.com\\\/?p=73945\",\"name\":\"Adi\u00f3s a las monarqu\u00edas en Veracruz - Los pol\u00edticos Veracruz\",\"isPartOf\":{\"@id\":\"https:\\\/\\\/lospoliticosveracruz.com\\\/#website\"},\"datePublished\":\"2021-05-25T17:50:08+00:00\",\"dateModified\":\"2021-05-25T17:50:12+00:00\",\"breadcrumb\":{\"@id\":\"https:\\\/\\\/lospoliticosveracruz.com\\\/?p=73945#breadcrumb\"},\"inLanguage\":\"es\",\"potentialAction\":[{\"@type\":\"ReadAction\",\"target\":[\"https:\\\/\\\/lospoliticosveracruz.com\\\/?p=73945\"]}]},{\"@type\":\"BreadcrumbList\",\"@id\":\"https:\\\/\\\/lospoliticosveracruz.com\\\/?p=73945#breadcrumb\",\"itemListElement\":[{\"@type\":\"ListItem\",\"position\":1,\"name\":\"Portada\",\"item\":\"https:\\\/\\\/lospoliticosveracruz.com\\\/\"},{\"@type\":\"ListItem\",\"position\":2,\"name\":\"Adi\u00f3s a las monarqu\u00edas en Veracruz\"}]},{\"@type\":\"WebSite\",\"@id\":\"https:\\\/\\\/lospoliticosveracruz.com\\\/#website\",\"url\":\"https:\\\/\\\/lospoliticosveracruz.com\\\/\",\"name\":\"Los pol\u00edticos Veracruz\",\"description\":\"\",\"publisher\":{\"@id\":\"https:\\\/\\\/lospoliticosveracruz.com\\\/#organization\"},\"potentialAction\":[{\"@type\":\"SearchAction\",\"target\":{\"@type\":\"EntryPoint\",\"urlTemplate\":\"https:\\\/\\\/lospoliticosveracruz.com\\\/?s={search_term_string}\"},\"query-input\":{\"@type\":\"PropertyValueSpecification\",\"valueRequired\":true,\"valueName\":\"search_term_string\"}}],\"inLanguage\":\"es\"},{\"@type\":\"Organization\",\"@id\":\"https:\\\/\\\/lospoliticosveracruz.com\\\/#organization\",\"name\":\"Los pol\u00edticos Veracruz\",\"url\":\"https:\\\/\\\/lospoliticosveracruz.com\\\/\",\"logo\":{\"@type\":\"ImageObject\",\"inLanguage\":\"es\",\"@id\":\"https:\\\/\\\/lospoliticosveracruz.com\\\/#\\\/schema\\\/logo\\\/image\\\/\",\"url\":\"https:\\\/\\\/lospoliticosveracruz.com\\\/wp-content\\\/uploads\\\/2025\\\/12\\\/Logo-Nuevo-LOS-POLITICOS-1.jpg\",\"contentUrl\":\"https:\\\/\\\/lospoliticosveracruz.com\\\/wp-content\\\/uploads\\\/2025\\\/12\\\/Logo-Nuevo-LOS-POLITICOS-1.jpg\",\"width\":260,\"height\":70,\"caption\":\"Los pol\u00edticos Veracruz\"},\"image\":{\"@id\":\"https:\\\/\\\/lospoliticosveracruz.com\\\/#\\\/schema\\\/logo\\\/image\\\/\"},\"sameAs\":[\"https:\\\/\\\/www.facebook.com\\\/people\\\/Notimemes-de-los-Polticos\\\/61565672886568\\\/\",\"https:\\\/\\\/x.com\\\/LosPoliticosVer\"]},{\"@type\":\"Person\",\"@id\":\"https:\\\/\\\/lospoliticosveracruz.com\\\/#\\\/schema\\\/person\\\/b8702bb0e538456e6efd07080bf2a4a2\",\"name\":\"Lo viste en Los Pol\u00edticos\",\"image\":{\"@type\":\"ImageObject\",\"inLanguage\":\"es\",\"@id\":\"https:\\\/\\\/secure.gravatar.com\\\/avatar\\\/3a8de04a2656d44082be478bd6c086daa447c4651605818287b9532d3d0bd435?s=96&d=mm&r=g\",\"url\":\"https:\\\/\\\/secure.gravatar.com\\\/avatar\\\/3a8de04a2656d44082be478bd6c086daa447c4651605818287b9532d3d0bd435?s=96&d=mm&r=g\",\"contentUrl\":\"https:\\\/\\\/secure.gravatar.com\\\/avatar\\\/3a8de04a2656d44082be478bd6c086daa447c4651605818287b9532d3d0bd435?s=96&d=mm&r=g\",\"caption\":\"Lo viste en Los Pol\u00edticos\"},\"url\":\"https:\\\/\\\/lospoliticosveracruz.com\\\/?author=2\"}]}<\/script>\n<!-- \/ Yoast SEO plugin. -->","yoast_head_json":{"title":"Adi\u00f3s a las monarqu\u00edas en Veracruz - Los pol\u00edticos Veracruz","robots":{"index":"index","follow":"follow","max-snippet":"max-snippet:-1","max-image-preview":"max-image-preview:large","max-video-preview":"max-video-preview:-1"},"canonical":"https:\/\/lospoliticosveracruz.com\/?p=73945","og_locale":"es_ES","og_type":"article","og_title":"Adi\u00f3s a las monarqu\u00edas en Veracruz - Los pol\u00edticos Veracruz","og_description":"Yair Ademar Dom\u00ednguez Punto y coma Algunos no han entendido que con la llegada del gobierno del pueblo se acabaron los monopolios pol\u00edticos, las monarqu\u00edas y los cacicazgos en M\u00e9xico y en Veracruz. El cambio de r\u00e9gimen instaurado por el presidente Andr\u00e9s Manuel L\u00f3pez Obrador implic\u00f3 la inversi\u00f3n de la pir\u00e1mide del poder. Ya no [&hellip;]","og_url":"https:\/\/lospoliticosveracruz.com\/?p=73945","og_site_name":"Los pol\u00edticos Veracruz","article_publisher":"https:\/\/www.facebook.com\/people\/Notimemes-de-los-Polticos\/61565672886568\/","article_published_time":"2021-05-25T17:50:08+00:00","article_modified_time":"2021-05-25T17:50:12+00:00","og_image":[{"width":200,"height":200,"url":"https:\/\/lospoliticosveracruz.com\/wp-content\/uploads\/2016\/07\/Logo-Dor.jpg","type":"image\/jpeg"}],"author":"Lo viste en Los Pol\u00edticos","twitter_card":"summary_large_image","twitter_creator":"@LosPoliticosVer","twitter_site":"@LosPoliticosVer","twitter_misc":{"Escrito por":"Lo viste en Los Pol\u00edticos","Tiempo de lectura":"3 minutos"},"schema":{"@context":"https:\/\/schema.org","@graph":[{"@type":"Article","@id":"https:\/\/lospoliticosveracruz.com\/?p=73945#article","isPartOf":{"@id":"https:\/\/lospoliticosveracruz.com\/?p=73945"},"author":{"name":"Lo viste en Los Pol\u00edticos","@id":"https:\/\/lospoliticosveracruz.com\/#\/schema\/person\/b8702bb0e538456e6efd07080bf2a4a2"},"headline":"Adi\u00f3s a las monarqu\u00edas en Veracruz","datePublished":"2021-05-25T17:50:08+00:00","dateModified":"2021-05-25T17:50:12+00:00","mainEntityOfPage":{"@id":"https:\/\/lospoliticosveracruz.com\/?p=73945"},"wordCount":649,"publisher":{"@id":"https:\/\/lospoliticosveracruz.com\/#organization"},"keywords":["Am\u00e9rico Z\u00fa\u00f1iga Mart\u00ednez","Cacicazgos","Fernando Yunes M\u00e1rquez","Marlon Ram\u00edrez Mar\u00edn","Miguel \u00c1ngel Yunes M\u00e1rquez","Orizaba","privilegios","Ranulfo M\u00e1rquez Hern\u00e1ndez","Tribunal Electoral"],"articleSection":["De Opini\u00f3n"],"inLanguage":"es"},{"@type":"WebPage","@id":"https:\/\/lospoliticosveracruz.com\/?p=73945","url":"https:\/\/lospoliticosveracruz.com\/?p=73945","name":"Adi\u00f3s a las monarqu\u00edas en Veracruz - Los pol\u00edticos Veracruz","isPartOf":{"@id":"https:\/\/lospoliticosveracruz.com\/#website"},"datePublished":"2021-05-25T17:50:08+00:00","dateModified":"2021-05-25T17:50:12+00:00","breadcrumb":{"@id":"https:\/\/lospoliticosveracruz.com\/?p=73945#breadcrumb"},"inLanguage":"es","potentialAction":[{"@type":"ReadAction","target":["https:\/\/lospoliticosveracruz.com\/?p=73945"]}]},{"@type":"BreadcrumbList","@id":"https:\/\/lospoliticosveracruz.com\/?p=73945#breadcrumb","itemListElement":[{"@type":"ListItem","position":1,"name":"Portada","item":"https:\/\/lospoliticosveracruz.com\/"},{"@type":"ListItem","position":2,"name":"Adi\u00f3s a las monarqu\u00edas en Veracruz"}]},{"@type":"WebSite","@id":"https:\/\/lospoliticosveracruz.com\/#website","url":"https:\/\/lospoliticosveracruz.com\/","name":"Los pol\u00edticos Veracruz","description":"","publisher":{"@id":"https:\/\/lospoliticosveracruz.com\/#organization"},"potentialAction":[{"@type":"SearchAction","target":{"@type":"EntryPoint","urlTemplate":"https:\/\/lospoliticosveracruz.com\/?s={search_term_string}"},"query-input":{"@type":"PropertyValueSpecification","valueRequired":true,"valueName":"search_term_string"}}],"inLanguage":"es"},{"@type":"Organization","@id":"https:\/\/lospoliticosveracruz.com\/#organization","name":"Los pol\u00edticos Veracruz","url":"https:\/\/lospoliticosveracruz.com\/","logo":{"@type":"ImageObject","inLanguage":"es","@id":"https:\/\/lospoliticosveracruz.com\/#\/schema\/logo\/image\/","url":"https:\/\/lospoliticosveracruz.com\/wp-content\/uploads\/2025\/12\/Logo-Nuevo-LOS-POLITICOS-1.jpg","contentUrl":"https:\/\/lospoliticosveracruz.com\/wp-content\/uploads\/2025\/12\/Logo-Nuevo-LOS-POLITICOS-1.jpg","width":260,"height":70,"caption":"Los pol\u00edticos Veracruz"},"image":{"@id":"https:\/\/lospoliticosveracruz.com\/#\/schema\/logo\/image\/"},"sameAs":["https:\/\/www.facebook.com\/people\/Notimemes-de-los-Polticos\/61565672886568\/","https:\/\/x.com\/LosPoliticosVer"]},{"@type":"Person","@id":"https:\/\/lospoliticosveracruz.com\/#\/schema\/person\/b8702bb0e538456e6efd07080bf2a4a2","name":"Lo viste en Los Pol\u00edticos","image":{"@type":"ImageObject","inLanguage":"es","@id":"https:\/\/secure.gravatar.com\/avatar\/3a8de04a2656d44082be478bd6c086daa447c4651605818287b9532d3d0bd435?s=96&d=mm&r=g","url":"https:\/\/secure.gravatar.com\/avatar\/3a8de04a2656d44082be478bd6c086daa447c4651605818287b9532d3d0bd435?s=96&d=mm&r=g","contentUrl":"https:\/\/secure.gravatar.com\/avatar\/3a8de04a2656d44082be478bd6c086daa447c4651605818287b9532d3d0bd435?s=96&d=mm&r=g","caption":"Lo viste en Los Pol\u00edticos"},"url":"https:\/\/lospoliticosveracruz.com\/?author=2"}]}},"_links":{"self":[{"href":"https:\/\/lospoliticosveracruz.com\/index.php?rest_route=\/wp\/v2\/posts\/73945","targetHints":{"allow":["GET"]}}],"collection":[{"href":"https:\/\/lospoliticosveracruz.com\/index.php?rest_route=\/wp\/v2\/posts"}],"about":[{"href":"https:\/\/lospoliticosveracruz.com\/index.php?rest_route=\/wp\/v2\/types\/post"}],"author":[{"embeddable":true,"href":"https:\/\/lospoliticosveracruz.com\/index.php?rest_route=\/wp\/v2\/users\/2"}],"replies":[{"embeddable":true,"href":"https:\/\/lospoliticosveracruz.com\/index.php?rest_route=%2Fwp%2Fv2%2Fcomments&post=73945"}],"version-history":[{"count":1,"href":"https:\/\/lospoliticosveracruz.com\/index.php?rest_route=\/wp\/v2\/posts\/73945\/revisions"}],"predecessor-version":[{"id":73947,"href":"https:\/\/lospoliticosveracruz.com\/index.php?rest_route=\/wp\/v2\/posts\/73945\/revisions\/73947"}],"wp:attachment":[{"href":"https:\/\/lospoliticosveracruz.com\/index.php?rest_route=%2Fwp%2Fv2%2Fmedia&parent=73945"}],"wp:term":[{"taxonomy":"category","embeddable":true,"href":"https:\/\/lospoliticosveracruz.com\/index.php?rest_route=%2Fwp%2Fv2%2Fcategories&post=73945"},{"taxonomy":"post_tag","embeddable":true,"href":"https:\/\/lospoliticosveracruz.com\/index.php?rest_route=%2Fwp%2Fv2%2Ftags&post=73945"}],"curies":[{"name":"wp","href":"https:\/\/api.w.org\/{rel}","templated":true}]}}