{"id":73965,"date":"2021-05-25T14:02:22","date_gmt":"2021-05-25T19:02:22","guid":{"rendered":"http:\/\/www.lospoliticosveracruz.com.mx\/?p=73965"},"modified":"2021-05-25T14:02:28","modified_gmt":"2021-05-25T19:02:28","slug":"asma-en-tiempos-de-covid","status":"publish","type":"post","link":"https:\/\/lospoliticosveracruz.com\/?p=73965","title":{"rendered":"Asma en tiempos de Covid"},"content":{"rendered":"\n<p><strong>Veracruz<\/strong><br>Esta enfermedad tiene gran impacto en la salud de los mexicanos, ya que afecta su calidad de vida y el aspecto laboral, por lo cual es importante tomar medidas para evitar que la enfermedad se descontrole, es por ello, que el Instituto Mexicano del Seguro Social (IMSS) en Veracruz Norte, llama a la poblaci\u00f3n que presenta este padecimiento a llevar un seguimiento oportuno.<br>El neum\u00f3logo de la Unidad M\u00e9dica de Alta Especialidad (UMAE), Hospital de Especialidades No. 14, Centro M\u00e9dico Nacional (CMN) \u00abAdolfo Ru\u00edz Cortines\u00bb en Veracruz, doctor Amado Ram\u00edrez Hern\u00e1ndez explic\u00f3 que los s\u00edntomas del asma dependen del comportamiento de la enfermedad, ya sea leve e intermitente o grave y persistente; durante una crisis se presenta falta de aire, opresi\u00f3n en pecho, silbido audible y tos.<br>El asma es una inflamaci\u00f3n cr\u00f3nica de los bronquios, la cual genera una obstrucci\u00f3n y es desencadenada por est\u00edmulos externos conocidos como al\u00e9rgenos, esta se puede generar a cualquier edad; sin embargo, es com\u00fan en etapas tempranas de la vida sobre todo en adolescentes y adultos j\u00f3venes.<br>El tratamiento consiste en corticoides inhalados, por un periodo m\u00ednimo de tres meses y se deben suspender cuando el m\u00e9dico lo considere prudente, no de manera abrupta por parte del paciente. Estos tratamientos tambi\u00e9n se pueden asociar con un broncodilatador, y en caso necesario, se utilizan medicamentos llamados de rescate.<br>El especialista se\u00f1al\u00f3 que en la actualidad, es importante conocer la saturaci\u00f3n de ox\u00edgeno que se considera normal, en promedio a nivel del mar fluct\u00faa arriba del 94 por ciento, y en lugares altos, como la Ciudad de M\u00e9xico, arriba del 90 por ciento.<br>En pacientes que tienen saturaci\u00f3n baja de manera cr\u00f3nica por alguna enfermedad respiratoria o que est\u00e1n dependientes de ox\u00edgeno, se considera anormal una variaci\u00f3n por debajo del cuatro por ciento de estas cifras.<br>Destac\u00f3, que en los pacientes asm\u00e1ticos la saturaci\u00f3n de ox\u00edgeno se deben comportar de manera normal, no debe haber fluctuaciones de m\u00e1s del tres por ciento, concluyendo que un paciente asm\u00e1tico, no asm\u00e1tico, enfermo o no enfermo de COVID-19 deben atenderse si su saturaci\u00f3n var\u00eda m\u00e1s all\u00e1 del cuatro por ciento.<br>Finalmente, el galeno recomend\u00f3 a quienes padecen asma continuar su tratamiento convencional, no abandonarlo cuando se sientan mejor, usar correctamente los inhaladores, y ante esta contingencia sanitaria, utilizar correctamente el cubrebocas, tapando nariz y boca, lavado frecuente de manos y mantener distanciamiento de metro y medio.<\/p>\n","protected":false},"excerpt":{"rendered":"<p>VeracruzEsta enfermedad tiene gran impacto en la salud de los mexicanos, ya que afecta su calidad de vida y el aspecto laboral, por lo cual es importante tomar medidas para evitar que la enfermedad se descontrole, es por ello, que el Instituto Mexicano del Seguro Social (IMSS) en Veracruz Norte, llama a la poblaci\u00f3n que [&hellip;]<\/p>\n","protected":false},"author":2,"featured_media":0,"comment_status":"closed","ping_status":"closed","sticky":false,"template":"","format":"standard","meta":{"tdm_status":"","tdm_grid_status":"","footnotes":""},"categories":[73],"tags":[28321,28319,28322,1208,28323,19221,11159],"class_list":{"0":"post-73965","1":"post","2":"type-post","3":"status-publish","4":"format-standard","6":"category-de-boleto","7":"tag-broncodilatador","8":"tag-cmn","9":"tag-corticoides-inhalados","10":"tag-imss","11":"tag-saturacion-de-oxigeno","12":"tag-unidad-medica-de-alta-especialidad","13":"tag-veracruz-norte"},"yoast_head":"<!-- This site is optimized with the Yoast SEO plugin v27.4 - https:\/\/yoast.com\/product\/yoast-seo-wordpress\/ -->\n<title>Asma en tiempos de Covid - Los pol\u00edticos Veracruz<\/title>\n<meta name=\"robots\" content=\"index, follow, max-snippet:-1, max-image-preview:large, max-video-preview:-1\" \/>\n<link rel=\"canonical\" href=\"https:\/\/lospoliticosveracruz.com\/?p=73965\" \/>\n<meta property=\"og:locale\" content=\"es_ES\" \/>\n<meta property=\"og:type\" content=\"article\" \/>\n<meta property=\"og:title\" content=\"Asma en tiempos de Covid - Los pol\u00edticos Veracruz\" \/>\n<meta property=\"og:description\" content=\"VeracruzEsta enfermedad tiene gran impacto en la salud de los mexicanos, ya que afecta su calidad de vida y el aspecto laboral, por lo cual es importante tomar medidas para evitar que la enfermedad se descontrole, es por ello, que el Instituto Mexicano del Seguro Social (IMSS) en Veracruz Norte, llama a la poblaci\u00f3n que [&hellip;]\" \/>\n<meta property=\"og:url\" content=\"https:\/\/lospoliticosveracruz.com\/?p=73965\" \/>\n<meta property=\"og:site_name\" content=\"Los pol\u00edticos Veracruz\" \/>\n<meta property=\"article:publisher\" content=\"https:\/\/www.facebook.com\/people\/Notimemes-de-los-Polticos\/61565672886568\/\" \/>\n<meta property=\"article:published_time\" content=\"2021-05-25T19:02:22+00:00\" \/>\n<meta property=\"article:modified_time\" content=\"2021-05-25T19:02:28+00:00\" \/>\n<meta property=\"og:image\" content=\"https:\/\/lospoliticosveracruz.com\/wp-content\/uploads\/2016\/07\/Logo-Dor.jpg\" \/>\n\t<meta property=\"og:image:width\" content=\"200\" \/>\n\t<meta property=\"og:image:height\" content=\"200\" \/>\n\t<meta property=\"og:image:type\" content=\"image\/jpeg\" \/>\n<meta name=\"author\" content=\"Lo viste en Los Pol\u00edticos\" \/>\n<meta name=\"twitter:card\" content=\"summary_large_image\" \/>\n<meta name=\"twitter:creator\" content=\"@LosPoliticosVer\" \/>\n<meta name=\"twitter:site\" content=\"@LosPoliticosVer\" \/>\n<meta name=\"twitter:label1\" content=\"Escrito por\" \/>\n\t<meta name=\"twitter:data1\" content=\"Lo viste en Los Pol\u00edticos\" \/>\n\t<meta name=\"twitter:label2\" content=\"Tiempo de lectura\" \/>\n\t<meta name=\"twitter:data2\" content=\"2 minutos\" \/>\n<script type=\"application\/ld+json\" class=\"yoast-schema-graph\">{\"@context\":\"https:\\\/\\\/schema.org\",\"@graph\":[{\"@type\":\"Article\",\"@id\":\"https:\\\/\\\/lospoliticosveracruz.com\\\/?p=73965#article\",\"isPartOf\":{\"@id\":\"https:\\\/\\\/lospoliticosveracruz.com\\\/?p=73965\"},\"author\":{\"name\":\"Lo viste en Los Pol\u00edticos\",\"@id\":\"https:\\\/\\\/lospoliticosveracruz.com\\\/#\\\/schema\\\/person\\\/b8702bb0e538456e6efd07080bf2a4a2\"},\"headline\":\"Asma en tiempos de Covid\",\"datePublished\":\"2021-05-25T19:02:22+00:00\",\"dateModified\":\"2021-05-25T19:02:28+00:00\",\"mainEntityOfPage\":{\"@id\":\"https:\\\/\\\/lospoliticosveracruz.com\\\/?p=73965\"},\"wordCount\":439,\"publisher\":{\"@id\":\"https:\\\/\\\/lospoliticosveracruz.com\\\/#organization\"},\"keywords\":[\"broncodilatador\",\"CMN\",\"corticoides inhalados\",\"IMSS\",\"saturaci\u00f3n de ox\u00edgeno\",\"Unidad M\u00e9dica de Alta Especialidad\",\"Veracruz Norte\"],\"articleSection\":[\"De Boleto\"],\"inLanguage\":\"es\"},{\"@type\":\"WebPage\",\"@id\":\"https:\\\/\\\/lospoliticosveracruz.com\\\/?p=73965\",\"url\":\"https:\\\/\\\/lospoliticosveracruz.com\\\/?p=73965\",\"name\":\"Asma en tiempos de Covid - Los pol\u00edticos Veracruz\",\"isPartOf\":{\"@id\":\"https:\\\/\\\/lospoliticosveracruz.com\\\/#website\"},\"datePublished\":\"2021-05-25T19:02:22+00:00\",\"dateModified\":\"2021-05-25T19:02:28+00:00\",\"breadcrumb\":{\"@id\":\"https:\\\/\\\/lospoliticosveracruz.com\\\/?p=73965#breadcrumb\"},\"inLanguage\":\"es\",\"potentialAction\":[{\"@type\":\"ReadAction\",\"target\":[\"https:\\\/\\\/lospoliticosveracruz.com\\\/?p=73965\"]}]},{\"@type\":\"BreadcrumbList\",\"@id\":\"https:\\\/\\\/lospoliticosveracruz.com\\\/?p=73965#breadcrumb\",\"itemListElement\":[{\"@type\":\"ListItem\",\"position\":1,\"name\":\"Portada\",\"item\":\"https:\\\/\\\/lospoliticosveracruz.com\\\/\"},{\"@type\":\"ListItem\",\"position\":2,\"name\":\"Asma en tiempos de Covid\"}]},{\"@type\":\"WebSite\",\"@id\":\"https:\\\/\\\/lospoliticosveracruz.com\\\/#website\",\"url\":\"https:\\\/\\\/lospoliticosveracruz.com\\\/\",\"name\":\"Los pol\u00edticos Veracruz\",\"description\":\"\",\"publisher\":{\"@id\":\"https:\\\/\\\/lospoliticosveracruz.com\\\/#organization\"},\"potentialAction\":[{\"@type\":\"SearchAction\",\"target\":{\"@type\":\"EntryPoint\",\"urlTemplate\":\"https:\\\/\\\/lospoliticosveracruz.com\\\/?s={search_term_string}\"},\"query-input\":{\"@type\":\"PropertyValueSpecification\",\"valueRequired\":true,\"valueName\":\"search_term_string\"}}],\"inLanguage\":\"es\"},{\"@type\":\"Organization\",\"@id\":\"https:\\\/\\\/lospoliticosveracruz.com\\\/#organization\",\"name\":\"Los pol\u00edticos Veracruz\",\"url\":\"https:\\\/\\\/lospoliticosveracruz.com\\\/\",\"logo\":{\"@type\":\"ImageObject\",\"inLanguage\":\"es\",\"@id\":\"https:\\\/\\\/lospoliticosveracruz.com\\\/#\\\/schema\\\/logo\\\/image\\\/\",\"url\":\"https:\\\/\\\/lospoliticosveracruz.com\\\/wp-content\\\/uploads\\\/2025\\\/12\\\/Logo-Nuevo-LOS-POLITICOS-1.jpg\",\"contentUrl\":\"https:\\\/\\\/lospoliticosveracruz.com\\\/wp-content\\\/uploads\\\/2025\\\/12\\\/Logo-Nuevo-LOS-POLITICOS-1.jpg\",\"width\":260,\"height\":70,\"caption\":\"Los pol\u00edticos Veracruz\"},\"image\":{\"@id\":\"https:\\\/\\\/lospoliticosveracruz.com\\\/#\\\/schema\\\/logo\\\/image\\\/\"},\"sameAs\":[\"https:\\\/\\\/www.facebook.com\\\/people\\\/Notimemes-de-los-Polticos\\\/61565672886568\\\/\",\"https:\\\/\\\/x.com\\\/LosPoliticosVer\"]},{\"@type\":\"Person\",\"@id\":\"https:\\\/\\\/lospoliticosveracruz.com\\\/#\\\/schema\\\/person\\\/b8702bb0e538456e6efd07080bf2a4a2\",\"name\":\"Lo viste en Los Pol\u00edticos\",\"image\":{\"@type\":\"ImageObject\",\"inLanguage\":\"es\",\"@id\":\"https:\\\/\\\/secure.gravatar.com\\\/avatar\\\/3a8de04a2656d44082be478bd6c086daa447c4651605818287b9532d3d0bd435?s=96&d=mm&r=g\",\"url\":\"https:\\\/\\\/secure.gravatar.com\\\/avatar\\\/3a8de04a2656d44082be478bd6c086daa447c4651605818287b9532d3d0bd435?s=96&d=mm&r=g\",\"contentUrl\":\"https:\\\/\\\/secure.gravatar.com\\\/avatar\\\/3a8de04a2656d44082be478bd6c086daa447c4651605818287b9532d3d0bd435?s=96&d=mm&r=g\",\"caption\":\"Lo viste en Los Pol\u00edticos\"},\"url\":\"https:\\\/\\\/lospoliticosveracruz.com\\\/?author=2\"}]}<\/script>\n<!-- \/ Yoast SEO plugin. -->","yoast_head_json":{"title":"Asma en tiempos de Covid - Los pol\u00edticos Veracruz","robots":{"index":"index","follow":"follow","max-snippet":"max-snippet:-1","max-image-preview":"max-image-preview:large","max-video-preview":"max-video-preview:-1"},"canonical":"https:\/\/lospoliticosveracruz.com\/?p=73965","og_locale":"es_ES","og_type":"article","og_title":"Asma en tiempos de Covid - Los pol\u00edticos Veracruz","og_description":"VeracruzEsta enfermedad tiene gran impacto en la salud de los mexicanos, ya que afecta su calidad de vida y el aspecto laboral, por lo cual es importante tomar medidas para evitar que la enfermedad se descontrole, es por ello, que el Instituto Mexicano del Seguro Social (IMSS) en Veracruz Norte, llama a la poblaci\u00f3n que [&hellip;]","og_url":"https:\/\/lospoliticosveracruz.com\/?p=73965","og_site_name":"Los pol\u00edticos Veracruz","article_publisher":"https:\/\/www.facebook.com\/people\/Notimemes-de-los-Polticos\/61565672886568\/","article_published_time":"2021-05-25T19:02:22+00:00","article_modified_time":"2021-05-25T19:02:28+00:00","og_image":[{"width":200,"height":200,"url":"https:\/\/lospoliticosveracruz.com\/wp-content\/uploads\/2016\/07\/Logo-Dor.jpg","type":"image\/jpeg"}],"author":"Lo viste en Los Pol\u00edticos","twitter_card":"summary_large_image","twitter_creator":"@LosPoliticosVer","twitter_site":"@LosPoliticosVer","twitter_misc":{"Escrito por":"Lo viste en Los Pol\u00edticos","Tiempo de lectura":"2 minutos"},"schema":{"@context":"https:\/\/schema.org","@graph":[{"@type":"Article","@id":"https:\/\/lospoliticosveracruz.com\/?p=73965#article","isPartOf":{"@id":"https:\/\/lospoliticosveracruz.com\/?p=73965"},"author":{"name":"Lo viste en Los Pol\u00edticos","@id":"https:\/\/lospoliticosveracruz.com\/#\/schema\/person\/b8702bb0e538456e6efd07080bf2a4a2"},"headline":"Asma en tiempos de Covid","datePublished":"2021-05-25T19:02:22+00:00","dateModified":"2021-05-25T19:02:28+00:00","mainEntityOfPage":{"@id":"https:\/\/lospoliticosveracruz.com\/?p=73965"},"wordCount":439,"publisher":{"@id":"https:\/\/lospoliticosveracruz.com\/#organization"},"keywords":["broncodilatador","CMN","corticoides inhalados","IMSS","saturaci\u00f3n de ox\u00edgeno","Unidad M\u00e9dica de Alta Especialidad","Veracruz Norte"],"articleSection":["De Boleto"],"inLanguage":"es"},{"@type":"WebPage","@id":"https:\/\/lospoliticosveracruz.com\/?p=73965","url":"https:\/\/lospoliticosveracruz.com\/?p=73965","name":"Asma en tiempos de Covid - Los pol\u00edticos Veracruz","isPartOf":{"@id":"https:\/\/lospoliticosveracruz.com\/#website"},"datePublished":"2021-05-25T19:02:22+00:00","dateModified":"2021-05-25T19:02:28+00:00","breadcrumb":{"@id":"https:\/\/lospoliticosveracruz.com\/?p=73965#breadcrumb"},"inLanguage":"es","potentialAction":[{"@type":"ReadAction","target":["https:\/\/lospoliticosveracruz.com\/?p=73965"]}]},{"@type":"BreadcrumbList","@id":"https:\/\/lospoliticosveracruz.com\/?p=73965#breadcrumb","itemListElement":[{"@type":"ListItem","position":1,"name":"Portada","item":"https:\/\/lospoliticosveracruz.com\/"},{"@type":"ListItem","position":2,"name":"Asma en tiempos de Covid"}]},{"@type":"WebSite","@id":"https:\/\/lospoliticosveracruz.com\/#website","url":"https:\/\/lospoliticosveracruz.com\/","name":"Los pol\u00edticos Veracruz","description":"","publisher":{"@id":"https:\/\/lospoliticosveracruz.com\/#organization"},"potentialAction":[{"@type":"SearchAction","target":{"@type":"EntryPoint","urlTemplate":"https:\/\/lospoliticosveracruz.com\/?s={search_term_string}"},"query-input":{"@type":"PropertyValueSpecification","valueRequired":true,"valueName":"search_term_string"}}],"inLanguage":"es"},{"@type":"Organization","@id":"https:\/\/lospoliticosveracruz.com\/#organization","name":"Los pol\u00edticos Veracruz","url":"https:\/\/lospoliticosveracruz.com\/","logo":{"@type":"ImageObject","inLanguage":"es","@id":"https:\/\/lospoliticosveracruz.com\/#\/schema\/logo\/image\/","url":"https:\/\/lospoliticosveracruz.com\/wp-content\/uploads\/2025\/12\/Logo-Nuevo-LOS-POLITICOS-1.jpg","contentUrl":"https:\/\/lospoliticosveracruz.com\/wp-content\/uploads\/2025\/12\/Logo-Nuevo-LOS-POLITICOS-1.jpg","width":260,"height":70,"caption":"Los pol\u00edticos Veracruz"},"image":{"@id":"https:\/\/lospoliticosveracruz.com\/#\/schema\/logo\/image\/"},"sameAs":["https:\/\/www.facebook.com\/people\/Notimemes-de-los-Polticos\/61565672886568\/","https:\/\/x.com\/LosPoliticosVer"]},{"@type":"Person","@id":"https:\/\/lospoliticosveracruz.com\/#\/schema\/person\/b8702bb0e538456e6efd07080bf2a4a2","name":"Lo viste en Los Pol\u00edticos","image":{"@type":"ImageObject","inLanguage":"es","@id":"https:\/\/secure.gravatar.com\/avatar\/3a8de04a2656d44082be478bd6c086daa447c4651605818287b9532d3d0bd435?s=96&d=mm&r=g","url":"https:\/\/secure.gravatar.com\/avatar\/3a8de04a2656d44082be478bd6c086daa447c4651605818287b9532d3d0bd435?s=96&d=mm&r=g","contentUrl":"https:\/\/secure.gravatar.com\/avatar\/3a8de04a2656d44082be478bd6c086daa447c4651605818287b9532d3d0bd435?s=96&d=mm&r=g","caption":"Lo viste en Los Pol\u00edticos"},"url":"https:\/\/lospoliticosveracruz.com\/?author=2"}]}},"_links":{"self":[{"href":"https:\/\/lospoliticosveracruz.com\/index.php?rest_route=\/wp\/v2\/posts\/73965","targetHints":{"allow":["GET"]}}],"collection":[{"href":"https:\/\/lospoliticosveracruz.com\/index.php?rest_route=\/wp\/v2\/posts"}],"about":[{"href":"https:\/\/lospoliticosveracruz.com\/index.php?rest_route=\/wp\/v2\/types\/post"}],"author":[{"embeddable":true,"href":"https:\/\/lospoliticosveracruz.com\/index.php?rest_route=\/wp\/v2\/users\/2"}],"replies":[{"embeddable":true,"href":"https:\/\/lospoliticosveracruz.com\/index.php?rest_route=%2Fwp%2Fv2%2Fcomments&post=73965"}],"version-history":[{"count":1,"href":"https:\/\/lospoliticosveracruz.com\/index.php?rest_route=\/wp\/v2\/posts\/73965\/revisions"}],"predecessor-version":[{"id":73967,"href":"https:\/\/lospoliticosveracruz.com\/index.php?rest_route=\/wp\/v2\/posts\/73965\/revisions\/73967"}],"wp:attachment":[{"href":"https:\/\/lospoliticosveracruz.com\/index.php?rest_route=%2Fwp%2Fv2%2Fmedia&parent=73965"}],"wp:term":[{"taxonomy":"category","embeddable":true,"href":"https:\/\/lospoliticosveracruz.com\/index.php?rest_route=%2Fwp%2Fv2%2Fcategories&post=73965"},{"taxonomy":"post_tag","embeddable":true,"href":"https:\/\/lospoliticosveracruz.com\/index.php?rest_route=%2Fwp%2Fv2%2Ftags&post=73965"}],"curies":[{"name":"wp","href":"https:\/\/api.w.org\/{rel}","templated":true}]}}