{"id":74002,"date":"2021-05-25T17:51:05","date_gmt":"2021-05-25T22:51:05","guid":{"rendered":"http:\/\/www.lospoliticosveracruz.com.mx\/?p=74002"},"modified":"2021-05-25T17:51:10","modified_gmt":"2021-05-25T22:51:10","slug":"bozal-a-mordelones-huevo-arteaga","status":"publish","type":"post","link":"https:\/\/lospoliticosveracruz.com\/?p=74002","title":{"rendered":"Bozal a Mordelones: Huevo Arteaga"},"content":{"rendered":"\n<p><strong>Veracruz<br><\/strong>Es lamentable que los porte\u00f1os, cuando salen a las calles en sus veh\u00edculos, tengan el temor de ser asaltados o por un agente de Tr\u00e1nsito o por un delincuente, acus\u00f3 el candidato a diputado local de la coalici\u00f3n \u201cJuntos Haremos Historia\u201d, Fernando Arteaga Aponte, al referirse a la inconformidad de la ciudadan\u00eda respecto a los operativos de Tr\u00e1nsito y Vialidad.<\/p>\n\n\n\n<div class=\"wp-block-image\"><figure class=\"alignleft size-large\"><a href=\"http:\/\/www.lospoliticosveracruz.com.mx\/wp-content\/uploads\/2021\/05\/WhatsApp-Image-2021-05-25-at-13.34.11.jpeg\"><img decoding=\"async\" src=\"http:\/\/www.lospoliticosveracruz.com.mx\/wp-content\/uploads\/2021\/05\/WhatsApp-Image-2021-05-25-at-13.34.11.jpeg\" alt=\"\" class=\"wp-image-73963\"\/><\/a><\/figure><\/div>\n\n\n\n<p><br>Tras recorrer las calles de la colonia Formando Hogar y escuchar las peticiones e inquietudes de taxistas de Veracruz, Arteaga afirm\u00f3 que desde el Congreso promover\u00e1 evitar m\u00e1s bandidaje a trav\u00e9s de los retenes que implementan los elementos de vialidad.<br>Explic\u00f3 que como ciudadano se ha visto afectado por estos operativos, ya que en una ocasi\u00f3n fue infraccionado sin siquiera haber arrancado su veh\u00edculo ni cometido una falta vial.<br>El candidato de la alianza Moren-PVEM-PT, exhort\u00f3 a los agentes de Tr\u00e1nsito municipal a actuar con \u00e9tica y profesionalismo en su labor; asimismo, invit\u00f3 al alcalde de Veracruz, Fernando Yunes, a realizar capacitaciones del personal en conjunto con elementos de seguridad, Marina, Ej\u00e9rcito y Fuerza Civil.<br>\u201cLos veracruzanos est\u00e1n cansados de tanto robo, est\u00e1n cansados de la monarqu\u00eda que quiere imperar en la ciudad y no lo vamos a permitir; vamos a trabajar para que la ciudadan\u00eda se sienta feliz de este cambio\u201d, asever\u00f3 el abanderado morenista.<br>Gestionar\u00e9 mayor presupuesto para obras de reencarpetamiento.<\/p>\n\n\n\n<p>En otro tema, Fernando Arteaga coment\u00f3 que en su caminar en busca del voto se ha encontrado con la queja constante de los taxistas, que es la gran cantidad de baches que existen en la ciudad.<br>\u201cSe quejan de que ellos circulan todo el d\u00eda y todas las noches y sus unidades resultan gravemente afectadas por la enorme cantidad de baches que prevalecen en la ciudad\u201d, detall\u00f3.<br>Ante ello se comprometi\u00f3 a gestionar recursos para que el futuro alcalde de Veracruz pueda realizar obras de reencarpetamiento en las calles m\u00e1s afectadas de las colonias y fraccionamientos de la ciudad de Veracruz.<br>A\u00f1adi\u00f3 finalmente que se buscar\u00e1 priorizar avenidas principales y de mayor circulaci\u00f3n como Cuauht\u00e9moc, Allende, Circunvalaci\u00f3n, Revillagigedo, Pino Su\u00e1rez y D\u00edaz Mir\u00f3n.<\/p>\n","protected":false},"excerpt":{"rendered":"<p>VeracruzEs lamentable que los porte\u00f1os, cuando salen a las calles en sus veh\u00edculos, tengan el temor de ser asaltados o por un agente de Tr\u00e1nsito o por un delincuente, acus\u00f3 el candidato a diputado local de la coalici\u00f3n \u201cJuntos Haremos Historia\u201d, Fernando Arteaga Aponte, al referirse a la inconformidad de la ciudadan\u00eda respecto a los [&hellip;]<\/p>\n","protected":false},"author":2,"featured_media":0,"comment_status":"closed","ping_status":"closed","sticky":false,"template":"","format":"standard","meta":{"tdm_status":"","tdm_grid_status":"","footnotes":""},"categories":[73],"tags":[1183,26116,2289,264],"class_list":{"0":"post-74002","1":"post","2":"type-post","3":"status-publish","4":"format-standard","6":"category-de-boleto","7":"tag-fernando-arteaga-aponte","8":"tag-morena-pvem-pt","9":"tag-pt","10":"tag-pvem"},"yoast_head":"<!-- This site is optimized with the Yoast SEO plugin v27.4 - https:\/\/yoast.com\/product\/yoast-seo-wordpress\/ -->\n<title>Bozal a Mordelones: Huevo Arteaga - Los pol\u00edticos Veracruz<\/title>\n<meta name=\"robots\" content=\"index, follow, max-snippet:-1, max-image-preview:large, max-video-preview:-1\" \/>\n<link rel=\"canonical\" href=\"https:\/\/lospoliticosveracruz.com\/?p=74002\" \/>\n<meta property=\"og:locale\" content=\"es_ES\" \/>\n<meta property=\"og:type\" content=\"article\" \/>\n<meta property=\"og:title\" content=\"Bozal a Mordelones: Huevo Arteaga - Los pol\u00edticos Veracruz\" \/>\n<meta property=\"og:description\" content=\"VeracruzEs lamentable que los porte\u00f1os, cuando salen a las calles en sus veh\u00edculos, tengan el temor de ser asaltados o por un agente de Tr\u00e1nsito o por un delincuente, acus\u00f3 el candidato a diputado local de la coalici\u00f3n \u201cJuntos Haremos Historia\u201d, Fernando Arteaga Aponte, al referirse a la inconformidad de la ciudadan\u00eda respecto a los [&hellip;]\" \/>\n<meta property=\"og:url\" content=\"https:\/\/lospoliticosveracruz.com\/?p=74002\" \/>\n<meta property=\"og:site_name\" content=\"Los pol\u00edticos Veracruz\" \/>\n<meta property=\"article:publisher\" content=\"https:\/\/www.facebook.com\/people\/Notimemes-de-los-Polticos\/61565672886568\/\" \/>\n<meta property=\"article:published_time\" content=\"2021-05-25T22:51:05+00:00\" \/>\n<meta property=\"article:modified_time\" content=\"2021-05-25T22:51:10+00:00\" \/>\n<meta property=\"og:image\" content=\"http:\/\/www.lospoliticosveracruz.com.mx\/wp-content\/uploads\/2021\/05\/WhatsApp-Image-2021-05-25-at-13.34.11.jpeg\" \/>\n<meta name=\"author\" content=\"Lo viste en Los Pol\u00edticos\" \/>\n<meta name=\"twitter:card\" content=\"summary_large_image\" \/>\n<meta name=\"twitter:creator\" content=\"@LosPoliticosVer\" \/>\n<meta name=\"twitter:site\" content=\"@LosPoliticosVer\" \/>\n<meta name=\"twitter:label1\" content=\"Escrito por\" \/>\n\t<meta name=\"twitter:data1\" content=\"Lo viste en Los Pol\u00edticos\" \/>\n\t<meta name=\"twitter:label2\" content=\"Tiempo de lectura\" \/>\n\t<meta name=\"twitter:data2\" content=\"2 minutos\" \/>\n<script type=\"application\/ld+json\" class=\"yoast-schema-graph\">{\"@context\":\"https:\\\/\\\/schema.org\",\"@graph\":[{\"@type\":\"Article\",\"@id\":\"https:\\\/\\\/lospoliticosveracruz.com\\\/?p=74002#article\",\"isPartOf\":{\"@id\":\"https:\\\/\\\/lospoliticosveracruz.com\\\/?p=74002\"},\"author\":{\"name\":\"Lo viste en Los Pol\u00edticos\",\"@id\":\"https:\\\/\\\/lospoliticosveracruz.com\\\/#\\\/schema\\\/person\\\/b8702bb0e538456e6efd07080bf2a4a2\"},\"headline\":\"Bozal a Mordelones: Huevo Arteaga\",\"datePublished\":\"2021-05-25T22:51:05+00:00\",\"dateModified\":\"2021-05-25T22:51:10+00:00\",\"mainEntityOfPage\":{\"@id\":\"https:\\\/\\\/lospoliticosveracruz.com\\\/?p=74002\"},\"wordCount\":377,\"publisher\":{\"@id\":\"https:\\\/\\\/lospoliticosveracruz.com\\\/#organization\"},\"image\":{\"@id\":\"https:\\\/\\\/lospoliticosveracruz.com\\\/?p=74002#primaryimage\"},\"thumbnailUrl\":\"http:\\\/\\\/www.lospoliticosveracruz.com.mx\\\/wp-content\\\/uploads\\\/2021\\\/05\\\/WhatsApp-Image-2021-05-25-at-13.34.11.jpeg\",\"keywords\":[\"Fernando Arteaga Aponte\",\"MORENA-PVEM-PT\",\"PT\",\"PVEM\"],\"articleSection\":[\"De Boleto\"],\"inLanguage\":\"es\"},{\"@type\":\"WebPage\",\"@id\":\"https:\\\/\\\/lospoliticosveracruz.com\\\/?p=74002\",\"url\":\"https:\\\/\\\/lospoliticosveracruz.com\\\/?p=74002\",\"name\":\"Bozal a Mordelones: Huevo Arteaga - Los pol\u00edticos Veracruz\",\"isPartOf\":{\"@id\":\"https:\\\/\\\/lospoliticosveracruz.com\\\/#website\"},\"primaryImageOfPage\":{\"@id\":\"https:\\\/\\\/lospoliticosveracruz.com\\\/?p=74002#primaryimage\"},\"image\":{\"@id\":\"https:\\\/\\\/lospoliticosveracruz.com\\\/?p=74002#primaryimage\"},\"thumbnailUrl\":\"http:\\\/\\\/www.lospoliticosveracruz.com.mx\\\/wp-content\\\/uploads\\\/2021\\\/05\\\/WhatsApp-Image-2021-05-25-at-13.34.11.jpeg\",\"datePublished\":\"2021-05-25T22:51:05+00:00\",\"dateModified\":\"2021-05-25T22:51:10+00:00\",\"breadcrumb\":{\"@id\":\"https:\\\/\\\/lospoliticosveracruz.com\\\/?p=74002#breadcrumb\"},\"inLanguage\":\"es\",\"potentialAction\":[{\"@type\":\"ReadAction\",\"target\":[\"https:\\\/\\\/lospoliticosveracruz.com\\\/?p=74002\"]}]},{\"@type\":\"ImageObject\",\"inLanguage\":\"es\",\"@id\":\"https:\\\/\\\/lospoliticosveracruz.com\\\/?p=74002#primaryimage\",\"url\":\"http:\\\/\\\/www.lospoliticosveracruz.com.mx\\\/wp-content\\\/uploads\\\/2021\\\/05\\\/WhatsApp-Image-2021-05-25-at-13.34.11.jpeg\",\"contentUrl\":\"http:\\\/\\\/www.lospoliticosveracruz.com.mx\\\/wp-content\\\/uploads\\\/2021\\\/05\\\/WhatsApp-Image-2021-05-25-at-13.34.11.jpeg\"},{\"@type\":\"BreadcrumbList\",\"@id\":\"https:\\\/\\\/lospoliticosveracruz.com\\\/?p=74002#breadcrumb\",\"itemListElement\":[{\"@type\":\"ListItem\",\"position\":1,\"name\":\"Portada\",\"item\":\"https:\\\/\\\/lospoliticosveracruz.com\\\/\"},{\"@type\":\"ListItem\",\"position\":2,\"name\":\"Bozal a Mordelones: Huevo Arteaga\"}]},{\"@type\":\"WebSite\",\"@id\":\"https:\\\/\\\/lospoliticosveracruz.com\\\/#website\",\"url\":\"https:\\\/\\\/lospoliticosveracruz.com\\\/\",\"name\":\"Los pol\u00edticos Veracruz\",\"description\":\"\",\"publisher\":{\"@id\":\"https:\\\/\\\/lospoliticosveracruz.com\\\/#organization\"},\"potentialAction\":[{\"@type\":\"SearchAction\",\"target\":{\"@type\":\"EntryPoint\",\"urlTemplate\":\"https:\\\/\\\/lospoliticosveracruz.com\\\/?s={search_term_string}\"},\"query-input\":{\"@type\":\"PropertyValueSpecification\",\"valueRequired\":true,\"valueName\":\"search_term_string\"}}],\"inLanguage\":\"es\"},{\"@type\":\"Organization\",\"@id\":\"https:\\\/\\\/lospoliticosveracruz.com\\\/#organization\",\"name\":\"Los pol\u00edticos Veracruz\",\"url\":\"https:\\\/\\\/lospoliticosveracruz.com\\\/\",\"logo\":{\"@type\":\"ImageObject\",\"inLanguage\":\"es\",\"@id\":\"https:\\\/\\\/lospoliticosveracruz.com\\\/#\\\/schema\\\/logo\\\/image\\\/\",\"url\":\"https:\\\/\\\/lospoliticosveracruz.com\\\/wp-content\\\/uploads\\\/2025\\\/12\\\/Logo-Nuevo-LOS-POLITICOS-1.jpg\",\"contentUrl\":\"https:\\\/\\\/lospoliticosveracruz.com\\\/wp-content\\\/uploads\\\/2025\\\/12\\\/Logo-Nuevo-LOS-POLITICOS-1.jpg\",\"width\":260,\"height\":70,\"caption\":\"Los pol\u00edticos Veracruz\"},\"image\":{\"@id\":\"https:\\\/\\\/lospoliticosveracruz.com\\\/#\\\/schema\\\/logo\\\/image\\\/\"},\"sameAs\":[\"https:\\\/\\\/www.facebook.com\\\/people\\\/Notimemes-de-los-Polticos\\\/61565672886568\\\/\",\"https:\\\/\\\/x.com\\\/LosPoliticosVer\"]},{\"@type\":\"Person\",\"@id\":\"https:\\\/\\\/lospoliticosveracruz.com\\\/#\\\/schema\\\/person\\\/b8702bb0e538456e6efd07080bf2a4a2\",\"name\":\"Lo viste en Los Pol\u00edticos\",\"image\":{\"@type\":\"ImageObject\",\"inLanguage\":\"es\",\"@id\":\"https:\\\/\\\/secure.gravatar.com\\\/avatar\\\/3a8de04a2656d44082be478bd6c086daa447c4651605818287b9532d3d0bd435?s=96&d=mm&r=g\",\"url\":\"https:\\\/\\\/secure.gravatar.com\\\/avatar\\\/3a8de04a2656d44082be478bd6c086daa447c4651605818287b9532d3d0bd435?s=96&d=mm&r=g\",\"contentUrl\":\"https:\\\/\\\/secure.gravatar.com\\\/avatar\\\/3a8de04a2656d44082be478bd6c086daa447c4651605818287b9532d3d0bd435?s=96&d=mm&r=g\",\"caption\":\"Lo viste en Los Pol\u00edticos\"},\"url\":\"https:\\\/\\\/lospoliticosveracruz.com\\\/?author=2\"}]}<\/script>\n<!-- \/ Yoast SEO plugin. -->","yoast_head_json":{"title":"Bozal a Mordelones: Huevo Arteaga - Los pol\u00edticos Veracruz","robots":{"index":"index","follow":"follow","max-snippet":"max-snippet:-1","max-image-preview":"max-image-preview:large","max-video-preview":"max-video-preview:-1"},"canonical":"https:\/\/lospoliticosveracruz.com\/?p=74002","og_locale":"es_ES","og_type":"article","og_title":"Bozal a Mordelones: Huevo Arteaga - Los pol\u00edticos Veracruz","og_description":"VeracruzEs lamentable que los porte\u00f1os, cuando salen a las calles en sus veh\u00edculos, tengan el temor de ser asaltados o por un agente de Tr\u00e1nsito o por un delincuente, acus\u00f3 el candidato a diputado local de la coalici\u00f3n \u201cJuntos Haremos Historia\u201d, Fernando Arteaga Aponte, al referirse a la inconformidad de la ciudadan\u00eda respecto a los [&hellip;]","og_url":"https:\/\/lospoliticosveracruz.com\/?p=74002","og_site_name":"Los pol\u00edticos Veracruz","article_publisher":"https:\/\/www.facebook.com\/people\/Notimemes-de-los-Polticos\/61565672886568\/","article_published_time":"2021-05-25T22:51:05+00:00","article_modified_time":"2021-05-25T22:51:10+00:00","og_image":[{"url":"http:\/\/www.lospoliticosveracruz.com.mx\/wp-content\/uploads\/2021\/05\/WhatsApp-Image-2021-05-25-at-13.34.11.jpeg","type":"","width":"","height":""}],"author":"Lo viste en Los Pol\u00edticos","twitter_card":"summary_large_image","twitter_creator":"@LosPoliticosVer","twitter_site":"@LosPoliticosVer","twitter_misc":{"Escrito por":"Lo viste en Los Pol\u00edticos","Tiempo de lectura":"2 minutos"},"schema":{"@context":"https:\/\/schema.org","@graph":[{"@type":"Article","@id":"https:\/\/lospoliticosveracruz.com\/?p=74002#article","isPartOf":{"@id":"https:\/\/lospoliticosveracruz.com\/?p=74002"},"author":{"name":"Lo viste en Los Pol\u00edticos","@id":"https:\/\/lospoliticosveracruz.com\/#\/schema\/person\/b8702bb0e538456e6efd07080bf2a4a2"},"headline":"Bozal a Mordelones: Huevo Arteaga","datePublished":"2021-05-25T22:51:05+00:00","dateModified":"2021-05-25T22:51:10+00:00","mainEntityOfPage":{"@id":"https:\/\/lospoliticosveracruz.com\/?p=74002"},"wordCount":377,"publisher":{"@id":"https:\/\/lospoliticosveracruz.com\/#organization"},"image":{"@id":"https:\/\/lospoliticosveracruz.com\/?p=74002#primaryimage"},"thumbnailUrl":"http:\/\/www.lospoliticosveracruz.com.mx\/wp-content\/uploads\/2021\/05\/WhatsApp-Image-2021-05-25-at-13.34.11.jpeg","keywords":["Fernando Arteaga Aponte","MORENA-PVEM-PT","PT","PVEM"],"articleSection":["De Boleto"],"inLanguage":"es"},{"@type":"WebPage","@id":"https:\/\/lospoliticosveracruz.com\/?p=74002","url":"https:\/\/lospoliticosveracruz.com\/?p=74002","name":"Bozal a Mordelones: Huevo Arteaga - Los pol\u00edticos Veracruz","isPartOf":{"@id":"https:\/\/lospoliticosveracruz.com\/#website"},"primaryImageOfPage":{"@id":"https:\/\/lospoliticosveracruz.com\/?p=74002#primaryimage"},"image":{"@id":"https:\/\/lospoliticosveracruz.com\/?p=74002#primaryimage"},"thumbnailUrl":"http:\/\/www.lospoliticosveracruz.com.mx\/wp-content\/uploads\/2021\/05\/WhatsApp-Image-2021-05-25-at-13.34.11.jpeg","datePublished":"2021-05-25T22:51:05+00:00","dateModified":"2021-05-25T22:51:10+00:00","breadcrumb":{"@id":"https:\/\/lospoliticosveracruz.com\/?p=74002#breadcrumb"},"inLanguage":"es","potentialAction":[{"@type":"ReadAction","target":["https:\/\/lospoliticosveracruz.com\/?p=74002"]}]},{"@type":"ImageObject","inLanguage":"es","@id":"https:\/\/lospoliticosveracruz.com\/?p=74002#primaryimage","url":"http:\/\/www.lospoliticosveracruz.com.mx\/wp-content\/uploads\/2021\/05\/WhatsApp-Image-2021-05-25-at-13.34.11.jpeg","contentUrl":"http:\/\/www.lospoliticosveracruz.com.mx\/wp-content\/uploads\/2021\/05\/WhatsApp-Image-2021-05-25-at-13.34.11.jpeg"},{"@type":"BreadcrumbList","@id":"https:\/\/lospoliticosveracruz.com\/?p=74002#breadcrumb","itemListElement":[{"@type":"ListItem","position":1,"name":"Portada","item":"https:\/\/lospoliticosveracruz.com\/"},{"@type":"ListItem","position":2,"name":"Bozal a Mordelones: Huevo Arteaga"}]},{"@type":"WebSite","@id":"https:\/\/lospoliticosveracruz.com\/#website","url":"https:\/\/lospoliticosveracruz.com\/","name":"Los pol\u00edticos Veracruz","description":"","publisher":{"@id":"https:\/\/lospoliticosveracruz.com\/#organization"},"potentialAction":[{"@type":"SearchAction","target":{"@type":"EntryPoint","urlTemplate":"https:\/\/lospoliticosveracruz.com\/?s={search_term_string}"},"query-input":{"@type":"PropertyValueSpecification","valueRequired":true,"valueName":"search_term_string"}}],"inLanguage":"es"},{"@type":"Organization","@id":"https:\/\/lospoliticosveracruz.com\/#organization","name":"Los pol\u00edticos Veracruz","url":"https:\/\/lospoliticosveracruz.com\/","logo":{"@type":"ImageObject","inLanguage":"es","@id":"https:\/\/lospoliticosveracruz.com\/#\/schema\/logo\/image\/","url":"https:\/\/lospoliticosveracruz.com\/wp-content\/uploads\/2025\/12\/Logo-Nuevo-LOS-POLITICOS-1.jpg","contentUrl":"https:\/\/lospoliticosveracruz.com\/wp-content\/uploads\/2025\/12\/Logo-Nuevo-LOS-POLITICOS-1.jpg","width":260,"height":70,"caption":"Los pol\u00edticos Veracruz"},"image":{"@id":"https:\/\/lospoliticosveracruz.com\/#\/schema\/logo\/image\/"},"sameAs":["https:\/\/www.facebook.com\/people\/Notimemes-de-los-Polticos\/61565672886568\/","https:\/\/x.com\/LosPoliticosVer"]},{"@type":"Person","@id":"https:\/\/lospoliticosveracruz.com\/#\/schema\/person\/b8702bb0e538456e6efd07080bf2a4a2","name":"Lo viste en Los Pol\u00edticos","image":{"@type":"ImageObject","inLanguage":"es","@id":"https:\/\/secure.gravatar.com\/avatar\/3a8de04a2656d44082be478bd6c086daa447c4651605818287b9532d3d0bd435?s=96&d=mm&r=g","url":"https:\/\/secure.gravatar.com\/avatar\/3a8de04a2656d44082be478bd6c086daa447c4651605818287b9532d3d0bd435?s=96&d=mm&r=g","contentUrl":"https:\/\/secure.gravatar.com\/avatar\/3a8de04a2656d44082be478bd6c086daa447c4651605818287b9532d3d0bd435?s=96&d=mm&r=g","caption":"Lo viste en Los Pol\u00edticos"},"url":"https:\/\/lospoliticosveracruz.com\/?author=2"}]}},"_links":{"self":[{"href":"https:\/\/lospoliticosveracruz.com\/index.php?rest_route=\/wp\/v2\/posts\/74002","targetHints":{"allow":["GET"]}}],"collection":[{"href":"https:\/\/lospoliticosveracruz.com\/index.php?rest_route=\/wp\/v2\/posts"}],"about":[{"href":"https:\/\/lospoliticosveracruz.com\/index.php?rest_route=\/wp\/v2\/types\/post"}],"author":[{"embeddable":true,"href":"https:\/\/lospoliticosveracruz.com\/index.php?rest_route=\/wp\/v2\/users\/2"}],"replies":[{"embeddable":true,"href":"https:\/\/lospoliticosveracruz.com\/index.php?rest_route=%2Fwp%2Fv2%2Fcomments&post=74002"}],"version-history":[{"count":1,"href":"https:\/\/lospoliticosveracruz.com\/index.php?rest_route=\/wp\/v2\/posts\/74002\/revisions"}],"predecessor-version":[{"id":74004,"href":"https:\/\/lospoliticosveracruz.com\/index.php?rest_route=\/wp\/v2\/posts\/74002\/revisions\/74004"}],"wp:attachment":[{"href":"https:\/\/lospoliticosveracruz.com\/index.php?rest_route=%2Fwp%2Fv2%2Fmedia&parent=74002"}],"wp:term":[{"taxonomy":"category","embeddable":true,"href":"https:\/\/lospoliticosveracruz.com\/index.php?rest_route=%2Fwp%2Fv2%2Fcategories&post=74002"},{"taxonomy":"post_tag","embeddable":true,"href":"https:\/\/lospoliticosveracruz.com\/index.php?rest_route=%2Fwp%2Fv2%2Ftags&post=74002"}],"curies":[{"name":"wp","href":"https:\/\/api.w.org\/{rel}","templated":true}]}}