{"id":74020,"date":"2021-05-25T18:47:28","date_gmt":"2021-05-25T23:47:28","guid":{"rendered":"http:\/\/www.lospoliticosveracruz.com.mx\/?p=74020"},"modified":"2021-05-25T18:47:34","modified_gmt":"2021-05-25T23:47:34","slug":"juntos-podemos-hacer-de-fortin-un-lugar-seguro","status":"publish","type":"post","link":"https:\/\/lospoliticosveracruz.com\/?p=74020","title":{"rendered":"Juntos podemos hacer de Fort\u00edn, un lugar seguro"},"content":{"rendered":"\n<p><strong>Fort\u00edn de las Flores<br><\/strong>\u201cFort\u00edn ser\u00e1 un municipio donde ni\u00f1as, adolescentes y mujeres podr\u00e1n desarrollarse a plenitud y vivir en paz\u201d, afirm\u00f3 la maestra Lidia Aguirre, candidata de Movimiento Ciudadano a la presidencia municipal, en el D\u00eda Naranja.<\/p>\n\n\n\n<div class=\"wp-block-image\"><figure class=\"alignleft size-large\"><a href=\"http:\/\/www.lospoliticosveracruz.com.mx\/wp-content\/uploads\/2021\/05\/WhatsApp-Image-2021-05-25-at-13.34.11.jpeg\"><img decoding=\"async\" src=\"http:\/\/www.lospoliticosveracruz.com.mx\/wp-content\/uploads\/2021\/05\/WhatsApp-Image-2021-05-25-at-13.34.11.jpeg\" alt=\"\" class=\"wp-image-73963\"\/><\/a><\/figure><\/div>\n\n\n\n<p><br>Llam\u00f3 a sumar capacidades para erradicar la violencia hacia ni\u00f1as y mujeres, y alert\u00f3: \u201ccada d\u00eda, entre 9 y 11 ni\u00f1as, adolescentes y mujeres son asesinadas en M\u00e9xico, y Veracruz es la segunda entidad con mayor n\u00famero de feminicidios, esto debe detenerse\u201d.<br>Aguirre Gonz\u00e1lez convoc\u00f3 a los actores sociales y productivos a establecer un gran compromiso para hacer de Fort\u00edn un municipio seguro para ni\u00f1as, mujeres y sus familias, \u201ces una tarea compleja pero si nos ponemos juntos en movimiento, lo podemos lograr\u201d.<br>La abanderada encabez\u00f3 una activaci\u00f3n social con mujeres y present\u00f3 sus propuestas a favor del desarrollo integral de las fortinenses como parte del D\u00eda Naranja, que es una fecha para concientizar sobre la erradicaci\u00f3n de la violencia contra las mujeres.<br>\u201cImpulsar\u00e9 estrategias de prevenci\u00f3n y atenci\u00f3n a la violencia de g\u00e9nero a partir de establecer una red de centros de atenci\u00f3n a la mujer\u201d, y a\u00f1adi\u00f3 que \u201cse debe seguir concientizando sobre el derecho que tenemos de vivir una vida libre de violencias\u201d y fomentar la cultura de la denuncia.<br>La maestra Lidia adelant\u00f3 que a favor del derecho al ingreso, crear\u00e1 los programas Mujeres de Palabra y Mi Primer Empleo, y se har\u00e1 \u00e9nfasis en el fomento a MiPyMeS encabezadas por mujeres, con el objetivo de generar ingresos para reducir la desigualdad, el fortalecimiento de capacidades y el acceso igualitario a oportunidades laborales.<br>La candidata a la Presidencia Municipal dijo que en beneficio de mujeres que trabajan fuera del hogar, se establecer\u00e1n Comedores Regionales que ayudar\u00e1n a garantizar el acceso de sus familias a una alimentaci\u00f3n sana, balanceada y suficiente.<br>\u201cAtenderemos las oportunidades para ellas desde el empoderamiento y desde el fortalecimiento de capacidades y combatiremos la discriminaci\u00f3n en raz\u00f3n de g\u00e9nero\u201d, afirm\u00f3.<br>Aguirre Gonz\u00e1lez llam\u00f3 a atender el embarazo entre adolescentes desde sus causas y a generar una estrategia de apoyo a mujeres j\u00f3venes con hijos, a fin de que no se reduzcan sus oportunidades laborales, educativas o sociales.<br>Enfatiz\u00f3 que para combatir la violencia de g\u00e9nero es indispensable reducir la desigualdad y ampliar las oportunidades, \u201cs\u00f3lo as\u00ed romperemos los ciclos de violencias\u201d.<\/p>\n","protected":false},"excerpt":{"rendered":"<p>Fort\u00edn de las Flores\u201cFort\u00edn ser\u00e1 un municipio donde ni\u00f1as, adolescentes y mujeres podr\u00e1n desarrollarse a plenitud y vivir en paz\u201d, afirm\u00f3 la maestra Lidia Aguirre, candidata de Movimiento Ciudadano a la presidencia municipal, en el D\u00eda Naranja. Llam\u00f3 a sumar capacidades para erradicar la violencia hacia ni\u00f1as y mujeres, y alert\u00f3: \u201ccada d\u00eda, entre 9 [&hellip;]<\/p>\n","protected":false},"author":2,"featured_media":0,"comment_status":"closed","ping_status":"closed","sticky":false,"template":"","format":"standard","meta":{"tdm_status":"","tdm_grid_status":"","footnotes":""},"categories":[73],"tags":[12232,826,27705,28225,28342,17298,2327,28341],"class_list":{"0":"post-74020","1":"post","2":"type-post","3":"status-publish","4":"format-standard","6":"category-de-boleto","7":"tag-dia-naranja","8":"tag-feminicidios","9":"tag-lidia-aguirre","10":"tag-maestra-lidia-aguirre","11":"tag-mi-primer-empleo","12":"tag-mipymes","13":"tag-movimiento-ciudadano","14":"tag-mujeres-de-palabra"},"yoast_head":"<!-- This site is optimized with the Yoast SEO plugin v27.4 - https:\/\/yoast.com\/product\/yoast-seo-wordpress\/ -->\n<title>Juntos podemos hacer de Fort\u00edn, un lugar seguro - Los pol\u00edticos Veracruz<\/title>\n<meta name=\"robots\" content=\"index, follow, max-snippet:-1, max-image-preview:large, max-video-preview:-1\" \/>\n<link rel=\"canonical\" href=\"https:\/\/lospoliticosveracruz.com\/?p=74020\" \/>\n<meta property=\"og:locale\" content=\"es_ES\" \/>\n<meta property=\"og:type\" content=\"article\" \/>\n<meta property=\"og:title\" content=\"Juntos podemos hacer de Fort\u00edn, un lugar seguro - Los pol\u00edticos Veracruz\" \/>\n<meta property=\"og:description\" content=\"Fort\u00edn de las Flores\u201cFort\u00edn ser\u00e1 un municipio donde ni\u00f1as, adolescentes y mujeres podr\u00e1n desarrollarse a plenitud y vivir en paz\u201d, afirm\u00f3 la maestra Lidia Aguirre, candidata de Movimiento Ciudadano a la presidencia municipal, en el D\u00eda Naranja. Llam\u00f3 a sumar capacidades para erradicar la violencia hacia ni\u00f1as y mujeres, y alert\u00f3: \u201ccada d\u00eda, entre 9 [&hellip;]\" \/>\n<meta property=\"og:url\" content=\"https:\/\/lospoliticosveracruz.com\/?p=74020\" \/>\n<meta property=\"og:site_name\" content=\"Los pol\u00edticos Veracruz\" \/>\n<meta property=\"article:publisher\" content=\"https:\/\/www.facebook.com\/people\/Notimemes-de-los-Polticos\/61565672886568\/\" \/>\n<meta property=\"article:published_time\" content=\"2021-05-25T23:47:28+00:00\" \/>\n<meta property=\"article:modified_time\" content=\"2021-05-25T23:47:34+00:00\" \/>\n<meta property=\"og:image\" content=\"http:\/\/www.lospoliticosveracruz.com.mx\/wp-content\/uploads\/2021\/05\/WhatsApp-Image-2021-05-25-at-13.34.11.jpeg\" \/>\n<meta name=\"author\" content=\"Lo viste en Los Pol\u00edticos\" \/>\n<meta name=\"twitter:card\" content=\"summary_large_image\" \/>\n<meta name=\"twitter:creator\" content=\"@LosPoliticosVer\" \/>\n<meta name=\"twitter:site\" content=\"@LosPoliticosVer\" \/>\n<meta name=\"twitter:label1\" content=\"Escrito por\" \/>\n\t<meta name=\"twitter:data1\" content=\"Lo viste en Los Pol\u00edticos\" \/>\n\t<meta name=\"twitter:label2\" content=\"Tiempo de lectura\" \/>\n\t<meta name=\"twitter:data2\" content=\"2 minutos\" \/>\n<script type=\"application\/ld+json\" class=\"yoast-schema-graph\">{\"@context\":\"https:\\\/\\\/schema.org\",\"@graph\":[{\"@type\":\"Article\",\"@id\":\"https:\\\/\\\/lospoliticosveracruz.com\\\/?p=74020#article\",\"isPartOf\":{\"@id\":\"https:\\\/\\\/lospoliticosveracruz.com\\\/?p=74020\"},\"author\":{\"name\":\"Lo viste en Los Pol\u00edticos\",\"@id\":\"https:\\\/\\\/lospoliticosveracruz.com\\\/#\\\/schema\\\/person\\\/b8702bb0e538456e6efd07080bf2a4a2\"},\"headline\":\"Juntos podemos hacer de Fort\u00edn, un lugar seguro\",\"datePublished\":\"2021-05-25T23:47:28+00:00\",\"dateModified\":\"2021-05-25T23:47:34+00:00\",\"mainEntityOfPage\":{\"@id\":\"https:\\\/\\\/lospoliticosveracruz.com\\\/?p=74020\"},\"wordCount\":424,\"publisher\":{\"@id\":\"https:\\\/\\\/lospoliticosveracruz.com\\\/#organization\"},\"image\":{\"@id\":\"https:\\\/\\\/lospoliticosveracruz.com\\\/?p=74020#primaryimage\"},\"thumbnailUrl\":\"http:\\\/\\\/www.lospoliticosveracruz.com.mx\\\/wp-content\\\/uploads\\\/2021\\\/05\\\/WhatsApp-Image-2021-05-25-at-13.34.11.jpeg\",\"keywords\":[\"D\u00eda Naranja\",\"feminicidios\",\"Lidia Aguirre\",\"maestra Lidia Aguirre\",\"Mi Primer Empleo\",\"mipymes\",\"Movimiento Ciudadano\",\"Mujeres de Palabra\"],\"articleSection\":[\"De Boleto\"],\"inLanguage\":\"es\"},{\"@type\":\"WebPage\",\"@id\":\"https:\\\/\\\/lospoliticosveracruz.com\\\/?p=74020\",\"url\":\"https:\\\/\\\/lospoliticosveracruz.com\\\/?p=74020\",\"name\":\"Juntos podemos hacer de Fort\u00edn, un lugar seguro - Los pol\u00edticos Veracruz\",\"isPartOf\":{\"@id\":\"https:\\\/\\\/lospoliticosveracruz.com\\\/#website\"},\"primaryImageOfPage\":{\"@id\":\"https:\\\/\\\/lospoliticosveracruz.com\\\/?p=74020#primaryimage\"},\"image\":{\"@id\":\"https:\\\/\\\/lospoliticosveracruz.com\\\/?p=74020#primaryimage\"},\"thumbnailUrl\":\"http:\\\/\\\/www.lospoliticosveracruz.com.mx\\\/wp-content\\\/uploads\\\/2021\\\/05\\\/WhatsApp-Image-2021-05-25-at-13.34.11.jpeg\",\"datePublished\":\"2021-05-25T23:47:28+00:00\",\"dateModified\":\"2021-05-25T23:47:34+00:00\",\"breadcrumb\":{\"@id\":\"https:\\\/\\\/lospoliticosveracruz.com\\\/?p=74020#breadcrumb\"},\"inLanguage\":\"es\",\"potentialAction\":[{\"@type\":\"ReadAction\",\"target\":[\"https:\\\/\\\/lospoliticosveracruz.com\\\/?p=74020\"]}]},{\"@type\":\"ImageObject\",\"inLanguage\":\"es\",\"@id\":\"https:\\\/\\\/lospoliticosveracruz.com\\\/?p=74020#primaryimage\",\"url\":\"http:\\\/\\\/www.lospoliticosveracruz.com.mx\\\/wp-content\\\/uploads\\\/2021\\\/05\\\/WhatsApp-Image-2021-05-25-at-13.34.11.jpeg\",\"contentUrl\":\"http:\\\/\\\/www.lospoliticosveracruz.com.mx\\\/wp-content\\\/uploads\\\/2021\\\/05\\\/WhatsApp-Image-2021-05-25-at-13.34.11.jpeg\"},{\"@type\":\"BreadcrumbList\",\"@id\":\"https:\\\/\\\/lospoliticosveracruz.com\\\/?p=74020#breadcrumb\",\"itemListElement\":[{\"@type\":\"ListItem\",\"position\":1,\"name\":\"Portada\",\"item\":\"https:\\\/\\\/lospoliticosveracruz.com\\\/\"},{\"@type\":\"ListItem\",\"position\":2,\"name\":\"Juntos podemos hacer de Fort\u00edn, un lugar seguro\"}]},{\"@type\":\"WebSite\",\"@id\":\"https:\\\/\\\/lospoliticosveracruz.com\\\/#website\",\"url\":\"https:\\\/\\\/lospoliticosveracruz.com\\\/\",\"name\":\"Los pol\u00edticos Veracruz\",\"description\":\"\",\"publisher\":{\"@id\":\"https:\\\/\\\/lospoliticosveracruz.com\\\/#organization\"},\"potentialAction\":[{\"@type\":\"SearchAction\",\"target\":{\"@type\":\"EntryPoint\",\"urlTemplate\":\"https:\\\/\\\/lospoliticosveracruz.com\\\/?s={search_term_string}\"},\"query-input\":{\"@type\":\"PropertyValueSpecification\",\"valueRequired\":true,\"valueName\":\"search_term_string\"}}],\"inLanguage\":\"es\"},{\"@type\":\"Organization\",\"@id\":\"https:\\\/\\\/lospoliticosveracruz.com\\\/#organization\",\"name\":\"Los pol\u00edticos Veracruz\",\"url\":\"https:\\\/\\\/lospoliticosveracruz.com\\\/\",\"logo\":{\"@type\":\"ImageObject\",\"inLanguage\":\"es\",\"@id\":\"https:\\\/\\\/lospoliticosveracruz.com\\\/#\\\/schema\\\/logo\\\/image\\\/\",\"url\":\"https:\\\/\\\/lospoliticosveracruz.com\\\/wp-content\\\/uploads\\\/2025\\\/12\\\/Logo-Nuevo-LOS-POLITICOS-1.jpg\",\"contentUrl\":\"https:\\\/\\\/lospoliticosveracruz.com\\\/wp-content\\\/uploads\\\/2025\\\/12\\\/Logo-Nuevo-LOS-POLITICOS-1.jpg\",\"width\":260,\"height\":70,\"caption\":\"Los pol\u00edticos Veracruz\"},\"image\":{\"@id\":\"https:\\\/\\\/lospoliticosveracruz.com\\\/#\\\/schema\\\/logo\\\/image\\\/\"},\"sameAs\":[\"https:\\\/\\\/www.facebook.com\\\/people\\\/Notimemes-de-los-Polticos\\\/61565672886568\\\/\",\"https:\\\/\\\/x.com\\\/LosPoliticosVer\"]},{\"@type\":\"Person\",\"@id\":\"https:\\\/\\\/lospoliticosveracruz.com\\\/#\\\/schema\\\/person\\\/b8702bb0e538456e6efd07080bf2a4a2\",\"name\":\"Lo viste en Los Pol\u00edticos\",\"image\":{\"@type\":\"ImageObject\",\"inLanguage\":\"es\",\"@id\":\"https:\\\/\\\/secure.gravatar.com\\\/avatar\\\/3a8de04a2656d44082be478bd6c086daa447c4651605818287b9532d3d0bd435?s=96&d=mm&r=g\",\"url\":\"https:\\\/\\\/secure.gravatar.com\\\/avatar\\\/3a8de04a2656d44082be478bd6c086daa447c4651605818287b9532d3d0bd435?s=96&d=mm&r=g\",\"contentUrl\":\"https:\\\/\\\/secure.gravatar.com\\\/avatar\\\/3a8de04a2656d44082be478bd6c086daa447c4651605818287b9532d3d0bd435?s=96&d=mm&r=g\",\"caption\":\"Lo viste en Los Pol\u00edticos\"},\"url\":\"https:\\\/\\\/lospoliticosveracruz.com\\\/?author=2\"}]}<\/script>\n<!-- \/ Yoast SEO plugin. -->","yoast_head_json":{"title":"Juntos podemos hacer de Fort\u00edn, un lugar seguro - Los pol\u00edticos Veracruz","robots":{"index":"index","follow":"follow","max-snippet":"max-snippet:-1","max-image-preview":"max-image-preview:large","max-video-preview":"max-video-preview:-1"},"canonical":"https:\/\/lospoliticosveracruz.com\/?p=74020","og_locale":"es_ES","og_type":"article","og_title":"Juntos podemos hacer de Fort\u00edn, un lugar seguro - Los pol\u00edticos Veracruz","og_description":"Fort\u00edn de las Flores\u201cFort\u00edn ser\u00e1 un municipio donde ni\u00f1as, adolescentes y mujeres podr\u00e1n desarrollarse a plenitud y vivir en paz\u201d, afirm\u00f3 la maestra Lidia Aguirre, candidata de Movimiento Ciudadano a la presidencia municipal, en el D\u00eda Naranja. Llam\u00f3 a sumar capacidades para erradicar la violencia hacia ni\u00f1as y mujeres, y alert\u00f3: \u201ccada d\u00eda, entre 9 [&hellip;]","og_url":"https:\/\/lospoliticosveracruz.com\/?p=74020","og_site_name":"Los pol\u00edticos Veracruz","article_publisher":"https:\/\/www.facebook.com\/people\/Notimemes-de-los-Polticos\/61565672886568\/","article_published_time":"2021-05-25T23:47:28+00:00","article_modified_time":"2021-05-25T23:47:34+00:00","og_image":[{"url":"http:\/\/www.lospoliticosveracruz.com.mx\/wp-content\/uploads\/2021\/05\/WhatsApp-Image-2021-05-25-at-13.34.11.jpeg","type":"","width":"","height":""}],"author":"Lo viste en Los Pol\u00edticos","twitter_card":"summary_large_image","twitter_creator":"@LosPoliticosVer","twitter_site":"@LosPoliticosVer","twitter_misc":{"Escrito por":"Lo viste en Los Pol\u00edticos","Tiempo de lectura":"2 minutos"},"schema":{"@context":"https:\/\/schema.org","@graph":[{"@type":"Article","@id":"https:\/\/lospoliticosveracruz.com\/?p=74020#article","isPartOf":{"@id":"https:\/\/lospoliticosveracruz.com\/?p=74020"},"author":{"name":"Lo viste en Los Pol\u00edticos","@id":"https:\/\/lospoliticosveracruz.com\/#\/schema\/person\/b8702bb0e538456e6efd07080bf2a4a2"},"headline":"Juntos podemos hacer de Fort\u00edn, un lugar seguro","datePublished":"2021-05-25T23:47:28+00:00","dateModified":"2021-05-25T23:47:34+00:00","mainEntityOfPage":{"@id":"https:\/\/lospoliticosveracruz.com\/?p=74020"},"wordCount":424,"publisher":{"@id":"https:\/\/lospoliticosveracruz.com\/#organization"},"image":{"@id":"https:\/\/lospoliticosveracruz.com\/?p=74020#primaryimage"},"thumbnailUrl":"http:\/\/www.lospoliticosveracruz.com.mx\/wp-content\/uploads\/2021\/05\/WhatsApp-Image-2021-05-25-at-13.34.11.jpeg","keywords":["D\u00eda Naranja","feminicidios","Lidia Aguirre","maestra Lidia Aguirre","Mi Primer Empleo","mipymes","Movimiento Ciudadano","Mujeres de Palabra"],"articleSection":["De Boleto"],"inLanguage":"es"},{"@type":"WebPage","@id":"https:\/\/lospoliticosveracruz.com\/?p=74020","url":"https:\/\/lospoliticosveracruz.com\/?p=74020","name":"Juntos podemos hacer de Fort\u00edn, un lugar seguro - Los pol\u00edticos Veracruz","isPartOf":{"@id":"https:\/\/lospoliticosveracruz.com\/#website"},"primaryImageOfPage":{"@id":"https:\/\/lospoliticosveracruz.com\/?p=74020#primaryimage"},"image":{"@id":"https:\/\/lospoliticosveracruz.com\/?p=74020#primaryimage"},"thumbnailUrl":"http:\/\/www.lospoliticosveracruz.com.mx\/wp-content\/uploads\/2021\/05\/WhatsApp-Image-2021-05-25-at-13.34.11.jpeg","datePublished":"2021-05-25T23:47:28+00:00","dateModified":"2021-05-25T23:47:34+00:00","breadcrumb":{"@id":"https:\/\/lospoliticosveracruz.com\/?p=74020#breadcrumb"},"inLanguage":"es","potentialAction":[{"@type":"ReadAction","target":["https:\/\/lospoliticosveracruz.com\/?p=74020"]}]},{"@type":"ImageObject","inLanguage":"es","@id":"https:\/\/lospoliticosveracruz.com\/?p=74020#primaryimage","url":"http:\/\/www.lospoliticosveracruz.com.mx\/wp-content\/uploads\/2021\/05\/WhatsApp-Image-2021-05-25-at-13.34.11.jpeg","contentUrl":"http:\/\/www.lospoliticosveracruz.com.mx\/wp-content\/uploads\/2021\/05\/WhatsApp-Image-2021-05-25-at-13.34.11.jpeg"},{"@type":"BreadcrumbList","@id":"https:\/\/lospoliticosveracruz.com\/?p=74020#breadcrumb","itemListElement":[{"@type":"ListItem","position":1,"name":"Portada","item":"https:\/\/lospoliticosveracruz.com\/"},{"@type":"ListItem","position":2,"name":"Juntos podemos hacer de Fort\u00edn, un lugar seguro"}]},{"@type":"WebSite","@id":"https:\/\/lospoliticosveracruz.com\/#website","url":"https:\/\/lospoliticosveracruz.com\/","name":"Los pol\u00edticos Veracruz","description":"","publisher":{"@id":"https:\/\/lospoliticosveracruz.com\/#organization"},"potentialAction":[{"@type":"SearchAction","target":{"@type":"EntryPoint","urlTemplate":"https:\/\/lospoliticosveracruz.com\/?s={search_term_string}"},"query-input":{"@type":"PropertyValueSpecification","valueRequired":true,"valueName":"search_term_string"}}],"inLanguage":"es"},{"@type":"Organization","@id":"https:\/\/lospoliticosveracruz.com\/#organization","name":"Los pol\u00edticos Veracruz","url":"https:\/\/lospoliticosveracruz.com\/","logo":{"@type":"ImageObject","inLanguage":"es","@id":"https:\/\/lospoliticosveracruz.com\/#\/schema\/logo\/image\/","url":"https:\/\/lospoliticosveracruz.com\/wp-content\/uploads\/2025\/12\/Logo-Nuevo-LOS-POLITICOS-1.jpg","contentUrl":"https:\/\/lospoliticosveracruz.com\/wp-content\/uploads\/2025\/12\/Logo-Nuevo-LOS-POLITICOS-1.jpg","width":260,"height":70,"caption":"Los pol\u00edticos Veracruz"},"image":{"@id":"https:\/\/lospoliticosveracruz.com\/#\/schema\/logo\/image\/"},"sameAs":["https:\/\/www.facebook.com\/people\/Notimemes-de-los-Polticos\/61565672886568\/","https:\/\/x.com\/LosPoliticosVer"]},{"@type":"Person","@id":"https:\/\/lospoliticosveracruz.com\/#\/schema\/person\/b8702bb0e538456e6efd07080bf2a4a2","name":"Lo viste en Los Pol\u00edticos","image":{"@type":"ImageObject","inLanguage":"es","@id":"https:\/\/secure.gravatar.com\/avatar\/3a8de04a2656d44082be478bd6c086daa447c4651605818287b9532d3d0bd435?s=96&d=mm&r=g","url":"https:\/\/secure.gravatar.com\/avatar\/3a8de04a2656d44082be478bd6c086daa447c4651605818287b9532d3d0bd435?s=96&d=mm&r=g","contentUrl":"https:\/\/secure.gravatar.com\/avatar\/3a8de04a2656d44082be478bd6c086daa447c4651605818287b9532d3d0bd435?s=96&d=mm&r=g","caption":"Lo viste en Los Pol\u00edticos"},"url":"https:\/\/lospoliticosveracruz.com\/?author=2"}]}},"_links":{"self":[{"href":"https:\/\/lospoliticosveracruz.com\/index.php?rest_route=\/wp\/v2\/posts\/74020","targetHints":{"allow":["GET"]}}],"collection":[{"href":"https:\/\/lospoliticosveracruz.com\/index.php?rest_route=\/wp\/v2\/posts"}],"about":[{"href":"https:\/\/lospoliticosveracruz.com\/index.php?rest_route=\/wp\/v2\/types\/post"}],"author":[{"embeddable":true,"href":"https:\/\/lospoliticosveracruz.com\/index.php?rest_route=\/wp\/v2\/users\/2"}],"replies":[{"embeddable":true,"href":"https:\/\/lospoliticosveracruz.com\/index.php?rest_route=%2Fwp%2Fv2%2Fcomments&post=74020"}],"version-history":[{"count":1,"href":"https:\/\/lospoliticosveracruz.com\/index.php?rest_route=\/wp\/v2\/posts\/74020\/revisions"}],"predecessor-version":[{"id":74022,"href":"https:\/\/lospoliticosveracruz.com\/index.php?rest_route=\/wp\/v2\/posts\/74020\/revisions\/74022"}],"wp:attachment":[{"href":"https:\/\/lospoliticosveracruz.com\/index.php?rest_route=%2Fwp%2Fv2%2Fmedia&parent=74020"}],"wp:term":[{"taxonomy":"category","embeddable":true,"href":"https:\/\/lospoliticosveracruz.com\/index.php?rest_route=%2Fwp%2Fv2%2Fcategories&post=74020"},{"taxonomy":"post_tag","embeddable":true,"href":"https:\/\/lospoliticosveracruz.com\/index.php?rest_route=%2Fwp%2Fv2%2Ftags&post=74020"}],"curies":[{"name":"wp","href":"https:\/\/api.w.org\/{rel}","templated":true}]}}