{"id":74035,"date":"2021-05-25T20:18:32","date_gmt":"2021-05-26T01:18:32","guid":{"rendered":"http:\/\/www.lospoliticosveracruz.com.mx\/?p=74035"},"modified":"2021-05-25T20:18:36","modified_gmt":"2021-05-26T01:18:36","slug":"ame-atento-a-los-derechos-de-pensionados","status":"publish","type":"post","link":"https:\/\/lospoliticosveracruz.com\/?p=74035","title":{"rendered":"Ame, atento a los derechos de pensionados"},"content":{"rendered":"\n<p><strong>Xalapa<\/strong><br>El candidato de la alianza \u201cVa por M\u00e9xico\u201d a la Diputaci\u00f3n Federal por el Distrito de Xalapa Urbano, Am\u00e9rico Z\u00fa\u00f1iga Mart\u00ednez, se\u00f1al\u00f3 que, de ser electo, estar\u00e1 siempre atento a que no se afecten las pensiones ni los derechos de aquellos que ya trabajaron por el bienestar de M\u00e9xico.<\/p>\n\n\n\n<div class=\"wp-block-image\"><figure class=\"alignleft size-large\"><a href=\"http:\/\/www.lospoliticosveracruz.com.mx\/wp-content\/uploads\/2021\/05\/WhatsApp-Image-2021-05-25-at-13.34.11.jpeg\"><img decoding=\"async\" src=\"http:\/\/www.lospoliticosveracruz.com.mx\/wp-content\/uploads\/2021\/05\/WhatsApp-Image-2021-05-25-at-13.34.11.jpeg\" alt=\"\" class=\"wp-image-73963\"\/><\/a><\/figure><\/div>\n\n\n\n<p><br>Refiri\u00f3 que cuando se cre\u00f3 la unidad de medida y actualizaci\u00f3n (UMA), en el a\u00f1o 2016, su esp\u00edritu en ning\u00fan momento contemplaba afectar a los derechos humanos o que se iba a modificar de alguna forma el r\u00e9gimen pensionario y la previsi\u00f3n social de los trabajadores al servicio de estado. \u201cEst\u00e1n queriendo dar una mala interpretaci\u00f3n a la ley y me parece que es a todas luces inconstitucional, sobre todo porque se pudiera aplicar de forma retroactiva, en perjuicio de las personas\u201d.<br>Z\u00fa\u00f1iga Mart\u00ednez refiri\u00f3 que es desafortunado que el r\u00e9gimen de pensiones se maneje con la UMA, porque existe una gran diferencia entre el costo de esta y el salario m\u00ednimo y, de aplicarse este sistema en Veracruz, los pensionados se ver\u00edan gravemente afectados, tambi\u00e9n porque el salario m\u00ednimo tiene mayores incrementos.<br>Hemos hecho el planteamiento con algunos representantes de trabajadores a irnos al nacimimiento de las UMA\u2019s, porque estoy seguro de que cuando nacieron no fue pensando en los billones de pesos que se iba a ahorrar el r\u00e9gimen pensionario o el sistema financiero mexicano, se hicieron con la finalidad de desindexar el c\u00e1lculo de diversos indicadores econ\u00f3micos al salario m\u00ednimo, para que su aumento no tuviese repercusi\u00f3n en obligaciones como multas, recargos o cr\u00e9ditos del Infonavit, dijo Am\u00e9rico Z\u00fa\u00f1iga.<br>\u201cHoy vemos que en algunos estados las pensiones se est\u00e1n tasando con esa \u00f3ptica y la preocupaci\u00f3n es que llegue al estado de Veracruz, porque esto afectar\u00eda a nuestros pensionados\u201d, especific\u00f3.<br>Am\u00e9rico Z\u00fa\u00f1iga asegur\u00f3 a los xalape\u00f1os que pueden contar con que sea un diputado federal que trabaje para salvaguardar el respeto \u00edntegro a lo que dice la Constituci\u00f3n, para que no se quiera violentar con un tasado distinto a los pensionados y jubilados, a quienes les expreso mi m\u00e1s grande respeto y reconocimiento por todos los a\u00f1os trabajados.<\/p>\n","protected":false},"excerpt":{"rendered":"<p>XalapaEl candidato de la alianza \u201cVa por M\u00e9xico\u201d a la Diputaci\u00f3n Federal por el Distrito de Xalapa Urbano, Am\u00e9rico Z\u00fa\u00f1iga Mart\u00ednez, se\u00f1al\u00f3 que, de ser electo, estar\u00e1 siempre atento a que no se afecten las pensiones ni los derechos de aquellos que ya trabajaron por el bienestar de M\u00e9xico. Refiri\u00f3 que cuando se cre\u00f3 la [&hellip;]<\/p>\n","protected":false},"author":2,"featured_media":0,"comment_status":"closed","ping_status":"closed","sticky":false,"template":"","format":"standard","meta":{"tdm_status":"","tdm_grid_status":"","footnotes":""},"categories":[73],"tags":[539,575,11904,24697,195],"class_list":{"0":"post-74035","1":"post","2":"type-post","3":"status-publish","4":"format-standard","6":"category-de-boleto","7":"tag-americo-zuniga-martinez","8":"tag-diputacion-federal","9":"tag-uma","10":"tag-va-por-mexico","11":"tag-veracruz"},"yoast_head":"<!-- This site is optimized with the Yoast SEO plugin v27.4 - https:\/\/yoast.com\/product\/yoast-seo-wordpress\/ -->\n<title>Ame, atento a los derechos de pensionados - Los pol\u00edticos Veracruz<\/title>\n<meta name=\"robots\" content=\"index, follow, max-snippet:-1, max-image-preview:large, max-video-preview:-1\" \/>\n<link rel=\"canonical\" href=\"https:\/\/lospoliticosveracruz.com\/?p=74035\" \/>\n<meta property=\"og:locale\" content=\"es_ES\" \/>\n<meta property=\"og:type\" content=\"article\" \/>\n<meta property=\"og:title\" content=\"Ame, atento a los derechos de pensionados - Los pol\u00edticos Veracruz\" \/>\n<meta property=\"og:description\" content=\"XalapaEl candidato de la alianza \u201cVa por M\u00e9xico\u201d a la Diputaci\u00f3n Federal por el Distrito de Xalapa Urbano, Am\u00e9rico Z\u00fa\u00f1iga Mart\u00ednez, se\u00f1al\u00f3 que, de ser electo, estar\u00e1 siempre atento a que no se afecten las pensiones ni los derechos de aquellos que ya trabajaron por el bienestar de M\u00e9xico. Refiri\u00f3 que cuando se cre\u00f3 la [&hellip;]\" \/>\n<meta property=\"og:url\" content=\"https:\/\/lospoliticosveracruz.com\/?p=74035\" \/>\n<meta property=\"og:site_name\" content=\"Los pol\u00edticos Veracruz\" \/>\n<meta property=\"article:publisher\" content=\"https:\/\/www.facebook.com\/people\/Notimemes-de-los-Polticos\/61565672886568\/\" \/>\n<meta property=\"article:published_time\" content=\"2021-05-26T01:18:32+00:00\" \/>\n<meta property=\"article:modified_time\" content=\"2021-05-26T01:18:36+00:00\" \/>\n<meta property=\"og:image\" content=\"http:\/\/www.lospoliticosveracruz.com.mx\/wp-content\/uploads\/2021\/05\/WhatsApp-Image-2021-05-25-at-13.34.11.jpeg\" \/>\n<meta name=\"author\" content=\"Lo viste en Los Pol\u00edticos\" \/>\n<meta name=\"twitter:card\" content=\"summary_large_image\" \/>\n<meta name=\"twitter:creator\" content=\"@LosPoliticosVer\" \/>\n<meta name=\"twitter:site\" content=\"@LosPoliticosVer\" \/>\n<meta name=\"twitter:label1\" content=\"Escrito por\" \/>\n\t<meta name=\"twitter:data1\" content=\"Lo viste en Los Pol\u00edticos\" \/>\n\t<meta name=\"twitter:label2\" content=\"Tiempo de lectura\" \/>\n\t<meta name=\"twitter:data2\" content=\"2 minutos\" \/>\n<script type=\"application\/ld+json\" class=\"yoast-schema-graph\">{\"@context\":\"https:\\\/\\\/schema.org\",\"@graph\":[{\"@type\":\"Article\",\"@id\":\"https:\\\/\\\/lospoliticosveracruz.com\\\/?p=74035#article\",\"isPartOf\":{\"@id\":\"https:\\\/\\\/lospoliticosveracruz.com\\\/?p=74035\"},\"author\":{\"name\":\"Lo viste en Los Pol\u00edticos\",\"@id\":\"https:\\\/\\\/lospoliticosveracruz.com\\\/#\\\/schema\\\/person\\\/b8702bb0e538456e6efd07080bf2a4a2\"},\"headline\":\"Ame, atento a los derechos de pensionados\",\"datePublished\":\"2021-05-26T01:18:32+00:00\",\"dateModified\":\"2021-05-26T01:18:36+00:00\",\"mainEntityOfPage\":{\"@id\":\"https:\\\/\\\/lospoliticosveracruz.com\\\/?p=74035\"},\"wordCount\":397,\"publisher\":{\"@id\":\"https:\\\/\\\/lospoliticosveracruz.com\\\/#organization\"},\"image\":{\"@id\":\"https:\\\/\\\/lospoliticosveracruz.com\\\/?p=74035#primaryimage\"},\"thumbnailUrl\":\"http:\\\/\\\/www.lospoliticosveracruz.com.mx\\\/wp-content\\\/uploads\\\/2021\\\/05\\\/WhatsApp-Image-2021-05-25-at-13.34.11.jpeg\",\"keywords\":[\"Am\u00e9rico Z\u00fa\u00f1iga Mart\u00ednez\",\"diputaci\u00f3n federal\",\"UMA\",\"Va por M\u00e9xico\",\"Veracruz\"],\"articleSection\":[\"De Boleto\"],\"inLanguage\":\"es\"},{\"@type\":\"WebPage\",\"@id\":\"https:\\\/\\\/lospoliticosveracruz.com\\\/?p=74035\",\"url\":\"https:\\\/\\\/lospoliticosveracruz.com\\\/?p=74035\",\"name\":\"Ame, atento a los derechos de pensionados - Los pol\u00edticos Veracruz\",\"isPartOf\":{\"@id\":\"https:\\\/\\\/lospoliticosveracruz.com\\\/#website\"},\"primaryImageOfPage\":{\"@id\":\"https:\\\/\\\/lospoliticosveracruz.com\\\/?p=74035#primaryimage\"},\"image\":{\"@id\":\"https:\\\/\\\/lospoliticosveracruz.com\\\/?p=74035#primaryimage\"},\"thumbnailUrl\":\"http:\\\/\\\/www.lospoliticosveracruz.com.mx\\\/wp-content\\\/uploads\\\/2021\\\/05\\\/WhatsApp-Image-2021-05-25-at-13.34.11.jpeg\",\"datePublished\":\"2021-05-26T01:18:32+00:00\",\"dateModified\":\"2021-05-26T01:18:36+00:00\",\"breadcrumb\":{\"@id\":\"https:\\\/\\\/lospoliticosveracruz.com\\\/?p=74035#breadcrumb\"},\"inLanguage\":\"es\",\"potentialAction\":[{\"@type\":\"ReadAction\",\"target\":[\"https:\\\/\\\/lospoliticosveracruz.com\\\/?p=74035\"]}]},{\"@type\":\"ImageObject\",\"inLanguage\":\"es\",\"@id\":\"https:\\\/\\\/lospoliticosveracruz.com\\\/?p=74035#primaryimage\",\"url\":\"http:\\\/\\\/www.lospoliticosveracruz.com.mx\\\/wp-content\\\/uploads\\\/2021\\\/05\\\/WhatsApp-Image-2021-05-25-at-13.34.11.jpeg\",\"contentUrl\":\"http:\\\/\\\/www.lospoliticosveracruz.com.mx\\\/wp-content\\\/uploads\\\/2021\\\/05\\\/WhatsApp-Image-2021-05-25-at-13.34.11.jpeg\"},{\"@type\":\"BreadcrumbList\",\"@id\":\"https:\\\/\\\/lospoliticosveracruz.com\\\/?p=74035#breadcrumb\",\"itemListElement\":[{\"@type\":\"ListItem\",\"position\":1,\"name\":\"Portada\",\"item\":\"https:\\\/\\\/lospoliticosveracruz.com\\\/\"},{\"@type\":\"ListItem\",\"position\":2,\"name\":\"Ame, atento a los derechos de pensionados\"}]},{\"@type\":\"WebSite\",\"@id\":\"https:\\\/\\\/lospoliticosveracruz.com\\\/#website\",\"url\":\"https:\\\/\\\/lospoliticosveracruz.com\\\/\",\"name\":\"Los pol\u00edticos Veracruz\",\"description\":\"\",\"publisher\":{\"@id\":\"https:\\\/\\\/lospoliticosveracruz.com\\\/#organization\"},\"potentialAction\":[{\"@type\":\"SearchAction\",\"target\":{\"@type\":\"EntryPoint\",\"urlTemplate\":\"https:\\\/\\\/lospoliticosveracruz.com\\\/?s={search_term_string}\"},\"query-input\":{\"@type\":\"PropertyValueSpecification\",\"valueRequired\":true,\"valueName\":\"search_term_string\"}}],\"inLanguage\":\"es\"},{\"@type\":\"Organization\",\"@id\":\"https:\\\/\\\/lospoliticosveracruz.com\\\/#organization\",\"name\":\"Los pol\u00edticos Veracruz\",\"url\":\"https:\\\/\\\/lospoliticosveracruz.com\\\/\",\"logo\":{\"@type\":\"ImageObject\",\"inLanguage\":\"es\",\"@id\":\"https:\\\/\\\/lospoliticosveracruz.com\\\/#\\\/schema\\\/logo\\\/image\\\/\",\"url\":\"https:\\\/\\\/lospoliticosveracruz.com\\\/wp-content\\\/uploads\\\/2025\\\/12\\\/Logo-Nuevo-LOS-POLITICOS-1.jpg\",\"contentUrl\":\"https:\\\/\\\/lospoliticosveracruz.com\\\/wp-content\\\/uploads\\\/2025\\\/12\\\/Logo-Nuevo-LOS-POLITICOS-1.jpg\",\"width\":260,\"height\":70,\"caption\":\"Los pol\u00edticos Veracruz\"},\"image\":{\"@id\":\"https:\\\/\\\/lospoliticosveracruz.com\\\/#\\\/schema\\\/logo\\\/image\\\/\"},\"sameAs\":[\"https:\\\/\\\/www.facebook.com\\\/people\\\/Notimemes-de-los-Polticos\\\/61565672886568\\\/\",\"https:\\\/\\\/x.com\\\/LosPoliticosVer\"]},{\"@type\":\"Person\",\"@id\":\"https:\\\/\\\/lospoliticosveracruz.com\\\/#\\\/schema\\\/person\\\/b8702bb0e538456e6efd07080bf2a4a2\",\"name\":\"Lo viste en Los Pol\u00edticos\",\"image\":{\"@type\":\"ImageObject\",\"inLanguage\":\"es\",\"@id\":\"https:\\\/\\\/secure.gravatar.com\\\/avatar\\\/3a8de04a2656d44082be478bd6c086daa447c4651605818287b9532d3d0bd435?s=96&d=mm&r=g\",\"url\":\"https:\\\/\\\/secure.gravatar.com\\\/avatar\\\/3a8de04a2656d44082be478bd6c086daa447c4651605818287b9532d3d0bd435?s=96&d=mm&r=g\",\"contentUrl\":\"https:\\\/\\\/secure.gravatar.com\\\/avatar\\\/3a8de04a2656d44082be478bd6c086daa447c4651605818287b9532d3d0bd435?s=96&d=mm&r=g\",\"caption\":\"Lo viste en Los Pol\u00edticos\"},\"url\":\"https:\\\/\\\/lospoliticosveracruz.com\\\/?author=2\"}]}<\/script>\n<!-- \/ Yoast SEO plugin. -->","yoast_head_json":{"title":"Ame, atento a los derechos de pensionados - Los pol\u00edticos Veracruz","robots":{"index":"index","follow":"follow","max-snippet":"max-snippet:-1","max-image-preview":"max-image-preview:large","max-video-preview":"max-video-preview:-1"},"canonical":"https:\/\/lospoliticosveracruz.com\/?p=74035","og_locale":"es_ES","og_type":"article","og_title":"Ame, atento a los derechos de pensionados - Los pol\u00edticos Veracruz","og_description":"XalapaEl candidato de la alianza \u201cVa por M\u00e9xico\u201d a la Diputaci\u00f3n Federal por el Distrito de Xalapa Urbano, Am\u00e9rico Z\u00fa\u00f1iga Mart\u00ednez, se\u00f1al\u00f3 que, de ser electo, estar\u00e1 siempre atento a que no se afecten las pensiones ni los derechos de aquellos que ya trabajaron por el bienestar de M\u00e9xico. Refiri\u00f3 que cuando se cre\u00f3 la [&hellip;]","og_url":"https:\/\/lospoliticosveracruz.com\/?p=74035","og_site_name":"Los pol\u00edticos Veracruz","article_publisher":"https:\/\/www.facebook.com\/people\/Notimemes-de-los-Polticos\/61565672886568\/","article_published_time":"2021-05-26T01:18:32+00:00","article_modified_time":"2021-05-26T01:18:36+00:00","og_image":[{"url":"http:\/\/www.lospoliticosveracruz.com.mx\/wp-content\/uploads\/2021\/05\/WhatsApp-Image-2021-05-25-at-13.34.11.jpeg","type":"","width":"","height":""}],"author":"Lo viste en Los Pol\u00edticos","twitter_card":"summary_large_image","twitter_creator":"@LosPoliticosVer","twitter_site":"@LosPoliticosVer","twitter_misc":{"Escrito por":"Lo viste en Los Pol\u00edticos","Tiempo de lectura":"2 minutos"},"schema":{"@context":"https:\/\/schema.org","@graph":[{"@type":"Article","@id":"https:\/\/lospoliticosveracruz.com\/?p=74035#article","isPartOf":{"@id":"https:\/\/lospoliticosveracruz.com\/?p=74035"},"author":{"name":"Lo viste en Los Pol\u00edticos","@id":"https:\/\/lospoliticosveracruz.com\/#\/schema\/person\/b8702bb0e538456e6efd07080bf2a4a2"},"headline":"Ame, atento a los derechos de pensionados","datePublished":"2021-05-26T01:18:32+00:00","dateModified":"2021-05-26T01:18:36+00:00","mainEntityOfPage":{"@id":"https:\/\/lospoliticosveracruz.com\/?p=74035"},"wordCount":397,"publisher":{"@id":"https:\/\/lospoliticosveracruz.com\/#organization"},"image":{"@id":"https:\/\/lospoliticosveracruz.com\/?p=74035#primaryimage"},"thumbnailUrl":"http:\/\/www.lospoliticosveracruz.com.mx\/wp-content\/uploads\/2021\/05\/WhatsApp-Image-2021-05-25-at-13.34.11.jpeg","keywords":["Am\u00e9rico Z\u00fa\u00f1iga Mart\u00ednez","diputaci\u00f3n federal","UMA","Va por M\u00e9xico","Veracruz"],"articleSection":["De Boleto"],"inLanguage":"es"},{"@type":"WebPage","@id":"https:\/\/lospoliticosveracruz.com\/?p=74035","url":"https:\/\/lospoliticosveracruz.com\/?p=74035","name":"Ame, atento a los derechos de pensionados - Los pol\u00edticos Veracruz","isPartOf":{"@id":"https:\/\/lospoliticosveracruz.com\/#website"},"primaryImageOfPage":{"@id":"https:\/\/lospoliticosveracruz.com\/?p=74035#primaryimage"},"image":{"@id":"https:\/\/lospoliticosveracruz.com\/?p=74035#primaryimage"},"thumbnailUrl":"http:\/\/www.lospoliticosveracruz.com.mx\/wp-content\/uploads\/2021\/05\/WhatsApp-Image-2021-05-25-at-13.34.11.jpeg","datePublished":"2021-05-26T01:18:32+00:00","dateModified":"2021-05-26T01:18:36+00:00","breadcrumb":{"@id":"https:\/\/lospoliticosveracruz.com\/?p=74035#breadcrumb"},"inLanguage":"es","potentialAction":[{"@type":"ReadAction","target":["https:\/\/lospoliticosveracruz.com\/?p=74035"]}]},{"@type":"ImageObject","inLanguage":"es","@id":"https:\/\/lospoliticosveracruz.com\/?p=74035#primaryimage","url":"http:\/\/www.lospoliticosveracruz.com.mx\/wp-content\/uploads\/2021\/05\/WhatsApp-Image-2021-05-25-at-13.34.11.jpeg","contentUrl":"http:\/\/www.lospoliticosveracruz.com.mx\/wp-content\/uploads\/2021\/05\/WhatsApp-Image-2021-05-25-at-13.34.11.jpeg"},{"@type":"BreadcrumbList","@id":"https:\/\/lospoliticosveracruz.com\/?p=74035#breadcrumb","itemListElement":[{"@type":"ListItem","position":1,"name":"Portada","item":"https:\/\/lospoliticosveracruz.com\/"},{"@type":"ListItem","position":2,"name":"Ame, atento a los derechos de pensionados"}]},{"@type":"WebSite","@id":"https:\/\/lospoliticosveracruz.com\/#website","url":"https:\/\/lospoliticosveracruz.com\/","name":"Los pol\u00edticos Veracruz","description":"","publisher":{"@id":"https:\/\/lospoliticosveracruz.com\/#organization"},"potentialAction":[{"@type":"SearchAction","target":{"@type":"EntryPoint","urlTemplate":"https:\/\/lospoliticosveracruz.com\/?s={search_term_string}"},"query-input":{"@type":"PropertyValueSpecification","valueRequired":true,"valueName":"search_term_string"}}],"inLanguage":"es"},{"@type":"Organization","@id":"https:\/\/lospoliticosveracruz.com\/#organization","name":"Los pol\u00edticos Veracruz","url":"https:\/\/lospoliticosveracruz.com\/","logo":{"@type":"ImageObject","inLanguage":"es","@id":"https:\/\/lospoliticosveracruz.com\/#\/schema\/logo\/image\/","url":"https:\/\/lospoliticosveracruz.com\/wp-content\/uploads\/2025\/12\/Logo-Nuevo-LOS-POLITICOS-1.jpg","contentUrl":"https:\/\/lospoliticosveracruz.com\/wp-content\/uploads\/2025\/12\/Logo-Nuevo-LOS-POLITICOS-1.jpg","width":260,"height":70,"caption":"Los pol\u00edticos Veracruz"},"image":{"@id":"https:\/\/lospoliticosveracruz.com\/#\/schema\/logo\/image\/"},"sameAs":["https:\/\/www.facebook.com\/people\/Notimemes-de-los-Polticos\/61565672886568\/","https:\/\/x.com\/LosPoliticosVer"]},{"@type":"Person","@id":"https:\/\/lospoliticosveracruz.com\/#\/schema\/person\/b8702bb0e538456e6efd07080bf2a4a2","name":"Lo viste en Los Pol\u00edticos","image":{"@type":"ImageObject","inLanguage":"es","@id":"https:\/\/secure.gravatar.com\/avatar\/3a8de04a2656d44082be478bd6c086daa447c4651605818287b9532d3d0bd435?s=96&d=mm&r=g","url":"https:\/\/secure.gravatar.com\/avatar\/3a8de04a2656d44082be478bd6c086daa447c4651605818287b9532d3d0bd435?s=96&d=mm&r=g","contentUrl":"https:\/\/secure.gravatar.com\/avatar\/3a8de04a2656d44082be478bd6c086daa447c4651605818287b9532d3d0bd435?s=96&d=mm&r=g","caption":"Lo viste en Los Pol\u00edticos"},"url":"https:\/\/lospoliticosveracruz.com\/?author=2"}]}},"_links":{"self":[{"href":"https:\/\/lospoliticosveracruz.com\/index.php?rest_route=\/wp\/v2\/posts\/74035","targetHints":{"allow":["GET"]}}],"collection":[{"href":"https:\/\/lospoliticosveracruz.com\/index.php?rest_route=\/wp\/v2\/posts"}],"about":[{"href":"https:\/\/lospoliticosveracruz.com\/index.php?rest_route=\/wp\/v2\/types\/post"}],"author":[{"embeddable":true,"href":"https:\/\/lospoliticosveracruz.com\/index.php?rest_route=\/wp\/v2\/users\/2"}],"replies":[{"embeddable":true,"href":"https:\/\/lospoliticosveracruz.com\/index.php?rest_route=%2Fwp%2Fv2%2Fcomments&post=74035"}],"version-history":[{"count":1,"href":"https:\/\/lospoliticosveracruz.com\/index.php?rest_route=\/wp\/v2\/posts\/74035\/revisions"}],"predecessor-version":[{"id":74037,"href":"https:\/\/lospoliticosveracruz.com\/index.php?rest_route=\/wp\/v2\/posts\/74035\/revisions\/74037"}],"wp:attachment":[{"href":"https:\/\/lospoliticosveracruz.com\/index.php?rest_route=%2Fwp%2Fv2%2Fmedia&parent=74035"}],"wp:term":[{"taxonomy":"category","embeddable":true,"href":"https:\/\/lospoliticosveracruz.com\/index.php?rest_route=%2Fwp%2Fv2%2Fcategories&post=74035"},{"taxonomy":"post_tag","embeddable":true,"href":"https:\/\/lospoliticosveracruz.com\/index.php?rest_route=%2Fwp%2Fv2%2Ftags&post=74035"}],"curies":[{"name":"wp","href":"https:\/\/api.w.org\/{rel}","templated":true}]}}