{"id":74043,"date":"2021-05-25T22:41:25","date_gmt":"2021-05-26T03:41:25","guid":{"rendered":"http:\/\/www.lospoliticosveracruz.com.mx\/?p=74043"},"modified":"2021-05-25T22:41:28","modified_gmt":"2021-05-26T03:41:28","slug":"cambio-de-candidatos","status":"publish","type":"post","link":"https:\/\/lospoliticosveracruz.com\/?p=74043","title":{"rendered":"Cambio de candidatos"},"content":{"rendered":"\n<p><strong>Enrique Yasser Pompeyo<\/strong><\/p>\n\n\n\n<p><em>Mesa de Redacci\u00f3n<br><\/em><\/p>\n\n\n\n<p>El retiro de candidaturas tras las resoluciones de los magistrados del Tribunal Electoral de Veracruz (TEV) ha puesto en aprietos a los diferentes partidos pol\u00edticos en la entidad.<br>A una semana de que concluyan las campa\u00f1as electorales, los institutos pol\u00edticos han tenido que proponer a otros candidatos y eso impacta en las preferencias ciudadanas.<\/p>\n\n\n\n<div class=\"wp-block-image\"><figure class=\"alignleft size-large\"><a href=\"http:\/\/www.lospoliticosveracruz.com.mx\/wp-content\/uploads\/2021\/05\/WhatsApp-Image-2021-05-25-at-13.34.11.jpeg\"><img decoding=\"async\" src=\"http:\/\/www.lospoliticosveracruz.com.mx\/wp-content\/uploads\/2021\/05\/WhatsApp-Image-2021-05-25-at-13.34.11.jpeg\" alt=\"\" class=\"wp-image-73963\"\/><\/a><\/figure><\/div>\n\n\n\n<p><br>En algunos casos ha sido por el tema de la paridad de g\u00e9nero, en otros por el aspecto ind\u00edgena y otros han sido cambios entre mujeres.<br>Por ejemplo, al partido Fuerza por M\u00e9xico le tumbaron a su candidato var\u00f3n a la alcald\u00eda de Nanchital por incumplir el principio de paridad, tanto, que este martes, a V\u00edctor Morales G\u00e1lvez no se le permiti\u00f3 la entrada a la sede de debates en el municipio de Coatzacoalcos.<br>En un segundo caso, el ente electoral revoc\u00f3 el registro de la ciudadana Catalina Espinoza Guevara como candidata propietaria a presidenta municipal por el Ayuntamiento de Chumatl\u00e1n.<br>Esto, al no acreditar su auto adscripci\u00f3n ind\u00edgena con la documentaci\u00f3n id\u00f3nea expedida por alguna de las autoridades que se establecen en el Art\u00edculo 14, de los Lineamientos para la implementaci\u00f3n de acciones afirmativas en favor de personas ind\u00edgenas, emitidos por el Organismo P\u00fablico Local Electoral en Veracruz (OPLE).<br>Adem\u00e1s, el tribunal orden\u00f3 al partido Morena que rectifique la solicitud de registro de la candidatura a la presidencia municipal que postul\u00f3 en el Ayuntamiento de Chumatl\u00e1n, y se vincul\u00f3 al OPLEV para que, una vez recibida la rectificaci\u00f3n, dado lo avanzado del proceso, resuelva con agilidad sobre la procedencia del registro correspondiente, tras analizar de manera exhaustiva que la postulaci\u00f3n cumpla con la normativa relativa a la acci\u00f3n afirmativa para candidaturas ind\u00edgenas.<br>En un tercer caso, los togados revocaron el registro a Mar\u00eda Luisa Salazar Mar\u00edn como candidata a la alcald\u00eda de Tatatila de la coalici\u00f3n \u201cVeracruz Va\u201d, pero postulada por el PRI, y deber\u00e1 ser sustituida por Margarita Hern\u00e1ndez Mart\u00ednez.<br>El escenario electoral de este a\u00f1o es complejo, no s\u00f3lo por la pandemia generada por el coronavirus covid-19, sino tambi\u00e9n por los actos de violencia que se registran contra pol\u00edticos y candidatos.<br>Si a ello se le suma el hecho de que algunos o muchos abanderados de los 14 partidos pol\u00edticos son improvisados y ni siquiera tienen propuestas reales, apegadas a las necesidades de sus municipios o sus distritos, los ciudadanos tendr\u00e1n poco inter\u00e9s en acudir a las urnas a votar el pr\u00f3ximo 6 de junio, elecciones fundamentales para el futuro de Veracruz y del pa\u00eds.<br>Aunque hay candidatos rescatables, la poblaci\u00f3n veracruzana deber\u00e1 escucharlos a todos y conocer sus propuestas para evitar que lleguen a las presidencias municipales o diputaciones, personajes grises, ignorantes y con pleno desconocimiento del quehacer p\u00fablico, pol\u00edtico y legislativo.<\/p>\n\n\n\n<p><strong>MUJERES, FUNDAMENTALES EN LA LUCHA DEL SOL AZTECA<br><\/strong>Las mujeres no pueden estar relegadas de los distintos procesos de toma de decisiones tanto al interior del PRD como de la sociedad, por eso es fundamental que se manifiesten a trav\u00e9s del voto en la jornada del pr\u00f3ximo 6 de junio, porque al no expresarse en las urnas est\u00e1n delegando en otros su participaci\u00f3n, se\u00f1al\u00f3 Sergio Cadena Mart\u00ednez, presidente de la Direcci\u00f3n Estatal Ejecutiva. Lo anterior, en el marco del \u201cD\u00eda Naranja\u201d que se conmemora todos los d\u00edas 25 de cada mes, en el que se hace conciencia sobre la prevenci\u00f3n y erradicaci\u00f3n de la violencia contra mujeres y ni\u00f1as.<br>Cadena Mart\u00ednez expres\u00f3 que, de acuerdo a la naturaleza e historia de lucha del PRD, ellas son y han sido parte fundamental de la toma de decisiones y de la orientaci\u00f3n de distintas batalles incluso legales a nivel nacional y estatal, lo que se ha visto traducido en distintos beneficios, sin embargo, reconoci\u00f3 que falta mucho por hacer, por lo que les pidi\u00f3 salir a votar. \u201cTan son importantes que nuestras brigadas de j\u00f3venes, mujeres y hombres en las comunidades y colonias a todo lo largo y ancho de la entidad promueven la participaci\u00f3n y el voto femenino como una forma de expresi\u00f3n clave para lograr el cambio que queremos y necesitamos todos en el estado y el pa\u00eds; Son el grupo mayoritario en este pa\u00eds, son un grupo decisivo, su voto es de calidad y valida el trabajo de las y los candidatos del PRD\u201d.<br>Destac\u00f3 que se trata de una oportunidad hist\u00f3rica que debe ser aprovechada y apoyada por todos los miembros de la sociedad, considerando que a las mujeres se les ha excluido durante a\u00f1os, por lo que hoy m\u00e1s que nunca es el momento de participar. Record\u00f3 que las mujeres han sido el principal grupo social afectado por la pandemia y las malas pol\u00edticas aplicadas por el gobierno federal y estatal, donde las abandonaron a su suerte mientras los reportes de violencia intrafamiliar y la considerable alza de precios de los productos de la canasta b\u00e1sica golpeaban la econom\u00eda familiar.<br>Finalmente, a nombre de los integrantes de la Direcci\u00f3n Estatal Ejecutiva y de las y los militantes y simpatizantes perredistas reiter\u00f3 su respaldo a la lucha que desarrollan y dijo que se comprometen a implementar pol\u00edticas p\u00fablicas en los municipios en los que ser\u00e1n gobierno y a trav\u00e9s de las nuevas legisladoras y legisladores locales y federales para fortalecer su lucha.<\/p>\n\n\n\n<p><strong>GOBIERNO MORENISTA OLVID\u00d3 COLONIAS DE XALAPA<br><\/strong>El candidato de la coalici\u00f3n \u201cXalapa Va\u201d, David Velasco Chedraui, camin\u00f3 orgulloso por la calle que lleva el nombre de su abuelo, don Antonio Chedraui Caram, una avenida que se ha convertido en importante arteria que comunica a miles de xalape\u00f1os de colonias y congregaciones. En la colonia Constituyentes, el candidato a la presidencia municipal de Xalapa fue testigo de los vestigios de la pandemia del COVID-19 y de la ineficiencia del gobierno municipal morenista. Una buena parte de su comercio cerrado, desempleo y la fragilidad ante las lluvias, as\u00ed como el deterioro de la infraestructura urbana por la falta de mantenimiento.<br>Los vecinos reconocen a David Velasco Chedraui, lo saludan y le reiteran su confianza. El candidato de la coalici\u00f3n PRI, PAN y PRD escucha mientras observa la falta de servicios p\u00fablicos. \u201cNo habr\u00e1 m\u00e1s candidatos de afuera, sin experiencias, que cuando el termine el gobierno se ir\u00e1n y aqu\u00ed dejar\u00e1n los problemas que provocaron o no supieron resolver\u201d.<br>Rub\u00e9n Jaramillo, Veracruz y Ni\u00f1os H\u00e9roes<br>Lo que hace 30 a\u00f1os eran caminos y veredas que serpenteaban en medio de cerros despoblados, hoy se ha convertido en un amplio sector comercial y econ\u00f3mico de la ciudad; sin embargo, los riesgos por los deslaves y la dificultad de introducir servicios en una intrincada orograf\u00eda permanecen.<br>Como lo hizo hace diez a\u00f1os como alcalde de la ciudad, hoy el candidato de la coalici\u00f3n \u201cVeracruz V\u201d, David Velasco Chedraui, volvi\u00f3 a recorrer a pie las calles de las colonias Rub\u00e9n Jaramillo, Veracruz, Ni\u00f1os H\u00e9roes y campamento 24 de junio, donde se reencontr\u00f3 con vecinos y fundadores de estos asentamientos.<br>Las necesidades han crecido junto con la poblaci\u00f3n: drenaje, muros de contenci\u00f3n para evitar deslaves, acceso, luminarias y seguridad. Es la Xalapa a la que ning\u00fan otro candidato visita, la que parece no tener fin y que ahora forma parte de los compromisos adquiridos por el abanderado de la coalici\u00f3n PRI, PAN y PRD. \u201cJuntos vamos a rescatar la Xalapa que el gobierno morenista ha olvidado\u201d, indic\u00f3 el abanderado aliancista.<br>enriquepompeyo@hotmail.com<\/p>\n","protected":false},"excerpt":{"rendered":"<p>Enrique Yasser Pompeyo Mesa de Redacci\u00f3n El retiro de candidaturas tras las resoluciones de los magistrados del Tribunal Electoral de Veracruz (TEV) ha puesto en aprietos a los diferentes partidos pol\u00edticos en la entidad.A una semana de que concluyan las campa\u00f1as electorales, los institutos pol\u00edticos han tenido que proponer a otros candidatos y eso impacta [&hellip;]<\/p>\n","protected":false},"author":2,"featured_media":0,"comment_status":"closed","ping_status":"closed","sticky":false,"template":"","format":"standard","meta":{"tdm_status":"","tdm_grid_status":"","footnotes":""},"categories":[70],"tags":[28345,407,15477,3272,17783,1709,7887,8317,195],"class_list":{"0":"post-74043","1":"post","2":"type-post","3":"status-publish","4":"format-standard","6":"category-de-opinion","7":"tag-catalina-espinoza-guevara","8":"tag-david-velasco-chedraui","9":"tag-enrique-yasser-pompeyo","10":"tag-ople","11":"tag-organismo-publico-local-electoral","12":"tag-partidos-politicos","13":"tag-sergio-cadena-martinez","14":"tag-tev","15":"tag-veracruz"},"yoast_head":"<!-- This site is optimized with the Yoast SEO plugin v27.4 - https:\/\/yoast.com\/product\/yoast-seo-wordpress\/ -->\n<title>Cambio de candidatos - Los pol\u00edticos Veracruz<\/title>\n<meta name=\"robots\" content=\"index, follow, max-snippet:-1, max-image-preview:large, max-video-preview:-1\" \/>\n<link rel=\"canonical\" href=\"https:\/\/lospoliticosveracruz.com\/?p=74043\" \/>\n<meta property=\"og:locale\" content=\"es_ES\" \/>\n<meta property=\"og:type\" content=\"article\" \/>\n<meta property=\"og:title\" content=\"Cambio de candidatos - Los pol\u00edticos Veracruz\" \/>\n<meta property=\"og:description\" content=\"Enrique Yasser Pompeyo Mesa de Redacci\u00f3n El retiro de candidaturas tras las resoluciones de los magistrados del Tribunal Electoral de Veracruz (TEV) ha puesto en aprietos a los diferentes partidos pol\u00edticos en la entidad.A una semana de que concluyan las campa\u00f1as electorales, los institutos pol\u00edticos han tenido que proponer a otros candidatos y eso impacta [&hellip;]\" \/>\n<meta property=\"og:url\" content=\"https:\/\/lospoliticosveracruz.com\/?p=74043\" \/>\n<meta property=\"og:site_name\" content=\"Los pol\u00edticos Veracruz\" \/>\n<meta property=\"article:publisher\" content=\"https:\/\/www.facebook.com\/people\/Notimemes-de-los-Polticos\/61565672886568\/\" \/>\n<meta property=\"article:published_time\" content=\"2021-05-26T03:41:25+00:00\" \/>\n<meta property=\"article:modified_time\" content=\"2021-05-26T03:41:28+00:00\" \/>\n<meta property=\"og:image\" content=\"http:\/\/www.lospoliticosveracruz.com.mx\/wp-content\/uploads\/2021\/05\/WhatsApp-Image-2021-05-25-at-13.34.11.jpeg\" \/>\n<meta name=\"author\" content=\"Lo viste en Los Pol\u00edticos\" \/>\n<meta name=\"twitter:card\" content=\"summary_large_image\" \/>\n<meta name=\"twitter:creator\" content=\"@LosPoliticosVer\" \/>\n<meta name=\"twitter:site\" content=\"@LosPoliticosVer\" \/>\n<meta name=\"twitter:label1\" content=\"Escrito por\" \/>\n\t<meta name=\"twitter:data1\" content=\"Lo viste en Los Pol\u00edticos\" \/>\n\t<meta name=\"twitter:label2\" content=\"Tiempo de lectura\" \/>\n\t<meta name=\"twitter:data2\" content=\"7 minutos\" \/>\n<script type=\"application\/ld+json\" class=\"yoast-schema-graph\">{\"@context\":\"https:\\\/\\\/schema.org\",\"@graph\":[{\"@type\":\"Article\",\"@id\":\"https:\\\/\\\/lospoliticosveracruz.com\\\/?p=74043#article\",\"isPartOf\":{\"@id\":\"https:\\\/\\\/lospoliticosveracruz.com\\\/?p=74043\"},\"author\":{\"name\":\"Lo viste en Los Pol\u00edticos\",\"@id\":\"https:\\\/\\\/lospoliticosveracruz.com\\\/#\\\/schema\\\/person\\\/b8702bb0e538456e6efd07080bf2a4a2\"},\"headline\":\"Cambio de candidatos\",\"datePublished\":\"2021-05-26T03:41:25+00:00\",\"dateModified\":\"2021-05-26T03:41:28+00:00\",\"mainEntityOfPage\":{\"@id\":\"https:\\\/\\\/lospoliticosveracruz.com\\\/?p=74043\"},\"wordCount\":1306,\"publisher\":{\"@id\":\"https:\\\/\\\/lospoliticosveracruz.com\\\/#organization\"},\"image\":{\"@id\":\"https:\\\/\\\/lospoliticosveracruz.com\\\/?p=74043#primaryimage\"},\"thumbnailUrl\":\"http:\\\/\\\/www.lospoliticosveracruz.com.mx\\\/wp-content\\\/uploads\\\/2021\\\/05\\\/WhatsApp-Image-2021-05-25-at-13.34.11.jpeg\",\"keywords\":[\"Catalina Espinoza Guevara\",\"David Velasco Chedraui\",\"Enrique Yasser Pompeyo\",\"OPLE\",\"Organismo P\u00fablico Local Electoral\",\"partidos pol\u00edticos\",\"Sergio Cadena Mart\u00ednez\",\"TEV\",\"Veracruz\"],\"articleSection\":[\"De Opini\u00f3n\"],\"inLanguage\":\"es\"},{\"@type\":\"WebPage\",\"@id\":\"https:\\\/\\\/lospoliticosveracruz.com\\\/?p=74043\",\"url\":\"https:\\\/\\\/lospoliticosveracruz.com\\\/?p=74043\",\"name\":\"Cambio de candidatos - Los pol\u00edticos Veracruz\",\"isPartOf\":{\"@id\":\"https:\\\/\\\/lospoliticosveracruz.com\\\/#website\"},\"primaryImageOfPage\":{\"@id\":\"https:\\\/\\\/lospoliticosveracruz.com\\\/?p=74043#primaryimage\"},\"image\":{\"@id\":\"https:\\\/\\\/lospoliticosveracruz.com\\\/?p=74043#primaryimage\"},\"thumbnailUrl\":\"http:\\\/\\\/www.lospoliticosveracruz.com.mx\\\/wp-content\\\/uploads\\\/2021\\\/05\\\/WhatsApp-Image-2021-05-25-at-13.34.11.jpeg\",\"datePublished\":\"2021-05-26T03:41:25+00:00\",\"dateModified\":\"2021-05-26T03:41:28+00:00\",\"breadcrumb\":{\"@id\":\"https:\\\/\\\/lospoliticosveracruz.com\\\/?p=74043#breadcrumb\"},\"inLanguage\":\"es\",\"potentialAction\":[{\"@type\":\"ReadAction\",\"target\":[\"https:\\\/\\\/lospoliticosveracruz.com\\\/?p=74043\"]}]},{\"@type\":\"ImageObject\",\"inLanguage\":\"es\",\"@id\":\"https:\\\/\\\/lospoliticosveracruz.com\\\/?p=74043#primaryimage\",\"url\":\"http:\\\/\\\/www.lospoliticosveracruz.com.mx\\\/wp-content\\\/uploads\\\/2021\\\/05\\\/WhatsApp-Image-2021-05-25-at-13.34.11.jpeg\",\"contentUrl\":\"http:\\\/\\\/www.lospoliticosveracruz.com.mx\\\/wp-content\\\/uploads\\\/2021\\\/05\\\/WhatsApp-Image-2021-05-25-at-13.34.11.jpeg\"},{\"@type\":\"BreadcrumbList\",\"@id\":\"https:\\\/\\\/lospoliticosveracruz.com\\\/?p=74043#breadcrumb\",\"itemListElement\":[{\"@type\":\"ListItem\",\"position\":1,\"name\":\"Portada\",\"item\":\"https:\\\/\\\/lospoliticosveracruz.com\\\/\"},{\"@type\":\"ListItem\",\"position\":2,\"name\":\"Cambio de candidatos\"}]},{\"@type\":\"WebSite\",\"@id\":\"https:\\\/\\\/lospoliticosveracruz.com\\\/#website\",\"url\":\"https:\\\/\\\/lospoliticosveracruz.com\\\/\",\"name\":\"Los pol\u00edticos Veracruz\",\"description\":\"\",\"publisher\":{\"@id\":\"https:\\\/\\\/lospoliticosveracruz.com\\\/#organization\"},\"potentialAction\":[{\"@type\":\"SearchAction\",\"target\":{\"@type\":\"EntryPoint\",\"urlTemplate\":\"https:\\\/\\\/lospoliticosveracruz.com\\\/?s={search_term_string}\"},\"query-input\":{\"@type\":\"PropertyValueSpecification\",\"valueRequired\":true,\"valueName\":\"search_term_string\"}}],\"inLanguage\":\"es\"},{\"@type\":\"Organization\",\"@id\":\"https:\\\/\\\/lospoliticosveracruz.com\\\/#organization\",\"name\":\"Los pol\u00edticos Veracruz\",\"url\":\"https:\\\/\\\/lospoliticosveracruz.com\\\/\",\"logo\":{\"@type\":\"ImageObject\",\"inLanguage\":\"es\",\"@id\":\"https:\\\/\\\/lospoliticosveracruz.com\\\/#\\\/schema\\\/logo\\\/image\\\/\",\"url\":\"https:\\\/\\\/lospoliticosveracruz.com\\\/wp-content\\\/uploads\\\/2025\\\/12\\\/Logo-Nuevo-LOS-POLITICOS-1.jpg\",\"contentUrl\":\"https:\\\/\\\/lospoliticosveracruz.com\\\/wp-content\\\/uploads\\\/2025\\\/12\\\/Logo-Nuevo-LOS-POLITICOS-1.jpg\",\"width\":260,\"height\":70,\"caption\":\"Los pol\u00edticos Veracruz\"},\"image\":{\"@id\":\"https:\\\/\\\/lospoliticosveracruz.com\\\/#\\\/schema\\\/logo\\\/image\\\/\"},\"sameAs\":[\"https:\\\/\\\/www.facebook.com\\\/people\\\/Notimemes-de-los-Polticos\\\/61565672886568\\\/\",\"https:\\\/\\\/x.com\\\/LosPoliticosVer\"]},{\"@type\":\"Person\",\"@id\":\"https:\\\/\\\/lospoliticosveracruz.com\\\/#\\\/schema\\\/person\\\/b8702bb0e538456e6efd07080bf2a4a2\",\"name\":\"Lo viste en Los Pol\u00edticos\",\"image\":{\"@type\":\"ImageObject\",\"inLanguage\":\"es\",\"@id\":\"https:\\\/\\\/secure.gravatar.com\\\/avatar\\\/3a8de04a2656d44082be478bd6c086daa447c4651605818287b9532d3d0bd435?s=96&d=mm&r=g\",\"url\":\"https:\\\/\\\/secure.gravatar.com\\\/avatar\\\/3a8de04a2656d44082be478bd6c086daa447c4651605818287b9532d3d0bd435?s=96&d=mm&r=g\",\"contentUrl\":\"https:\\\/\\\/secure.gravatar.com\\\/avatar\\\/3a8de04a2656d44082be478bd6c086daa447c4651605818287b9532d3d0bd435?s=96&d=mm&r=g\",\"caption\":\"Lo viste en Los Pol\u00edticos\"},\"url\":\"https:\\\/\\\/lospoliticosveracruz.com\\\/?author=2\"}]}<\/script>\n<!-- \/ Yoast SEO plugin. -->","yoast_head_json":{"title":"Cambio de candidatos - Los pol\u00edticos Veracruz","robots":{"index":"index","follow":"follow","max-snippet":"max-snippet:-1","max-image-preview":"max-image-preview:large","max-video-preview":"max-video-preview:-1"},"canonical":"https:\/\/lospoliticosveracruz.com\/?p=74043","og_locale":"es_ES","og_type":"article","og_title":"Cambio de candidatos - Los pol\u00edticos Veracruz","og_description":"Enrique Yasser Pompeyo Mesa de Redacci\u00f3n El retiro de candidaturas tras las resoluciones de los magistrados del Tribunal Electoral de Veracruz (TEV) ha puesto en aprietos a los diferentes partidos pol\u00edticos en la entidad.A una semana de que concluyan las campa\u00f1as electorales, los institutos pol\u00edticos han tenido que proponer a otros candidatos y eso impacta [&hellip;]","og_url":"https:\/\/lospoliticosveracruz.com\/?p=74043","og_site_name":"Los pol\u00edticos Veracruz","article_publisher":"https:\/\/www.facebook.com\/people\/Notimemes-de-los-Polticos\/61565672886568\/","article_published_time":"2021-05-26T03:41:25+00:00","article_modified_time":"2021-05-26T03:41:28+00:00","og_image":[{"url":"http:\/\/www.lospoliticosveracruz.com.mx\/wp-content\/uploads\/2021\/05\/WhatsApp-Image-2021-05-25-at-13.34.11.jpeg","type":"","width":"","height":""}],"author":"Lo viste en Los Pol\u00edticos","twitter_card":"summary_large_image","twitter_creator":"@LosPoliticosVer","twitter_site":"@LosPoliticosVer","twitter_misc":{"Escrito por":"Lo viste en Los Pol\u00edticos","Tiempo de lectura":"7 minutos"},"schema":{"@context":"https:\/\/schema.org","@graph":[{"@type":"Article","@id":"https:\/\/lospoliticosveracruz.com\/?p=74043#article","isPartOf":{"@id":"https:\/\/lospoliticosveracruz.com\/?p=74043"},"author":{"name":"Lo viste en Los Pol\u00edticos","@id":"https:\/\/lospoliticosveracruz.com\/#\/schema\/person\/b8702bb0e538456e6efd07080bf2a4a2"},"headline":"Cambio de candidatos","datePublished":"2021-05-26T03:41:25+00:00","dateModified":"2021-05-26T03:41:28+00:00","mainEntityOfPage":{"@id":"https:\/\/lospoliticosveracruz.com\/?p=74043"},"wordCount":1306,"publisher":{"@id":"https:\/\/lospoliticosveracruz.com\/#organization"},"image":{"@id":"https:\/\/lospoliticosveracruz.com\/?p=74043#primaryimage"},"thumbnailUrl":"http:\/\/www.lospoliticosveracruz.com.mx\/wp-content\/uploads\/2021\/05\/WhatsApp-Image-2021-05-25-at-13.34.11.jpeg","keywords":["Catalina Espinoza Guevara","David Velasco Chedraui","Enrique Yasser Pompeyo","OPLE","Organismo P\u00fablico Local Electoral","partidos pol\u00edticos","Sergio Cadena Mart\u00ednez","TEV","Veracruz"],"articleSection":["De Opini\u00f3n"],"inLanguage":"es"},{"@type":"WebPage","@id":"https:\/\/lospoliticosveracruz.com\/?p=74043","url":"https:\/\/lospoliticosveracruz.com\/?p=74043","name":"Cambio de candidatos - Los pol\u00edticos Veracruz","isPartOf":{"@id":"https:\/\/lospoliticosveracruz.com\/#website"},"primaryImageOfPage":{"@id":"https:\/\/lospoliticosveracruz.com\/?p=74043#primaryimage"},"image":{"@id":"https:\/\/lospoliticosveracruz.com\/?p=74043#primaryimage"},"thumbnailUrl":"http:\/\/www.lospoliticosveracruz.com.mx\/wp-content\/uploads\/2021\/05\/WhatsApp-Image-2021-05-25-at-13.34.11.jpeg","datePublished":"2021-05-26T03:41:25+00:00","dateModified":"2021-05-26T03:41:28+00:00","breadcrumb":{"@id":"https:\/\/lospoliticosveracruz.com\/?p=74043#breadcrumb"},"inLanguage":"es","potentialAction":[{"@type":"ReadAction","target":["https:\/\/lospoliticosveracruz.com\/?p=74043"]}]},{"@type":"ImageObject","inLanguage":"es","@id":"https:\/\/lospoliticosveracruz.com\/?p=74043#primaryimage","url":"http:\/\/www.lospoliticosveracruz.com.mx\/wp-content\/uploads\/2021\/05\/WhatsApp-Image-2021-05-25-at-13.34.11.jpeg","contentUrl":"http:\/\/www.lospoliticosveracruz.com.mx\/wp-content\/uploads\/2021\/05\/WhatsApp-Image-2021-05-25-at-13.34.11.jpeg"},{"@type":"BreadcrumbList","@id":"https:\/\/lospoliticosveracruz.com\/?p=74043#breadcrumb","itemListElement":[{"@type":"ListItem","position":1,"name":"Portada","item":"https:\/\/lospoliticosveracruz.com\/"},{"@type":"ListItem","position":2,"name":"Cambio de candidatos"}]},{"@type":"WebSite","@id":"https:\/\/lospoliticosveracruz.com\/#website","url":"https:\/\/lospoliticosveracruz.com\/","name":"Los pol\u00edticos Veracruz","description":"","publisher":{"@id":"https:\/\/lospoliticosveracruz.com\/#organization"},"potentialAction":[{"@type":"SearchAction","target":{"@type":"EntryPoint","urlTemplate":"https:\/\/lospoliticosveracruz.com\/?s={search_term_string}"},"query-input":{"@type":"PropertyValueSpecification","valueRequired":true,"valueName":"search_term_string"}}],"inLanguage":"es"},{"@type":"Organization","@id":"https:\/\/lospoliticosveracruz.com\/#organization","name":"Los pol\u00edticos Veracruz","url":"https:\/\/lospoliticosveracruz.com\/","logo":{"@type":"ImageObject","inLanguage":"es","@id":"https:\/\/lospoliticosveracruz.com\/#\/schema\/logo\/image\/","url":"https:\/\/lospoliticosveracruz.com\/wp-content\/uploads\/2025\/12\/Logo-Nuevo-LOS-POLITICOS-1.jpg","contentUrl":"https:\/\/lospoliticosveracruz.com\/wp-content\/uploads\/2025\/12\/Logo-Nuevo-LOS-POLITICOS-1.jpg","width":260,"height":70,"caption":"Los pol\u00edticos Veracruz"},"image":{"@id":"https:\/\/lospoliticosveracruz.com\/#\/schema\/logo\/image\/"},"sameAs":["https:\/\/www.facebook.com\/people\/Notimemes-de-los-Polticos\/61565672886568\/","https:\/\/x.com\/LosPoliticosVer"]},{"@type":"Person","@id":"https:\/\/lospoliticosveracruz.com\/#\/schema\/person\/b8702bb0e538456e6efd07080bf2a4a2","name":"Lo viste en Los Pol\u00edticos","image":{"@type":"ImageObject","inLanguage":"es","@id":"https:\/\/secure.gravatar.com\/avatar\/3a8de04a2656d44082be478bd6c086daa447c4651605818287b9532d3d0bd435?s=96&d=mm&r=g","url":"https:\/\/secure.gravatar.com\/avatar\/3a8de04a2656d44082be478bd6c086daa447c4651605818287b9532d3d0bd435?s=96&d=mm&r=g","contentUrl":"https:\/\/secure.gravatar.com\/avatar\/3a8de04a2656d44082be478bd6c086daa447c4651605818287b9532d3d0bd435?s=96&d=mm&r=g","caption":"Lo viste en Los Pol\u00edticos"},"url":"https:\/\/lospoliticosveracruz.com\/?author=2"}]}},"_links":{"self":[{"href":"https:\/\/lospoliticosveracruz.com\/index.php?rest_route=\/wp\/v2\/posts\/74043","targetHints":{"allow":["GET"]}}],"collection":[{"href":"https:\/\/lospoliticosveracruz.com\/index.php?rest_route=\/wp\/v2\/posts"}],"about":[{"href":"https:\/\/lospoliticosveracruz.com\/index.php?rest_route=\/wp\/v2\/types\/post"}],"author":[{"embeddable":true,"href":"https:\/\/lospoliticosveracruz.com\/index.php?rest_route=\/wp\/v2\/users\/2"}],"replies":[{"embeddable":true,"href":"https:\/\/lospoliticosveracruz.com\/index.php?rest_route=%2Fwp%2Fv2%2Fcomments&post=74043"}],"version-history":[{"count":1,"href":"https:\/\/lospoliticosveracruz.com\/index.php?rest_route=\/wp\/v2\/posts\/74043\/revisions"}],"predecessor-version":[{"id":74045,"href":"https:\/\/lospoliticosveracruz.com\/index.php?rest_route=\/wp\/v2\/posts\/74043\/revisions\/74045"}],"wp:attachment":[{"href":"https:\/\/lospoliticosveracruz.com\/index.php?rest_route=%2Fwp%2Fv2%2Fmedia&parent=74043"}],"wp:term":[{"taxonomy":"category","embeddable":true,"href":"https:\/\/lospoliticosveracruz.com\/index.php?rest_route=%2Fwp%2Fv2%2Fcategories&post=74043"},{"taxonomy":"post_tag","embeddable":true,"href":"https:\/\/lospoliticosveracruz.com\/index.php?rest_route=%2Fwp%2Fv2%2Ftags&post=74043"}],"curies":[{"name":"wp","href":"https:\/\/api.w.org\/{rel}","templated":true}]}}