{"id":74186,"date":"2021-05-27T12:40:36","date_gmt":"2021-05-27T17:40:36","guid":{"rendered":"http:\/\/www.lospoliticosveracruz.com.mx\/?p=74186"},"modified":"2021-05-27T12:41:03","modified_gmt":"2021-05-27T17:41:03","slug":"medidas-de-proteccion-para-alcaldesa-por-su-ex-marido","status":"publish","type":"post","link":"https:\/\/lospoliticosveracruz.com\/?p=74186","title":{"rendered":"Medidas de protecci\u00f3n para alcaldesa por su ex marido"},"content":{"rendered":"\n<p><strong>Eduardo Venegas Naranjo<br><\/strong><em>Manlio Fabio Altamirano<\/em><\/p>\n\n\n\n<p><em><br><\/em>El Tribunal Electoral del Estado de Veracruz, por unanimidad ordena acatar medidas de protecci\u00f3n, a favor de la alcaldesa de Manlio Fabio Altamirano, Nora Esther Vela Torres, quien es v\u00edctima de violencia de g\u00e9nero por su ex esposo Mart\u00edn Lagunes Heredia hoy candidato de Movimiento Ciudadano a la presidencia municipal de esta demarcaci\u00f3n.<br>El candidato naranja, ha desarrollado su campa\u00f1a a base de expresiones, mis\u00f3ginas, degradantes, infames y de odio hacia su ex c\u00f3nyuge; adem\u00e1s de involucrar a su hija a quien tiene cerca de 3 a\u00f1os que no le pasa su pensi\u00f3n alimenticia.<br>Mart\u00edn Lagunes fue denunciado ante la Fiscal\u00eda Especializada en virtud de que es un deudor alimentario; su inelegibilidad fue hecha valer en el Tribunal Electoral en el JDC-304-2021, debido a que los deudores alimentarios no pueden aspirar a un cargo p\u00fablico de conformidad con el acuerdo INE\/CG517\/2020.<br>Mart\u00edn Lagunes podr\u00eda en pr\u00f3ximas horas perder su candidatura, el asunto se encuentra en mano de la magistrada Tania C. V\u00e1squez Mu\u00f1oz; debe ser resuelto con perspectiva de g\u00e9nero y anular la candidatura de este infractor de la ley electoral y penal, pues el candidato de MC en Manlio Fabio Altamirano es un ser incapaz de cumplir con sus obligaciones b\u00e1sicas y humanas como proporcionar alimentos a su hija no puede ni debe ejercer el poder p\u00fablico,<br>El aspirante a la alcald\u00eda de Manlio Fabio en breve ser\u00e1 llamado por la justicia para que responda por la denuncia por pago de pensi\u00f3n alimenticia donde ha mostrado su incapacidad pues se ha negado a pagar su deber como padre, en las pr\u00f3ximas horas el TEV tomar\u00e1 la decisi\u00f3n de sobre su candidatura donde todo apunta que le ser\u00e1 retirada, no podr\u00e1 ser alcalde de su municipio; donde en el periodo 2013-2017 cometi\u00f3 atrocidades y presunto desv\u00edo de recursos.<br>El candidato ha disminuido sus recorridos de campa\u00f1a, cadad\u00eda tiene menos seguidores, en las \u00faltimas semanas ha modificado su discurso y eliminado las cr\u00edticas en contra de la alcaldesa por haberse visto en problemas legales; sin embargo hay pruebas de los hechos cometidos.<\/p>\n","protected":false},"excerpt":{"rendered":"<p>Eduardo Venegas NaranjoManlio Fabio Altamirano El Tribunal Electoral del Estado de Veracruz, por unanimidad ordena acatar medidas de protecci\u00f3n, a favor de la alcaldesa de Manlio Fabio Altamirano, Nora Esther Vela Torres, quien es v\u00edctima de violencia de g\u00e9nero por su ex esposo Mart\u00edn Lagunes Heredia hoy candidato de Movimiento Ciudadano a la presidencia municipal [&hellip;]<\/p>\n","protected":false},"author":2,"featured_media":0,"comment_status":"closed","ping_status":"closed","sticky":false,"template":"","format":"standard","meta":{"tdm_status":"","tdm_grid_status":"","footnotes":""},"categories":[6446],"tags":[10987,28398,2327,28314,10555,3360],"class_list":{"0":"post-74186","1":"post","2":"type-post","3":"status-publish","4":"format-standard","6":"category-la-nota","7":"tag-manlio-fabio-altamirano","8":"tag-martin-lagunes-heredia","9":"tag-movimiento-ciudadano","10":"tag-nora-esther-vela-torres","11":"tag-tribunal-electoral-del-estado-de-veracruz","12":"tag-violencia-de-genero"},"yoast_head":"<!-- This site is optimized with the Yoast SEO plugin v27.4 - https:\/\/yoast.com\/product\/yoast-seo-wordpress\/ -->\n<title>Medidas de protecci\u00f3n para alcaldesa por su ex marido - Los pol\u00edticos Veracruz<\/title>\n<meta name=\"robots\" content=\"index, follow, max-snippet:-1, max-image-preview:large, max-video-preview:-1\" \/>\n<link rel=\"canonical\" href=\"https:\/\/lospoliticosveracruz.com\/?p=74186\" \/>\n<meta property=\"og:locale\" content=\"es_ES\" \/>\n<meta property=\"og:type\" content=\"article\" \/>\n<meta property=\"og:title\" content=\"Medidas de protecci\u00f3n para alcaldesa por su ex marido - Los pol\u00edticos Veracruz\" \/>\n<meta property=\"og:description\" content=\"Eduardo Venegas NaranjoManlio Fabio Altamirano El Tribunal Electoral del Estado de Veracruz, por unanimidad ordena acatar medidas de protecci\u00f3n, a favor de la alcaldesa de Manlio Fabio Altamirano, Nora Esther Vela Torres, quien es v\u00edctima de violencia de g\u00e9nero por su ex esposo Mart\u00edn Lagunes Heredia hoy candidato de Movimiento Ciudadano a la presidencia municipal [&hellip;]\" \/>\n<meta property=\"og:url\" content=\"https:\/\/lospoliticosveracruz.com\/?p=74186\" \/>\n<meta property=\"og:site_name\" content=\"Los pol\u00edticos Veracruz\" \/>\n<meta property=\"article:publisher\" content=\"https:\/\/www.facebook.com\/people\/Notimemes-de-los-Polticos\/61565672886568\/\" \/>\n<meta property=\"article:published_time\" content=\"2021-05-27T17:40:36+00:00\" \/>\n<meta property=\"article:modified_time\" content=\"2021-05-27T17:41:03+00:00\" \/>\n<meta property=\"og:image\" content=\"https:\/\/lospoliticosveracruz.com\/wp-content\/uploads\/2016\/07\/Logo-Dor.jpg\" \/>\n\t<meta property=\"og:image:width\" content=\"200\" \/>\n\t<meta property=\"og:image:height\" content=\"200\" \/>\n\t<meta property=\"og:image:type\" content=\"image\/jpeg\" \/>\n<meta name=\"author\" content=\"Lo viste en Los Pol\u00edticos\" \/>\n<meta name=\"twitter:card\" content=\"summary_large_image\" \/>\n<meta name=\"twitter:creator\" content=\"@LosPoliticosVer\" \/>\n<meta name=\"twitter:site\" content=\"@LosPoliticosVer\" \/>\n<meta name=\"twitter:label1\" content=\"Escrito por\" \/>\n\t<meta name=\"twitter:data1\" content=\"Lo viste en Los Pol\u00edticos\" \/>\n\t<meta name=\"twitter:label2\" content=\"Tiempo de lectura\" \/>\n\t<meta name=\"twitter:data2\" content=\"2 minutos\" \/>\n<script type=\"application\/ld+json\" class=\"yoast-schema-graph\">{\"@context\":\"https:\\\/\\\/schema.org\",\"@graph\":[{\"@type\":\"Article\",\"@id\":\"https:\\\/\\\/lospoliticosveracruz.com\\\/?p=74186#article\",\"isPartOf\":{\"@id\":\"https:\\\/\\\/lospoliticosveracruz.com\\\/?p=74186\"},\"author\":{\"name\":\"Lo viste en Los Pol\u00edticos\",\"@id\":\"https:\\\/\\\/lospoliticosveracruz.com\\\/#\\\/schema\\\/person\\\/b8702bb0e538456e6efd07080bf2a4a2\"},\"headline\":\"Medidas de protecci\u00f3n para alcaldesa por su ex marido\",\"datePublished\":\"2021-05-27T17:40:36+00:00\",\"dateModified\":\"2021-05-27T17:41:03+00:00\",\"mainEntityOfPage\":{\"@id\":\"https:\\\/\\\/lospoliticosveracruz.com\\\/?p=74186\"},\"wordCount\":388,\"publisher\":{\"@id\":\"https:\\\/\\\/lospoliticosveracruz.com\\\/#organization\"},\"keywords\":[\"Manlio Fabio Altamirano\",\"Mart\u00edn Lagunes Heredia\",\"Movimiento Ciudadano\",\"Nora Esther Vela Torres\",\"Tribunal Electoral del Estado de Veracruz\",\"violencia de g\u00e9nero\"],\"articleSection\":[\"La Nota\"],\"inLanguage\":\"es\"},{\"@type\":\"WebPage\",\"@id\":\"https:\\\/\\\/lospoliticosveracruz.com\\\/?p=74186\",\"url\":\"https:\\\/\\\/lospoliticosveracruz.com\\\/?p=74186\",\"name\":\"Medidas de protecci\u00f3n para alcaldesa por su ex marido - Los pol\u00edticos Veracruz\",\"isPartOf\":{\"@id\":\"https:\\\/\\\/lospoliticosveracruz.com\\\/#website\"},\"datePublished\":\"2021-05-27T17:40:36+00:00\",\"dateModified\":\"2021-05-27T17:41:03+00:00\",\"breadcrumb\":{\"@id\":\"https:\\\/\\\/lospoliticosveracruz.com\\\/?p=74186#breadcrumb\"},\"inLanguage\":\"es\",\"potentialAction\":[{\"@type\":\"ReadAction\",\"target\":[\"https:\\\/\\\/lospoliticosveracruz.com\\\/?p=74186\"]}]},{\"@type\":\"BreadcrumbList\",\"@id\":\"https:\\\/\\\/lospoliticosveracruz.com\\\/?p=74186#breadcrumb\",\"itemListElement\":[{\"@type\":\"ListItem\",\"position\":1,\"name\":\"Portada\",\"item\":\"https:\\\/\\\/lospoliticosveracruz.com\\\/\"},{\"@type\":\"ListItem\",\"position\":2,\"name\":\"Medidas de protecci\u00f3n para alcaldesa por su ex marido\"}]},{\"@type\":\"WebSite\",\"@id\":\"https:\\\/\\\/lospoliticosveracruz.com\\\/#website\",\"url\":\"https:\\\/\\\/lospoliticosveracruz.com\\\/\",\"name\":\"Los pol\u00edticos Veracruz\",\"description\":\"\",\"publisher\":{\"@id\":\"https:\\\/\\\/lospoliticosveracruz.com\\\/#organization\"},\"potentialAction\":[{\"@type\":\"SearchAction\",\"target\":{\"@type\":\"EntryPoint\",\"urlTemplate\":\"https:\\\/\\\/lospoliticosveracruz.com\\\/?s={search_term_string}\"},\"query-input\":{\"@type\":\"PropertyValueSpecification\",\"valueRequired\":true,\"valueName\":\"search_term_string\"}}],\"inLanguage\":\"es\"},{\"@type\":\"Organization\",\"@id\":\"https:\\\/\\\/lospoliticosveracruz.com\\\/#organization\",\"name\":\"Los pol\u00edticos Veracruz\",\"url\":\"https:\\\/\\\/lospoliticosveracruz.com\\\/\",\"logo\":{\"@type\":\"ImageObject\",\"inLanguage\":\"es\",\"@id\":\"https:\\\/\\\/lospoliticosveracruz.com\\\/#\\\/schema\\\/logo\\\/image\\\/\",\"url\":\"https:\\\/\\\/lospoliticosveracruz.com\\\/wp-content\\\/uploads\\\/2025\\\/12\\\/Logo-Nuevo-LOS-POLITICOS-1.jpg\",\"contentUrl\":\"https:\\\/\\\/lospoliticosveracruz.com\\\/wp-content\\\/uploads\\\/2025\\\/12\\\/Logo-Nuevo-LOS-POLITICOS-1.jpg\",\"width\":260,\"height\":70,\"caption\":\"Los pol\u00edticos Veracruz\"},\"image\":{\"@id\":\"https:\\\/\\\/lospoliticosveracruz.com\\\/#\\\/schema\\\/logo\\\/image\\\/\"},\"sameAs\":[\"https:\\\/\\\/www.facebook.com\\\/people\\\/Notimemes-de-los-Polticos\\\/61565672886568\\\/\",\"https:\\\/\\\/x.com\\\/LosPoliticosVer\"]},{\"@type\":\"Person\",\"@id\":\"https:\\\/\\\/lospoliticosveracruz.com\\\/#\\\/schema\\\/person\\\/b8702bb0e538456e6efd07080bf2a4a2\",\"name\":\"Lo viste en Los Pol\u00edticos\",\"image\":{\"@type\":\"ImageObject\",\"inLanguage\":\"es\",\"@id\":\"https:\\\/\\\/secure.gravatar.com\\\/avatar\\\/3a8de04a2656d44082be478bd6c086daa447c4651605818287b9532d3d0bd435?s=96&d=mm&r=g\",\"url\":\"https:\\\/\\\/secure.gravatar.com\\\/avatar\\\/3a8de04a2656d44082be478bd6c086daa447c4651605818287b9532d3d0bd435?s=96&d=mm&r=g\",\"contentUrl\":\"https:\\\/\\\/secure.gravatar.com\\\/avatar\\\/3a8de04a2656d44082be478bd6c086daa447c4651605818287b9532d3d0bd435?s=96&d=mm&r=g\",\"caption\":\"Lo viste en Los Pol\u00edticos\"},\"url\":\"https:\\\/\\\/lospoliticosveracruz.com\\\/?author=2\"}]}<\/script>\n<!-- \/ Yoast SEO plugin. -->","yoast_head_json":{"title":"Medidas de protecci\u00f3n para alcaldesa por su ex marido - Los pol\u00edticos Veracruz","robots":{"index":"index","follow":"follow","max-snippet":"max-snippet:-1","max-image-preview":"max-image-preview:large","max-video-preview":"max-video-preview:-1"},"canonical":"https:\/\/lospoliticosveracruz.com\/?p=74186","og_locale":"es_ES","og_type":"article","og_title":"Medidas de protecci\u00f3n para alcaldesa por su ex marido - Los pol\u00edticos Veracruz","og_description":"Eduardo Venegas NaranjoManlio Fabio Altamirano El Tribunal Electoral del Estado de Veracruz, por unanimidad ordena acatar medidas de protecci\u00f3n, a favor de la alcaldesa de Manlio Fabio Altamirano, Nora Esther Vela Torres, quien es v\u00edctima de violencia de g\u00e9nero por su ex esposo Mart\u00edn Lagunes Heredia hoy candidato de Movimiento Ciudadano a la presidencia municipal [&hellip;]","og_url":"https:\/\/lospoliticosveracruz.com\/?p=74186","og_site_name":"Los pol\u00edticos Veracruz","article_publisher":"https:\/\/www.facebook.com\/people\/Notimemes-de-los-Polticos\/61565672886568\/","article_published_time":"2021-05-27T17:40:36+00:00","article_modified_time":"2021-05-27T17:41:03+00:00","og_image":[{"width":200,"height":200,"url":"https:\/\/lospoliticosveracruz.com\/wp-content\/uploads\/2016\/07\/Logo-Dor.jpg","type":"image\/jpeg"}],"author":"Lo viste en Los Pol\u00edticos","twitter_card":"summary_large_image","twitter_creator":"@LosPoliticosVer","twitter_site":"@LosPoliticosVer","twitter_misc":{"Escrito por":"Lo viste en Los Pol\u00edticos","Tiempo de lectura":"2 minutos"},"schema":{"@context":"https:\/\/schema.org","@graph":[{"@type":"Article","@id":"https:\/\/lospoliticosveracruz.com\/?p=74186#article","isPartOf":{"@id":"https:\/\/lospoliticosveracruz.com\/?p=74186"},"author":{"name":"Lo viste en Los Pol\u00edticos","@id":"https:\/\/lospoliticosveracruz.com\/#\/schema\/person\/b8702bb0e538456e6efd07080bf2a4a2"},"headline":"Medidas de protecci\u00f3n para alcaldesa por su ex marido","datePublished":"2021-05-27T17:40:36+00:00","dateModified":"2021-05-27T17:41:03+00:00","mainEntityOfPage":{"@id":"https:\/\/lospoliticosveracruz.com\/?p=74186"},"wordCount":388,"publisher":{"@id":"https:\/\/lospoliticosveracruz.com\/#organization"},"keywords":["Manlio Fabio Altamirano","Mart\u00edn Lagunes Heredia","Movimiento Ciudadano","Nora Esther Vela Torres","Tribunal Electoral del Estado de Veracruz","violencia de g\u00e9nero"],"articleSection":["La Nota"],"inLanguage":"es"},{"@type":"WebPage","@id":"https:\/\/lospoliticosveracruz.com\/?p=74186","url":"https:\/\/lospoliticosveracruz.com\/?p=74186","name":"Medidas de protecci\u00f3n para alcaldesa por su ex marido - Los pol\u00edticos Veracruz","isPartOf":{"@id":"https:\/\/lospoliticosveracruz.com\/#website"},"datePublished":"2021-05-27T17:40:36+00:00","dateModified":"2021-05-27T17:41:03+00:00","breadcrumb":{"@id":"https:\/\/lospoliticosveracruz.com\/?p=74186#breadcrumb"},"inLanguage":"es","potentialAction":[{"@type":"ReadAction","target":["https:\/\/lospoliticosveracruz.com\/?p=74186"]}]},{"@type":"BreadcrumbList","@id":"https:\/\/lospoliticosveracruz.com\/?p=74186#breadcrumb","itemListElement":[{"@type":"ListItem","position":1,"name":"Portada","item":"https:\/\/lospoliticosveracruz.com\/"},{"@type":"ListItem","position":2,"name":"Medidas de protecci\u00f3n para alcaldesa por su ex marido"}]},{"@type":"WebSite","@id":"https:\/\/lospoliticosveracruz.com\/#website","url":"https:\/\/lospoliticosveracruz.com\/","name":"Los pol\u00edticos Veracruz","description":"","publisher":{"@id":"https:\/\/lospoliticosveracruz.com\/#organization"},"potentialAction":[{"@type":"SearchAction","target":{"@type":"EntryPoint","urlTemplate":"https:\/\/lospoliticosveracruz.com\/?s={search_term_string}"},"query-input":{"@type":"PropertyValueSpecification","valueRequired":true,"valueName":"search_term_string"}}],"inLanguage":"es"},{"@type":"Organization","@id":"https:\/\/lospoliticosveracruz.com\/#organization","name":"Los pol\u00edticos Veracruz","url":"https:\/\/lospoliticosveracruz.com\/","logo":{"@type":"ImageObject","inLanguage":"es","@id":"https:\/\/lospoliticosveracruz.com\/#\/schema\/logo\/image\/","url":"https:\/\/lospoliticosveracruz.com\/wp-content\/uploads\/2025\/12\/Logo-Nuevo-LOS-POLITICOS-1.jpg","contentUrl":"https:\/\/lospoliticosveracruz.com\/wp-content\/uploads\/2025\/12\/Logo-Nuevo-LOS-POLITICOS-1.jpg","width":260,"height":70,"caption":"Los pol\u00edticos Veracruz"},"image":{"@id":"https:\/\/lospoliticosveracruz.com\/#\/schema\/logo\/image\/"},"sameAs":["https:\/\/www.facebook.com\/people\/Notimemes-de-los-Polticos\/61565672886568\/","https:\/\/x.com\/LosPoliticosVer"]},{"@type":"Person","@id":"https:\/\/lospoliticosveracruz.com\/#\/schema\/person\/b8702bb0e538456e6efd07080bf2a4a2","name":"Lo viste en Los Pol\u00edticos","image":{"@type":"ImageObject","inLanguage":"es","@id":"https:\/\/secure.gravatar.com\/avatar\/3a8de04a2656d44082be478bd6c086daa447c4651605818287b9532d3d0bd435?s=96&d=mm&r=g","url":"https:\/\/secure.gravatar.com\/avatar\/3a8de04a2656d44082be478bd6c086daa447c4651605818287b9532d3d0bd435?s=96&d=mm&r=g","contentUrl":"https:\/\/secure.gravatar.com\/avatar\/3a8de04a2656d44082be478bd6c086daa447c4651605818287b9532d3d0bd435?s=96&d=mm&r=g","caption":"Lo viste en Los Pol\u00edticos"},"url":"https:\/\/lospoliticosveracruz.com\/?author=2"}]}},"_links":{"self":[{"href":"https:\/\/lospoliticosveracruz.com\/index.php?rest_route=\/wp\/v2\/posts\/74186","targetHints":{"allow":["GET"]}}],"collection":[{"href":"https:\/\/lospoliticosveracruz.com\/index.php?rest_route=\/wp\/v2\/posts"}],"about":[{"href":"https:\/\/lospoliticosveracruz.com\/index.php?rest_route=\/wp\/v2\/types\/post"}],"author":[{"embeddable":true,"href":"https:\/\/lospoliticosveracruz.com\/index.php?rest_route=\/wp\/v2\/users\/2"}],"replies":[{"embeddable":true,"href":"https:\/\/lospoliticosveracruz.com\/index.php?rest_route=%2Fwp%2Fv2%2Fcomments&post=74186"}],"version-history":[{"count":1,"href":"https:\/\/lospoliticosveracruz.com\/index.php?rest_route=\/wp\/v2\/posts\/74186\/revisions"}],"predecessor-version":[{"id":74188,"href":"https:\/\/lospoliticosveracruz.com\/index.php?rest_route=\/wp\/v2\/posts\/74186\/revisions\/74188"}],"wp:attachment":[{"href":"https:\/\/lospoliticosveracruz.com\/index.php?rest_route=%2Fwp%2Fv2%2Fmedia&parent=74186"}],"wp:term":[{"taxonomy":"category","embeddable":true,"href":"https:\/\/lospoliticosveracruz.com\/index.php?rest_route=%2Fwp%2Fv2%2Fcategories&post=74186"},{"taxonomy":"post_tag","embeddable":true,"href":"https:\/\/lospoliticosveracruz.com\/index.php?rest_route=%2Fwp%2Fv2%2Ftags&post=74186"}],"curies":[{"name":"wp","href":"https:\/\/api.w.org\/{rel}","templated":true}]}}