{"id":74192,"date":"2021-05-27T15:02:09","date_gmt":"2021-05-27T20:02:09","guid":{"rendered":"http:\/\/www.lospoliticosveracruz.com.mx\/?p=74192"},"modified":"2021-05-27T15:02:12","modified_gmt":"2021-05-27T20:02:12","slug":"ahued-se-presta-a-la-ilegalidad","status":"publish","type":"post","link":"https:\/\/lospoliticosveracruz.com\/?p=74192","title":{"rendered":"Ahued se presta a la ilegalidad"},"content":{"rendered":"\n<p><strong>Xalapa<\/strong><br>Al denunciar que en Xalapa se est\u00e1 cocinando una elecci\u00f3n de estado y que el candidato de Morena, Ricardo Ahued Bardahuil est\u00e1 recibiendo el apoyo de toda la maquinaria del Gobierno del Estado de Veracruz, del Ayuntamiento y del gobierno federal, violentando la legalidad, el candidato de la alianza \u00abVeracruz Va\u00bb a la presidencia municipal de la capital, David Velasco Chedraui dijo que \u00abhay temor, hay nerviosismo porque ven en su servidor a alguien potencialmente peligroso\u00bb.<\/p>\n\n\n\n<div class=\"wp-block-image\"><figure class=\"alignleft size-large\"><a href=\"http:\/\/www.lospoliticosveracruz.com.mx\/wp-content\/uploads\/2021\/05\/WhatsApp-Image-2021-05-25-at-13.34.11.jpeg\"><img decoding=\"async\" src=\"http:\/\/www.lospoliticosveracruz.com.mx\/wp-content\/uploads\/2021\/05\/WhatsApp-Image-2021-05-25-at-13.34.11.jpeg\" alt=\"\" class=\"wp-image-73963\"\/><\/a><\/figure><\/div>\n\n\n\n<p><br>\u00abYo lamento que Ricardo Ahued Bardahuil se preste a esta ilegalidad. Yo lo conozco bien, es una buena persona, nos llevamos bien, pero veo a un Ricardo diferente, que ha cambiado mucho y que ahora est\u00e1 apoyando a las personas que nos han hecho mucho da\u00f1o a todos los xalape\u00f1os\u00bb, indic\u00f3.<br>\u00abHay temor, hay nerviosismo. Ven en su servidor a alguien potencialmente peligroso para sus intereses y por eso est\u00e1n llegando a estas acciones de presionar a los empleados a participar en eventos pol\u00edticos, a utilizar recursos p\u00fablicos para beneficiar al candidato y otras acciones como el uso de inmuebles, de transporte oficial, entre otras\u00bb, asent\u00f3.<br>David Velasco Chedraui coment\u00f3 que su partido, el Revolucionario Institucional, tiene pruebas de todas estas irregularidades y el presidente Marlon Ram\u00edrez Mar\u00edn las present\u00f3 ante las instancias correspondientes. \u00abMorena busca robarse la elecci\u00f3n de Xalapa y est\u00e1n cometiendo delitos electorales; es una pena que Ricardo Ahued se preste a este tipo de irregularidades\u00bb, asever\u00f3.<br>Por ello, los representantes del PRI ante el Organismo P\u00fablico Local Electoral (OPLE), han presentado las denuncias correspondientes por el acarreo de personas a la marcha de Ricardo Ahued el pasado domingo 09 de mayo; por obligar a servidores p\u00fablicos a asistir a eventos de campa\u00f1a; por la utilizaci\u00f3n de veh\u00edculos oficiales en encuentros proselitistas; por la entrega de dinero; por la utilizaci\u00f3n de equipo de sonido oficial en eventos del candidato y la confecci\u00f3n y promoci\u00f3n de encuestas a modo, refrend\u00f3.<br>David Velasco Chedraui hizo un llamado en\u00e9rgico al candidato de Morena, \u00abpara que no utilice recursos p\u00fablicos y para que se conduzca con civilidad\u00bb e hizo un compromiso ante los xalape\u00f1os de que, al ser favorecido por el voto ciudadano, se quedar\u00e1 a gobernar los cuatro a\u00f1os la ciudad, \u00abno como el propio Ricardo Ahued, quien hasta en eso ha incumplido a quienes han confiado en \u00e9l, porque no ha terminado las encomiendas que le han dado\u00bb.<\/p>\n","protected":false},"excerpt":{"rendered":"<p>XalapaAl denunciar que en Xalapa se est\u00e1 cocinando una elecci\u00f3n de estado y que el candidato de Morena, Ricardo Ahued Bardahuil est\u00e1 recibiendo el apoyo de toda la maquinaria del Gobierno del Estado de Veracruz, del Ayuntamiento y del gobierno federal, violentando la legalidad, el candidato de la alianza \u00abVeracruz Va\u00bb a la presidencia municipal [&hellip;]<\/p>\n","protected":false},"author":2,"featured_media":0,"comment_status":"closed","ping_status":"closed","sticky":false,"template":"","format":"standard","meta":{"tdm_status":"","tdm_grid_status":"","footnotes":""},"categories":[73],"tags":[407,2908,1026,25692,96],"class_list":{"0":"post-74192","1":"post","2":"type-post","3":"status-publish","4":"format-standard","6":"category-de-boleto","7":"tag-david-velasco-chedraui","8":"tag-marlon-ramirez-marin","9":"tag-morena","10":"tag-veracruz-va","11":"tag-xalapa"},"yoast_head":"<!-- This site is optimized with the Yoast SEO plugin v27.4 - https:\/\/yoast.com\/product\/yoast-seo-wordpress\/ -->\n<title>Ahued se presta a la ilegalidad - Los pol\u00edticos Veracruz<\/title>\n<meta name=\"robots\" content=\"index, follow, max-snippet:-1, max-image-preview:large, max-video-preview:-1\" \/>\n<link rel=\"canonical\" href=\"https:\/\/lospoliticosveracruz.com\/?p=74192\" \/>\n<meta property=\"og:locale\" content=\"es_ES\" \/>\n<meta property=\"og:type\" content=\"article\" \/>\n<meta property=\"og:title\" content=\"Ahued se presta a la ilegalidad - Los pol\u00edticos Veracruz\" \/>\n<meta property=\"og:description\" content=\"XalapaAl denunciar que en Xalapa se est\u00e1 cocinando una elecci\u00f3n de estado y que el candidato de Morena, Ricardo Ahued Bardahuil est\u00e1 recibiendo el apoyo de toda la maquinaria del Gobierno del Estado de Veracruz, del Ayuntamiento y del gobierno federal, violentando la legalidad, el candidato de la alianza \u00abVeracruz Va\u00bb a la presidencia municipal [&hellip;]\" \/>\n<meta property=\"og:url\" content=\"https:\/\/lospoliticosveracruz.com\/?p=74192\" \/>\n<meta property=\"og:site_name\" content=\"Los pol\u00edticos Veracruz\" \/>\n<meta property=\"article:publisher\" content=\"https:\/\/www.facebook.com\/people\/Notimemes-de-los-Polticos\/61565672886568\/\" \/>\n<meta property=\"article:published_time\" content=\"2021-05-27T20:02:09+00:00\" \/>\n<meta property=\"article:modified_time\" content=\"2021-05-27T20:02:12+00:00\" \/>\n<meta property=\"og:image\" content=\"http:\/\/www.lospoliticosveracruz.com.mx\/wp-content\/uploads\/2021\/05\/WhatsApp-Image-2021-05-25-at-13.34.11.jpeg\" \/>\n<meta name=\"author\" content=\"Lo viste en Los Pol\u00edticos\" \/>\n<meta name=\"twitter:card\" content=\"summary_large_image\" \/>\n<meta name=\"twitter:creator\" content=\"@LosPoliticosVer\" \/>\n<meta name=\"twitter:site\" content=\"@LosPoliticosVer\" \/>\n<meta name=\"twitter:label1\" content=\"Escrito por\" \/>\n\t<meta name=\"twitter:data1\" content=\"Lo viste en Los Pol\u00edticos\" \/>\n\t<meta name=\"twitter:label2\" content=\"Tiempo de lectura\" \/>\n\t<meta name=\"twitter:data2\" content=\"2 minutos\" \/>\n<script type=\"application\/ld+json\" class=\"yoast-schema-graph\">{\"@context\":\"https:\\\/\\\/schema.org\",\"@graph\":[{\"@type\":\"Article\",\"@id\":\"https:\\\/\\\/lospoliticosveracruz.com\\\/?p=74192#article\",\"isPartOf\":{\"@id\":\"https:\\\/\\\/lospoliticosveracruz.com\\\/?p=74192\"},\"author\":{\"name\":\"Lo viste en Los Pol\u00edticos\",\"@id\":\"https:\\\/\\\/lospoliticosveracruz.com\\\/#\\\/schema\\\/person\\\/b8702bb0e538456e6efd07080bf2a4a2\"},\"headline\":\"Ahued se presta a la ilegalidad\",\"datePublished\":\"2021-05-27T20:02:09+00:00\",\"dateModified\":\"2021-05-27T20:02:12+00:00\",\"mainEntityOfPage\":{\"@id\":\"https:\\\/\\\/lospoliticosveracruz.com\\\/?p=74192\"},\"wordCount\":423,\"publisher\":{\"@id\":\"https:\\\/\\\/lospoliticosveracruz.com\\\/#organization\"},\"image\":{\"@id\":\"https:\\\/\\\/lospoliticosveracruz.com\\\/?p=74192#primaryimage\"},\"thumbnailUrl\":\"http:\\\/\\\/www.lospoliticosveracruz.com.mx\\\/wp-content\\\/uploads\\\/2021\\\/05\\\/WhatsApp-Image-2021-05-25-at-13.34.11.jpeg\",\"keywords\":[\"David Velasco Chedraui\",\"Marlon Ram\u00edrez Mar\u00edn\",\"Morena\",\"Veracruz Va\",\"Xalapa\"],\"articleSection\":[\"De Boleto\"],\"inLanguage\":\"es\"},{\"@type\":\"WebPage\",\"@id\":\"https:\\\/\\\/lospoliticosveracruz.com\\\/?p=74192\",\"url\":\"https:\\\/\\\/lospoliticosveracruz.com\\\/?p=74192\",\"name\":\"Ahued se presta a la ilegalidad - Los pol\u00edticos Veracruz\",\"isPartOf\":{\"@id\":\"https:\\\/\\\/lospoliticosveracruz.com\\\/#website\"},\"primaryImageOfPage\":{\"@id\":\"https:\\\/\\\/lospoliticosveracruz.com\\\/?p=74192#primaryimage\"},\"image\":{\"@id\":\"https:\\\/\\\/lospoliticosveracruz.com\\\/?p=74192#primaryimage\"},\"thumbnailUrl\":\"http:\\\/\\\/www.lospoliticosveracruz.com.mx\\\/wp-content\\\/uploads\\\/2021\\\/05\\\/WhatsApp-Image-2021-05-25-at-13.34.11.jpeg\",\"datePublished\":\"2021-05-27T20:02:09+00:00\",\"dateModified\":\"2021-05-27T20:02:12+00:00\",\"breadcrumb\":{\"@id\":\"https:\\\/\\\/lospoliticosveracruz.com\\\/?p=74192#breadcrumb\"},\"inLanguage\":\"es\",\"potentialAction\":[{\"@type\":\"ReadAction\",\"target\":[\"https:\\\/\\\/lospoliticosveracruz.com\\\/?p=74192\"]}]},{\"@type\":\"ImageObject\",\"inLanguage\":\"es\",\"@id\":\"https:\\\/\\\/lospoliticosveracruz.com\\\/?p=74192#primaryimage\",\"url\":\"http:\\\/\\\/www.lospoliticosveracruz.com.mx\\\/wp-content\\\/uploads\\\/2021\\\/05\\\/WhatsApp-Image-2021-05-25-at-13.34.11.jpeg\",\"contentUrl\":\"http:\\\/\\\/www.lospoliticosveracruz.com.mx\\\/wp-content\\\/uploads\\\/2021\\\/05\\\/WhatsApp-Image-2021-05-25-at-13.34.11.jpeg\"},{\"@type\":\"BreadcrumbList\",\"@id\":\"https:\\\/\\\/lospoliticosveracruz.com\\\/?p=74192#breadcrumb\",\"itemListElement\":[{\"@type\":\"ListItem\",\"position\":1,\"name\":\"Portada\",\"item\":\"https:\\\/\\\/lospoliticosveracruz.com\\\/\"},{\"@type\":\"ListItem\",\"position\":2,\"name\":\"Ahued se presta a la ilegalidad\"}]},{\"@type\":\"WebSite\",\"@id\":\"https:\\\/\\\/lospoliticosveracruz.com\\\/#website\",\"url\":\"https:\\\/\\\/lospoliticosveracruz.com\\\/\",\"name\":\"Los pol\u00edticos Veracruz\",\"description\":\"\",\"publisher\":{\"@id\":\"https:\\\/\\\/lospoliticosveracruz.com\\\/#organization\"},\"potentialAction\":[{\"@type\":\"SearchAction\",\"target\":{\"@type\":\"EntryPoint\",\"urlTemplate\":\"https:\\\/\\\/lospoliticosveracruz.com\\\/?s={search_term_string}\"},\"query-input\":{\"@type\":\"PropertyValueSpecification\",\"valueRequired\":true,\"valueName\":\"search_term_string\"}}],\"inLanguage\":\"es\"},{\"@type\":\"Organization\",\"@id\":\"https:\\\/\\\/lospoliticosveracruz.com\\\/#organization\",\"name\":\"Los pol\u00edticos Veracruz\",\"url\":\"https:\\\/\\\/lospoliticosveracruz.com\\\/\",\"logo\":{\"@type\":\"ImageObject\",\"inLanguage\":\"es\",\"@id\":\"https:\\\/\\\/lospoliticosveracruz.com\\\/#\\\/schema\\\/logo\\\/image\\\/\",\"url\":\"https:\\\/\\\/lospoliticosveracruz.com\\\/wp-content\\\/uploads\\\/2025\\\/12\\\/Logo-Nuevo-LOS-POLITICOS-1.jpg\",\"contentUrl\":\"https:\\\/\\\/lospoliticosveracruz.com\\\/wp-content\\\/uploads\\\/2025\\\/12\\\/Logo-Nuevo-LOS-POLITICOS-1.jpg\",\"width\":260,\"height\":70,\"caption\":\"Los pol\u00edticos Veracruz\"},\"image\":{\"@id\":\"https:\\\/\\\/lospoliticosveracruz.com\\\/#\\\/schema\\\/logo\\\/image\\\/\"},\"sameAs\":[\"https:\\\/\\\/www.facebook.com\\\/people\\\/Notimemes-de-los-Polticos\\\/61565672886568\\\/\",\"https:\\\/\\\/x.com\\\/LosPoliticosVer\"]},{\"@type\":\"Person\",\"@id\":\"https:\\\/\\\/lospoliticosveracruz.com\\\/#\\\/schema\\\/person\\\/b8702bb0e538456e6efd07080bf2a4a2\",\"name\":\"Lo viste en Los Pol\u00edticos\",\"image\":{\"@type\":\"ImageObject\",\"inLanguage\":\"es\",\"@id\":\"https:\\\/\\\/secure.gravatar.com\\\/avatar\\\/3a8de04a2656d44082be478bd6c086daa447c4651605818287b9532d3d0bd435?s=96&d=mm&r=g\",\"url\":\"https:\\\/\\\/secure.gravatar.com\\\/avatar\\\/3a8de04a2656d44082be478bd6c086daa447c4651605818287b9532d3d0bd435?s=96&d=mm&r=g\",\"contentUrl\":\"https:\\\/\\\/secure.gravatar.com\\\/avatar\\\/3a8de04a2656d44082be478bd6c086daa447c4651605818287b9532d3d0bd435?s=96&d=mm&r=g\",\"caption\":\"Lo viste en Los Pol\u00edticos\"},\"url\":\"https:\\\/\\\/lospoliticosveracruz.com\\\/?author=2\"}]}<\/script>\n<!-- \/ Yoast SEO plugin. -->","yoast_head_json":{"title":"Ahued se presta a la ilegalidad - Los pol\u00edticos Veracruz","robots":{"index":"index","follow":"follow","max-snippet":"max-snippet:-1","max-image-preview":"max-image-preview:large","max-video-preview":"max-video-preview:-1"},"canonical":"https:\/\/lospoliticosveracruz.com\/?p=74192","og_locale":"es_ES","og_type":"article","og_title":"Ahued se presta a la ilegalidad - Los pol\u00edticos Veracruz","og_description":"XalapaAl denunciar que en Xalapa se est\u00e1 cocinando una elecci\u00f3n de estado y que el candidato de Morena, Ricardo Ahued Bardahuil est\u00e1 recibiendo el apoyo de toda la maquinaria del Gobierno del Estado de Veracruz, del Ayuntamiento y del gobierno federal, violentando la legalidad, el candidato de la alianza \u00abVeracruz Va\u00bb a la presidencia municipal [&hellip;]","og_url":"https:\/\/lospoliticosveracruz.com\/?p=74192","og_site_name":"Los pol\u00edticos Veracruz","article_publisher":"https:\/\/www.facebook.com\/people\/Notimemes-de-los-Polticos\/61565672886568\/","article_published_time":"2021-05-27T20:02:09+00:00","article_modified_time":"2021-05-27T20:02:12+00:00","og_image":[{"url":"http:\/\/www.lospoliticosveracruz.com.mx\/wp-content\/uploads\/2021\/05\/WhatsApp-Image-2021-05-25-at-13.34.11.jpeg","type":"","width":"","height":""}],"author":"Lo viste en Los Pol\u00edticos","twitter_card":"summary_large_image","twitter_creator":"@LosPoliticosVer","twitter_site":"@LosPoliticosVer","twitter_misc":{"Escrito por":"Lo viste en Los Pol\u00edticos","Tiempo de lectura":"2 minutos"},"schema":{"@context":"https:\/\/schema.org","@graph":[{"@type":"Article","@id":"https:\/\/lospoliticosveracruz.com\/?p=74192#article","isPartOf":{"@id":"https:\/\/lospoliticosveracruz.com\/?p=74192"},"author":{"name":"Lo viste en Los Pol\u00edticos","@id":"https:\/\/lospoliticosveracruz.com\/#\/schema\/person\/b8702bb0e538456e6efd07080bf2a4a2"},"headline":"Ahued se presta a la ilegalidad","datePublished":"2021-05-27T20:02:09+00:00","dateModified":"2021-05-27T20:02:12+00:00","mainEntityOfPage":{"@id":"https:\/\/lospoliticosveracruz.com\/?p=74192"},"wordCount":423,"publisher":{"@id":"https:\/\/lospoliticosveracruz.com\/#organization"},"image":{"@id":"https:\/\/lospoliticosveracruz.com\/?p=74192#primaryimage"},"thumbnailUrl":"http:\/\/www.lospoliticosveracruz.com.mx\/wp-content\/uploads\/2021\/05\/WhatsApp-Image-2021-05-25-at-13.34.11.jpeg","keywords":["David Velasco Chedraui","Marlon Ram\u00edrez Mar\u00edn","Morena","Veracruz Va","Xalapa"],"articleSection":["De Boleto"],"inLanguage":"es"},{"@type":"WebPage","@id":"https:\/\/lospoliticosveracruz.com\/?p=74192","url":"https:\/\/lospoliticosveracruz.com\/?p=74192","name":"Ahued se presta a la ilegalidad - Los pol\u00edticos Veracruz","isPartOf":{"@id":"https:\/\/lospoliticosveracruz.com\/#website"},"primaryImageOfPage":{"@id":"https:\/\/lospoliticosveracruz.com\/?p=74192#primaryimage"},"image":{"@id":"https:\/\/lospoliticosveracruz.com\/?p=74192#primaryimage"},"thumbnailUrl":"http:\/\/www.lospoliticosveracruz.com.mx\/wp-content\/uploads\/2021\/05\/WhatsApp-Image-2021-05-25-at-13.34.11.jpeg","datePublished":"2021-05-27T20:02:09+00:00","dateModified":"2021-05-27T20:02:12+00:00","breadcrumb":{"@id":"https:\/\/lospoliticosveracruz.com\/?p=74192#breadcrumb"},"inLanguage":"es","potentialAction":[{"@type":"ReadAction","target":["https:\/\/lospoliticosveracruz.com\/?p=74192"]}]},{"@type":"ImageObject","inLanguage":"es","@id":"https:\/\/lospoliticosveracruz.com\/?p=74192#primaryimage","url":"http:\/\/www.lospoliticosveracruz.com.mx\/wp-content\/uploads\/2021\/05\/WhatsApp-Image-2021-05-25-at-13.34.11.jpeg","contentUrl":"http:\/\/www.lospoliticosveracruz.com.mx\/wp-content\/uploads\/2021\/05\/WhatsApp-Image-2021-05-25-at-13.34.11.jpeg"},{"@type":"BreadcrumbList","@id":"https:\/\/lospoliticosveracruz.com\/?p=74192#breadcrumb","itemListElement":[{"@type":"ListItem","position":1,"name":"Portada","item":"https:\/\/lospoliticosveracruz.com\/"},{"@type":"ListItem","position":2,"name":"Ahued se presta a la ilegalidad"}]},{"@type":"WebSite","@id":"https:\/\/lospoliticosveracruz.com\/#website","url":"https:\/\/lospoliticosveracruz.com\/","name":"Los pol\u00edticos Veracruz","description":"","publisher":{"@id":"https:\/\/lospoliticosveracruz.com\/#organization"},"potentialAction":[{"@type":"SearchAction","target":{"@type":"EntryPoint","urlTemplate":"https:\/\/lospoliticosveracruz.com\/?s={search_term_string}"},"query-input":{"@type":"PropertyValueSpecification","valueRequired":true,"valueName":"search_term_string"}}],"inLanguage":"es"},{"@type":"Organization","@id":"https:\/\/lospoliticosveracruz.com\/#organization","name":"Los pol\u00edticos Veracruz","url":"https:\/\/lospoliticosveracruz.com\/","logo":{"@type":"ImageObject","inLanguage":"es","@id":"https:\/\/lospoliticosveracruz.com\/#\/schema\/logo\/image\/","url":"https:\/\/lospoliticosveracruz.com\/wp-content\/uploads\/2025\/12\/Logo-Nuevo-LOS-POLITICOS-1.jpg","contentUrl":"https:\/\/lospoliticosveracruz.com\/wp-content\/uploads\/2025\/12\/Logo-Nuevo-LOS-POLITICOS-1.jpg","width":260,"height":70,"caption":"Los pol\u00edticos Veracruz"},"image":{"@id":"https:\/\/lospoliticosveracruz.com\/#\/schema\/logo\/image\/"},"sameAs":["https:\/\/www.facebook.com\/people\/Notimemes-de-los-Polticos\/61565672886568\/","https:\/\/x.com\/LosPoliticosVer"]},{"@type":"Person","@id":"https:\/\/lospoliticosveracruz.com\/#\/schema\/person\/b8702bb0e538456e6efd07080bf2a4a2","name":"Lo viste en Los Pol\u00edticos","image":{"@type":"ImageObject","inLanguage":"es","@id":"https:\/\/secure.gravatar.com\/avatar\/3a8de04a2656d44082be478bd6c086daa447c4651605818287b9532d3d0bd435?s=96&d=mm&r=g","url":"https:\/\/secure.gravatar.com\/avatar\/3a8de04a2656d44082be478bd6c086daa447c4651605818287b9532d3d0bd435?s=96&d=mm&r=g","contentUrl":"https:\/\/secure.gravatar.com\/avatar\/3a8de04a2656d44082be478bd6c086daa447c4651605818287b9532d3d0bd435?s=96&d=mm&r=g","caption":"Lo viste en Los Pol\u00edticos"},"url":"https:\/\/lospoliticosveracruz.com\/?author=2"}]}},"_links":{"self":[{"href":"https:\/\/lospoliticosveracruz.com\/index.php?rest_route=\/wp\/v2\/posts\/74192","targetHints":{"allow":["GET"]}}],"collection":[{"href":"https:\/\/lospoliticosveracruz.com\/index.php?rest_route=\/wp\/v2\/posts"}],"about":[{"href":"https:\/\/lospoliticosveracruz.com\/index.php?rest_route=\/wp\/v2\/types\/post"}],"author":[{"embeddable":true,"href":"https:\/\/lospoliticosveracruz.com\/index.php?rest_route=\/wp\/v2\/users\/2"}],"replies":[{"embeddable":true,"href":"https:\/\/lospoliticosveracruz.com\/index.php?rest_route=%2Fwp%2Fv2%2Fcomments&post=74192"}],"version-history":[{"count":1,"href":"https:\/\/lospoliticosveracruz.com\/index.php?rest_route=\/wp\/v2\/posts\/74192\/revisions"}],"predecessor-version":[{"id":74194,"href":"https:\/\/lospoliticosveracruz.com\/index.php?rest_route=\/wp\/v2\/posts\/74192\/revisions\/74194"}],"wp:attachment":[{"href":"https:\/\/lospoliticosveracruz.com\/index.php?rest_route=%2Fwp%2Fv2%2Fmedia&parent=74192"}],"wp:term":[{"taxonomy":"category","embeddable":true,"href":"https:\/\/lospoliticosveracruz.com\/index.php?rest_route=%2Fwp%2Fv2%2Fcategories&post=74192"},{"taxonomy":"post_tag","embeddable":true,"href":"https:\/\/lospoliticosveracruz.com\/index.php?rest_route=%2Fwp%2Fv2%2Ftags&post=74192"}],"curies":[{"name":"wp","href":"https:\/\/api.w.org\/{rel}","templated":true}]}}