{"id":74198,"date":"2021-05-27T15:14:02","date_gmt":"2021-05-27T20:14:02","guid":{"rendered":"http:\/\/www.lospoliticosveracruz.com.mx\/?p=74198"},"modified":"2021-05-27T15:16:02","modified_gmt":"2021-05-27T20:16:02","slug":"campana-de-ahued-campana-de-estado-marlon","status":"publish","type":"post","link":"https:\/\/lospoliticosveracruz.com\/?p=74198","title":{"rendered":"Campa\u00f1a de Ahued,  campa\u00f1a de Estado: Marlon"},"content":{"rendered":"\n<p><\/p>\n\n\n\n<p><em>Xalapa<\/em><br>El Partido Revolucionario Institucional en Veracruz, interpuso una denuncia de hechos ante la Fiscal\u00eda General de la Rep\u00fablica, y una denuncia ante el Organismo P\u00fablico Local Electoral (OPLE), en contra Ricardo Ahued Bardahuil, candidato de Morena, PVEM y PT, a la presidencia municipal de Xalapa, por hacer uso de recursos p\u00fablicos, estatales y municipales, y permitir la intervenci\u00f3n del Gobierno del Estado, a favor de su campa\u00f1a.<\/p>\n\n\n\n<p>En conferencia de prensa, el presidente del CDE en la entidad, Marlon Ram\u00edrez Mar\u00edn, dio a conocer que estas denuncias est\u00e1n respaldadas por una serie de videos, fotograf\u00edas de funcionarios p\u00fablicos, empleados de gobierno estatal y municipal, autom\u00f3viles, recursos materiales, y dem\u00e1s documentos que se han recopilado mediante un trabajo de investigaci\u00f3n, pero, adem\u00e1s, gracias a la misma ciudadan\u00eda que aporta material probatorio y que repudia estos actos.<\/p>\n\n\n\n<p>Enfatiz\u00f3 que, es responsabilidad del PRI, poner en consideraci\u00f3n de las autoridades, esta situaci\u00f3n, y ser\u00eda muy grave, que teniendo los indicios, ni siquiera se hiciera la investigaci\u00f3n; \u00abpor eso lo hacemos del conocimiento p\u00fablico y de las autoridades, le corresponder\u00e1 a Ricardo Ahued, explicar esto, a los funcionarios decir qu\u00e9 hac\u00edan sus veh\u00edculos en esa hora y en esos lugares, y a la autoridad administrativa correspondiente, hacer el deslinde de la responsabilidades.\u00bb<\/p>\n\n\n\n<p>Subray\u00f3 que, Ricardo Ahued, siempre se ha manejado como una persona impoluta, recta, decente y que no utiliza el cargo para aprovecharlo a su beneficio, sin embargo. \u00abDon Ricardo Ahued, de como lo conocemos, ya cambi\u00f3. Esta campa\u00f1a a la presidencia municipal de Xalapa, tiene demasiada atenci\u00f3n, por decirlo de una manera elegante, del Gobierno de Veracruz\u00bb.<\/p>\n\n\n\n<p>Puntualiz\u00f3 que, existe una persecuci\u00f3n y todo un operativo por parte de Gobierno del Estado, que \u201ctiene no la mano, sino la mitad del cuerpo metido en la elecci\u00f3n, y se ve en muchos lugares, porque es producto de la desesperaci\u00f3n de que no les est\u00e1n arrojando los n\u00fameros que quisieran.\u201d<\/p>\n\n\n\n<p>\u00abXalapa lo que requiere es de alguien que saque del marasmo a la capital de Veracruz, no hay obra p\u00fablica, inversi\u00f3n, no hay desarrollo, no hay seguridad, las l\u00e1mparas est\u00e1n fundidas, los baches est\u00e1n por todos lados, las pocas obras que han hecho se inundan\u00bb, a\u00f1adi\u00f3, en el caso de Xalapa en donde afirm\u00f3 que David Velasco Chedraui, actual candidato de la alianza Veracruz Va a la presidencia municipal de Xalapa, es el ex alcalde, que m\u00e1s obra realiz\u00f3 durante su gesti\u00f3n.<\/p>\n\n\n\n<p>Marlon Ram\u00edrez Mar\u00edn, detall\u00f3 que se han presentado en el OPLE, una gran cantidad de recursos y procedimientos especiales sancionadores antes, durante y despu\u00e9s del proceso electoral, por situaciones que ocurren en otros municipios, as\u00ed como ocurre en Xalapa, por ejemplo: en Papantla, Poza Rica, Santiago Tuxtla, Las Choapas, Tihuatl\u00e1n, Minatitl\u00e1n, y muchos han sido concedidos como el caso de las despensas con los diputados, promociones de diputados en p\u00e1ginas de internet, y otras que tienen que ver con la veda electoral al anunciar obras y acciones de gobierno.<\/p>\n\n\n\n<p>Finalmente, el dirigente estatal pri\u00edsta, reiter\u00f3, acompa\u00f1ado de Alfredo Ni\u00f1o Flores, presidente del Comit\u00e9 Municipal de Xalapa, y de Carlos Rugerio Mart\u00ednez, candidato a regidor por Xalapa, que existe confianza en el OPLE, porque hasta el d\u00eda de hoy no ha dado muestra de lo contrario, y los recursos presentados han sido solventados.<\/p>\n","protected":false},"excerpt":{"rendered":"<p>XalapaEl Partido Revolucionario Institucional en Veracruz, interpuso una denuncia de hechos ante la Fiscal\u00eda General de la Rep\u00fablica, y una denuncia ante el Organismo P\u00fablico Local Electoral (OPLE), en contra Ricardo Ahued Bardahuil, candidato de Morena, PVEM y PT, a la presidencia municipal de Xalapa, por hacer uso de recursos p\u00fablicos, estatales y municipales, y [&hellip;]<\/p>\n","protected":false},"author":2,"featured_media":0,"comment_status":"closed","ping_status":"closed","sticky":false,"template":"","format":"standard","meta":{"tdm_status":"","tdm_grid_status":"","footnotes":""},"categories":[73],"tags":[2908,1949,251,2812],"class_list":{"0":"post-74198","1":"post","2":"type-post","3":"status-publish","4":"format-standard","6":"category-de-boleto","7":"tag-marlon-ramirez-marin","8":"tag-partido-revolucionario-institucional","9":"tag-pri","10":"tag-ricardo-ahued-bardahuil"},"yoast_head":"<!-- This site is optimized with the Yoast SEO plugin v27.4 - https:\/\/yoast.com\/product\/yoast-seo-wordpress\/ -->\n<title>Campa\u00f1a de Ahued, campa\u00f1a de Estado: Marlon - Los pol\u00edticos Veracruz<\/title>\n<meta name=\"robots\" content=\"index, follow, max-snippet:-1, max-image-preview:large, max-video-preview:-1\" \/>\n<link rel=\"canonical\" href=\"https:\/\/lospoliticosveracruz.com\/?p=74198\" \/>\n<meta property=\"og:locale\" content=\"es_ES\" \/>\n<meta property=\"og:type\" content=\"article\" \/>\n<meta property=\"og:title\" content=\"Campa\u00f1a de Ahued, campa\u00f1a de Estado: Marlon - Los pol\u00edticos Veracruz\" \/>\n<meta property=\"og:description\" content=\"XalapaEl Partido Revolucionario Institucional en Veracruz, interpuso una denuncia de hechos ante la Fiscal\u00eda General de la Rep\u00fablica, y una denuncia ante el Organismo P\u00fablico Local Electoral (OPLE), en contra Ricardo Ahued Bardahuil, candidato de Morena, PVEM y PT, a la presidencia municipal de Xalapa, por hacer uso de recursos p\u00fablicos, estatales y municipales, y [&hellip;]\" \/>\n<meta property=\"og:url\" content=\"https:\/\/lospoliticosveracruz.com\/?p=74198\" \/>\n<meta property=\"og:site_name\" content=\"Los pol\u00edticos Veracruz\" \/>\n<meta property=\"article:publisher\" content=\"https:\/\/www.facebook.com\/people\/Notimemes-de-los-Polticos\/61565672886568\/\" \/>\n<meta property=\"article:published_time\" content=\"2021-05-27T20:14:02+00:00\" \/>\n<meta property=\"article:modified_time\" content=\"2021-05-27T20:16:02+00:00\" \/>\n<meta property=\"og:image\" content=\"https:\/\/lospoliticosveracruz.com\/wp-content\/uploads\/2016\/07\/Logo-Dor.jpg\" \/>\n\t<meta property=\"og:image:width\" content=\"200\" \/>\n\t<meta property=\"og:image:height\" content=\"200\" \/>\n\t<meta property=\"og:image:type\" content=\"image\/jpeg\" \/>\n<meta name=\"author\" content=\"Lo viste en Los Pol\u00edticos\" \/>\n<meta name=\"twitter:card\" content=\"summary_large_image\" \/>\n<meta name=\"twitter:creator\" content=\"@LosPoliticosVer\" \/>\n<meta name=\"twitter:site\" content=\"@LosPoliticosVer\" \/>\n<meta name=\"twitter:label1\" content=\"Escrito por\" \/>\n\t<meta name=\"twitter:data1\" content=\"Lo viste en Los Pol\u00edticos\" \/>\n\t<meta name=\"twitter:label2\" content=\"Tiempo de lectura\" \/>\n\t<meta name=\"twitter:data2\" content=\"3 minutos\" \/>\n<script type=\"application\/ld+json\" class=\"yoast-schema-graph\">{\"@context\":\"https:\\\/\\\/schema.org\",\"@graph\":[{\"@type\":\"Article\",\"@id\":\"https:\\\/\\\/lospoliticosveracruz.com\\\/?p=74198#article\",\"isPartOf\":{\"@id\":\"https:\\\/\\\/lospoliticosveracruz.com\\\/?p=74198\"},\"author\":{\"name\":\"Lo viste en Los Pol\u00edticos\",\"@id\":\"https:\\\/\\\/lospoliticosveracruz.com\\\/#\\\/schema\\\/person\\\/b8702bb0e538456e6efd07080bf2a4a2\"},\"headline\":\"Campa\u00f1a de Ahued, campa\u00f1a de Estado: Marlon\",\"datePublished\":\"2021-05-27T20:14:02+00:00\",\"dateModified\":\"2021-05-27T20:16:02+00:00\",\"mainEntityOfPage\":{\"@id\":\"https:\\\/\\\/lospoliticosveracruz.com\\\/?p=74198\"},\"wordCount\":599,\"publisher\":{\"@id\":\"https:\\\/\\\/lospoliticosveracruz.com\\\/#organization\"},\"keywords\":[\"Marlon Ram\u00edrez Mar\u00edn\",\"Partido Revolucionario Institucional\",\"PRI\",\"Ricardo Ahued Bardahuil\"],\"articleSection\":[\"De Boleto\"],\"inLanguage\":\"es\"},{\"@type\":\"WebPage\",\"@id\":\"https:\\\/\\\/lospoliticosveracruz.com\\\/?p=74198\",\"url\":\"https:\\\/\\\/lospoliticosveracruz.com\\\/?p=74198\",\"name\":\"Campa\u00f1a de Ahued, campa\u00f1a de Estado: Marlon - Los pol\u00edticos Veracruz\",\"isPartOf\":{\"@id\":\"https:\\\/\\\/lospoliticosveracruz.com\\\/#website\"},\"datePublished\":\"2021-05-27T20:14:02+00:00\",\"dateModified\":\"2021-05-27T20:16:02+00:00\",\"breadcrumb\":{\"@id\":\"https:\\\/\\\/lospoliticosveracruz.com\\\/?p=74198#breadcrumb\"},\"inLanguage\":\"es\",\"potentialAction\":[{\"@type\":\"ReadAction\",\"target\":[\"https:\\\/\\\/lospoliticosveracruz.com\\\/?p=74198\"]}]},{\"@type\":\"BreadcrumbList\",\"@id\":\"https:\\\/\\\/lospoliticosveracruz.com\\\/?p=74198#breadcrumb\",\"itemListElement\":[{\"@type\":\"ListItem\",\"position\":1,\"name\":\"Portada\",\"item\":\"https:\\\/\\\/lospoliticosveracruz.com\\\/\"},{\"@type\":\"ListItem\",\"position\":2,\"name\":\"Campa\u00f1a de Ahued, campa\u00f1a de Estado: Marlon\"}]},{\"@type\":\"WebSite\",\"@id\":\"https:\\\/\\\/lospoliticosveracruz.com\\\/#website\",\"url\":\"https:\\\/\\\/lospoliticosveracruz.com\\\/\",\"name\":\"Los pol\u00edticos Veracruz\",\"description\":\"\",\"publisher\":{\"@id\":\"https:\\\/\\\/lospoliticosveracruz.com\\\/#organization\"},\"potentialAction\":[{\"@type\":\"SearchAction\",\"target\":{\"@type\":\"EntryPoint\",\"urlTemplate\":\"https:\\\/\\\/lospoliticosveracruz.com\\\/?s={search_term_string}\"},\"query-input\":{\"@type\":\"PropertyValueSpecification\",\"valueRequired\":true,\"valueName\":\"search_term_string\"}}],\"inLanguage\":\"es\"},{\"@type\":\"Organization\",\"@id\":\"https:\\\/\\\/lospoliticosveracruz.com\\\/#organization\",\"name\":\"Los pol\u00edticos Veracruz\",\"url\":\"https:\\\/\\\/lospoliticosveracruz.com\\\/\",\"logo\":{\"@type\":\"ImageObject\",\"inLanguage\":\"es\",\"@id\":\"https:\\\/\\\/lospoliticosveracruz.com\\\/#\\\/schema\\\/logo\\\/image\\\/\",\"url\":\"https:\\\/\\\/lospoliticosveracruz.com\\\/wp-content\\\/uploads\\\/2025\\\/12\\\/Logo-Nuevo-LOS-POLITICOS-1.jpg\",\"contentUrl\":\"https:\\\/\\\/lospoliticosveracruz.com\\\/wp-content\\\/uploads\\\/2025\\\/12\\\/Logo-Nuevo-LOS-POLITICOS-1.jpg\",\"width\":260,\"height\":70,\"caption\":\"Los pol\u00edticos Veracruz\"},\"image\":{\"@id\":\"https:\\\/\\\/lospoliticosveracruz.com\\\/#\\\/schema\\\/logo\\\/image\\\/\"},\"sameAs\":[\"https:\\\/\\\/www.facebook.com\\\/people\\\/Notimemes-de-los-Polticos\\\/61565672886568\\\/\",\"https:\\\/\\\/x.com\\\/LosPoliticosVer\"]},{\"@type\":\"Person\",\"@id\":\"https:\\\/\\\/lospoliticosveracruz.com\\\/#\\\/schema\\\/person\\\/b8702bb0e538456e6efd07080bf2a4a2\",\"name\":\"Lo viste en Los Pol\u00edticos\",\"image\":{\"@type\":\"ImageObject\",\"inLanguage\":\"es\",\"@id\":\"https:\\\/\\\/secure.gravatar.com\\\/avatar\\\/3a8de04a2656d44082be478bd6c086daa447c4651605818287b9532d3d0bd435?s=96&d=mm&r=g\",\"url\":\"https:\\\/\\\/secure.gravatar.com\\\/avatar\\\/3a8de04a2656d44082be478bd6c086daa447c4651605818287b9532d3d0bd435?s=96&d=mm&r=g\",\"contentUrl\":\"https:\\\/\\\/secure.gravatar.com\\\/avatar\\\/3a8de04a2656d44082be478bd6c086daa447c4651605818287b9532d3d0bd435?s=96&d=mm&r=g\",\"caption\":\"Lo viste en Los Pol\u00edticos\"},\"url\":\"https:\\\/\\\/lospoliticosveracruz.com\\\/?author=2\"}]}<\/script>\n<!-- \/ Yoast SEO plugin. -->","yoast_head_json":{"title":"Campa\u00f1a de Ahued, campa\u00f1a de Estado: Marlon - Los pol\u00edticos Veracruz","robots":{"index":"index","follow":"follow","max-snippet":"max-snippet:-1","max-image-preview":"max-image-preview:large","max-video-preview":"max-video-preview:-1"},"canonical":"https:\/\/lospoliticosveracruz.com\/?p=74198","og_locale":"es_ES","og_type":"article","og_title":"Campa\u00f1a de Ahued, campa\u00f1a de Estado: Marlon - Los pol\u00edticos Veracruz","og_description":"XalapaEl Partido Revolucionario Institucional en Veracruz, interpuso una denuncia de hechos ante la Fiscal\u00eda General de la Rep\u00fablica, y una denuncia ante el Organismo P\u00fablico Local Electoral (OPLE), en contra Ricardo Ahued Bardahuil, candidato de Morena, PVEM y PT, a la presidencia municipal de Xalapa, por hacer uso de recursos p\u00fablicos, estatales y municipales, y [&hellip;]","og_url":"https:\/\/lospoliticosveracruz.com\/?p=74198","og_site_name":"Los pol\u00edticos Veracruz","article_publisher":"https:\/\/www.facebook.com\/people\/Notimemes-de-los-Polticos\/61565672886568\/","article_published_time":"2021-05-27T20:14:02+00:00","article_modified_time":"2021-05-27T20:16:02+00:00","og_image":[{"width":200,"height":200,"url":"https:\/\/lospoliticosveracruz.com\/wp-content\/uploads\/2016\/07\/Logo-Dor.jpg","type":"image\/jpeg"}],"author":"Lo viste en Los Pol\u00edticos","twitter_card":"summary_large_image","twitter_creator":"@LosPoliticosVer","twitter_site":"@LosPoliticosVer","twitter_misc":{"Escrito por":"Lo viste en Los Pol\u00edticos","Tiempo de lectura":"3 minutos"},"schema":{"@context":"https:\/\/schema.org","@graph":[{"@type":"Article","@id":"https:\/\/lospoliticosveracruz.com\/?p=74198#article","isPartOf":{"@id":"https:\/\/lospoliticosveracruz.com\/?p=74198"},"author":{"name":"Lo viste en Los Pol\u00edticos","@id":"https:\/\/lospoliticosveracruz.com\/#\/schema\/person\/b8702bb0e538456e6efd07080bf2a4a2"},"headline":"Campa\u00f1a de Ahued, campa\u00f1a de Estado: Marlon","datePublished":"2021-05-27T20:14:02+00:00","dateModified":"2021-05-27T20:16:02+00:00","mainEntityOfPage":{"@id":"https:\/\/lospoliticosveracruz.com\/?p=74198"},"wordCount":599,"publisher":{"@id":"https:\/\/lospoliticosveracruz.com\/#organization"},"keywords":["Marlon Ram\u00edrez Mar\u00edn","Partido Revolucionario Institucional","PRI","Ricardo Ahued Bardahuil"],"articleSection":["De Boleto"],"inLanguage":"es"},{"@type":"WebPage","@id":"https:\/\/lospoliticosveracruz.com\/?p=74198","url":"https:\/\/lospoliticosveracruz.com\/?p=74198","name":"Campa\u00f1a de Ahued, campa\u00f1a de Estado: Marlon - Los pol\u00edticos Veracruz","isPartOf":{"@id":"https:\/\/lospoliticosveracruz.com\/#website"},"datePublished":"2021-05-27T20:14:02+00:00","dateModified":"2021-05-27T20:16:02+00:00","breadcrumb":{"@id":"https:\/\/lospoliticosveracruz.com\/?p=74198#breadcrumb"},"inLanguage":"es","potentialAction":[{"@type":"ReadAction","target":["https:\/\/lospoliticosveracruz.com\/?p=74198"]}]},{"@type":"BreadcrumbList","@id":"https:\/\/lospoliticosveracruz.com\/?p=74198#breadcrumb","itemListElement":[{"@type":"ListItem","position":1,"name":"Portada","item":"https:\/\/lospoliticosveracruz.com\/"},{"@type":"ListItem","position":2,"name":"Campa\u00f1a de Ahued, campa\u00f1a de Estado: Marlon"}]},{"@type":"WebSite","@id":"https:\/\/lospoliticosveracruz.com\/#website","url":"https:\/\/lospoliticosveracruz.com\/","name":"Los pol\u00edticos Veracruz","description":"","publisher":{"@id":"https:\/\/lospoliticosveracruz.com\/#organization"},"potentialAction":[{"@type":"SearchAction","target":{"@type":"EntryPoint","urlTemplate":"https:\/\/lospoliticosveracruz.com\/?s={search_term_string}"},"query-input":{"@type":"PropertyValueSpecification","valueRequired":true,"valueName":"search_term_string"}}],"inLanguage":"es"},{"@type":"Organization","@id":"https:\/\/lospoliticosveracruz.com\/#organization","name":"Los pol\u00edticos Veracruz","url":"https:\/\/lospoliticosveracruz.com\/","logo":{"@type":"ImageObject","inLanguage":"es","@id":"https:\/\/lospoliticosveracruz.com\/#\/schema\/logo\/image\/","url":"https:\/\/lospoliticosveracruz.com\/wp-content\/uploads\/2025\/12\/Logo-Nuevo-LOS-POLITICOS-1.jpg","contentUrl":"https:\/\/lospoliticosveracruz.com\/wp-content\/uploads\/2025\/12\/Logo-Nuevo-LOS-POLITICOS-1.jpg","width":260,"height":70,"caption":"Los pol\u00edticos Veracruz"},"image":{"@id":"https:\/\/lospoliticosveracruz.com\/#\/schema\/logo\/image\/"},"sameAs":["https:\/\/www.facebook.com\/people\/Notimemes-de-los-Polticos\/61565672886568\/","https:\/\/x.com\/LosPoliticosVer"]},{"@type":"Person","@id":"https:\/\/lospoliticosveracruz.com\/#\/schema\/person\/b8702bb0e538456e6efd07080bf2a4a2","name":"Lo viste en Los Pol\u00edticos","image":{"@type":"ImageObject","inLanguage":"es","@id":"https:\/\/secure.gravatar.com\/avatar\/3a8de04a2656d44082be478bd6c086daa447c4651605818287b9532d3d0bd435?s=96&d=mm&r=g","url":"https:\/\/secure.gravatar.com\/avatar\/3a8de04a2656d44082be478bd6c086daa447c4651605818287b9532d3d0bd435?s=96&d=mm&r=g","contentUrl":"https:\/\/secure.gravatar.com\/avatar\/3a8de04a2656d44082be478bd6c086daa447c4651605818287b9532d3d0bd435?s=96&d=mm&r=g","caption":"Lo viste en Los Pol\u00edticos"},"url":"https:\/\/lospoliticosveracruz.com\/?author=2"}]}},"_links":{"self":[{"href":"https:\/\/lospoliticosveracruz.com\/index.php?rest_route=\/wp\/v2\/posts\/74198","targetHints":{"allow":["GET"]}}],"collection":[{"href":"https:\/\/lospoliticosveracruz.com\/index.php?rest_route=\/wp\/v2\/posts"}],"about":[{"href":"https:\/\/lospoliticosveracruz.com\/index.php?rest_route=\/wp\/v2\/types\/post"}],"author":[{"embeddable":true,"href":"https:\/\/lospoliticosveracruz.com\/index.php?rest_route=\/wp\/v2\/users\/2"}],"replies":[{"embeddable":true,"href":"https:\/\/lospoliticosveracruz.com\/index.php?rest_route=%2Fwp%2Fv2%2Fcomments&post=74198"}],"version-history":[{"count":2,"href":"https:\/\/lospoliticosveracruz.com\/index.php?rest_route=\/wp\/v2\/posts\/74198\/revisions"}],"predecessor-version":[{"id":74201,"href":"https:\/\/lospoliticosveracruz.com\/index.php?rest_route=\/wp\/v2\/posts\/74198\/revisions\/74201"}],"wp:attachment":[{"href":"https:\/\/lospoliticosveracruz.com\/index.php?rest_route=%2Fwp%2Fv2%2Fmedia&parent=74198"}],"wp:term":[{"taxonomy":"category","embeddable":true,"href":"https:\/\/lospoliticosveracruz.com\/index.php?rest_route=%2Fwp%2Fv2%2Fcategories&post=74198"},{"taxonomy":"post_tag","embeddable":true,"href":"https:\/\/lospoliticosveracruz.com\/index.php?rest_route=%2Fwp%2Fv2%2Ftags&post=74198"}],"curies":[{"name":"wp","href":"https:\/\/api.w.org\/{rel}","templated":true}]}}