{"id":74202,"date":"2021-05-27T15:23:36","date_gmt":"2021-05-27T20:23:36","guid":{"rendered":"http:\/\/www.lospoliticosveracruz.com.mx\/?p=74202"},"modified":"2021-05-27T15:23:39","modified_gmt":"2021-05-27T20:23:39","slug":"crecio-el-sol","status":"publish","type":"post","link":"https:\/\/lospoliticosveracruz.com\/?p=74202","title":{"rendered":"Creci\u00f3 el Sol!"},"content":{"rendered":"\n<p><em>Poza Rica<\/em><br>La efervescencia pol\u00edtica indica que la elecci\u00f3n del seis de junio ser\u00e1 una gran fiesta c\u00edvica que contin\u00faa creciendo a lo largo y ancho de Veracruz, se est\u00e1 viviendo con singular pasi\u00f3n a favor de las y los candidatos del PRD en la zona norte de la entidad, se\u00f1al\u00f3 Sergio Cadena Mart\u00ednez, presidente de la direcci\u00f3n Estatal Ejecutiva.<\/p>\n\n\n\n<p>En conferencia de prensa, acompa\u00f1ado por Luis \u00c1ngel Espinoza Chazaro, representante de la direcci\u00f3n nacional perredista ante la alianza Va por M\u00e9xico y pr\u00f3ximo diputado federal plurinominal, resaltaron que los informes con que cuentan indican que se contar\u00e1 con la mayor\u00eda legislativa en San L\u00e1zaro gracias al apoyo y respaldo de la ciudadan\u00eda.<\/p>\n\n\n\n<p>Sin embargo, Cadena Mart\u00ednez aprovech\u00f3 para reiterar el llamado al gobierno a fin de que refuerce los esquemas preventivos de seguridad y los que resguardar\u00e1n la elecci\u00f3n antes, durante y despu\u00e9s ya que militantes de la regi\u00f3n le han externado su temor ante amenazas que han recibido a \u00faltimas fechas, por lo que ya se toman las medidas legales correspondientes.<\/p>\n\n\n\n<p>\u201cNos preocupan las amenazas que hay de grupos delincuenciales, incluida gente de Hidalgo en la parte norte, volvemos a insistir para que el gobierno tome las medidas necesarias y no permita que se desborde la pasi\u00f3n, sino que se controle y la gente salga a votar; si no se toman las medidas se puede salir de control y se puede violentar la elecci\u00f3n como en el caso de Manuel Francisco en Chicontepec que es dado a contratar gente armada de Hidalgo y no es posible que el estado lo deje actuar libremente\u201d, apunt\u00f3.<\/p>\n\n\n\n<p>En gira de trabajo por la zona norte de la entidad, d\u00f3nde sostuvo reuniones de trabajo con candidatos se su partido, evaluaron acciones y avances de los equipos de campa\u00f1a y las brigadas que recorren los municipios casa por casa, destacando que los militantes y simpatizantes est\u00e1n redoblando el esfuerzo y el trabajo, saben que cada minuto y cada acci\u00f3n que se concreta y avanza abona al triunfo del PRD y de la alianza Va por Veracruz y Va por M\u00e9xico<br>Resalto a qu\u00e9 los primeros reportes de evaluaci\u00f3n marcan una s\u00f3lida tendencia de triunfo de sus candidatos, sin embargo, el llamado fue contundente, a no aflojar el paso y por el contrario eficientar tiempos y acciones. Presentes los candidatos a la alcald\u00eda de Poza Rica, Eduardo Vel\u00e1zquez, a la diputaci\u00f3n federal, Elisa Rivera y a la diputaci\u00f3n local, Nadia Ram\u00edrez Pineda.<\/p>\n","protected":false},"excerpt":{"rendered":"<p>Poza RicaLa efervescencia pol\u00edtica indica que la elecci\u00f3n del seis de junio ser\u00e1 una gran fiesta c\u00edvica que contin\u00faa creciendo a lo largo y ancho de Veracruz, se est\u00e1 viviendo con singular pasi\u00f3n a favor de las y los candidatos del PRD en la zona norte de la entidad, se\u00f1al\u00f3 Sergio Cadena Mart\u00ednez, presidente de [&hellip;]<\/p>\n","protected":false},"author":2,"featured_media":0,"comment_status":"closed","ping_status":"closed","sticky":false,"template":"","format":"standard","meta":{"tdm_status":"","tdm_grid_status":"","footnotes":""},"categories":[73],"tags":[721,28402,28167,7887,195],"class_list":{"0":"post-74202","1":"post","2":"type-post","3":"status-publish","4":"format-standard","6":"category-de-boleto","7":"tag-elecciones","8":"tag-luis-angel-espinoza-chazaro","9":"tag-preferencia-electoral","10":"tag-sergio-cadena-martinez","11":"tag-veracruz"},"yoast_head":"<!-- This site is optimized with the Yoast SEO plugin v27.4 - https:\/\/yoast.com\/product\/yoast-seo-wordpress\/ -->\n<title>Creci\u00f3 el Sol! - Los pol\u00edticos Veracruz<\/title>\n<meta name=\"robots\" content=\"index, follow, max-snippet:-1, max-image-preview:large, max-video-preview:-1\" \/>\n<link rel=\"canonical\" href=\"https:\/\/lospoliticosveracruz.com\/?p=74202\" \/>\n<meta property=\"og:locale\" content=\"es_ES\" \/>\n<meta property=\"og:type\" content=\"article\" \/>\n<meta property=\"og:title\" content=\"Creci\u00f3 el Sol! - Los pol\u00edticos Veracruz\" \/>\n<meta property=\"og:description\" content=\"Poza RicaLa efervescencia pol\u00edtica indica que la elecci\u00f3n del seis de junio ser\u00e1 una gran fiesta c\u00edvica que contin\u00faa creciendo a lo largo y ancho de Veracruz, se est\u00e1 viviendo con singular pasi\u00f3n a favor de las y los candidatos del PRD en la zona norte de la entidad, se\u00f1al\u00f3 Sergio Cadena Mart\u00ednez, presidente de [&hellip;]\" \/>\n<meta property=\"og:url\" content=\"https:\/\/lospoliticosveracruz.com\/?p=74202\" \/>\n<meta property=\"og:site_name\" content=\"Los pol\u00edticos Veracruz\" \/>\n<meta property=\"article:publisher\" content=\"https:\/\/www.facebook.com\/people\/Notimemes-de-los-Polticos\/61565672886568\/\" \/>\n<meta property=\"article:published_time\" content=\"2021-05-27T20:23:36+00:00\" \/>\n<meta property=\"article:modified_time\" content=\"2021-05-27T20:23:39+00:00\" \/>\n<meta property=\"og:image\" content=\"https:\/\/lospoliticosveracruz.com\/wp-content\/uploads\/2016\/07\/Logo-Dor.jpg\" \/>\n\t<meta property=\"og:image:width\" content=\"200\" \/>\n\t<meta property=\"og:image:height\" content=\"200\" \/>\n\t<meta property=\"og:image:type\" content=\"image\/jpeg\" \/>\n<meta name=\"author\" content=\"Lo viste en Los Pol\u00edticos\" \/>\n<meta name=\"twitter:card\" content=\"summary_large_image\" \/>\n<meta name=\"twitter:creator\" content=\"@LosPoliticosVer\" \/>\n<meta name=\"twitter:site\" content=\"@LosPoliticosVer\" \/>\n<meta name=\"twitter:label1\" content=\"Escrito por\" \/>\n\t<meta name=\"twitter:data1\" content=\"Lo viste en Los Pol\u00edticos\" \/>\n\t<meta name=\"twitter:label2\" content=\"Tiempo de lectura\" \/>\n\t<meta name=\"twitter:data2\" content=\"2 minutos\" \/>\n<script type=\"application\/ld+json\" class=\"yoast-schema-graph\">{\"@context\":\"https:\\\/\\\/schema.org\",\"@graph\":[{\"@type\":\"Article\",\"@id\":\"https:\\\/\\\/lospoliticosveracruz.com\\\/?p=74202#article\",\"isPartOf\":{\"@id\":\"https:\\\/\\\/lospoliticosveracruz.com\\\/?p=74202\"},\"author\":{\"name\":\"Lo viste en Los Pol\u00edticos\",\"@id\":\"https:\\\/\\\/lospoliticosveracruz.com\\\/#\\\/schema\\\/person\\\/b8702bb0e538456e6efd07080bf2a4a2\"},\"headline\":\"Creci\u00f3 el Sol!\",\"datePublished\":\"2021-05-27T20:23:36+00:00\",\"dateModified\":\"2021-05-27T20:23:39+00:00\",\"mainEntityOfPage\":{\"@id\":\"https:\\\/\\\/lospoliticosveracruz.com\\\/?p=74202\"},\"wordCount\":444,\"publisher\":{\"@id\":\"https:\\\/\\\/lospoliticosveracruz.com\\\/#organization\"},\"keywords\":[\"elecciones\",\"Luis \u00c1ngel Espinoza Chazaro\",\"preferencia electoral\",\"Sergio Cadena Mart\u00ednez\",\"Veracruz\"],\"articleSection\":[\"De Boleto\"],\"inLanguage\":\"es\"},{\"@type\":\"WebPage\",\"@id\":\"https:\\\/\\\/lospoliticosveracruz.com\\\/?p=74202\",\"url\":\"https:\\\/\\\/lospoliticosveracruz.com\\\/?p=74202\",\"name\":\"Creci\u00f3 el Sol! - Los pol\u00edticos Veracruz\",\"isPartOf\":{\"@id\":\"https:\\\/\\\/lospoliticosveracruz.com\\\/#website\"},\"datePublished\":\"2021-05-27T20:23:36+00:00\",\"dateModified\":\"2021-05-27T20:23:39+00:00\",\"breadcrumb\":{\"@id\":\"https:\\\/\\\/lospoliticosveracruz.com\\\/?p=74202#breadcrumb\"},\"inLanguage\":\"es\",\"potentialAction\":[{\"@type\":\"ReadAction\",\"target\":[\"https:\\\/\\\/lospoliticosveracruz.com\\\/?p=74202\"]}]},{\"@type\":\"BreadcrumbList\",\"@id\":\"https:\\\/\\\/lospoliticosveracruz.com\\\/?p=74202#breadcrumb\",\"itemListElement\":[{\"@type\":\"ListItem\",\"position\":1,\"name\":\"Portada\",\"item\":\"https:\\\/\\\/lospoliticosveracruz.com\\\/\"},{\"@type\":\"ListItem\",\"position\":2,\"name\":\"Creci\u00f3 el Sol!\"}]},{\"@type\":\"WebSite\",\"@id\":\"https:\\\/\\\/lospoliticosveracruz.com\\\/#website\",\"url\":\"https:\\\/\\\/lospoliticosveracruz.com\\\/\",\"name\":\"Los pol\u00edticos Veracruz\",\"description\":\"\",\"publisher\":{\"@id\":\"https:\\\/\\\/lospoliticosveracruz.com\\\/#organization\"},\"potentialAction\":[{\"@type\":\"SearchAction\",\"target\":{\"@type\":\"EntryPoint\",\"urlTemplate\":\"https:\\\/\\\/lospoliticosveracruz.com\\\/?s={search_term_string}\"},\"query-input\":{\"@type\":\"PropertyValueSpecification\",\"valueRequired\":true,\"valueName\":\"search_term_string\"}}],\"inLanguage\":\"es\"},{\"@type\":\"Organization\",\"@id\":\"https:\\\/\\\/lospoliticosveracruz.com\\\/#organization\",\"name\":\"Los pol\u00edticos Veracruz\",\"url\":\"https:\\\/\\\/lospoliticosveracruz.com\\\/\",\"logo\":{\"@type\":\"ImageObject\",\"inLanguage\":\"es\",\"@id\":\"https:\\\/\\\/lospoliticosveracruz.com\\\/#\\\/schema\\\/logo\\\/image\\\/\",\"url\":\"https:\\\/\\\/lospoliticosveracruz.com\\\/wp-content\\\/uploads\\\/2025\\\/12\\\/Logo-Nuevo-LOS-POLITICOS-1.jpg\",\"contentUrl\":\"https:\\\/\\\/lospoliticosveracruz.com\\\/wp-content\\\/uploads\\\/2025\\\/12\\\/Logo-Nuevo-LOS-POLITICOS-1.jpg\",\"width\":260,\"height\":70,\"caption\":\"Los pol\u00edticos Veracruz\"},\"image\":{\"@id\":\"https:\\\/\\\/lospoliticosveracruz.com\\\/#\\\/schema\\\/logo\\\/image\\\/\"},\"sameAs\":[\"https:\\\/\\\/www.facebook.com\\\/people\\\/Notimemes-de-los-Polticos\\\/61565672886568\\\/\",\"https:\\\/\\\/x.com\\\/LosPoliticosVer\"]},{\"@type\":\"Person\",\"@id\":\"https:\\\/\\\/lospoliticosveracruz.com\\\/#\\\/schema\\\/person\\\/b8702bb0e538456e6efd07080bf2a4a2\",\"name\":\"Lo viste en Los Pol\u00edticos\",\"image\":{\"@type\":\"ImageObject\",\"inLanguage\":\"es\",\"@id\":\"https:\\\/\\\/secure.gravatar.com\\\/avatar\\\/3a8de04a2656d44082be478bd6c086daa447c4651605818287b9532d3d0bd435?s=96&d=mm&r=g\",\"url\":\"https:\\\/\\\/secure.gravatar.com\\\/avatar\\\/3a8de04a2656d44082be478bd6c086daa447c4651605818287b9532d3d0bd435?s=96&d=mm&r=g\",\"contentUrl\":\"https:\\\/\\\/secure.gravatar.com\\\/avatar\\\/3a8de04a2656d44082be478bd6c086daa447c4651605818287b9532d3d0bd435?s=96&d=mm&r=g\",\"caption\":\"Lo viste en Los Pol\u00edticos\"},\"url\":\"https:\\\/\\\/lospoliticosveracruz.com\\\/?author=2\"}]}<\/script>\n<!-- \/ Yoast SEO plugin. -->","yoast_head_json":{"title":"Creci\u00f3 el Sol! - Los pol\u00edticos Veracruz","robots":{"index":"index","follow":"follow","max-snippet":"max-snippet:-1","max-image-preview":"max-image-preview:large","max-video-preview":"max-video-preview:-1"},"canonical":"https:\/\/lospoliticosveracruz.com\/?p=74202","og_locale":"es_ES","og_type":"article","og_title":"Creci\u00f3 el Sol! - Los pol\u00edticos Veracruz","og_description":"Poza RicaLa efervescencia pol\u00edtica indica que la elecci\u00f3n del seis de junio ser\u00e1 una gran fiesta c\u00edvica que contin\u00faa creciendo a lo largo y ancho de Veracruz, se est\u00e1 viviendo con singular pasi\u00f3n a favor de las y los candidatos del PRD en la zona norte de la entidad, se\u00f1al\u00f3 Sergio Cadena Mart\u00ednez, presidente de [&hellip;]","og_url":"https:\/\/lospoliticosveracruz.com\/?p=74202","og_site_name":"Los pol\u00edticos Veracruz","article_publisher":"https:\/\/www.facebook.com\/people\/Notimemes-de-los-Polticos\/61565672886568\/","article_published_time":"2021-05-27T20:23:36+00:00","article_modified_time":"2021-05-27T20:23:39+00:00","og_image":[{"width":200,"height":200,"url":"https:\/\/lospoliticosveracruz.com\/wp-content\/uploads\/2016\/07\/Logo-Dor.jpg","type":"image\/jpeg"}],"author":"Lo viste en Los Pol\u00edticos","twitter_card":"summary_large_image","twitter_creator":"@LosPoliticosVer","twitter_site":"@LosPoliticosVer","twitter_misc":{"Escrito por":"Lo viste en Los Pol\u00edticos","Tiempo de lectura":"2 minutos"},"schema":{"@context":"https:\/\/schema.org","@graph":[{"@type":"Article","@id":"https:\/\/lospoliticosveracruz.com\/?p=74202#article","isPartOf":{"@id":"https:\/\/lospoliticosveracruz.com\/?p=74202"},"author":{"name":"Lo viste en Los Pol\u00edticos","@id":"https:\/\/lospoliticosveracruz.com\/#\/schema\/person\/b8702bb0e538456e6efd07080bf2a4a2"},"headline":"Creci\u00f3 el Sol!","datePublished":"2021-05-27T20:23:36+00:00","dateModified":"2021-05-27T20:23:39+00:00","mainEntityOfPage":{"@id":"https:\/\/lospoliticosveracruz.com\/?p=74202"},"wordCount":444,"publisher":{"@id":"https:\/\/lospoliticosveracruz.com\/#organization"},"keywords":["elecciones","Luis \u00c1ngel Espinoza Chazaro","preferencia electoral","Sergio Cadena Mart\u00ednez","Veracruz"],"articleSection":["De Boleto"],"inLanguage":"es"},{"@type":"WebPage","@id":"https:\/\/lospoliticosveracruz.com\/?p=74202","url":"https:\/\/lospoliticosveracruz.com\/?p=74202","name":"Creci\u00f3 el Sol! - Los pol\u00edticos Veracruz","isPartOf":{"@id":"https:\/\/lospoliticosveracruz.com\/#website"},"datePublished":"2021-05-27T20:23:36+00:00","dateModified":"2021-05-27T20:23:39+00:00","breadcrumb":{"@id":"https:\/\/lospoliticosveracruz.com\/?p=74202#breadcrumb"},"inLanguage":"es","potentialAction":[{"@type":"ReadAction","target":["https:\/\/lospoliticosveracruz.com\/?p=74202"]}]},{"@type":"BreadcrumbList","@id":"https:\/\/lospoliticosveracruz.com\/?p=74202#breadcrumb","itemListElement":[{"@type":"ListItem","position":1,"name":"Portada","item":"https:\/\/lospoliticosveracruz.com\/"},{"@type":"ListItem","position":2,"name":"Creci\u00f3 el Sol!"}]},{"@type":"WebSite","@id":"https:\/\/lospoliticosveracruz.com\/#website","url":"https:\/\/lospoliticosveracruz.com\/","name":"Los pol\u00edticos Veracruz","description":"","publisher":{"@id":"https:\/\/lospoliticosveracruz.com\/#organization"},"potentialAction":[{"@type":"SearchAction","target":{"@type":"EntryPoint","urlTemplate":"https:\/\/lospoliticosveracruz.com\/?s={search_term_string}"},"query-input":{"@type":"PropertyValueSpecification","valueRequired":true,"valueName":"search_term_string"}}],"inLanguage":"es"},{"@type":"Organization","@id":"https:\/\/lospoliticosveracruz.com\/#organization","name":"Los pol\u00edticos Veracruz","url":"https:\/\/lospoliticosveracruz.com\/","logo":{"@type":"ImageObject","inLanguage":"es","@id":"https:\/\/lospoliticosveracruz.com\/#\/schema\/logo\/image\/","url":"https:\/\/lospoliticosveracruz.com\/wp-content\/uploads\/2025\/12\/Logo-Nuevo-LOS-POLITICOS-1.jpg","contentUrl":"https:\/\/lospoliticosveracruz.com\/wp-content\/uploads\/2025\/12\/Logo-Nuevo-LOS-POLITICOS-1.jpg","width":260,"height":70,"caption":"Los pol\u00edticos Veracruz"},"image":{"@id":"https:\/\/lospoliticosveracruz.com\/#\/schema\/logo\/image\/"},"sameAs":["https:\/\/www.facebook.com\/people\/Notimemes-de-los-Polticos\/61565672886568\/","https:\/\/x.com\/LosPoliticosVer"]},{"@type":"Person","@id":"https:\/\/lospoliticosveracruz.com\/#\/schema\/person\/b8702bb0e538456e6efd07080bf2a4a2","name":"Lo viste en Los Pol\u00edticos","image":{"@type":"ImageObject","inLanguage":"es","@id":"https:\/\/secure.gravatar.com\/avatar\/3a8de04a2656d44082be478bd6c086daa447c4651605818287b9532d3d0bd435?s=96&d=mm&r=g","url":"https:\/\/secure.gravatar.com\/avatar\/3a8de04a2656d44082be478bd6c086daa447c4651605818287b9532d3d0bd435?s=96&d=mm&r=g","contentUrl":"https:\/\/secure.gravatar.com\/avatar\/3a8de04a2656d44082be478bd6c086daa447c4651605818287b9532d3d0bd435?s=96&d=mm&r=g","caption":"Lo viste en Los Pol\u00edticos"},"url":"https:\/\/lospoliticosveracruz.com\/?author=2"}]}},"_links":{"self":[{"href":"https:\/\/lospoliticosveracruz.com\/index.php?rest_route=\/wp\/v2\/posts\/74202","targetHints":{"allow":["GET"]}}],"collection":[{"href":"https:\/\/lospoliticosveracruz.com\/index.php?rest_route=\/wp\/v2\/posts"}],"about":[{"href":"https:\/\/lospoliticosveracruz.com\/index.php?rest_route=\/wp\/v2\/types\/post"}],"author":[{"embeddable":true,"href":"https:\/\/lospoliticosveracruz.com\/index.php?rest_route=\/wp\/v2\/users\/2"}],"replies":[{"embeddable":true,"href":"https:\/\/lospoliticosveracruz.com\/index.php?rest_route=%2Fwp%2Fv2%2Fcomments&post=74202"}],"version-history":[{"count":1,"href":"https:\/\/lospoliticosveracruz.com\/index.php?rest_route=\/wp\/v2\/posts\/74202\/revisions"}],"predecessor-version":[{"id":74204,"href":"https:\/\/lospoliticosveracruz.com\/index.php?rest_route=\/wp\/v2\/posts\/74202\/revisions\/74204"}],"wp:attachment":[{"href":"https:\/\/lospoliticosveracruz.com\/index.php?rest_route=%2Fwp%2Fv2%2Fmedia&parent=74202"}],"wp:term":[{"taxonomy":"category","embeddable":true,"href":"https:\/\/lospoliticosveracruz.com\/index.php?rest_route=%2Fwp%2Fv2%2Fcategories&post=74202"},{"taxonomy":"post_tag","embeddable":true,"href":"https:\/\/lospoliticosveracruz.com\/index.php?rest_route=%2Fwp%2Fv2%2Ftags&post=74202"}],"curies":[{"name":"wp","href":"https:\/\/api.w.org\/{rel}","templated":true}]}}