{"id":74208,"date":"2021-05-27T18:16:04","date_gmt":"2021-05-27T23:16:04","guid":{"rendered":"http:\/\/www.lospoliticosveracruz.com.mx\/?p=74208"},"modified":"2021-05-27T18:16:07","modified_gmt":"2021-05-27T23:16:07","slug":"a-lo-seguro-con-morena-pt-y-pvem","status":"publish","type":"post","link":"https:\/\/lospoliticosveracruz.com\/?p=74208","title":{"rendered":"A lo seguro, con Morena, PT y PVEM"},"content":{"rendered":"\n<p><strong>Veracruz<\/strong><br>Aseguran los trabajadores activos y jubilados del Sindicato Nacional de Trabajadores del Seguro Social (SNTSS), que es momento de reconstruir Veracruz y s\u00f3lo a trav\u00e9s de los candidatos de la coalici\u00f3n \u201cJuntos Haremos Historia\u201d, es como se lograr\u00e1 un desarrollo social en el puerto.<br>As\u00ed lo asegur\u00f3, el secretario general del sindicato de la secci\u00f3n IX, Jos\u00e9 Mart\u00edn Sosa Nepomuceno \u201cEstamos convencidos de que este proyecto de reconstrucci\u00f3n para nuestra ciudad ser\u00e1 de gran beneficio, por ello, manifestamos nuestro respaldo para los candidatos de Morena, PT y PVEM\u201d, coment\u00f3.<br>Por su parte, la candidata a la diputaci\u00f3n local por el distrito XV, Diana Santiago Huesca reconoci\u00f3 la gran labor de los trabajadores del sector salud, quienes han mostrado valent\u00eda y un verdadero profesionalismo durante la crisis m\u00e1s grande de salud a nivel mundial de los \u00faltimos tiempos.<br>\u201cEstoy muy contenta de poder reunirnos con los trabajadores del sindicato del IMSS, quienes nos han manifestado su apoyo real, ya dejaron de existir los apoyos corporativos, sin embargo, existe una manifestaci\u00f3n sincera de la gran mayor\u00eda de los agremiados que nos impulsa a trabajar de manera honesta, comprometida y cercana\u201d, afirm\u00f3 Diana Santiago.<br>Agreg\u00f3 que, como legisladora en el futuro congreso del estado, se mantendr\u00e1 pendiente de las causas justas para todos los trabajadores del sector salud, a quienes refrend\u00f3 un eterno reconocimiento a todos su m\u00e9dicos, como las \u00e1reas administrativas y de servicios, quienes son ejemplo claro de amor a su profesi\u00f3n y vocaci\u00f3n de servicio para todo el pueblo mexicano.<br>A\u00f1adi\u00f3 que, dentro de sus principales objetivos como legisladora, ser\u00e1 gestionar mejores condiciones en la infraestructura de los diferentes m\u00f3dulos de atenci\u00f3n m\u00e9dica en el estado, as\u00ed como la reactivaci\u00f3n de diferentes campa\u00f1as para la prevenci\u00f3n de enfermedades.<br>Puntualiz\u00f3 que el compromiso como su diputada ser\u00e1 velar por atender de manera verdadera los grandes rezagos que son de manifiesto sobre todo en el puerto de Veracruz, por lo que los exhort\u00f3 a reflexionar su voto para este seis de junio y escoger una opci\u00f3n que viene para servir y brindar resultados tangibles.<br>\u201cSabemos que la \u00fanica manera de poder sacar del bache a nuestra ciudad es trabajando en conjunto, y estoy convencida de que en la persona de Ricardo Exsome Zapata como nuestro alcalde y de nuestras diputadas federales Rosa Mar\u00eda Hern\u00e1ndez Espejo y Luz Baxzi Garc\u00eda, nosotros como diputados locales Fernando Arteaga Aponte y una servidora seremos el equipo que reconstruir\u00e1 Veracruz\u201d, finaliz\u00f3 Diana Santiago Huesca.<\/p>\n","protected":false},"excerpt":{"rendered":"<p>VeracruzAseguran los trabajadores activos y jubilados del Sindicato Nacional de Trabajadores del Seguro Social (SNTSS), que es momento de reconstruir Veracruz y s\u00f3lo a trav\u00e9s de los candidatos de la coalici\u00f3n \u201cJuntos Haremos Historia\u201d, es como se lograr\u00e1 un desarrollo social en el puerto.As\u00ed lo asegur\u00f3, el secretario general del sindicato de la secci\u00f3n IX, [&hellip;]<\/p>\n","protected":false},"author":2,"featured_media":0,"comment_status":"closed","ping_status":"closed","sticky":false,"template":"","format":"standard","meta":{"tdm_status":"","tdm_grid_status":"","footnotes":""},"categories":[73],"tags":[1208,10467,26116,14000,195],"class_list":{"0":"post-74208","1":"post","2":"type-post","3":"status-publish","4":"format-standard","6":"category-de-boleto","7":"tag-imss","8":"tag-juntos-haremos-historia","9":"tag-morena-pvem-pt","10":"tag-sntss","11":"tag-veracruz"},"yoast_head":"<!-- This site is optimized with the Yoast SEO plugin v27.4 - https:\/\/yoast.com\/product\/yoast-seo-wordpress\/ -->\n<title>A lo seguro, con Morena, PT y PVEM - Los pol\u00edticos Veracruz<\/title>\n<meta name=\"robots\" content=\"index, follow, max-snippet:-1, max-image-preview:large, max-video-preview:-1\" \/>\n<link rel=\"canonical\" href=\"https:\/\/lospoliticosveracruz.com\/?p=74208\" \/>\n<meta property=\"og:locale\" content=\"es_ES\" \/>\n<meta property=\"og:type\" content=\"article\" \/>\n<meta property=\"og:title\" content=\"A lo seguro, con Morena, PT y PVEM - Los pol\u00edticos Veracruz\" \/>\n<meta property=\"og:description\" content=\"VeracruzAseguran los trabajadores activos y jubilados del Sindicato Nacional de Trabajadores del Seguro Social (SNTSS), que es momento de reconstruir Veracruz y s\u00f3lo a trav\u00e9s de los candidatos de la coalici\u00f3n \u201cJuntos Haremos Historia\u201d, es como se lograr\u00e1 un desarrollo social en el puerto.As\u00ed lo asegur\u00f3, el secretario general del sindicato de la secci\u00f3n IX, [&hellip;]\" \/>\n<meta property=\"og:url\" content=\"https:\/\/lospoliticosveracruz.com\/?p=74208\" \/>\n<meta property=\"og:site_name\" content=\"Los pol\u00edticos Veracruz\" \/>\n<meta property=\"article:publisher\" content=\"https:\/\/www.facebook.com\/people\/Notimemes-de-los-Polticos\/61565672886568\/\" \/>\n<meta property=\"article:published_time\" content=\"2021-05-27T23:16:04+00:00\" \/>\n<meta property=\"article:modified_time\" content=\"2021-05-27T23:16:07+00:00\" \/>\n<meta property=\"og:image\" content=\"https:\/\/lospoliticosveracruz.com\/wp-content\/uploads\/2016\/07\/Logo-Dor.jpg\" \/>\n\t<meta property=\"og:image:width\" content=\"200\" \/>\n\t<meta property=\"og:image:height\" content=\"200\" \/>\n\t<meta property=\"og:image:type\" content=\"image\/jpeg\" \/>\n<meta name=\"author\" content=\"Lo viste en Los Pol\u00edticos\" \/>\n<meta name=\"twitter:card\" content=\"summary_large_image\" \/>\n<meta name=\"twitter:creator\" content=\"@LosPoliticosVer\" \/>\n<meta name=\"twitter:site\" content=\"@LosPoliticosVer\" \/>\n<meta name=\"twitter:label1\" content=\"Escrito por\" \/>\n\t<meta name=\"twitter:data1\" content=\"Lo viste en Los Pol\u00edticos\" \/>\n\t<meta name=\"twitter:label2\" content=\"Tiempo de lectura\" \/>\n\t<meta name=\"twitter:data2\" content=\"2 minutos\" \/>\n<script type=\"application\/ld+json\" class=\"yoast-schema-graph\">{\"@context\":\"https:\\\/\\\/schema.org\",\"@graph\":[{\"@type\":\"Article\",\"@id\":\"https:\\\/\\\/lospoliticosveracruz.com\\\/?p=74208#article\",\"isPartOf\":{\"@id\":\"https:\\\/\\\/lospoliticosveracruz.com\\\/?p=74208\"},\"author\":{\"name\":\"Lo viste en Los Pol\u00edticos\",\"@id\":\"https:\\\/\\\/lospoliticosveracruz.com\\\/#\\\/schema\\\/person\\\/b8702bb0e538456e6efd07080bf2a4a2\"},\"headline\":\"A lo seguro, con Morena, PT y PVEM\",\"datePublished\":\"2021-05-27T23:16:04+00:00\",\"dateModified\":\"2021-05-27T23:16:07+00:00\",\"mainEntityOfPage\":{\"@id\":\"https:\\\/\\\/lospoliticosveracruz.com\\\/?p=74208\"},\"wordCount\":441,\"publisher\":{\"@id\":\"https:\\\/\\\/lospoliticosveracruz.com\\\/#organization\"},\"keywords\":[\"IMSS\",\"Juntos Haremos Historia\",\"MORENA-PVEM-PT\",\"SNTSS\",\"Veracruz\"],\"articleSection\":[\"De Boleto\"],\"inLanguage\":\"es\"},{\"@type\":\"WebPage\",\"@id\":\"https:\\\/\\\/lospoliticosveracruz.com\\\/?p=74208\",\"url\":\"https:\\\/\\\/lospoliticosveracruz.com\\\/?p=74208\",\"name\":\"A lo seguro, con Morena, PT y PVEM - Los pol\u00edticos Veracruz\",\"isPartOf\":{\"@id\":\"https:\\\/\\\/lospoliticosveracruz.com\\\/#website\"},\"datePublished\":\"2021-05-27T23:16:04+00:00\",\"dateModified\":\"2021-05-27T23:16:07+00:00\",\"breadcrumb\":{\"@id\":\"https:\\\/\\\/lospoliticosveracruz.com\\\/?p=74208#breadcrumb\"},\"inLanguage\":\"es\",\"potentialAction\":[{\"@type\":\"ReadAction\",\"target\":[\"https:\\\/\\\/lospoliticosveracruz.com\\\/?p=74208\"]}]},{\"@type\":\"BreadcrumbList\",\"@id\":\"https:\\\/\\\/lospoliticosveracruz.com\\\/?p=74208#breadcrumb\",\"itemListElement\":[{\"@type\":\"ListItem\",\"position\":1,\"name\":\"Portada\",\"item\":\"https:\\\/\\\/lospoliticosveracruz.com\\\/\"},{\"@type\":\"ListItem\",\"position\":2,\"name\":\"A lo seguro, con Morena, PT y PVEM\"}]},{\"@type\":\"WebSite\",\"@id\":\"https:\\\/\\\/lospoliticosveracruz.com\\\/#website\",\"url\":\"https:\\\/\\\/lospoliticosveracruz.com\\\/\",\"name\":\"Los pol\u00edticos Veracruz\",\"description\":\"\",\"publisher\":{\"@id\":\"https:\\\/\\\/lospoliticosveracruz.com\\\/#organization\"},\"potentialAction\":[{\"@type\":\"SearchAction\",\"target\":{\"@type\":\"EntryPoint\",\"urlTemplate\":\"https:\\\/\\\/lospoliticosveracruz.com\\\/?s={search_term_string}\"},\"query-input\":{\"@type\":\"PropertyValueSpecification\",\"valueRequired\":true,\"valueName\":\"search_term_string\"}}],\"inLanguage\":\"es\"},{\"@type\":\"Organization\",\"@id\":\"https:\\\/\\\/lospoliticosveracruz.com\\\/#organization\",\"name\":\"Los pol\u00edticos Veracruz\",\"url\":\"https:\\\/\\\/lospoliticosveracruz.com\\\/\",\"logo\":{\"@type\":\"ImageObject\",\"inLanguage\":\"es\",\"@id\":\"https:\\\/\\\/lospoliticosveracruz.com\\\/#\\\/schema\\\/logo\\\/image\\\/\",\"url\":\"https:\\\/\\\/lospoliticosveracruz.com\\\/wp-content\\\/uploads\\\/2025\\\/12\\\/Logo-Nuevo-LOS-POLITICOS-1.jpg\",\"contentUrl\":\"https:\\\/\\\/lospoliticosveracruz.com\\\/wp-content\\\/uploads\\\/2025\\\/12\\\/Logo-Nuevo-LOS-POLITICOS-1.jpg\",\"width\":260,\"height\":70,\"caption\":\"Los pol\u00edticos Veracruz\"},\"image\":{\"@id\":\"https:\\\/\\\/lospoliticosveracruz.com\\\/#\\\/schema\\\/logo\\\/image\\\/\"},\"sameAs\":[\"https:\\\/\\\/www.facebook.com\\\/people\\\/Notimemes-de-los-Polticos\\\/61565672886568\\\/\",\"https:\\\/\\\/x.com\\\/LosPoliticosVer\"]},{\"@type\":\"Person\",\"@id\":\"https:\\\/\\\/lospoliticosveracruz.com\\\/#\\\/schema\\\/person\\\/b8702bb0e538456e6efd07080bf2a4a2\",\"name\":\"Lo viste en Los Pol\u00edticos\",\"image\":{\"@type\":\"ImageObject\",\"inLanguage\":\"es\",\"@id\":\"https:\\\/\\\/secure.gravatar.com\\\/avatar\\\/3a8de04a2656d44082be478bd6c086daa447c4651605818287b9532d3d0bd435?s=96&d=mm&r=g\",\"url\":\"https:\\\/\\\/secure.gravatar.com\\\/avatar\\\/3a8de04a2656d44082be478bd6c086daa447c4651605818287b9532d3d0bd435?s=96&d=mm&r=g\",\"contentUrl\":\"https:\\\/\\\/secure.gravatar.com\\\/avatar\\\/3a8de04a2656d44082be478bd6c086daa447c4651605818287b9532d3d0bd435?s=96&d=mm&r=g\",\"caption\":\"Lo viste en Los Pol\u00edticos\"},\"url\":\"https:\\\/\\\/lospoliticosveracruz.com\\\/?author=2\"}]}<\/script>\n<!-- \/ Yoast SEO plugin. -->","yoast_head_json":{"title":"A lo seguro, con Morena, PT y PVEM - Los pol\u00edticos Veracruz","robots":{"index":"index","follow":"follow","max-snippet":"max-snippet:-1","max-image-preview":"max-image-preview:large","max-video-preview":"max-video-preview:-1"},"canonical":"https:\/\/lospoliticosveracruz.com\/?p=74208","og_locale":"es_ES","og_type":"article","og_title":"A lo seguro, con Morena, PT y PVEM - Los pol\u00edticos Veracruz","og_description":"VeracruzAseguran los trabajadores activos y jubilados del Sindicato Nacional de Trabajadores del Seguro Social (SNTSS), que es momento de reconstruir Veracruz y s\u00f3lo a trav\u00e9s de los candidatos de la coalici\u00f3n \u201cJuntos Haremos Historia\u201d, es como se lograr\u00e1 un desarrollo social en el puerto.As\u00ed lo asegur\u00f3, el secretario general del sindicato de la secci\u00f3n IX, [&hellip;]","og_url":"https:\/\/lospoliticosveracruz.com\/?p=74208","og_site_name":"Los pol\u00edticos Veracruz","article_publisher":"https:\/\/www.facebook.com\/people\/Notimemes-de-los-Polticos\/61565672886568\/","article_published_time":"2021-05-27T23:16:04+00:00","article_modified_time":"2021-05-27T23:16:07+00:00","og_image":[{"width":200,"height":200,"url":"https:\/\/lospoliticosveracruz.com\/wp-content\/uploads\/2016\/07\/Logo-Dor.jpg","type":"image\/jpeg"}],"author":"Lo viste en Los Pol\u00edticos","twitter_card":"summary_large_image","twitter_creator":"@LosPoliticosVer","twitter_site":"@LosPoliticosVer","twitter_misc":{"Escrito por":"Lo viste en Los Pol\u00edticos","Tiempo de lectura":"2 minutos"},"schema":{"@context":"https:\/\/schema.org","@graph":[{"@type":"Article","@id":"https:\/\/lospoliticosveracruz.com\/?p=74208#article","isPartOf":{"@id":"https:\/\/lospoliticosveracruz.com\/?p=74208"},"author":{"name":"Lo viste en Los Pol\u00edticos","@id":"https:\/\/lospoliticosveracruz.com\/#\/schema\/person\/b8702bb0e538456e6efd07080bf2a4a2"},"headline":"A lo seguro, con Morena, PT y PVEM","datePublished":"2021-05-27T23:16:04+00:00","dateModified":"2021-05-27T23:16:07+00:00","mainEntityOfPage":{"@id":"https:\/\/lospoliticosveracruz.com\/?p=74208"},"wordCount":441,"publisher":{"@id":"https:\/\/lospoliticosveracruz.com\/#organization"},"keywords":["IMSS","Juntos Haremos Historia","MORENA-PVEM-PT","SNTSS","Veracruz"],"articleSection":["De Boleto"],"inLanguage":"es"},{"@type":"WebPage","@id":"https:\/\/lospoliticosveracruz.com\/?p=74208","url":"https:\/\/lospoliticosveracruz.com\/?p=74208","name":"A lo seguro, con Morena, PT y PVEM - Los pol\u00edticos Veracruz","isPartOf":{"@id":"https:\/\/lospoliticosveracruz.com\/#website"},"datePublished":"2021-05-27T23:16:04+00:00","dateModified":"2021-05-27T23:16:07+00:00","breadcrumb":{"@id":"https:\/\/lospoliticosveracruz.com\/?p=74208#breadcrumb"},"inLanguage":"es","potentialAction":[{"@type":"ReadAction","target":["https:\/\/lospoliticosveracruz.com\/?p=74208"]}]},{"@type":"BreadcrumbList","@id":"https:\/\/lospoliticosveracruz.com\/?p=74208#breadcrumb","itemListElement":[{"@type":"ListItem","position":1,"name":"Portada","item":"https:\/\/lospoliticosveracruz.com\/"},{"@type":"ListItem","position":2,"name":"A lo seguro, con Morena, PT y PVEM"}]},{"@type":"WebSite","@id":"https:\/\/lospoliticosveracruz.com\/#website","url":"https:\/\/lospoliticosveracruz.com\/","name":"Los pol\u00edticos Veracruz","description":"","publisher":{"@id":"https:\/\/lospoliticosveracruz.com\/#organization"},"potentialAction":[{"@type":"SearchAction","target":{"@type":"EntryPoint","urlTemplate":"https:\/\/lospoliticosveracruz.com\/?s={search_term_string}"},"query-input":{"@type":"PropertyValueSpecification","valueRequired":true,"valueName":"search_term_string"}}],"inLanguage":"es"},{"@type":"Organization","@id":"https:\/\/lospoliticosveracruz.com\/#organization","name":"Los pol\u00edticos Veracruz","url":"https:\/\/lospoliticosveracruz.com\/","logo":{"@type":"ImageObject","inLanguage":"es","@id":"https:\/\/lospoliticosveracruz.com\/#\/schema\/logo\/image\/","url":"https:\/\/lospoliticosveracruz.com\/wp-content\/uploads\/2025\/12\/Logo-Nuevo-LOS-POLITICOS-1.jpg","contentUrl":"https:\/\/lospoliticosveracruz.com\/wp-content\/uploads\/2025\/12\/Logo-Nuevo-LOS-POLITICOS-1.jpg","width":260,"height":70,"caption":"Los pol\u00edticos Veracruz"},"image":{"@id":"https:\/\/lospoliticosveracruz.com\/#\/schema\/logo\/image\/"},"sameAs":["https:\/\/www.facebook.com\/people\/Notimemes-de-los-Polticos\/61565672886568\/","https:\/\/x.com\/LosPoliticosVer"]},{"@type":"Person","@id":"https:\/\/lospoliticosveracruz.com\/#\/schema\/person\/b8702bb0e538456e6efd07080bf2a4a2","name":"Lo viste en Los Pol\u00edticos","image":{"@type":"ImageObject","inLanguage":"es","@id":"https:\/\/secure.gravatar.com\/avatar\/3a8de04a2656d44082be478bd6c086daa447c4651605818287b9532d3d0bd435?s=96&d=mm&r=g","url":"https:\/\/secure.gravatar.com\/avatar\/3a8de04a2656d44082be478bd6c086daa447c4651605818287b9532d3d0bd435?s=96&d=mm&r=g","contentUrl":"https:\/\/secure.gravatar.com\/avatar\/3a8de04a2656d44082be478bd6c086daa447c4651605818287b9532d3d0bd435?s=96&d=mm&r=g","caption":"Lo viste en Los Pol\u00edticos"},"url":"https:\/\/lospoliticosveracruz.com\/?author=2"}]}},"_links":{"self":[{"href":"https:\/\/lospoliticosveracruz.com\/index.php?rest_route=\/wp\/v2\/posts\/74208","targetHints":{"allow":["GET"]}}],"collection":[{"href":"https:\/\/lospoliticosveracruz.com\/index.php?rest_route=\/wp\/v2\/posts"}],"about":[{"href":"https:\/\/lospoliticosveracruz.com\/index.php?rest_route=\/wp\/v2\/types\/post"}],"author":[{"embeddable":true,"href":"https:\/\/lospoliticosveracruz.com\/index.php?rest_route=\/wp\/v2\/users\/2"}],"replies":[{"embeddable":true,"href":"https:\/\/lospoliticosveracruz.com\/index.php?rest_route=%2Fwp%2Fv2%2Fcomments&post=74208"}],"version-history":[{"count":1,"href":"https:\/\/lospoliticosveracruz.com\/index.php?rest_route=\/wp\/v2\/posts\/74208\/revisions"}],"predecessor-version":[{"id":74211,"href":"https:\/\/lospoliticosveracruz.com\/index.php?rest_route=\/wp\/v2\/posts\/74208\/revisions\/74211"}],"wp:attachment":[{"href":"https:\/\/lospoliticosveracruz.com\/index.php?rest_route=%2Fwp%2Fv2%2Fmedia&parent=74208"}],"wp:term":[{"taxonomy":"category","embeddable":true,"href":"https:\/\/lospoliticosveracruz.com\/index.php?rest_route=%2Fwp%2Fv2%2Fcategories&post=74208"},{"taxonomy":"post_tag","embeddable":true,"href":"https:\/\/lospoliticosveracruz.com\/index.php?rest_route=%2Fwp%2Fv2%2Ftags&post=74208"}],"curies":[{"name":"wp","href":"https:\/\/api.w.org\/{rel}","templated":true}]}}