{"id":74333,"date":"2021-05-28T19:31:14","date_gmt":"2021-05-29T00:31:14","guid":{"rendered":"http:\/\/www.lospoliticosveracruz.com.mx\/?p=74333"},"modified":"2021-05-28T19:31:18","modified_gmt":"2021-05-29T00:31:18","slug":"se-ponen-buzos-por-si-se-pone-feo","status":"publish","type":"post","link":"https:\/\/lospoliticosveracruz.com\/?p=74333","title":{"rendered":"Se ponen buzos por si se pone feo!"},"content":{"rendered":"\n<p><\/p>\n\n\n\n<p><strong>C\u00f3rdoba<\/strong><br>Ante la proximidad del inicio de la temporada de lluvias y ciclones tropicales 2021 y con el objetivo de trabajar coordinados ante cualquier situaci\u00f3n que pudiera poner en riesgo la integridad f\u00edsica de las familias cordobesas, este viernes se llev\u00f3 a cabo la Sesi\u00f3n Ordinaria del Consejo Municipal de Protecci\u00f3n Civil C\u00f3rdoba.<\/p>\n\n\n\n<p>En este consejo participan diversas \u00e1reas operativas y administrativas del Ayuntamiento de C\u00f3rdoba, as\u00ed como representantes de diversas corporaciones de auxilio y respuesta r\u00e1pida de la ciudad como Bomberos, Cruz Roja, Comisi\u00f3n Nacional de Emergencias, Cruz \u00c1mbar, entre otras m\u00e1s.<\/p>\n\n\n\n<p>Durante la sesi\u00f3n, realizada en la exhacienda San Francisco Toxpan, las y los integrantes de este consejo acordaron mantener una estrecha coordinaci\u00f3n para la atenci\u00f3n a situaciones derivadas de fen\u00f3menos meteorol\u00f3gicos futuros.<\/p>\n\n\n\n<p>El titular de la Unidad Municipal de Protecci\u00f3n Civil (UMPC) C\u00f3rdoba, detall\u00f3 que de acuerdo a los pron\u00f3sticos meteorol\u00f3gicos, para esta temporada, que inicia el 1 de junio y concluye el 30 de noviembre, se esperan de 13 a 20 tormentas tropicales, de las que de 6 a 10 podr\u00edan evolucionar a huracanes y de 3 a 5 a huracanes intensos.<\/p>\n\n\n\n<p>Las autoridades municipales informaron, que de igual forma se cuenta con tres espacios p\u00fablicos que podr\u00edan habilitarse como refugios temporales para salvaguardar a la poblaci\u00f3n que llegara estar en riesgo por alg\u00fan problema de inundaci\u00f3n, deslizamiento de tierra o deslave, principalmente de colonias asentadas en orillas de los r\u00edos Seco y San Antonio as\u00ed como de los otros 22 arroyos de respuesta r\u00e1pida que atraviesan la ciudad.<\/p>\n\n\n\n<p>Autoridades municipales informaron que mantendr\u00e1n especial atenci\u00f3n en colonias de alto riesgo como La Sidra, Venustiano Carranza, la Reserva Territorial, as\u00ed como en algunas zonas del infonavit Santa Margarita y colonias ubicadas en los laterales a las v\u00edas del ferrocarril.<\/p>\n\n\n\n<p>Asimismo se determin\u00f3 mantener campa\u00f1as de informaci\u00f3n a fin de promover la cultura de la prevenci\u00f3n entre las y los cordobeses.<\/p>\n","protected":false},"excerpt":{"rendered":"<p>C\u00f3rdobaAnte la proximidad del inicio de la temporada de lluvias y ciclones tropicales 2021 y con el objetivo de trabajar coordinados ante cualquier situaci\u00f3n que pudiera poner en riesgo la integridad f\u00edsica de las familias cordobesas, este viernes se llev\u00f3 a cabo la Sesi\u00f3n Ordinaria del Consejo Municipal de Protecci\u00f3n Civil C\u00f3rdoba. En este consejo [&hellip;]<\/p>\n","protected":false},"author":2,"featured_media":0,"comment_status":"closed","ping_status":"closed","sticky":false,"template":"","format":"standard","meta":{"tdm_status":"","tdm_grid_status":"","footnotes":""},"categories":[73],"tags":[7641,28447],"class_list":{"0":"post-74333","1":"post","2":"type-post","3":"status-publish","4":"format-standard","6":"category-de-boleto","7":"tag-leticia-lopez-landero","8":"tag-proteccion-civil-cordoba"},"yoast_head":"<!-- This site is optimized with the Yoast SEO plugin v27.4 - https:\/\/yoast.com\/product\/yoast-seo-wordpress\/ -->\n<title>Se ponen buzos por si se pone feo! - Los pol\u00edticos Veracruz<\/title>\n<meta name=\"robots\" content=\"index, follow, max-snippet:-1, max-image-preview:large, max-video-preview:-1\" \/>\n<link rel=\"canonical\" href=\"https:\/\/lospoliticosveracruz.com\/?p=74333\" \/>\n<meta property=\"og:locale\" content=\"es_ES\" \/>\n<meta property=\"og:type\" content=\"article\" \/>\n<meta property=\"og:title\" content=\"Se ponen buzos por si se pone feo! - Los pol\u00edticos Veracruz\" \/>\n<meta property=\"og:description\" content=\"C\u00f3rdobaAnte la proximidad del inicio de la temporada de lluvias y ciclones tropicales 2021 y con el objetivo de trabajar coordinados ante cualquier situaci\u00f3n que pudiera poner en riesgo la integridad f\u00edsica de las familias cordobesas, este viernes se llev\u00f3 a cabo la Sesi\u00f3n Ordinaria del Consejo Municipal de Protecci\u00f3n Civil C\u00f3rdoba. En este consejo [&hellip;]\" \/>\n<meta property=\"og:url\" content=\"https:\/\/lospoliticosveracruz.com\/?p=74333\" \/>\n<meta property=\"og:site_name\" content=\"Los pol\u00edticos Veracruz\" \/>\n<meta property=\"article:publisher\" content=\"https:\/\/www.facebook.com\/people\/Notimemes-de-los-Polticos\/61565672886568\/\" \/>\n<meta property=\"article:published_time\" content=\"2021-05-29T00:31:14+00:00\" \/>\n<meta property=\"article:modified_time\" content=\"2021-05-29T00:31:18+00:00\" \/>\n<meta property=\"og:image\" content=\"https:\/\/lospoliticosveracruz.com\/wp-content\/uploads\/2016\/07\/Logo-Dor.jpg\" \/>\n\t<meta property=\"og:image:width\" content=\"200\" \/>\n\t<meta property=\"og:image:height\" content=\"200\" \/>\n\t<meta property=\"og:image:type\" content=\"image\/jpeg\" \/>\n<meta name=\"author\" content=\"Lo viste en Los Pol\u00edticos\" \/>\n<meta name=\"twitter:card\" content=\"summary_large_image\" \/>\n<meta name=\"twitter:creator\" content=\"@LosPoliticosVer\" \/>\n<meta name=\"twitter:site\" content=\"@LosPoliticosVer\" \/>\n<meta name=\"twitter:label1\" content=\"Escrito por\" \/>\n\t<meta name=\"twitter:data1\" content=\"Lo viste en Los Pol\u00edticos\" \/>\n\t<meta name=\"twitter:label2\" content=\"Tiempo de lectura\" \/>\n\t<meta name=\"twitter:data2\" content=\"2 minutos\" \/>\n<script type=\"application\/ld+json\" class=\"yoast-schema-graph\">{\"@context\":\"https:\\\/\\\/schema.org\",\"@graph\":[{\"@type\":\"Article\",\"@id\":\"https:\\\/\\\/lospoliticosveracruz.com\\\/?p=74333#article\",\"isPartOf\":{\"@id\":\"https:\\\/\\\/lospoliticosveracruz.com\\\/?p=74333\"},\"author\":{\"name\":\"Lo viste en Los Pol\u00edticos\",\"@id\":\"https:\\\/\\\/lospoliticosveracruz.com\\\/#\\\/schema\\\/person\\\/b8702bb0e538456e6efd07080bf2a4a2\"},\"headline\":\"Se ponen buzos por si se pone feo!\",\"datePublished\":\"2021-05-29T00:31:14+00:00\",\"dateModified\":\"2021-05-29T00:31:18+00:00\",\"mainEntityOfPage\":{\"@id\":\"https:\\\/\\\/lospoliticosveracruz.com\\\/?p=74333\"},\"wordCount\":345,\"publisher\":{\"@id\":\"https:\\\/\\\/lospoliticosveracruz.com\\\/#organization\"},\"keywords\":[\"Leticia L\u00f3pez Landero\",\"Protecci\u00f3n Civil C\u00f3rdoba\"],\"articleSection\":[\"De Boleto\"],\"inLanguage\":\"es\"},{\"@type\":\"WebPage\",\"@id\":\"https:\\\/\\\/lospoliticosveracruz.com\\\/?p=74333\",\"url\":\"https:\\\/\\\/lospoliticosveracruz.com\\\/?p=74333\",\"name\":\"Se ponen buzos por si se pone feo! - Los pol\u00edticos Veracruz\",\"isPartOf\":{\"@id\":\"https:\\\/\\\/lospoliticosveracruz.com\\\/#website\"},\"datePublished\":\"2021-05-29T00:31:14+00:00\",\"dateModified\":\"2021-05-29T00:31:18+00:00\",\"breadcrumb\":{\"@id\":\"https:\\\/\\\/lospoliticosveracruz.com\\\/?p=74333#breadcrumb\"},\"inLanguage\":\"es\",\"potentialAction\":[{\"@type\":\"ReadAction\",\"target\":[\"https:\\\/\\\/lospoliticosveracruz.com\\\/?p=74333\"]}]},{\"@type\":\"BreadcrumbList\",\"@id\":\"https:\\\/\\\/lospoliticosveracruz.com\\\/?p=74333#breadcrumb\",\"itemListElement\":[{\"@type\":\"ListItem\",\"position\":1,\"name\":\"Portada\",\"item\":\"https:\\\/\\\/lospoliticosveracruz.com\\\/\"},{\"@type\":\"ListItem\",\"position\":2,\"name\":\"Se ponen buzos por si se pone feo!\"}]},{\"@type\":\"WebSite\",\"@id\":\"https:\\\/\\\/lospoliticosveracruz.com\\\/#website\",\"url\":\"https:\\\/\\\/lospoliticosveracruz.com\\\/\",\"name\":\"Los pol\u00edticos Veracruz\",\"description\":\"\",\"publisher\":{\"@id\":\"https:\\\/\\\/lospoliticosveracruz.com\\\/#organization\"},\"potentialAction\":[{\"@type\":\"SearchAction\",\"target\":{\"@type\":\"EntryPoint\",\"urlTemplate\":\"https:\\\/\\\/lospoliticosveracruz.com\\\/?s={search_term_string}\"},\"query-input\":{\"@type\":\"PropertyValueSpecification\",\"valueRequired\":true,\"valueName\":\"search_term_string\"}}],\"inLanguage\":\"es\"},{\"@type\":\"Organization\",\"@id\":\"https:\\\/\\\/lospoliticosveracruz.com\\\/#organization\",\"name\":\"Los pol\u00edticos Veracruz\",\"url\":\"https:\\\/\\\/lospoliticosveracruz.com\\\/\",\"logo\":{\"@type\":\"ImageObject\",\"inLanguage\":\"es\",\"@id\":\"https:\\\/\\\/lospoliticosveracruz.com\\\/#\\\/schema\\\/logo\\\/image\\\/\",\"url\":\"https:\\\/\\\/lospoliticosveracruz.com\\\/wp-content\\\/uploads\\\/2025\\\/12\\\/Logo-Nuevo-LOS-POLITICOS-1.jpg\",\"contentUrl\":\"https:\\\/\\\/lospoliticosveracruz.com\\\/wp-content\\\/uploads\\\/2025\\\/12\\\/Logo-Nuevo-LOS-POLITICOS-1.jpg\",\"width\":260,\"height\":70,\"caption\":\"Los pol\u00edticos Veracruz\"},\"image\":{\"@id\":\"https:\\\/\\\/lospoliticosveracruz.com\\\/#\\\/schema\\\/logo\\\/image\\\/\"},\"sameAs\":[\"https:\\\/\\\/www.facebook.com\\\/people\\\/Notimemes-de-los-Polticos\\\/61565672886568\\\/\",\"https:\\\/\\\/x.com\\\/LosPoliticosVer\"]},{\"@type\":\"Person\",\"@id\":\"https:\\\/\\\/lospoliticosveracruz.com\\\/#\\\/schema\\\/person\\\/b8702bb0e538456e6efd07080bf2a4a2\",\"name\":\"Lo viste en Los Pol\u00edticos\",\"image\":{\"@type\":\"ImageObject\",\"inLanguage\":\"es\",\"@id\":\"https:\\\/\\\/secure.gravatar.com\\\/avatar\\\/3a8de04a2656d44082be478bd6c086daa447c4651605818287b9532d3d0bd435?s=96&d=mm&r=g\",\"url\":\"https:\\\/\\\/secure.gravatar.com\\\/avatar\\\/3a8de04a2656d44082be478bd6c086daa447c4651605818287b9532d3d0bd435?s=96&d=mm&r=g\",\"contentUrl\":\"https:\\\/\\\/secure.gravatar.com\\\/avatar\\\/3a8de04a2656d44082be478bd6c086daa447c4651605818287b9532d3d0bd435?s=96&d=mm&r=g\",\"caption\":\"Lo viste en Los Pol\u00edticos\"},\"url\":\"https:\\\/\\\/lospoliticosveracruz.com\\\/?author=2\"}]}<\/script>\n<!-- \/ Yoast SEO plugin. -->","yoast_head_json":{"title":"Se ponen buzos por si se pone feo! - Los pol\u00edticos Veracruz","robots":{"index":"index","follow":"follow","max-snippet":"max-snippet:-1","max-image-preview":"max-image-preview:large","max-video-preview":"max-video-preview:-1"},"canonical":"https:\/\/lospoliticosveracruz.com\/?p=74333","og_locale":"es_ES","og_type":"article","og_title":"Se ponen buzos por si se pone feo! - Los pol\u00edticos Veracruz","og_description":"C\u00f3rdobaAnte la proximidad del inicio de la temporada de lluvias y ciclones tropicales 2021 y con el objetivo de trabajar coordinados ante cualquier situaci\u00f3n que pudiera poner en riesgo la integridad f\u00edsica de las familias cordobesas, este viernes se llev\u00f3 a cabo la Sesi\u00f3n Ordinaria del Consejo Municipal de Protecci\u00f3n Civil C\u00f3rdoba. En este consejo [&hellip;]","og_url":"https:\/\/lospoliticosveracruz.com\/?p=74333","og_site_name":"Los pol\u00edticos Veracruz","article_publisher":"https:\/\/www.facebook.com\/people\/Notimemes-de-los-Polticos\/61565672886568\/","article_published_time":"2021-05-29T00:31:14+00:00","article_modified_time":"2021-05-29T00:31:18+00:00","og_image":[{"width":200,"height":200,"url":"https:\/\/lospoliticosveracruz.com\/wp-content\/uploads\/2016\/07\/Logo-Dor.jpg","type":"image\/jpeg"}],"author":"Lo viste en Los Pol\u00edticos","twitter_card":"summary_large_image","twitter_creator":"@LosPoliticosVer","twitter_site":"@LosPoliticosVer","twitter_misc":{"Escrito por":"Lo viste en Los Pol\u00edticos","Tiempo de lectura":"2 minutos"},"schema":{"@context":"https:\/\/schema.org","@graph":[{"@type":"Article","@id":"https:\/\/lospoliticosveracruz.com\/?p=74333#article","isPartOf":{"@id":"https:\/\/lospoliticosveracruz.com\/?p=74333"},"author":{"name":"Lo viste en Los Pol\u00edticos","@id":"https:\/\/lospoliticosveracruz.com\/#\/schema\/person\/b8702bb0e538456e6efd07080bf2a4a2"},"headline":"Se ponen buzos por si se pone feo!","datePublished":"2021-05-29T00:31:14+00:00","dateModified":"2021-05-29T00:31:18+00:00","mainEntityOfPage":{"@id":"https:\/\/lospoliticosveracruz.com\/?p=74333"},"wordCount":345,"publisher":{"@id":"https:\/\/lospoliticosveracruz.com\/#organization"},"keywords":["Leticia L\u00f3pez Landero","Protecci\u00f3n Civil C\u00f3rdoba"],"articleSection":["De Boleto"],"inLanguage":"es"},{"@type":"WebPage","@id":"https:\/\/lospoliticosveracruz.com\/?p=74333","url":"https:\/\/lospoliticosveracruz.com\/?p=74333","name":"Se ponen buzos por si se pone feo! - Los pol\u00edticos Veracruz","isPartOf":{"@id":"https:\/\/lospoliticosveracruz.com\/#website"},"datePublished":"2021-05-29T00:31:14+00:00","dateModified":"2021-05-29T00:31:18+00:00","breadcrumb":{"@id":"https:\/\/lospoliticosveracruz.com\/?p=74333#breadcrumb"},"inLanguage":"es","potentialAction":[{"@type":"ReadAction","target":["https:\/\/lospoliticosveracruz.com\/?p=74333"]}]},{"@type":"BreadcrumbList","@id":"https:\/\/lospoliticosveracruz.com\/?p=74333#breadcrumb","itemListElement":[{"@type":"ListItem","position":1,"name":"Portada","item":"https:\/\/lospoliticosveracruz.com\/"},{"@type":"ListItem","position":2,"name":"Se ponen buzos por si se pone feo!"}]},{"@type":"WebSite","@id":"https:\/\/lospoliticosveracruz.com\/#website","url":"https:\/\/lospoliticosveracruz.com\/","name":"Los pol\u00edticos Veracruz","description":"","publisher":{"@id":"https:\/\/lospoliticosveracruz.com\/#organization"},"potentialAction":[{"@type":"SearchAction","target":{"@type":"EntryPoint","urlTemplate":"https:\/\/lospoliticosveracruz.com\/?s={search_term_string}"},"query-input":{"@type":"PropertyValueSpecification","valueRequired":true,"valueName":"search_term_string"}}],"inLanguage":"es"},{"@type":"Organization","@id":"https:\/\/lospoliticosveracruz.com\/#organization","name":"Los pol\u00edticos Veracruz","url":"https:\/\/lospoliticosveracruz.com\/","logo":{"@type":"ImageObject","inLanguage":"es","@id":"https:\/\/lospoliticosveracruz.com\/#\/schema\/logo\/image\/","url":"https:\/\/lospoliticosveracruz.com\/wp-content\/uploads\/2025\/12\/Logo-Nuevo-LOS-POLITICOS-1.jpg","contentUrl":"https:\/\/lospoliticosveracruz.com\/wp-content\/uploads\/2025\/12\/Logo-Nuevo-LOS-POLITICOS-1.jpg","width":260,"height":70,"caption":"Los pol\u00edticos Veracruz"},"image":{"@id":"https:\/\/lospoliticosveracruz.com\/#\/schema\/logo\/image\/"},"sameAs":["https:\/\/www.facebook.com\/people\/Notimemes-de-los-Polticos\/61565672886568\/","https:\/\/x.com\/LosPoliticosVer"]},{"@type":"Person","@id":"https:\/\/lospoliticosveracruz.com\/#\/schema\/person\/b8702bb0e538456e6efd07080bf2a4a2","name":"Lo viste en Los Pol\u00edticos","image":{"@type":"ImageObject","inLanguage":"es","@id":"https:\/\/secure.gravatar.com\/avatar\/3a8de04a2656d44082be478bd6c086daa447c4651605818287b9532d3d0bd435?s=96&d=mm&r=g","url":"https:\/\/secure.gravatar.com\/avatar\/3a8de04a2656d44082be478bd6c086daa447c4651605818287b9532d3d0bd435?s=96&d=mm&r=g","contentUrl":"https:\/\/secure.gravatar.com\/avatar\/3a8de04a2656d44082be478bd6c086daa447c4651605818287b9532d3d0bd435?s=96&d=mm&r=g","caption":"Lo viste en Los Pol\u00edticos"},"url":"https:\/\/lospoliticosveracruz.com\/?author=2"}]}},"_links":{"self":[{"href":"https:\/\/lospoliticosveracruz.com\/index.php?rest_route=\/wp\/v2\/posts\/74333","targetHints":{"allow":["GET"]}}],"collection":[{"href":"https:\/\/lospoliticosveracruz.com\/index.php?rest_route=\/wp\/v2\/posts"}],"about":[{"href":"https:\/\/lospoliticosveracruz.com\/index.php?rest_route=\/wp\/v2\/types\/post"}],"author":[{"embeddable":true,"href":"https:\/\/lospoliticosveracruz.com\/index.php?rest_route=\/wp\/v2\/users\/2"}],"replies":[{"embeddable":true,"href":"https:\/\/lospoliticosveracruz.com\/index.php?rest_route=%2Fwp%2Fv2%2Fcomments&post=74333"}],"version-history":[{"count":1,"href":"https:\/\/lospoliticosveracruz.com\/index.php?rest_route=\/wp\/v2\/posts\/74333\/revisions"}],"predecessor-version":[{"id":74335,"href":"https:\/\/lospoliticosveracruz.com\/index.php?rest_route=\/wp\/v2\/posts\/74333\/revisions\/74335"}],"wp:attachment":[{"href":"https:\/\/lospoliticosveracruz.com\/index.php?rest_route=%2Fwp%2Fv2%2Fmedia&parent=74333"}],"wp:term":[{"taxonomy":"category","embeddable":true,"href":"https:\/\/lospoliticosveracruz.com\/index.php?rest_route=%2Fwp%2Fv2%2Fcategories&post=74333"},{"taxonomy":"post_tag","embeddable":true,"href":"https:\/\/lospoliticosveracruz.com\/index.php?rest_route=%2Fwp%2Fv2%2Ftags&post=74333"}],"curies":[{"name":"wp","href":"https:\/\/api.w.org\/{rel}","templated":true}]}}