{"id":74356,"date":"2021-05-29T12:42:22","date_gmt":"2021-05-29T17:42:22","guid":{"rendered":"http:\/\/www.lospoliticosveracruz.com.mx\/?p=74356"},"modified":"2021-05-29T12:42:26","modified_gmt":"2021-05-29T17:42:26","slug":"mi-gobierno-de-puertas-abiertas-vicho","status":"publish","type":"post","link":"https:\/\/lospoliticosveracruz.com\/?p=74356","title":{"rendered":"Mi gobierno, de puertas abiertas: Vicho"},"content":{"rendered":"\n<p><\/p>\n\n\n\n<p><strong>Xalapa<\/strong><br>A diferencia de la actual administraci\u00f3n morenista que no deja pasar a los ciudadanos al palacio municipal, como lo hice ya cuando fui presidente municipal tendr\u00e9 un gobierno de puertas abiertas que escuche y atienda las demandas de los ciudadanos, as\u00ed lo expres\u00f3 David Velasco Chedraui, candidato de la alianza \u00abVeracruz Va\u00bb a la alcald\u00eda de la capital.<br>Al recorrer la Avenida Camino Antiguo a Chiltoyac en la zona del Fraccionamiento Santa Fe Homex, acompa\u00f1ado de la candidata a diputada local, Lillian Cerecedo y del candidato a diputado federal, Adolfo Mota, David Velasco Chedraui insisti\u00f3 en que volver\u00e1 a implementar el programa de \u00abpuertas abiertas\u00bb para atender a los xalape\u00f1os y mantendr\u00e1 recorridos permanentes por las colonias para solucionar los problemas que aquejan a las zonas m\u00e1s vulnerables.<br>En la recta final de su campa\u00f1a pol\u00edtica, el candidato aliancista expres\u00f3 que ha sido un mes muy intenso \u00aby estamos confiados en que nos va a ir muy bien; el contacto que yo he tenido directamente con la gente nadie lo ha tenido y eso juega un papel muy importante porque la gente quiere contarte de viva voz sus problemas, quiere verte a los ojos y hablarte directo; este contacto nos ha favorecido mucho y por eso hemos crecido y estamos arriba en las encuestas\u00bb, coment\u00f3.<br>David Velasco Chedraui insisti\u00f3 en que la demanda m\u00e1s sentida de la poblaci\u00f3n es el empleo y la seguridad. \u00abSon las dos principales necesidades de Xalapa. Hay una gran inseguridad. Ah\u00ed las autoridades tienen que meterle m\u00e1s, tienen que haber m\u00e1s rondines. Esa es otra queja de que poco se ve a la polic\u00eda por esta zona. Normalmente se ve hacia el centro hacia otras \u00e1reas de la capital, pero en las congregaciones muy poco. Las autoridades deben poner m\u00e1s atenci\u00f3n en esta zona\u00bb.<\/p>\n\n\n\n<p><strong>RESCATEMOS XALAPA<br><\/strong>David Velasco Chedraui inform\u00f3 que este domingo, a las 8.30 de la ma\u00f1ana, participar\u00e1 en la marcha \u00abRescatemos Xalapa\u00bb, que iniciar\u00e1 en la esquina de Lucio y 20 de Noviembre.<br>\u00abNos pusimos de acuerdo PAN, PRI y PRD, los tres partidos que conforman la coalici\u00f3n. Va a ser muy, muy importante que todos aquellos que est\u00e1n de acuerdo con el proyecto nos acompa\u00f1en para que las autoridades vean la fuerza y la voz de varios partidos y de muchos ciudadanos que ya no est\u00e1n de acuerdo con el actual gobierno\u00bb.<br>Dijo que esta ser\u00e1 una gran marcha, en donde participar\u00e1n muchos organismos de la sociedad civil y la militancia de las tres fuerzas pol\u00edticas hist\u00f3ricas de nuestro pa\u00eds que conforman la alianza \u00abVa por M\u00e9xico\u00bb y \u00abVeracruz Va\u00bb. En la marcha, se tomar\u00e1n las medidas sanitarias pertinentes, como lo ha venido haciendo a lo largo de su campa\u00f1a, como el uso del cubrebocas y del gel sanitizante.<br>Velasco Chedraui insisti\u00f3 el Gobierno federal, estatal y municipal, \u00abque no metan la cuchara\u00bb en las elecciones, \u00ablos xalape\u00f1os queremos unas elecciones limpias y transparentes en donde realmente gane el que tiene m\u00e1s oportunidades en Xalapa y las mejores propuestas para sacar al municipio del abandono\u00bb.<\/p>\n","protected":false},"excerpt":{"rendered":"<p>XalapaA diferencia de la actual administraci\u00f3n morenista que no deja pasar a los ciudadanos al palacio municipal, como lo hice ya cuando fui presidente municipal tendr\u00e9 un gobierno de puertas abiertas que escuche y atienda las demandas de los ciudadanos, as\u00ed lo expres\u00f3 David Velasco Chedraui, candidato de la alianza \u00abVeracruz Va\u00bb a la alcald\u00eda [&hellip;]<\/p>\n","protected":false},"author":2,"featured_media":0,"comment_status":"closed","ping_status":"closed","sticky":false,"template":"","format":"standard","meta":{"tdm_status":"","tdm_grid_status":"","footnotes":""},"categories":[73],"tags":[407,27722,28455,25692],"class_list":{"0":"post-74356","1":"post","2":"type-post","3":"status-publish","4":"format-standard","6":"category-de-boleto","7":"tag-david-velasco-chedraui","8":"tag-lillian-cerecedo","9":"tag-rondines","10":"tag-veracruz-va"},"yoast_head":"<!-- This site is optimized with the Yoast SEO plugin v27.4 - https:\/\/yoast.com\/product\/yoast-seo-wordpress\/ -->\n<title>Mi gobierno, de puertas abiertas: Vicho - Los pol\u00edticos Veracruz<\/title>\n<meta name=\"robots\" content=\"index, follow, max-snippet:-1, max-image-preview:large, max-video-preview:-1\" \/>\n<link rel=\"canonical\" href=\"https:\/\/lospoliticosveracruz.com\/?p=74356\" \/>\n<meta property=\"og:locale\" content=\"es_ES\" \/>\n<meta property=\"og:type\" content=\"article\" \/>\n<meta property=\"og:title\" content=\"Mi gobierno, de puertas abiertas: Vicho - Los pol\u00edticos Veracruz\" \/>\n<meta property=\"og:description\" content=\"XalapaA diferencia de la actual administraci\u00f3n morenista que no deja pasar a los ciudadanos al palacio municipal, como lo hice ya cuando fui presidente municipal tendr\u00e9 un gobierno de puertas abiertas que escuche y atienda las demandas de los ciudadanos, as\u00ed lo expres\u00f3 David Velasco Chedraui, candidato de la alianza \u00abVeracruz Va\u00bb a la alcald\u00eda [&hellip;]\" \/>\n<meta property=\"og:url\" content=\"https:\/\/lospoliticosveracruz.com\/?p=74356\" \/>\n<meta property=\"og:site_name\" content=\"Los pol\u00edticos Veracruz\" \/>\n<meta property=\"article:publisher\" content=\"https:\/\/www.facebook.com\/people\/Notimemes-de-los-Polticos\/61565672886568\/\" \/>\n<meta property=\"article:published_time\" content=\"2021-05-29T17:42:22+00:00\" \/>\n<meta property=\"article:modified_time\" content=\"2021-05-29T17:42:26+00:00\" \/>\n<meta property=\"og:image\" content=\"https:\/\/lospoliticosveracruz.com\/wp-content\/uploads\/2016\/07\/Logo-Dor.jpg\" \/>\n\t<meta property=\"og:image:width\" content=\"200\" \/>\n\t<meta property=\"og:image:height\" content=\"200\" \/>\n\t<meta property=\"og:image:type\" content=\"image\/jpeg\" \/>\n<meta name=\"author\" content=\"Lo viste en Los Pol\u00edticos\" \/>\n<meta name=\"twitter:card\" content=\"summary_large_image\" \/>\n<meta name=\"twitter:creator\" content=\"@LosPoliticosVer\" \/>\n<meta name=\"twitter:site\" content=\"@LosPoliticosVer\" \/>\n<meta name=\"twitter:label1\" content=\"Escrito por\" \/>\n\t<meta name=\"twitter:data1\" content=\"Lo viste en Los Pol\u00edticos\" \/>\n\t<meta name=\"twitter:label2\" content=\"Tiempo de lectura\" \/>\n\t<meta name=\"twitter:data2\" content=\"3 minutos\" \/>\n<script type=\"application\/ld+json\" class=\"yoast-schema-graph\">{\"@context\":\"https:\\\/\\\/schema.org\",\"@graph\":[{\"@type\":\"Article\",\"@id\":\"https:\\\/\\\/lospoliticosveracruz.com\\\/?p=74356#article\",\"isPartOf\":{\"@id\":\"https:\\\/\\\/lospoliticosveracruz.com\\\/?p=74356\"},\"author\":{\"name\":\"Lo viste en Los Pol\u00edticos\",\"@id\":\"https:\\\/\\\/lospoliticosveracruz.com\\\/#\\\/schema\\\/person\\\/b8702bb0e538456e6efd07080bf2a4a2\"},\"headline\":\"Mi gobierno, de puertas abiertas: Vicho\",\"datePublished\":\"2021-05-29T17:42:22+00:00\",\"dateModified\":\"2021-05-29T17:42:26+00:00\",\"mainEntityOfPage\":{\"@id\":\"https:\\\/\\\/lospoliticosveracruz.com\\\/?p=74356\"},\"wordCount\":537,\"publisher\":{\"@id\":\"https:\\\/\\\/lospoliticosveracruz.com\\\/#organization\"},\"keywords\":[\"David Velasco Chedraui\",\"Lillian Cerecedo\",\"rondines\",\"Veracruz Va\"],\"articleSection\":[\"De Boleto\"],\"inLanguage\":\"es\"},{\"@type\":\"WebPage\",\"@id\":\"https:\\\/\\\/lospoliticosveracruz.com\\\/?p=74356\",\"url\":\"https:\\\/\\\/lospoliticosveracruz.com\\\/?p=74356\",\"name\":\"Mi gobierno, de puertas abiertas: Vicho - Los pol\u00edticos Veracruz\",\"isPartOf\":{\"@id\":\"https:\\\/\\\/lospoliticosveracruz.com\\\/#website\"},\"datePublished\":\"2021-05-29T17:42:22+00:00\",\"dateModified\":\"2021-05-29T17:42:26+00:00\",\"breadcrumb\":{\"@id\":\"https:\\\/\\\/lospoliticosveracruz.com\\\/?p=74356#breadcrumb\"},\"inLanguage\":\"es\",\"potentialAction\":[{\"@type\":\"ReadAction\",\"target\":[\"https:\\\/\\\/lospoliticosveracruz.com\\\/?p=74356\"]}]},{\"@type\":\"BreadcrumbList\",\"@id\":\"https:\\\/\\\/lospoliticosveracruz.com\\\/?p=74356#breadcrumb\",\"itemListElement\":[{\"@type\":\"ListItem\",\"position\":1,\"name\":\"Portada\",\"item\":\"https:\\\/\\\/lospoliticosveracruz.com\\\/\"},{\"@type\":\"ListItem\",\"position\":2,\"name\":\"Mi gobierno, de puertas abiertas: Vicho\"}]},{\"@type\":\"WebSite\",\"@id\":\"https:\\\/\\\/lospoliticosveracruz.com\\\/#website\",\"url\":\"https:\\\/\\\/lospoliticosveracruz.com\\\/\",\"name\":\"Los pol\u00edticos Veracruz\",\"description\":\"\",\"publisher\":{\"@id\":\"https:\\\/\\\/lospoliticosveracruz.com\\\/#organization\"},\"potentialAction\":[{\"@type\":\"SearchAction\",\"target\":{\"@type\":\"EntryPoint\",\"urlTemplate\":\"https:\\\/\\\/lospoliticosveracruz.com\\\/?s={search_term_string}\"},\"query-input\":{\"@type\":\"PropertyValueSpecification\",\"valueRequired\":true,\"valueName\":\"search_term_string\"}}],\"inLanguage\":\"es\"},{\"@type\":\"Organization\",\"@id\":\"https:\\\/\\\/lospoliticosveracruz.com\\\/#organization\",\"name\":\"Los pol\u00edticos Veracruz\",\"url\":\"https:\\\/\\\/lospoliticosveracruz.com\\\/\",\"logo\":{\"@type\":\"ImageObject\",\"inLanguage\":\"es\",\"@id\":\"https:\\\/\\\/lospoliticosveracruz.com\\\/#\\\/schema\\\/logo\\\/image\\\/\",\"url\":\"https:\\\/\\\/lospoliticosveracruz.com\\\/wp-content\\\/uploads\\\/2025\\\/12\\\/Logo-Nuevo-LOS-POLITICOS-1.jpg\",\"contentUrl\":\"https:\\\/\\\/lospoliticosveracruz.com\\\/wp-content\\\/uploads\\\/2025\\\/12\\\/Logo-Nuevo-LOS-POLITICOS-1.jpg\",\"width\":260,\"height\":70,\"caption\":\"Los pol\u00edticos Veracruz\"},\"image\":{\"@id\":\"https:\\\/\\\/lospoliticosveracruz.com\\\/#\\\/schema\\\/logo\\\/image\\\/\"},\"sameAs\":[\"https:\\\/\\\/www.facebook.com\\\/people\\\/Notimemes-de-los-Polticos\\\/61565672886568\\\/\",\"https:\\\/\\\/x.com\\\/LosPoliticosVer\"]},{\"@type\":\"Person\",\"@id\":\"https:\\\/\\\/lospoliticosveracruz.com\\\/#\\\/schema\\\/person\\\/b8702bb0e538456e6efd07080bf2a4a2\",\"name\":\"Lo viste en Los Pol\u00edticos\",\"image\":{\"@type\":\"ImageObject\",\"inLanguage\":\"es\",\"@id\":\"https:\\\/\\\/secure.gravatar.com\\\/avatar\\\/3a8de04a2656d44082be478bd6c086daa447c4651605818287b9532d3d0bd435?s=96&d=mm&r=g\",\"url\":\"https:\\\/\\\/secure.gravatar.com\\\/avatar\\\/3a8de04a2656d44082be478bd6c086daa447c4651605818287b9532d3d0bd435?s=96&d=mm&r=g\",\"contentUrl\":\"https:\\\/\\\/secure.gravatar.com\\\/avatar\\\/3a8de04a2656d44082be478bd6c086daa447c4651605818287b9532d3d0bd435?s=96&d=mm&r=g\",\"caption\":\"Lo viste en Los Pol\u00edticos\"},\"url\":\"https:\\\/\\\/lospoliticosveracruz.com\\\/?author=2\"}]}<\/script>\n<!-- \/ Yoast SEO plugin. -->","yoast_head_json":{"title":"Mi gobierno, de puertas abiertas: Vicho - Los pol\u00edticos Veracruz","robots":{"index":"index","follow":"follow","max-snippet":"max-snippet:-1","max-image-preview":"max-image-preview:large","max-video-preview":"max-video-preview:-1"},"canonical":"https:\/\/lospoliticosveracruz.com\/?p=74356","og_locale":"es_ES","og_type":"article","og_title":"Mi gobierno, de puertas abiertas: Vicho - Los pol\u00edticos Veracruz","og_description":"XalapaA diferencia de la actual administraci\u00f3n morenista que no deja pasar a los ciudadanos al palacio municipal, como lo hice ya cuando fui presidente municipal tendr\u00e9 un gobierno de puertas abiertas que escuche y atienda las demandas de los ciudadanos, as\u00ed lo expres\u00f3 David Velasco Chedraui, candidato de la alianza \u00abVeracruz Va\u00bb a la alcald\u00eda [&hellip;]","og_url":"https:\/\/lospoliticosveracruz.com\/?p=74356","og_site_name":"Los pol\u00edticos Veracruz","article_publisher":"https:\/\/www.facebook.com\/people\/Notimemes-de-los-Polticos\/61565672886568\/","article_published_time":"2021-05-29T17:42:22+00:00","article_modified_time":"2021-05-29T17:42:26+00:00","og_image":[{"width":200,"height":200,"url":"https:\/\/lospoliticosveracruz.com\/wp-content\/uploads\/2016\/07\/Logo-Dor.jpg","type":"image\/jpeg"}],"author":"Lo viste en Los Pol\u00edticos","twitter_card":"summary_large_image","twitter_creator":"@LosPoliticosVer","twitter_site":"@LosPoliticosVer","twitter_misc":{"Escrito por":"Lo viste en Los Pol\u00edticos","Tiempo de lectura":"3 minutos"},"schema":{"@context":"https:\/\/schema.org","@graph":[{"@type":"Article","@id":"https:\/\/lospoliticosveracruz.com\/?p=74356#article","isPartOf":{"@id":"https:\/\/lospoliticosveracruz.com\/?p=74356"},"author":{"name":"Lo viste en Los Pol\u00edticos","@id":"https:\/\/lospoliticosveracruz.com\/#\/schema\/person\/b8702bb0e538456e6efd07080bf2a4a2"},"headline":"Mi gobierno, de puertas abiertas: Vicho","datePublished":"2021-05-29T17:42:22+00:00","dateModified":"2021-05-29T17:42:26+00:00","mainEntityOfPage":{"@id":"https:\/\/lospoliticosveracruz.com\/?p=74356"},"wordCount":537,"publisher":{"@id":"https:\/\/lospoliticosveracruz.com\/#organization"},"keywords":["David Velasco Chedraui","Lillian Cerecedo","rondines","Veracruz Va"],"articleSection":["De Boleto"],"inLanguage":"es"},{"@type":"WebPage","@id":"https:\/\/lospoliticosveracruz.com\/?p=74356","url":"https:\/\/lospoliticosveracruz.com\/?p=74356","name":"Mi gobierno, de puertas abiertas: Vicho - Los pol\u00edticos Veracruz","isPartOf":{"@id":"https:\/\/lospoliticosveracruz.com\/#website"},"datePublished":"2021-05-29T17:42:22+00:00","dateModified":"2021-05-29T17:42:26+00:00","breadcrumb":{"@id":"https:\/\/lospoliticosveracruz.com\/?p=74356#breadcrumb"},"inLanguage":"es","potentialAction":[{"@type":"ReadAction","target":["https:\/\/lospoliticosveracruz.com\/?p=74356"]}]},{"@type":"BreadcrumbList","@id":"https:\/\/lospoliticosveracruz.com\/?p=74356#breadcrumb","itemListElement":[{"@type":"ListItem","position":1,"name":"Portada","item":"https:\/\/lospoliticosveracruz.com\/"},{"@type":"ListItem","position":2,"name":"Mi gobierno, de puertas abiertas: Vicho"}]},{"@type":"WebSite","@id":"https:\/\/lospoliticosveracruz.com\/#website","url":"https:\/\/lospoliticosveracruz.com\/","name":"Los pol\u00edticos Veracruz","description":"","publisher":{"@id":"https:\/\/lospoliticosveracruz.com\/#organization"},"potentialAction":[{"@type":"SearchAction","target":{"@type":"EntryPoint","urlTemplate":"https:\/\/lospoliticosveracruz.com\/?s={search_term_string}"},"query-input":{"@type":"PropertyValueSpecification","valueRequired":true,"valueName":"search_term_string"}}],"inLanguage":"es"},{"@type":"Organization","@id":"https:\/\/lospoliticosveracruz.com\/#organization","name":"Los pol\u00edticos Veracruz","url":"https:\/\/lospoliticosveracruz.com\/","logo":{"@type":"ImageObject","inLanguage":"es","@id":"https:\/\/lospoliticosveracruz.com\/#\/schema\/logo\/image\/","url":"https:\/\/lospoliticosveracruz.com\/wp-content\/uploads\/2025\/12\/Logo-Nuevo-LOS-POLITICOS-1.jpg","contentUrl":"https:\/\/lospoliticosveracruz.com\/wp-content\/uploads\/2025\/12\/Logo-Nuevo-LOS-POLITICOS-1.jpg","width":260,"height":70,"caption":"Los pol\u00edticos Veracruz"},"image":{"@id":"https:\/\/lospoliticosveracruz.com\/#\/schema\/logo\/image\/"},"sameAs":["https:\/\/www.facebook.com\/people\/Notimemes-de-los-Polticos\/61565672886568\/","https:\/\/x.com\/LosPoliticosVer"]},{"@type":"Person","@id":"https:\/\/lospoliticosveracruz.com\/#\/schema\/person\/b8702bb0e538456e6efd07080bf2a4a2","name":"Lo viste en Los Pol\u00edticos","image":{"@type":"ImageObject","inLanguage":"es","@id":"https:\/\/secure.gravatar.com\/avatar\/3a8de04a2656d44082be478bd6c086daa447c4651605818287b9532d3d0bd435?s=96&d=mm&r=g","url":"https:\/\/secure.gravatar.com\/avatar\/3a8de04a2656d44082be478bd6c086daa447c4651605818287b9532d3d0bd435?s=96&d=mm&r=g","contentUrl":"https:\/\/secure.gravatar.com\/avatar\/3a8de04a2656d44082be478bd6c086daa447c4651605818287b9532d3d0bd435?s=96&d=mm&r=g","caption":"Lo viste en Los Pol\u00edticos"},"url":"https:\/\/lospoliticosveracruz.com\/?author=2"}]}},"_links":{"self":[{"href":"https:\/\/lospoliticosveracruz.com\/index.php?rest_route=\/wp\/v2\/posts\/74356","targetHints":{"allow":["GET"]}}],"collection":[{"href":"https:\/\/lospoliticosveracruz.com\/index.php?rest_route=\/wp\/v2\/posts"}],"about":[{"href":"https:\/\/lospoliticosveracruz.com\/index.php?rest_route=\/wp\/v2\/types\/post"}],"author":[{"embeddable":true,"href":"https:\/\/lospoliticosveracruz.com\/index.php?rest_route=\/wp\/v2\/users\/2"}],"replies":[{"embeddable":true,"href":"https:\/\/lospoliticosveracruz.com\/index.php?rest_route=%2Fwp%2Fv2%2Fcomments&post=74356"}],"version-history":[{"count":1,"href":"https:\/\/lospoliticosveracruz.com\/index.php?rest_route=\/wp\/v2\/posts\/74356\/revisions"}],"predecessor-version":[{"id":74361,"href":"https:\/\/lospoliticosveracruz.com\/index.php?rest_route=\/wp\/v2\/posts\/74356\/revisions\/74361"}],"wp:attachment":[{"href":"https:\/\/lospoliticosveracruz.com\/index.php?rest_route=%2Fwp%2Fv2%2Fmedia&parent=74356"}],"wp:term":[{"taxonomy":"category","embeddable":true,"href":"https:\/\/lospoliticosveracruz.com\/index.php?rest_route=%2Fwp%2Fv2%2Fcategories&post=74356"},{"taxonomy":"post_tag","embeddable":true,"href":"https:\/\/lospoliticosveracruz.com\/index.php?rest_route=%2Fwp%2Fv2%2Ftags&post=74356"}],"curies":[{"name":"wp","href":"https:\/\/api.w.org\/{rel}","templated":true}]}}