{"id":74366,"date":"2021-05-29T12:54:42","date_gmt":"2021-05-29T17:54:42","guid":{"rendered":"http:\/\/www.lospoliticosveracruz.com.mx\/?p=74366"},"modified":"2021-05-29T12:54:46","modified_gmt":"2021-05-29T17:54:46","slug":"gana-arteaga-debate","status":"publish","type":"post","link":"https:\/\/lospoliticosveracruz.com\/?p=74366","title":{"rendered":"Gana Arteaga Debate!"},"content":{"rendered":"\n<p><strong>Xalapa<\/strong><br>Con el compromiso de exigir y lograr resultados en materia de corrupci\u00f3n, derechos humanos y desv\u00edos de recursos para que responda y en su caso se sancione al poder ejecutivo, legislativo y judicial, V\u00edctor Hugo Arteaga Mart\u00ednez, gan\u00f3 el Debate del \u00d3rgano P\u00fablico Electoral (OPLE) de Veracruz para la Diputaci\u00f3n Local Distrito X Xalapa.<br>Durante este ejercicio democr\u00e1tico, el periodista de carrera profesional, asegur\u00f3 que desde el primer d\u00eda en el Congreso de Veracruz trabajar\u00e1 por una cultura de la legalidad y se derogue el delito de Ultraje a la Autoridad.<br>\u201cNecesitamos legislar y mi primera acci\u00f3n como Diputado ser\u00e1 derogar el delito de Ultraje a la autoridad, al ser una ley restrictiva que violenta los sistemas democr\u00e1ticos, pues limitan el escrutinio de la ciudadan\u00eda, para prevenir o controlar el abuso de su poder coactivo y la propia SCJN determin\u00f3 que ese delito va en contra del principio de legalidad, debido a su ambig\u00fcedad\u201d, enfatiz\u00f3.<br>Arteaga Mart\u00ednez, asegur\u00f3 que adem\u00e1s exigir\u00e1 instalar una Comisi\u00f3n Investigadora que revise los negocios turbios de los poderes ejecutivo, legislativo y judicial.<br>\u201cDesde el Congreso vamos a revisar los negocios turbios del Congreso veracruzano, el Gobierno del Estado y el poder judicial, que ha logrado una jugosa sociedad de cerca de 15 mil millones de pesos con lo que se han visto beneficiados muchos funcionarios de esos tres poderes. Tengo las auditor\u00edas y lo qu\u00e9 pasa en Veracruz en este tema, deber\u00eda ser una verg\u00fcenza nacional\u201d.<br>El candidato de RSP por la diputaci\u00f3n de la capital Xalapa, consider\u00f3 que ese tema \u00e9l le llamar\u00eda el \u201cOdebrecht Veracruzano\u201d, porque sin duda cuando se investigue a fondo, ser\u00e1 la pesquisa m\u00e1s grande en la historia de M\u00e9xico contra los poderes de un estado como Veracruz.<br>Cit\u00f3 tambi\u00e9n que buscar\u00e1 una Comisi\u00f3n especial del m\u00e1s alto nivel t\u00e9cnico, que permita conocer las sentencias con acci\u00f3n de inconstitucionalidad y los puestos a modo para Magistrados y Jueces.<br>En materia de derechos humanos, propuso reformar la Comisi\u00f3n de Atenci\u00f3n a Periodistas, como organismo aut\u00f3nomo.<br>Tambi\u00e9n busca la creaci\u00f3n de una Unidad de Inteligencia Financiera con la capacidad de dar seguimiento a funcionarios locales corruptos.<br>Agreg\u00f3 que el World Project Justice ubica a Veracruz en el lugar 32 de 32 en justicia penal y el 31 de 32 en justicia civil.<br>En materia de Econom\u00eda y Empleo, asegur\u00f3 que ser\u00e1 un Diputado aliado de las empresas y de los empresarios para, juntos darle la dimensi\u00f3n social que requieren.<br>\u201cLa prosperidad de los negocios depende de que la sociedad progrese, por ello voy a legislar para fortalecer a las peque\u00f1as empresas y, en qu\u00e9 en lo general, se modernice la cultura empresarial\u201d, subray\u00f3.<br>Desde ahora hizo un compromiso con este sector para promover la inclusi\u00f3n, la diversidad, y el respeto a los derechos humanos, as\u00ed como privilegiar la sustentabilidad en nuestras actividades econ\u00f3micas y un uso m\u00e1s consciente de los recursos naturales.<br>Antes de culminar este bloque, Arteaga Mart\u00ednez, lament\u00f3 la ausencia de la candidata de Morena, actual representante del distrito y que en m\u00e1s de 10 a\u00f1os no se ha logrado inversi\u00f3n extranjera en el municipio, el cierre de mil 200 empresas durante la pandemia, en la que adem\u00e1s se quedaron sin empleo m\u00e1s de 10 mil xalape\u00f1os, seg\u00fan la C\u00e1mara Nacional de Comercio de este municipio.<br>Entre las propuestas que tambi\u00e9n sobresalieron, V\u00edctor Hugo Arteaga explic\u00f3 que legislar\u00e1 para tipificar como delito el subejercicio, porque ese dinero que no se utiliza y se regresa a la Federaci\u00f3n deber\u00eda de darse en tratamientos para ni\u00f1os con C\u00e1ncer, en vez de comprar equipos de b\u00e9isbol y contratos millonarios de jugadores.<br>Por \u00faltimo, record\u00f3 que quienes hoy est\u00e1n en el poder legislativo ya tuvieron tres a\u00f1os de prueba y salieron reprobados.<br>\u201cYo no necesit\u00e9 ser funcionario para meter a la c\u00e1rcel a Javier Duarte de Ochoa y a 120 funcionarios a prisi\u00f3n, como lo hice desde mi trinchera como periodista, ahora como Diputado tengo la oportunidad de hacer m\u00e1s por Xalapa, Veracruz y todo M\u00e9xico\u201d, finaliz\u00f3.<\/p>\n","protected":false},"excerpt":{"rendered":"<p>XalapaCon el compromiso de exigir y lograr resultados en materia de corrupci\u00f3n, derechos humanos y desv\u00edos de recursos para que responda y en su caso se sancione al poder ejecutivo, legislativo y judicial, V\u00edctor Hugo Arteaga Mart\u00ednez, gan\u00f3 el Debate del \u00d3rgano P\u00fablico Electoral (OPLE) de Veracruz para la Diputaci\u00f3n Local Distrito X Xalapa.Durante este [&hellip;]<\/p>\n","protected":false},"author":2,"featured_media":0,"comment_status":"closed","ping_status":"closed","sticky":false,"template":"","format":"standard","meta":{"tdm_status":"","tdm_grid_status":"","footnotes":""},"categories":[73],"tags":[2349,3272,3965,96],"class_list":{"0":"post-74366","1":"post","2":"type-post","3":"status-publish","4":"format-standard","6":"category-de-boleto","7":"tag-distrito-x","8":"tag-ople","9":"tag-scjn","10":"tag-xalapa"},"yoast_head":"<!-- This site is optimized with the Yoast SEO plugin v27.4 - https:\/\/yoast.com\/product\/yoast-seo-wordpress\/ -->\n<title>Gana Arteaga Debate! - Los pol\u00edticos Veracruz<\/title>\n<meta name=\"robots\" content=\"index, follow, max-snippet:-1, max-image-preview:large, max-video-preview:-1\" \/>\n<link rel=\"canonical\" href=\"https:\/\/lospoliticosveracruz.com\/?p=74366\" \/>\n<meta property=\"og:locale\" content=\"es_ES\" \/>\n<meta property=\"og:type\" content=\"article\" \/>\n<meta property=\"og:title\" content=\"Gana Arteaga Debate! - Los pol\u00edticos Veracruz\" \/>\n<meta property=\"og:description\" content=\"XalapaCon el compromiso de exigir y lograr resultados en materia de corrupci\u00f3n, derechos humanos y desv\u00edos de recursos para que responda y en su caso se sancione al poder ejecutivo, legislativo y judicial, V\u00edctor Hugo Arteaga Mart\u00ednez, gan\u00f3 el Debate del \u00d3rgano P\u00fablico Electoral (OPLE) de Veracruz para la Diputaci\u00f3n Local Distrito X Xalapa.Durante este [&hellip;]\" \/>\n<meta property=\"og:url\" content=\"https:\/\/lospoliticosveracruz.com\/?p=74366\" \/>\n<meta property=\"og:site_name\" content=\"Los pol\u00edticos Veracruz\" \/>\n<meta property=\"article:publisher\" content=\"https:\/\/www.facebook.com\/people\/Notimemes-de-los-Polticos\/61565672886568\/\" \/>\n<meta property=\"article:published_time\" content=\"2021-05-29T17:54:42+00:00\" \/>\n<meta property=\"article:modified_time\" content=\"2021-05-29T17:54:46+00:00\" \/>\n<meta property=\"og:image\" content=\"https:\/\/lospoliticosveracruz.com\/wp-content\/uploads\/2016\/07\/Logo-Dor.jpg\" \/>\n\t<meta property=\"og:image:width\" content=\"200\" \/>\n\t<meta property=\"og:image:height\" content=\"200\" \/>\n\t<meta property=\"og:image:type\" content=\"image\/jpeg\" \/>\n<meta name=\"author\" content=\"Lo viste en Los Pol\u00edticos\" \/>\n<meta name=\"twitter:card\" content=\"summary_large_image\" \/>\n<meta name=\"twitter:creator\" content=\"@LosPoliticosVer\" \/>\n<meta name=\"twitter:site\" content=\"@LosPoliticosVer\" \/>\n<meta name=\"twitter:label1\" content=\"Escrito por\" \/>\n\t<meta name=\"twitter:data1\" content=\"Lo viste en Los Pol\u00edticos\" \/>\n\t<meta name=\"twitter:label2\" content=\"Tiempo de lectura\" \/>\n\t<meta name=\"twitter:data2\" content=\"4 minutos\" \/>\n<script type=\"application\/ld+json\" class=\"yoast-schema-graph\">{\"@context\":\"https:\\\/\\\/schema.org\",\"@graph\":[{\"@type\":\"Article\",\"@id\":\"https:\\\/\\\/lospoliticosveracruz.com\\\/?p=74366#article\",\"isPartOf\":{\"@id\":\"https:\\\/\\\/lospoliticosveracruz.com\\\/?p=74366\"},\"author\":{\"name\":\"Lo viste en Los Pol\u00edticos\",\"@id\":\"https:\\\/\\\/lospoliticosveracruz.com\\\/#\\\/schema\\\/person\\\/b8702bb0e538456e6efd07080bf2a4a2\"},\"headline\":\"Gana Arteaga Debate!\",\"datePublished\":\"2021-05-29T17:54:42+00:00\",\"dateModified\":\"2021-05-29T17:54:46+00:00\",\"mainEntityOfPage\":{\"@id\":\"https:\\\/\\\/lospoliticosveracruz.com\\\/?p=74366\"},\"wordCount\":718,\"publisher\":{\"@id\":\"https:\\\/\\\/lospoliticosveracruz.com\\\/#organization\"},\"keywords\":[\"distrito X\",\"OPLE\",\"SCJN\",\"Xalapa\"],\"articleSection\":[\"De Boleto\"],\"inLanguage\":\"es\"},{\"@type\":\"WebPage\",\"@id\":\"https:\\\/\\\/lospoliticosveracruz.com\\\/?p=74366\",\"url\":\"https:\\\/\\\/lospoliticosveracruz.com\\\/?p=74366\",\"name\":\"Gana Arteaga Debate! - Los pol\u00edticos Veracruz\",\"isPartOf\":{\"@id\":\"https:\\\/\\\/lospoliticosveracruz.com\\\/#website\"},\"datePublished\":\"2021-05-29T17:54:42+00:00\",\"dateModified\":\"2021-05-29T17:54:46+00:00\",\"breadcrumb\":{\"@id\":\"https:\\\/\\\/lospoliticosveracruz.com\\\/?p=74366#breadcrumb\"},\"inLanguage\":\"es\",\"potentialAction\":[{\"@type\":\"ReadAction\",\"target\":[\"https:\\\/\\\/lospoliticosveracruz.com\\\/?p=74366\"]}]},{\"@type\":\"BreadcrumbList\",\"@id\":\"https:\\\/\\\/lospoliticosveracruz.com\\\/?p=74366#breadcrumb\",\"itemListElement\":[{\"@type\":\"ListItem\",\"position\":1,\"name\":\"Portada\",\"item\":\"https:\\\/\\\/lospoliticosveracruz.com\\\/\"},{\"@type\":\"ListItem\",\"position\":2,\"name\":\"Gana Arteaga Debate!\"}]},{\"@type\":\"WebSite\",\"@id\":\"https:\\\/\\\/lospoliticosveracruz.com\\\/#website\",\"url\":\"https:\\\/\\\/lospoliticosveracruz.com\\\/\",\"name\":\"Los pol\u00edticos Veracruz\",\"description\":\"\",\"publisher\":{\"@id\":\"https:\\\/\\\/lospoliticosveracruz.com\\\/#organization\"},\"potentialAction\":[{\"@type\":\"SearchAction\",\"target\":{\"@type\":\"EntryPoint\",\"urlTemplate\":\"https:\\\/\\\/lospoliticosveracruz.com\\\/?s={search_term_string}\"},\"query-input\":{\"@type\":\"PropertyValueSpecification\",\"valueRequired\":true,\"valueName\":\"search_term_string\"}}],\"inLanguage\":\"es\"},{\"@type\":\"Organization\",\"@id\":\"https:\\\/\\\/lospoliticosveracruz.com\\\/#organization\",\"name\":\"Los pol\u00edticos Veracruz\",\"url\":\"https:\\\/\\\/lospoliticosveracruz.com\\\/\",\"logo\":{\"@type\":\"ImageObject\",\"inLanguage\":\"es\",\"@id\":\"https:\\\/\\\/lospoliticosveracruz.com\\\/#\\\/schema\\\/logo\\\/image\\\/\",\"url\":\"https:\\\/\\\/lospoliticosveracruz.com\\\/wp-content\\\/uploads\\\/2025\\\/12\\\/Logo-Nuevo-LOS-POLITICOS-1.jpg\",\"contentUrl\":\"https:\\\/\\\/lospoliticosveracruz.com\\\/wp-content\\\/uploads\\\/2025\\\/12\\\/Logo-Nuevo-LOS-POLITICOS-1.jpg\",\"width\":260,\"height\":70,\"caption\":\"Los pol\u00edticos Veracruz\"},\"image\":{\"@id\":\"https:\\\/\\\/lospoliticosveracruz.com\\\/#\\\/schema\\\/logo\\\/image\\\/\"},\"sameAs\":[\"https:\\\/\\\/www.facebook.com\\\/people\\\/Notimemes-de-los-Polticos\\\/61565672886568\\\/\",\"https:\\\/\\\/x.com\\\/LosPoliticosVer\"]},{\"@type\":\"Person\",\"@id\":\"https:\\\/\\\/lospoliticosveracruz.com\\\/#\\\/schema\\\/person\\\/b8702bb0e538456e6efd07080bf2a4a2\",\"name\":\"Lo viste en Los Pol\u00edticos\",\"image\":{\"@type\":\"ImageObject\",\"inLanguage\":\"es\",\"@id\":\"https:\\\/\\\/secure.gravatar.com\\\/avatar\\\/3a8de04a2656d44082be478bd6c086daa447c4651605818287b9532d3d0bd435?s=96&d=mm&r=g\",\"url\":\"https:\\\/\\\/secure.gravatar.com\\\/avatar\\\/3a8de04a2656d44082be478bd6c086daa447c4651605818287b9532d3d0bd435?s=96&d=mm&r=g\",\"contentUrl\":\"https:\\\/\\\/secure.gravatar.com\\\/avatar\\\/3a8de04a2656d44082be478bd6c086daa447c4651605818287b9532d3d0bd435?s=96&d=mm&r=g\",\"caption\":\"Lo viste en Los Pol\u00edticos\"},\"url\":\"https:\\\/\\\/lospoliticosveracruz.com\\\/?author=2\"}]}<\/script>\n<!-- \/ Yoast SEO plugin. -->","yoast_head_json":{"title":"Gana Arteaga Debate! - Los pol\u00edticos Veracruz","robots":{"index":"index","follow":"follow","max-snippet":"max-snippet:-1","max-image-preview":"max-image-preview:large","max-video-preview":"max-video-preview:-1"},"canonical":"https:\/\/lospoliticosveracruz.com\/?p=74366","og_locale":"es_ES","og_type":"article","og_title":"Gana Arteaga Debate! - Los pol\u00edticos Veracruz","og_description":"XalapaCon el compromiso de exigir y lograr resultados en materia de corrupci\u00f3n, derechos humanos y desv\u00edos de recursos para que responda y en su caso se sancione al poder ejecutivo, legislativo y judicial, V\u00edctor Hugo Arteaga Mart\u00ednez, gan\u00f3 el Debate del \u00d3rgano P\u00fablico Electoral (OPLE) de Veracruz para la Diputaci\u00f3n Local Distrito X Xalapa.Durante este [&hellip;]","og_url":"https:\/\/lospoliticosveracruz.com\/?p=74366","og_site_name":"Los pol\u00edticos Veracruz","article_publisher":"https:\/\/www.facebook.com\/people\/Notimemes-de-los-Polticos\/61565672886568\/","article_published_time":"2021-05-29T17:54:42+00:00","article_modified_time":"2021-05-29T17:54:46+00:00","og_image":[{"width":200,"height":200,"url":"https:\/\/lospoliticosveracruz.com\/wp-content\/uploads\/2016\/07\/Logo-Dor.jpg","type":"image\/jpeg"}],"author":"Lo viste en Los Pol\u00edticos","twitter_card":"summary_large_image","twitter_creator":"@LosPoliticosVer","twitter_site":"@LosPoliticosVer","twitter_misc":{"Escrito por":"Lo viste en Los Pol\u00edticos","Tiempo de lectura":"4 minutos"},"schema":{"@context":"https:\/\/schema.org","@graph":[{"@type":"Article","@id":"https:\/\/lospoliticosveracruz.com\/?p=74366#article","isPartOf":{"@id":"https:\/\/lospoliticosveracruz.com\/?p=74366"},"author":{"name":"Lo viste en Los Pol\u00edticos","@id":"https:\/\/lospoliticosveracruz.com\/#\/schema\/person\/b8702bb0e538456e6efd07080bf2a4a2"},"headline":"Gana Arteaga Debate!","datePublished":"2021-05-29T17:54:42+00:00","dateModified":"2021-05-29T17:54:46+00:00","mainEntityOfPage":{"@id":"https:\/\/lospoliticosveracruz.com\/?p=74366"},"wordCount":718,"publisher":{"@id":"https:\/\/lospoliticosveracruz.com\/#organization"},"keywords":["distrito X","OPLE","SCJN","Xalapa"],"articleSection":["De Boleto"],"inLanguage":"es"},{"@type":"WebPage","@id":"https:\/\/lospoliticosveracruz.com\/?p=74366","url":"https:\/\/lospoliticosveracruz.com\/?p=74366","name":"Gana Arteaga Debate! - Los pol\u00edticos Veracruz","isPartOf":{"@id":"https:\/\/lospoliticosveracruz.com\/#website"},"datePublished":"2021-05-29T17:54:42+00:00","dateModified":"2021-05-29T17:54:46+00:00","breadcrumb":{"@id":"https:\/\/lospoliticosveracruz.com\/?p=74366#breadcrumb"},"inLanguage":"es","potentialAction":[{"@type":"ReadAction","target":["https:\/\/lospoliticosveracruz.com\/?p=74366"]}]},{"@type":"BreadcrumbList","@id":"https:\/\/lospoliticosveracruz.com\/?p=74366#breadcrumb","itemListElement":[{"@type":"ListItem","position":1,"name":"Portada","item":"https:\/\/lospoliticosveracruz.com\/"},{"@type":"ListItem","position":2,"name":"Gana Arteaga Debate!"}]},{"@type":"WebSite","@id":"https:\/\/lospoliticosveracruz.com\/#website","url":"https:\/\/lospoliticosveracruz.com\/","name":"Los pol\u00edticos Veracruz","description":"","publisher":{"@id":"https:\/\/lospoliticosveracruz.com\/#organization"},"potentialAction":[{"@type":"SearchAction","target":{"@type":"EntryPoint","urlTemplate":"https:\/\/lospoliticosveracruz.com\/?s={search_term_string}"},"query-input":{"@type":"PropertyValueSpecification","valueRequired":true,"valueName":"search_term_string"}}],"inLanguage":"es"},{"@type":"Organization","@id":"https:\/\/lospoliticosveracruz.com\/#organization","name":"Los pol\u00edticos Veracruz","url":"https:\/\/lospoliticosveracruz.com\/","logo":{"@type":"ImageObject","inLanguage":"es","@id":"https:\/\/lospoliticosveracruz.com\/#\/schema\/logo\/image\/","url":"https:\/\/lospoliticosveracruz.com\/wp-content\/uploads\/2025\/12\/Logo-Nuevo-LOS-POLITICOS-1.jpg","contentUrl":"https:\/\/lospoliticosveracruz.com\/wp-content\/uploads\/2025\/12\/Logo-Nuevo-LOS-POLITICOS-1.jpg","width":260,"height":70,"caption":"Los pol\u00edticos Veracruz"},"image":{"@id":"https:\/\/lospoliticosveracruz.com\/#\/schema\/logo\/image\/"},"sameAs":["https:\/\/www.facebook.com\/people\/Notimemes-de-los-Polticos\/61565672886568\/","https:\/\/x.com\/LosPoliticosVer"]},{"@type":"Person","@id":"https:\/\/lospoliticosveracruz.com\/#\/schema\/person\/b8702bb0e538456e6efd07080bf2a4a2","name":"Lo viste en Los Pol\u00edticos","image":{"@type":"ImageObject","inLanguage":"es","@id":"https:\/\/secure.gravatar.com\/avatar\/3a8de04a2656d44082be478bd6c086daa447c4651605818287b9532d3d0bd435?s=96&d=mm&r=g","url":"https:\/\/secure.gravatar.com\/avatar\/3a8de04a2656d44082be478bd6c086daa447c4651605818287b9532d3d0bd435?s=96&d=mm&r=g","contentUrl":"https:\/\/secure.gravatar.com\/avatar\/3a8de04a2656d44082be478bd6c086daa447c4651605818287b9532d3d0bd435?s=96&d=mm&r=g","caption":"Lo viste en Los Pol\u00edticos"},"url":"https:\/\/lospoliticosveracruz.com\/?author=2"}]}},"_links":{"self":[{"href":"https:\/\/lospoliticosveracruz.com\/index.php?rest_route=\/wp\/v2\/posts\/74366","targetHints":{"allow":["GET"]}}],"collection":[{"href":"https:\/\/lospoliticosveracruz.com\/index.php?rest_route=\/wp\/v2\/posts"}],"about":[{"href":"https:\/\/lospoliticosveracruz.com\/index.php?rest_route=\/wp\/v2\/types\/post"}],"author":[{"embeddable":true,"href":"https:\/\/lospoliticosveracruz.com\/index.php?rest_route=\/wp\/v2\/users\/2"}],"replies":[{"embeddable":true,"href":"https:\/\/lospoliticosveracruz.com\/index.php?rest_route=%2Fwp%2Fv2%2Fcomments&post=74366"}],"version-history":[{"count":1,"href":"https:\/\/lospoliticosveracruz.com\/index.php?rest_route=\/wp\/v2\/posts\/74366\/revisions"}],"predecessor-version":[{"id":74368,"href":"https:\/\/lospoliticosveracruz.com\/index.php?rest_route=\/wp\/v2\/posts\/74366\/revisions\/74368"}],"wp:attachment":[{"href":"https:\/\/lospoliticosveracruz.com\/index.php?rest_route=%2Fwp%2Fv2%2Fmedia&parent=74366"}],"wp:term":[{"taxonomy":"category","embeddable":true,"href":"https:\/\/lospoliticosveracruz.com\/index.php?rest_route=%2Fwp%2Fv2%2Fcategories&post=74366"},{"taxonomy":"post_tag","embeddable":true,"href":"https:\/\/lospoliticosveracruz.com\/index.php?rest_route=%2Fwp%2Fv2%2Ftags&post=74366"}],"curies":[{"name":"wp","href":"https:\/\/api.w.org\/{rel}","templated":true}]}}