{"id":74541,"date":"2021-05-31T08:44:08","date_gmt":"2021-05-31T13:44:08","guid":{"rendered":"http:\/\/www.lospoliticosveracruz.com.mx\/?p=74541"},"modified":"2021-05-31T08:44:14","modified_gmt":"2021-05-31T13:44:14","slug":"aguas-con-el-voto","status":"publish","type":"post","link":"https:\/\/lospoliticosveracruz.com\/?p=74541","title":{"rendered":"\u00a1Aguas con el voto!"},"content":{"rendered":"\n<p><strong>Sergio Gonz\u00e1lez Levet<\/strong><\/p>\n\n\n\n<p><em>Sin tacto<br><\/em><\/p>\n\n\n\n<p>El pr\u00f3ximo domingo, ya este domingo que viene, los ciudadanos de todo M\u00e9xico saldremos a volar en unas elecciones in\u00e9ditas porque han tenido varias singularidades.<br>Primero, son las m\u00e1s grandes de la historia porque se dirigen casi 26 mil puestos p\u00fablicos. Es decir, ese n\u00famero de curules, oficinas o escritorios o sillas cambiar\u00e1n de due\u00f1o, excepto en algunos pocos casos en que se dar\u00e1 el fen\u00f3meno de la reelecci\u00f3n.<br>Pero los mexicanos mayores de 18 a\u00f1os y en pleno ejercicio de nuestro derecho manifestaremos nuestra voluntad libre y sin coacci\u00f3n alguna (esperamos y deseamos) para elegir a nuestras autoridades y a nuestros representantes.<br>El Patriarca tendr\u00e1 sus razones y pensar\u00e1 como siempre que son v\u00e1lidas y hasta morales, pero lo cierto es que desde el partido oficial y en todos los niveles de gobierno que controla han usado todas las artima\u00f1as posibles -a caballo entre la legalidad y el abuso del poder- a fin de establecer condiciones favorables para sus intereses y sus candidatos.<br>Y pongo un ejemplo:<br>La boleta que recibir\u00e1n los ciudadanos en la elecci\u00f3n de diputados federales traer\u00e1 10 partidos y los candidatos independientes que se hayan registrado en cada distrito.<br>Los partidos son: Morena, PAN, PRD, PRI, Partido Encuentro Solidario (PES), Partido del Trabajo (PT), Partido Verde Ecologista de M\u00e9xico (PVEM), Redes Sociales Progresistas (RSP), Movimiento Ciudadano (MC) y Fuerza por M\u00e9xico (FxM).<br>Al \u00b4presentarse en la casilla y obtener la boleta, l ciudadano ve en el documento 10 opciones diferentes, para tomar su decisi\u00f3n.<br>Y aqu\u00ed viene la artima\u00f1a oficial, porque de los diez partidos, seis est\u00e1n en la misma l\u00ednea del Gobierno: Morena, PT, PVEM, PES, FxM y RSP, que est\u00e1n aliados en la C\u00e1mara pr\u00f3xima para votar a favor de todas las iniciativas que mande u ordene (no es lo mismo) el Presidente.<br>Por su parte, Movimiento Ciudadano a veces se maneja peligrosamente muy cerca de los intereses lopezobradoristas, y es un enigma\u2026 o una duda sospechosa el rumbo que tomar\u00e1 en la pr\u00f3xima Legislatura federal.<br>La verdadera oposici\u00f3n al Gobierno, los partidos que representan el contrapeso a la voluntad de un solo hombre, son el PAN, el PRI y el PRD.<br>Votar por estos tres \u00faltimos partidos representa hacerlo en favor del equilibrio de los poderes, porque una C\u00e1mara sin la mayor\u00eda absoluta del partido oficial obligar\u00eda al Presidente a cumplir la ley y acatar el dictado de la Constituci\u00f3n.<br>He ah\u00ed una buena raz\u00f3n por la cual votar en contra de los candidatos de Morena o de sus seis partidos aliados.<br>El pa\u00eds necesita equilibrio, y lo podemos conseguir con la fuerza de nuestro voto.<\/p>\n\n\n\n<p>sglevet@gmail.com<\/p>\n","protected":false},"excerpt":{"rendered":"<p>Sergio Gonz\u00e1lez Levet Sin tacto El pr\u00f3ximo domingo, ya este domingo que viene, los ciudadanos de todo M\u00e9xico saldremos a volar en unas elecciones in\u00e9ditas porque han tenido varias singularidades.Primero, son las m\u00e1s grandes de la historia porque se dirigen casi 26 mil puestos p\u00fablicos. Es decir, ese n\u00famero de curules, oficinas o escritorios o [&hellip;]<\/p>\n","protected":false},"author":2,"featured_media":0,"comment_status":"closed","ping_status":"closed","sticky":false,"template":"","format":"standard","meta":{"tdm_status":"","tdm_grid_status":"","footnotes":""},"categories":[70],"tags":[24637,27052,1026,2327,266,2326,1729,437,107,251,2289,264,14281,22732],"class_list":{"0":"post-74541","1":"post","2":"type-post","3":"status-publish","4":"format-standard","6":"category-de-opinion","7":"tag-fuerza-por-mexico","8":"tag-fxm","9":"tag-morena","10":"tag-movimiento-ciudadano","11":"tag-pan","12":"tag-partido-del-trabajo","13":"tag-partido-verde-ecologista-de-mexico","14":"tag-pes","15":"tag-prd","16":"tag-pri","17":"tag-pt","18":"tag-pvem","19":"tag-redes-sociales-progresistas","20":"tag-rsp"},"yoast_head":"<!-- This site is optimized with the Yoast SEO plugin v27.4 - https:\/\/yoast.com\/product\/yoast-seo-wordpress\/ -->\n<title>\u00a1Aguas con el voto! - Los pol\u00edticos Veracruz<\/title>\n<meta name=\"robots\" content=\"index, follow, max-snippet:-1, max-image-preview:large, max-video-preview:-1\" \/>\n<link rel=\"canonical\" href=\"https:\/\/lospoliticosveracruz.com\/?p=74541\" \/>\n<meta property=\"og:locale\" content=\"es_ES\" \/>\n<meta property=\"og:type\" content=\"article\" \/>\n<meta property=\"og:title\" content=\"\u00a1Aguas con el voto! - Los pol\u00edticos Veracruz\" \/>\n<meta property=\"og:description\" content=\"Sergio Gonz\u00e1lez Levet Sin tacto El pr\u00f3ximo domingo, ya este domingo que viene, los ciudadanos de todo M\u00e9xico saldremos a volar en unas elecciones in\u00e9ditas porque han tenido varias singularidades.Primero, son las m\u00e1s grandes de la historia porque se dirigen casi 26 mil puestos p\u00fablicos. Es decir, ese n\u00famero de curules, oficinas o escritorios o [&hellip;]\" \/>\n<meta property=\"og:url\" content=\"https:\/\/lospoliticosveracruz.com\/?p=74541\" \/>\n<meta property=\"og:site_name\" content=\"Los pol\u00edticos Veracruz\" \/>\n<meta property=\"article:publisher\" content=\"https:\/\/www.facebook.com\/people\/Notimemes-de-los-Polticos\/61565672886568\/\" \/>\n<meta property=\"article:published_time\" content=\"2021-05-31T13:44:08+00:00\" \/>\n<meta property=\"article:modified_time\" content=\"2021-05-31T13:44:14+00:00\" \/>\n<meta property=\"og:image\" content=\"https:\/\/lospoliticosveracruz.com\/wp-content\/uploads\/2016\/07\/Logo-Dor.jpg\" \/>\n\t<meta property=\"og:image:width\" content=\"200\" \/>\n\t<meta property=\"og:image:height\" content=\"200\" \/>\n\t<meta property=\"og:image:type\" content=\"image\/jpeg\" \/>\n<meta name=\"author\" content=\"Lo viste en Los Pol\u00edticos\" \/>\n<meta name=\"twitter:card\" content=\"summary_large_image\" \/>\n<meta name=\"twitter:creator\" content=\"@LosPoliticosVer\" \/>\n<meta name=\"twitter:site\" content=\"@LosPoliticosVer\" \/>\n<meta name=\"twitter:label1\" content=\"Escrito por\" \/>\n\t<meta name=\"twitter:data1\" content=\"Lo viste en Los Pol\u00edticos\" \/>\n\t<meta name=\"twitter:label2\" content=\"Tiempo de lectura\" \/>\n\t<meta name=\"twitter:data2\" content=\"2 minutos\" \/>\n<script type=\"application\/ld+json\" class=\"yoast-schema-graph\">{\"@context\":\"https:\\\/\\\/schema.org\",\"@graph\":[{\"@type\":\"Article\",\"@id\":\"https:\\\/\\\/lospoliticosveracruz.com\\\/?p=74541#article\",\"isPartOf\":{\"@id\":\"https:\\\/\\\/lospoliticosveracruz.com\\\/?p=74541\"},\"author\":{\"name\":\"Lo viste en Los Pol\u00edticos\",\"@id\":\"https:\\\/\\\/lospoliticosveracruz.com\\\/#\\\/schema\\\/person\\\/b8702bb0e538456e6efd07080bf2a4a2\"},\"headline\":\"\u00a1Aguas con el voto!\",\"datePublished\":\"2021-05-31T13:44:08+00:00\",\"dateModified\":\"2021-05-31T13:44:14+00:00\",\"mainEntityOfPage\":{\"@id\":\"https:\\\/\\\/lospoliticosveracruz.com\\\/?p=74541\"},\"wordCount\":476,\"publisher\":{\"@id\":\"https:\\\/\\\/lospoliticosveracruz.com\\\/#organization\"},\"keywords\":[\"Fuerza por M\u00e9xico\",\"FXM\",\"Morena\",\"Movimiento Ciudadano\",\"PAN\",\"Partido del Trabajo\",\"Partido Verde Ecologista de M\u00e9xico\",\"PES\",\"PRD\",\"PRI\",\"PT\",\"PVEM\",\"Redes Sociales Progresistas\",\"RSP\"],\"articleSection\":[\"De Opini\u00f3n\"],\"inLanguage\":\"es\"},{\"@type\":\"WebPage\",\"@id\":\"https:\\\/\\\/lospoliticosveracruz.com\\\/?p=74541\",\"url\":\"https:\\\/\\\/lospoliticosveracruz.com\\\/?p=74541\",\"name\":\"\u00a1Aguas con el voto! - Los pol\u00edticos Veracruz\",\"isPartOf\":{\"@id\":\"https:\\\/\\\/lospoliticosveracruz.com\\\/#website\"},\"datePublished\":\"2021-05-31T13:44:08+00:00\",\"dateModified\":\"2021-05-31T13:44:14+00:00\",\"breadcrumb\":{\"@id\":\"https:\\\/\\\/lospoliticosveracruz.com\\\/?p=74541#breadcrumb\"},\"inLanguage\":\"es\",\"potentialAction\":[{\"@type\":\"ReadAction\",\"target\":[\"https:\\\/\\\/lospoliticosveracruz.com\\\/?p=74541\"]}]},{\"@type\":\"BreadcrumbList\",\"@id\":\"https:\\\/\\\/lospoliticosveracruz.com\\\/?p=74541#breadcrumb\",\"itemListElement\":[{\"@type\":\"ListItem\",\"position\":1,\"name\":\"Portada\",\"item\":\"https:\\\/\\\/lospoliticosveracruz.com\\\/\"},{\"@type\":\"ListItem\",\"position\":2,\"name\":\"\u00a1Aguas con el voto!\"}]},{\"@type\":\"WebSite\",\"@id\":\"https:\\\/\\\/lospoliticosveracruz.com\\\/#website\",\"url\":\"https:\\\/\\\/lospoliticosveracruz.com\\\/\",\"name\":\"Los pol\u00edticos Veracruz\",\"description\":\"\",\"publisher\":{\"@id\":\"https:\\\/\\\/lospoliticosveracruz.com\\\/#organization\"},\"potentialAction\":[{\"@type\":\"SearchAction\",\"target\":{\"@type\":\"EntryPoint\",\"urlTemplate\":\"https:\\\/\\\/lospoliticosveracruz.com\\\/?s={search_term_string}\"},\"query-input\":{\"@type\":\"PropertyValueSpecification\",\"valueRequired\":true,\"valueName\":\"search_term_string\"}}],\"inLanguage\":\"es\"},{\"@type\":\"Organization\",\"@id\":\"https:\\\/\\\/lospoliticosveracruz.com\\\/#organization\",\"name\":\"Los pol\u00edticos Veracruz\",\"url\":\"https:\\\/\\\/lospoliticosveracruz.com\\\/\",\"logo\":{\"@type\":\"ImageObject\",\"inLanguage\":\"es\",\"@id\":\"https:\\\/\\\/lospoliticosveracruz.com\\\/#\\\/schema\\\/logo\\\/image\\\/\",\"url\":\"https:\\\/\\\/lospoliticosveracruz.com\\\/wp-content\\\/uploads\\\/2025\\\/12\\\/Logo-Nuevo-LOS-POLITICOS-1.jpg\",\"contentUrl\":\"https:\\\/\\\/lospoliticosveracruz.com\\\/wp-content\\\/uploads\\\/2025\\\/12\\\/Logo-Nuevo-LOS-POLITICOS-1.jpg\",\"width\":260,\"height\":70,\"caption\":\"Los pol\u00edticos Veracruz\"},\"image\":{\"@id\":\"https:\\\/\\\/lospoliticosveracruz.com\\\/#\\\/schema\\\/logo\\\/image\\\/\"},\"sameAs\":[\"https:\\\/\\\/www.facebook.com\\\/people\\\/Notimemes-de-los-Polticos\\\/61565672886568\\\/\",\"https:\\\/\\\/x.com\\\/LosPoliticosVer\"]},{\"@type\":\"Person\",\"@id\":\"https:\\\/\\\/lospoliticosveracruz.com\\\/#\\\/schema\\\/person\\\/b8702bb0e538456e6efd07080bf2a4a2\",\"name\":\"Lo viste en Los Pol\u00edticos\",\"image\":{\"@type\":\"ImageObject\",\"inLanguage\":\"es\",\"@id\":\"https:\\\/\\\/secure.gravatar.com\\\/avatar\\\/3a8de04a2656d44082be478bd6c086daa447c4651605818287b9532d3d0bd435?s=96&d=mm&r=g\",\"url\":\"https:\\\/\\\/secure.gravatar.com\\\/avatar\\\/3a8de04a2656d44082be478bd6c086daa447c4651605818287b9532d3d0bd435?s=96&d=mm&r=g\",\"contentUrl\":\"https:\\\/\\\/secure.gravatar.com\\\/avatar\\\/3a8de04a2656d44082be478bd6c086daa447c4651605818287b9532d3d0bd435?s=96&d=mm&r=g\",\"caption\":\"Lo viste en Los Pol\u00edticos\"},\"url\":\"https:\\\/\\\/lospoliticosveracruz.com\\\/?author=2\"}]}<\/script>\n<!-- \/ Yoast SEO plugin. -->","yoast_head_json":{"title":"\u00a1Aguas con el voto! - Los pol\u00edticos Veracruz","robots":{"index":"index","follow":"follow","max-snippet":"max-snippet:-1","max-image-preview":"max-image-preview:large","max-video-preview":"max-video-preview:-1"},"canonical":"https:\/\/lospoliticosveracruz.com\/?p=74541","og_locale":"es_ES","og_type":"article","og_title":"\u00a1Aguas con el voto! - Los pol\u00edticos Veracruz","og_description":"Sergio Gonz\u00e1lez Levet Sin tacto El pr\u00f3ximo domingo, ya este domingo que viene, los ciudadanos de todo M\u00e9xico saldremos a volar en unas elecciones in\u00e9ditas porque han tenido varias singularidades.Primero, son las m\u00e1s grandes de la historia porque se dirigen casi 26 mil puestos p\u00fablicos. Es decir, ese n\u00famero de curules, oficinas o escritorios o [&hellip;]","og_url":"https:\/\/lospoliticosveracruz.com\/?p=74541","og_site_name":"Los pol\u00edticos Veracruz","article_publisher":"https:\/\/www.facebook.com\/people\/Notimemes-de-los-Polticos\/61565672886568\/","article_published_time":"2021-05-31T13:44:08+00:00","article_modified_time":"2021-05-31T13:44:14+00:00","og_image":[{"width":200,"height":200,"url":"https:\/\/lospoliticosveracruz.com\/wp-content\/uploads\/2016\/07\/Logo-Dor.jpg","type":"image\/jpeg"}],"author":"Lo viste en Los Pol\u00edticos","twitter_card":"summary_large_image","twitter_creator":"@LosPoliticosVer","twitter_site":"@LosPoliticosVer","twitter_misc":{"Escrito por":"Lo viste en Los Pol\u00edticos","Tiempo de lectura":"2 minutos"},"schema":{"@context":"https:\/\/schema.org","@graph":[{"@type":"Article","@id":"https:\/\/lospoliticosveracruz.com\/?p=74541#article","isPartOf":{"@id":"https:\/\/lospoliticosveracruz.com\/?p=74541"},"author":{"name":"Lo viste en Los Pol\u00edticos","@id":"https:\/\/lospoliticosveracruz.com\/#\/schema\/person\/b8702bb0e538456e6efd07080bf2a4a2"},"headline":"\u00a1Aguas con el voto!","datePublished":"2021-05-31T13:44:08+00:00","dateModified":"2021-05-31T13:44:14+00:00","mainEntityOfPage":{"@id":"https:\/\/lospoliticosveracruz.com\/?p=74541"},"wordCount":476,"publisher":{"@id":"https:\/\/lospoliticosveracruz.com\/#organization"},"keywords":["Fuerza por M\u00e9xico","FXM","Morena","Movimiento Ciudadano","PAN","Partido del Trabajo","Partido Verde Ecologista de M\u00e9xico","PES","PRD","PRI","PT","PVEM","Redes Sociales Progresistas","RSP"],"articleSection":["De Opini\u00f3n"],"inLanguage":"es"},{"@type":"WebPage","@id":"https:\/\/lospoliticosveracruz.com\/?p=74541","url":"https:\/\/lospoliticosveracruz.com\/?p=74541","name":"\u00a1Aguas con el voto! - Los pol\u00edticos Veracruz","isPartOf":{"@id":"https:\/\/lospoliticosveracruz.com\/#website"},"datePublished":"2021-05-31T13:44:08+00:00","dateModified":"2021-05-31T13:44:14+00:00","breadcrumb":{"@id":"https:\/\/lospoliticosveracruz.com\/?p=74541#breadcrumb"},"inLanguage":"es","potentialAction":[{"@type":"ReadAction","target":["https:\/\/lospoliticosveracruz.com\/?p=74541"]}]},{"@type":"BreadcrumbList","@id":"https:\/\/lospoliticosveracruz.com\/?p=74541#breadcrumb","itemListElement":[{"@type":"ListItem","position":1,"name":"Portada","item":"https:\/\/lospoliticosveracruz.com\/"},{"@type":"ListItem","position":2,"name":"\u00a1Aguas con el voto!"}]},{"@type":"WebSite","@id":"https:\/\/lospoliticosveracruz.com\/#website","url":"https:\/\/lospoliticosveracruz.com\/","name":"Los pol\u00edticos Veracruz","description":"","publisher":{"@id":"https:\/\/lospoliticosveracruz.com\/#organization"},"potentialAction":[{"@type":"SearchAction","target":{"@type":"EntryPoint","urlTemplate":"https:\/\/lospoliticosveracruz.com\/?s={search_term_string}"},"query-input":{"@type":"PropertyValueSpecification","valueRequired":true,"valueName":"search_term_string"}}],"inLanguage":"es"},{"@type":"Organization","@id":"https:\/\/lospoliticosveracruz.com\/#organization","name":"Los pol\u00edticos Veracruz","url":"https:\/\/lospoliticosveracruz.com\/","logo":{"@type":"ImageObject","inLanguage":"es","@id":"https:\/\/lospoliticosveracruz.com\/#\/schema\/logo\/image\/","url":"https:\/\/lospoliticosveracruz.com\/wp-content\/uploads\/2025\/12\/Logo-Nuevo-LOS-POLITICOS-1.jpg","contentUrl":"https:\/\/lospoliticosveracruz.com\/wp-content\/uploads\/2025\/12\/Logo-Nuevo-LOS-POLITICOS-1.jpg","width":260,"height":70,"caption":"Los pol\u00edticos Veracruz"},"image":{"@id":"https:\/\/lospoliticosveracruz.com\/#\/schema\/logo\/image\/"},"sameAs":["https:\/\/www.facebook.com\/people\/Notimemes-de-los-Polticos\/61565672886568\/","https:\/\/x.com\/LosPoliticosVer"]},{"@type":"Person","@id":"https:\/\/lospoliticosveracruz.com\/#\/schema\/person\/b8702bb0e538456e6efd07080bf2a4a2","name":"Lo viste en Los Pol\u00edticos","image":{"@type":"ImageObject","inLanguage":"es","@id":"https:\/\/secure.gravatar.com\/avatar\/3a8de04a2656d44082be478bd6c086daa447c4651605818287b9532d3d0bd435?s=96&d=mm&r=g","url":"https:\/\/secure.gravatar.com\/avatar\/3a8de04a2656d44082be478bd6c086daa447c4651605818287b9532d3d0bd435?s=96&d=mm&r=g","contentUrl":"https:\/\/secure.gravatar.com\/avatar\/3a8de04a2656d44082be478bd6c086daa447c4651605818287b9532d3d0bd435?s=96&d=mm&r=g","caption":"Lo viste en Los Pol\u00edticos"},"url":"https:\/\/lospoliticosveracruz.com\/?author=2"}]}},"_links":{"self":[{"href":"https:\/\/lospoliticosveracruz.com\/index.php?rest_route=\/wp\/v2\/posts\/74541","targetHints":{"allow":["GET"]}}],"collection":[{"href":"https:\/\/lospoliticosveracruz.com\/index.php?rest_route=\/wp\/v2\/posts"}],"about":[{"href":"https:\/\/lospoliticosveracruz.com\/index.php?rest_route=\/wp\/v2\/types\/post"}],"author":[{"embeddable":true,"href":"https:\/\/lospoliticosveracruz.com\/index.php?rest_route=\/wp\/v2\/users\/2"}],"replies":[{"embeddable":true,"href":"https:\/\/lospoliticosveracruz.com\/index.php?rest_route=%2Fwp%2Fv2%2Fcomments&post=74541"}],"version-history":[{"count":1,"href":"https:\/\/lospoliticosveracruz.com\/index.php?rest_route=\/wp\/v2\/posts\/74541\/revisions"}],"predecessor-version":[{"id":74543,"href":"https:\/\/lospoliticosveracruz.com\/index.php?rest_route=\/wp\/v2\/posts\/74541\/revisions\/74543"}],"wp:attachment":[{"href":"https:\/\/lospoliticosveracruz.com\/index.php?rest_route=%2Fwp%2Fv2%2Fmedia&parent=74541"}],"wp:term":[{"taxonomy":"category","embeddable":true,"href":"https:\/\/lospoliticosveracruz.com\/index.php?rest_route=%2Fwp%2Fv2%2Fcategories&post=74541"},{"taxonomy":"post_tag","embeddable":true,"href":"https:\/\/lospoliticosveracruz.com\/index.php?rest_route=%2Fwp%2Fv2%2Ftags&post=74541"}],"curies":[{"name":"wp","href":"https:\/\/api.w.org\/{rel}","templated":true}]}}