{"id":74551,"date":"2021-05-31T10:22:13","date_gmt":"2021-05-31T15:22:13","guid":{"rendered":"http:\/\/www.lospoliticosveracruz.com.mx\/?p=74551"},"modified":"2021-05-31T10:22:19","modified_gmt":"2021-05-31T15:22:19","slug":"ejes-viales-contra-embotellamientos-vicho","status":"publish","type":"post","link":"https:\/\/lospoliticosveracruz.com\/?p=74551","title":{"rendered":"Ejes viales contra embotellamientos: Vicho"},"content":{"rendered":"\n<p><\/p>\n\n\n\n<p><strong>Xalapa<br><\/strong>Es necesario analizar proyectos de infraestructura vial para resolver el problema de movilidad en la capital del estado, consider\u00f3 el candidato a la Presidencia Municipal de Xalapa por la coalici\u00f3n \u00abVeracruz Va\u00bb, David Velasco Chedraui.<br>Al reconocer que este tema es de primordial importancia para el desarrollo urbano de Xalapa, record\u00f3 que en su administraci\u00f3n municipal se implement\u00f3 el proyecto de los ejes viales para mejorar la movilidad con la intenci\u00f3n de que a la gente le tomara pocos minutos cruzar la ciudad; \u00abhoy en d\u00eda la desatenci\u00f3n a la infraestructura vial provoca congestionamientos y los pobladores se tardan horas en circular dentro de la demarcaci\u00f3n\u00bb, asever\u00f3.<br>El candidato aliancista explic\u00f3 que de llegar a la presidencia municipal de Xalapa se asesorar\u00e1 de expertos ingenieros para dise\u00f1ar proyectos que mejoren la movilidad urbana y adelant\u00f3 que se replantear\u00e1n los ejes viales para acortar tiempos en los traslados al ser Xalapa una de las ciudades con mayor n\u00famero de veh\u00edculos automotores.<br>Afirm\u00f3 que si la poblaci\u00f3n de la confianza de encabezar la administraci\u00f3n municipal, los cuatro a\u00f1os de gobierno le servir\u00e1n para resolver todos los problemas de Xalapa, principalmente, empleo, seguridad y ahora vialidad, al ser la capital el centro urbano m\u00e1s importante.<br>Aunque Xalapa es complicada por su orograf\u00eda, Velasco Chedraui consider\u00f3 que no es imposible encaminar proyectos para mejorar la vialidad en la metr\u00f3poli, un problema que no han podido resolver los Presidentes municipales que se enfrentaron al crecimiento demogr\u00e1fico de los \u00faltimos a\u00f1os.<br>El candidato recorri\u00f3 colonias de la ciudad acompa\u00f1ado de la candidata a diputada local Lillian Cerecedo y del candidato a diputado federal, Adolfo Mota.<\/p>\n","protected":false},"excerpt":{"rendered":"<p>XalapaEs necesario analizar proyectos de infraestructura vial para resolver el problema de movilidad en la capital del estado, consider\u00f3 el candidato a la Presidencia Municipal de Xalapa por la coalici\u00f3n \u00abVeracruz Va\u00bb, David Velasco Chedraui.Al reconocer que este tema es de primordial importancia para el desarrollo urbano de Xalapa, record\u00f3 que en su administraci\u00f3n municipal [&hellip;]<\/p>\n","protected":false},"author":2,"featured_media":0,"comment_status":"closed","ping_status":"closed","sticky":false,"template":"","format":"standard","meta":{"tdm_status":"","tdm_grid_status":"","footnotes":""},"categories":[73],"tags":[407,28499,28500,27722,20608,25692],"class_list":{"0":"post-74551","1":"post","2":"type-post","3":"status-publish","4":"format-standard","6":"category-de-boleto","7":"tag-david-velasco-chedraui","8":"tag-ejes-viales","9":"tag-embotellamientos","10":"tag-lillian-cerecedo","11":"tag-presidencia-municipal-de-xalapa","12":"tag-veracruz-va"},"yoast_head":"<!-- This site is optimized with the Yoast SEO plugin v27.4 - https:\/\/yoast.com\/product\/yoast-seo-wordpress\/ -->\n<title>Ejes viales contra embotellamientos: Vicho - Los pol\u00edticos Veracruz<\/title>\n<meta name=\"robots\" content=\"index, follow, max-snippet:-1, max-image-preview:large, max-video-preview:-1\" \/>\n<link rel=\"canonical\" href=\"https:\/\/lospoliticosveracruz.com\/?p=74551\" \/>\n<meta property=\"og:locale\" content=\"es_ES\" \/>\n<meta property=\"og:type\" content=\"article\" \/>\n<meta property=\"og:title\" content=\"Ejes viales contra embotellamientos: Vicho - Los pol\u00edticos Veracruz\" \/>\n<meta property=\"og:description\" content=\"XalapaEs necesario analizar proyectos de infraestructura vial para resolver el problema de movilidad en la capital del estado, consider\u00f3 el candidato a la Presidencia Municipal de Xalapa por la coalici\u00f3n \u00abVeracruz Va\u00bb, David Velasco Chedraui.Al reconocer que este tema es de primordial importancia para el desarrollo urbano de Xalapa, record\u00f3 que en su administraci\u00f3n municipal [&hellip;]\" \/>\n<meta property=\"og:url\" content=\"https:\/\/lospoliticosveracruz.com\/?p=74551\" \/>\n<meta property=\"og:site_name\" content=\"Los pol\u00edticos Veracruz\" \/>\n<meta property=\"article:publisher\" content=\"https:\/\/www.facebook.com\/people\/Notimemes-de-los-Polticos\/61565672886568\/\" \/>\n<meta property=\"article:published_time\" content=\"2021-05-31T15:22:13+00:00\" \/>\n<meta property=\"article:modified_time\" content=\"2021-05-31T15:22:19+00:00\" \/>\n<meta property=\"og:image\" content=\"https:\/\/lospoliticosveracruz.com\/wp-content\/uploads\/2016\/07\/Logo-Dor.jpg\" \/>\n\t<meta property=\"og:image:width\" content=\"200\" \/>\n\t<meta property=\"og:image:height\" content=\"200\" \/>\n\t<meta property=\"og:image:type\" content=\"image\/jpeg\" \/>\n<meta name=\"author\" content=\"Lo viste en Los Pol\u00edticos\" \/>\n<meta name=\"twitter:card\" content=\"summary_large_image\" \/>\n<meta name=\"twitter:creator\" content=\"@LosPoliticosVer\" \/>\n<meta name=\"twitter:site\" content=\"@LosPoliticosVer\" \/>\n<meta name=\"twitter:label1\" content=\"Escrito por\" \/>\n\t<meta name=\"twitter:data1\" content=\"Lo viste en Los Pol\u00edticos\" \/>\n\t<meta name=\"twitter:label2\" content=\"Tiempo de lectura\" \/>\n\t<meta name=\"twitter:data2\" content=\"1 minuto\" \/>\n<script type=\"application\/ld+json\" class=\"yoast-schema-graph\">{\"@context\":\"https:\\\/\\\/schema.org\",\"@graph\":[{\"@type\":\"Article\",\"@id\":\"https:\\\/\\\/lospoliticosveracruz.com\\\/?p=74551#article\",\"isPartOf\":{\"@id\":\"https:\\\/\\\/lospoliticosveracruz.com\\\/?p=74551\"},\"author\":{\"name\":\"Lo viste en Los Pol\u00edticos\",\"@id\":\"https:\\\/\\\/lospoliticosveracruz.com\\\/#\\\/schema\\\/person\\\/b8702bb0e538456e6efd07080bf2a4a2\"},\"headline\":\"Ejes viales contra embotellamientos: Vicho\",\"datePublished\":\"2021-05-31T15:22:13+00:00\",\"dateModified\":\"2021-05-31T15:22:19+00:00\",\"mainEntityOfPage\":{\"@id\":\"https:\\\/\\\/lospoliticosveracruz.com\\\/?p=74551\"},\"wordCount\":295,\"publisher\":{\"@id\":\"https:\\\/\\\/lospoliticosveracruz.com\\\/#organization\"},\"keywords\":[\"David Velasco Chedraui\",\"Ejes viales\",\"embotellamientos\",\"Lillian Cerecedo\",\"Presidencia municipal de Xalapa\",\"Veracruz Va\"],\"articleSection\":[\"De Boleto\"],\"inLanguage\":\"es\"},{\"@type\":\"WebPage\",\"@id\":\"https:\\\/\\\/lospoliticosveracruz.com\\\/?p=74551\",\"url\":\"https:\\\/\\\/lospoliticosveracruz.com\\\/?p=74551\",\"name\":\"Ejes viales contra embotellamientos: Vicho - Los pol\u00edticos Veracruz\",\"isPartOf\":{\"@id\":\"https:\\\/\\\/lospoliticosveracruz.com\\\/#website\"},\"datePublished\":\"2021-05-31T15:22:13+00:00\",\"dateModified\":\"2021-05-31T15:22:19+00:00\",\"breadcrumb\":{\"@id\":\"https:\\\/\\\/lospoliticosveracruz.com\\\/?p=74551#breadcrumb\"},\"inLanguage\":\"es\",\"potentialAction\":[{\"@type\":\"ReadAction\",\"target\":[\"https:\\\/\\\/lospoliticosveracruz.com\\\/?p=74551\"]}]},{\"@type\":\"BreadcrumbList\",\"@id\":\"https:\\\/\\\/lospoliticosveracruz.com\\\/?p=74551#breadcrumb\",\"itemListElement\":[{\"@type\":\"ListItem\",\"position\":1,\"name\":\"Portada\",\"item\":\"https:\\\/\\\/lospoliticosveracruz.com\\\/\"},{\"@type\":\"ListItem\",\"position\":2,\"name\":\"Ejes viales contra embotellamientos: Vicho\"}]},{\"@type\":\"WebSite\",\"@id\":\"https:\\\/\\\/lospoliticosveracruz.com\\\/#website\",\"url\":\"https:\\\/\\\/lospoliticosveracruz.com\\\/\",\"name\":\"Los pol\u00edticos Veracruz\",\"description\":\"\",\"publisher\":{\"@id\":\"https:\\\/\\\/lospoliticosveracruz.com\\\/#organization\"},\"potentialAction\":[{\"@type\":\"SearchAction\",\"target\":{\"@type\":\"EntryPoint\",\"urlTemplate\":\"https:\\\/\\\/lospoliticosveracruz.com\\\/?s={search_term_string}\"},\"query-input\":{\"@type\":\"PropertyValueSpecification\",\"valueRequired\":true,\"valueName\":\"search_term_string\"}}],\"inLanguage\":\"es\"},{\"@type\":\"Organization\",\"@id\":\"https:\\\/\\\/lospoliticosveracruz.com\\\/#organization\",\"name\":\"Los pol\u00edticos Veracruz\",\"url\":\"https:\\\/\\\/lospoliticosveracruz.com\\\/\",\"logo\":{\"@type\":\"ImageObject\",\"inLanguage\":\"es\",\"@id\":\"https:\\\/\\\/lospoliticosveracruz.com\\\/#\\\/schema\\\/logo\\\/image\\\/\",\"url\":\"https:\\\/\\\/lospoliticosveracruz.com\\\/wp-content\\\/uploads\\\/2025\\\/12\\\/Logo-Nuevo-LOS-POLITICOS-1.jpg\",\"contentUrl\":\"https:\\\/\\\/lospoliticosveracruz.com\\\/wp-content\\\/uploads\\\/2025\\\/12\\\/Logo-Nuevo-LOS-POLITICOS-1.jpg\",\"width\":260,\"height\":70,\"caption\":\"Los pol\u00edticos Veracruz\"},\"image\":{\"@id\":\"https:\\\/\\\/lospoliticosveracruz.com\\\/#\\\/schema\\\/logo\\\/image\\\/\"},\"sameAs\":[\"https:\\\/\\\/www.facebook.com\\\/people\\\/Notimemes-de-los-Polticos\\\/61565672886568\\\/\",\"https:\\\/\\\/x.com\\\/LosPoliticosVer\"]},{\"@type\":\"Person\",\"@id\":\"https:\\\/\\\/lospoliticosveracruz.com\\\/#\\\/schema\\\/person\\\/b8702bb0e538456e6efd07080bf2a4a2\",\"name\":\"Lo viste en Los Pol\u00edticos\",\"image\":{\"@type\":\"ImageObject\",\"inLanguage\":\"es\",\"@id\":\"https:\\\/\\\/secure.gravatar.com\\\/avatar\\\/3a8de04a2656d44082be478bd6c086daa447c4651605818287b9532d3d0bd435?s=96&d=mm&r=g\",\"url\":\"https:\\\/\\\/secure.gravatar.com\\\/avatar\\\/3a8de04a2656d44082be478bd6c086daa447c4651605818287b9532d3d0bd435?s=96&d=mm&r=g\",\"contentUrl\":\"https:\\\/\\\/secure.gravatar.com\\\/avatar\\\/3a8de04a2656d44082be478bd6c086daa447c4651605818287b9532d3d0bd435?s=96&d=mm&r=g\",\"caption\":\"Lo viste en Los Pol\u00edticos\"},\"url\":\"https:\\\/\\\/lospoliticosveracruz.com\\\/?author=2\"}]}<\/script>\n<!-- \/ Yoast SEO plugin. -->","yoast_head_json":{"title":"Ejes viales contra embotellamientos: Vicho - Los pol\u00edticos Veracruz","robots":{"index":"index","follow":"follow","max-snippet":"max-snippet:-1","max-image-preview":"max-image-preview:large","max-video-preview":"max-video-preview:-1"},"canonical":"https:\/\/lospoliticosveracruz.com\/?p=74551","og_locale":"es_ES","og_type":"article","og_title":"Ejes viales contra embotellamientos: Vicho - Los pol\u00edticos Veracruz","og_description":"XalapaEs necesario analizar proyectos de infraestructura vial para resolver el problema de movilidad en la capital del estado, consider\u00f3 el candidato a la Presidencia Municipal de Xalapa por la coalici\u00f3n \u00abVeracruz Va\u00bb, David Velasco Chedraui.Al reconocer que este tema es de primordial importancia para el desarrollo urbano de Xalapa, record\u00f3 que en su administraci\u00f3n municipal [&hellip;]","og_url":"https:\/\/lospoliticosveracruz.com\/?p=74551","og_site_name":"Los pol\u00edticos Veracruz","article_publisher":"https:\/\/www.facebook.com\/people\/Notimemes-de-los-Polticos\/61565672886568\/","article_published_time":"2021-05-31T15:22:13+00:00","article_modified_time":"2021-05-31T15:22:19+00:00","og_image":[{"width":200,"height":200,"url":"https:\/\/lospoliticosveracruz.com\/wp-content\/uploads\/2016\/07\/Logo-Dor.jpg","type":"image\/jpeg"}],"author":"Lo viste en Los Pol\u00edticos","twitter_card":"summary_large_image","twitter_creator":"@LosPoliticosVer","twitter_site":"@LosPoliticosVer","twitter_misc":{"Escrito por":"Lo viste en Los Pol\u00edticos","Tiempo de lectura":"1 minuto"},"schema":{"@context":"https:\/\/schema.org","@graph":[{"@type":"Article","@id":"https:\/\/lospoliticosveracruz.com\/?p=74551#article","isPartOf":{"@id":"https:\/\/lospoliticosveracruz.com\/?p=74551"},"author":{"name":"Lo viste en Los Pol\u00edticos","@id":"https:\/\/lospoliticosveracruz.com\/#\/schema\/person\/b8702bb0e538456e6efd07080bf2a4a2"},"headline":"Ejes viales contra embotellamientos: Vicho","datePublished":"2021-05-31T15:22:13+00:00","dateModified":"2021-05-31T15:22:19+00:00","mainEntityOfPage":{"@id":"https:\/\/lospoliticosveracruz.com\/?p=74551"},"wordCount":295,"publisher":{"@id":"https:\/\/lospoliticosveracruz.com\/#organization"},"keywords":["David Velasco Chedraui","Ejes viales","embotellamientos","Lillian Cerecedo","Presidencia municipal de Xalapa","Veracruz Va"],"articleSection":["De Boleto"],"inLanguage":"es"},{"@type":"WebPage","@id":"https:\/\/lospoliticosveracruz.com\/?p=74551","url":"https:\/\/lospoliticosveracruz.com\/?p=74551","name":"Ejes viales contra embotellamientos: Vicho - Los pol\u00edticos Veracruz","isPartOf":{"@id":"https:\/\/lospoliticosveracruz.com\/#website"},"datePublished":"2021-05-31T15:22:13+00:00","dateModified":"2021-05-31T15:22:19+00:00","breadcrumb":{"@id":"https:\/\/lospoliticosveracruz.com\/?p=74551#breadcrumb"},"inLanguage":"es","potentialAction":[{"@type":"ReadAction","target":["https:\/\/lospoliticosveracruz.com\/?p=74551"]}]},{"@type":"BreadcrumbList","@id":"https:\/\/lospoliticosveracruz.com\/?p=74551#breadcrumb","itemListElement":[{"@type":"ListItem","position":1,"name":"Portada","item":"https:\/\/lospoliticosveracruz.com\/"},{"@type":"ListItem","position":2,"name":"Ejes viales contra embotellamientos: Vicho"}]},{"@type":"WebSite","@id":"https:\/\/lospoliticosveracruz.com\/#website","url":"https:\/\/lospoliticosveracruz.com\/","name":"Los pol\u00edticos Veracruz","description":"","publisher":{"@id":"https:\/\/lospoliticosveracruz.com\/#organization"},"potentialAction":[{"@type":"SearchAction","target":{"@type":"EntryPoint","urlTemplate":"https:\/\/lospoliticosveracruz.com\/?s={search_term_string}"},"query-input":{"@type":"PropertyValueSpecification","valueRequired":true,"valueName":"search_term_string"}}],"inLanguage":"es"},{"@type":"Organization","@id":"https:\/\/lospoliticosveracruz.com\/#organization","name":"Los pol\u00edticos Veracruz","url":"https:\/\/lospoliticosveracruz.com\/","logo":{"@type":"ImageObject","inLanguage":"es","@id":"https:\/\/lospoliticosveracruz.com\/#\/schema\/logo\/image\/","url":"https:\/\/lospoliticosveracruz.com\/wp-content\/uploads\/2025\/12\/Logo-Nuevo-LOS-POLITICOS-1.jpg","contentUrl":"https:\/\/lospoliticosveracruz.com\/wp-content\/uploads\/2025\/12\/Logo-Nuevo-LOS-POLITICOS-1.jpg","width":260,"height":70,"caption":"Los pol\u00edticos Veracruz"},"image":{"@id":"https:\/\/lospoliticosveracruz.com\/#\/schema\/logo\/image\/"},"sameAs":["https:\/\/www.facebook.com\/people\/Notimemes-de-los-Polticos\/61565672886568\/","https:\/\/x.com\/LosPoliticosVer"]},{"@type":"Person","@id":"https:\/\/lospoliticosveracruz.com\/#\/schema\/person\/b8702bb0e538456e6efd07080bf2a4a2","name":"Lo viste en Los Pol\u00edticos","image":{"@type":"ImageObject","inLanguage":"es","@id":"https:\/\/secure.gravatar.com\/avatar\/3a8de04a2656d44082be478bd6c086daa447c4651605818287b9532d3d0bd435?s=96&d=mm&r=g","url":"https:\/\/secure.gravatar.com\/avatar\/3a8de04a2656d44082be478bd6c086daa447c4651605818287b9532d3d0bd435?s=96&d=mm&r=g","contentUrl":"https:\/\/secure.gravatar.com\/avatar\/3a8de04a2656d44082be478bd6c086daa447c4651605818287b9532d3d0bd435?s=96&d=mm&r=g","caption":"Lo viste en Los Pol\u00edticos"},"url":"https:\/\/lospoliticosveracruz.com\/?author=2"}]}},"_links":{"self":[{"href":"https:\/\/lospoliticosveracruz.com\/index.php?rest_route=\/wp\/v2\/posts\/74551","targetHints":{"allow":["GET"]}}],"collection":[{"href":"https:\/\/lospoliticosveracruz.com\/index.php?rest_route=\/wp\/v2\/posts"}],"about":[{"href":"https:\/\/lospoliticosveracruz.com\/index.php?rest_route=\/wp\/v2\/types\/post"}],"author":[{"embeddable":true,"href":"https:\/\/lospoliticosveracruz.com\/index.php?rest_route=\/wp\/v2\/users\/2"}],"replies":[{"embeddable":true,"href":"https:\/\/lospoliticosveracruz.com\/index.php?rest_route=%2Fwp%2Fv2%2Fcomments&post=74551"}],"version-history":[{"count":1,"href":"https:\/\/lospoliticosveracruz.com\/index.php?rest_route=\/wp\/v2\/posts\/74551\/revisions"}],"predecessor-version":[{"id":74553,"href":"https:\/\/lospoliticosveracruz.com\/index.php?rest_route=\/wp\/v2\/posts\/74551\/revisions\/74553"}],"wp:attachment":[{"href":"https:\/\/lospoliticosveracruz.com\/index.php?rest_route=%2Fwp%2Fv2%2Fmedia&parent=74551"}],"wp:term":[{"taxonomy":"category","embeddable":true,"href":"https:\/\/lospoliticosveracruz.com\/index.php?rest_route=%2Fwp%2Fv2%2Fcategories&post=74551"},{"taxonomy":"post_tag","embeddable":true,"href":"https:\/\/lospoliticosveracruz.com\/index.php?rest_route=%2Fwp%2Fv2%2Ftags&post=74551"}],"curies":[{"name":"wp","href":"https:\/\/api.w.org\/{rel}","templated":true}]}}