{"id":74568,"date":"2021-05-31T13:32:46","date_gmt":"2021-05-31T18:32:46","guid":{"rendered":"http:\/\/www.lospoliticosveracruz.com.mx\/?p=74568"},"modified":"2021-05-31T13:32:52","modified_gmt":"2021-05-31T18:32:52","slug":"presenta-raul-su-3-de-3","status":"publish","type":"post","link":"https:\/\/lospoliticosveracruz.com\/?p=74568","title":{"rendered":"Presenta Ra\u00fal su 3 de 3"},"content":{"rendered":"\n<p><strong>Xalapa<\/strong><br>El candidato a la alcald\u00eda de Xalapa por Movimiento Ciudadano (MC), Ra\u00fal Arias Lovillo dio a conocer que ha realizado su declaraci\u00f3n 3de3 y exhort\u00f3 al resto de los nueve candidatos aspirantes al mismo cargo que hagan lo mismo, como un acto de transparencia ciudadana y congruencia democr\u00e1tica.<br>Este lunes en conferencia de prensa, el candidato del MC Ra\u00fal Arias inform\u00f3 la conclusi\u00f3n del llenado de toda la documentaci\u00f3n de su \u201c3de3\u201d que consiste en las declaraciones patrimonial, de intereses y fiscal.<br>\u201cFue un compromiso que hice desde el inicio de la campa\u00f1a y esta (3de3) la estar\u00e9 presentando ante las instancias correspondientes en el momento que ocupe el cargo de presidente municipal de Xalapa, pero est\u00e1 lista en este momento en un ejercicio de transparencia y honestidad\u201d, puntualiz\u00f3.<br>Destac\u00f3 que el \u00fanico bien que posee es una casa que sigue pagando con un cr\u00e9dito hipotecario; su declaraci\u00f3n fiscal la hizo de manera puntual como cada a\u00f1o y; la de intereses, que no tiene relaci\u00f3n con ning\u00fan tipo de empresa en conflicto.<br>El candidato Arias Lovillo afirm\u00f3 que su trayectoria profesional est\u00e1 marcada por la honestidad, como qued\u00f3 demostrado cuando tuvo en sus manos el manejo de m\u00e1s de 5 mil millones de pesos cuando fue rector de la Universidad Veracruzana, recursos que ninguno de los candidatos que hoy se postulan al mismo cargo lo han manejado, incluso siendo alcaldes.<br>\u201cAprovecho para invitar a mis colegas candidatas y candidatos a la alcald\u00eda a que hagan lo mismo, como acto de responsabilidad frente a la sociedad, que est\u00e1 harta de la corrupci\u00f3n, de simulaciones. Es hora de que los asuntos p\u00fablicos sean completamente transparentes\u201d, concluy\u00f3 el candidato de MC.<br>Datos de Transparencia Mexicana dicen que en M\u00e9xico existen 24 plataformas para que candidatas y candidatos presenten y publiquen informaci\u00f3n sobre su patrimonio, sus intereses y la constancia del SAT de estar en orden con el pago de sus impuestos (#3de3).<br>Al 18 de mayo de 2021, apenas el 5 por ciento, es decir, 6 mil 375 de 125 mil candidatos, han presentado y publicado su #3de3.<br>El organismo tambi\u00e9n precis\u00f3 que en 10 estados, incluido Veracruz, no hay una plataforma #3de3 disponible. Esto implica que 41 millones de electores residentes en esos estados no podr\u00edan consultar la #3de3 de candidatas y candidatos a un cargo de elecci\u00f3n popular local.<\/p>\n","protected":false},"excerpt":{"rendered":"<p>XalapaEl candidato a la alcald\u00eda de Xalapa por Movimiento Ciudadano (MC), Ra\u00fal Arias Lovillo dio a conocer que ha realizado su declaraci\u00f3n 3de3 y exhort\u00f3 al resto de los nueve candidatos aspirantes al mismo cargo que hagan lo mismo, como un acto de transparencia ciudadana y congruencia democr\u00e1tica.Este lunes en conferencia de prensa, el candidato [&hellip;]<\/p>\n","protected":false},"author":2,"featured_media":0,"comment_status":"closed","ping_status":"closed","sticky":false,"template":"","format":"standard","meta":{"tdm_status":"","tdm_grid_status":"","footnotes":""},"categories":[73],"tags":[28509,6443,2327,12621],"class_list":{"0":"post-74568","1":"post","2":"type-post","3":"status-publish","4":"format-standard","6":"category-de-boleto","7":"tag-declaracion-3de3","8":"tag-mc","9":"tag-movimiento-ciudadano","10":"tag-raul-arias-lovillo"},"yoast_head":"<!-- This site is optimized with the Yoast SEO plugin v27.4 - https:\/\/yoast.com\/product\/yoast-seo-wordpress\/ -->\n<title>Presenta Ra\u00fal su 3 de 3 - Los pol\u00edticos Veracruz<\/title>\n<meta name=\"robots\" content=\"index, follow, max-snippet:-1, max-image-preview:large, max-video-preview:-1\" \/>\n<link rel=\"canonical\" href=\"https:\/\/lospoliticosveracruz.com\/?p=74568\" \/>\n<meta property=\"og:locale\" content=\"es_ES\" \/>\n<meta property=\"og:type\" content=\"article\" \/>\n<meta property=\"og:title\" content=\"Presenta Ra\u00fal su 3 de 3 - Los pol\u00edticos Veracruz\" \/>\n<meta property=\"og:description\" content=\"XalapaEl candidato a la alcald\u00eda de Xalapa por Movimiento Ciudadano (MC), Ra\u00fal Arias Lovillo dio a conocer que ha realizado su declaraci\u00f3n 3de3 y exhort\u00f3 al resto de los nueve candidatos aspirantes al mismo cargo que hagan lo mismo, como un acto de transparencia ciudadana y congruencia democr\u00e1tica.Este lunes en conferencia de prensa, el candidato [&hellip;]\" \/>\n<meta property=\"og:url\" content=\"https:\/\/lospoliticosveracruz.com\/?p=74568\" \/>\n<meta property=\"og:site_name\" content=\"Los pol\u00edticos Veracruz\" \/>\n<meta property=\"article:publisher\" content=\"https:\/\/www.facebook.com\/people\/Notimemes-de-los-Polticos\/61565672886568\/\" \/>\n<meta property=\"article:published_time\" content=\"2021-05-31T18:32:46+00:00\" \/>\n<meta property=\"article:modified_time\" content=\"2021-05-31T18:32:52+00:00\" \/>\n<meta property=\"og:image\" content=\"https:\/\/lospoliticosveracruz.com\/wp-content\/uploads\/2016\/07\/Logo-Dor.jpg\" \/>\n\t<meta property=\"og:image:width\" content=\"200\" \/>\n\t<meta property=\"og:image:height\" content=\"200\" \/>\n\t<meta property=\"og:image:type\" content=\"image\/jpeg\" \/>\n<meta name=\"author\" content=\"Lo viste en Los Pol\u00edticos\" \/>\n<meta name=\"twitter:card\" content=\"summary_large_image\" \/>\n<meta name=\"twitter:creator\" content=\"@LosPoliticosVer\" \/>\n<meta name=\"twitter:site\" content=\"@LosPoliticosVer\" \/>\n<meta name=\"twitter:label1\" content=\"Escrito por\" \/>\n\t<meta name=\"twitter:data1\" content=\"Lo viste en Los Pol\u00edticos\" \/>\n\t<meta name=\"twitter:label2\" content=\"Tiempo de lectura\" \/>\n\t<meta name=\"twitter:data2\" content=\"2 minutos\" \/>\n<script type=\"application\/ld+json\" class=\"yoast-schema-graph\">{\"@context\":\"https:\\\/\\\/schema.org\",\"@graph\":[{\"@type\":\"Article\",\"@id\":\"https:\\\/\\\/lospoliticosveracruz.com\\\/?p=74568#article\",\"isPartOf\":{\"@id\":\"https:\\\/\\\/lospoliticosveracruz.com\\\/?p=74568\"},\"author\":{\"name\":\"Lo viste en Los Pol\u00edticos\",\"@id\":\"https:\\\/\\\/lospoliticosveracruz.com\\\/#\\\/schema\\\/person\\\/b8702bb0e538456e6efd07080bf2a4a2\"},\"headline\":\"Presenta Ra\u00fal su 3 de 3\",\"datePublished\":\"2021-05-31T18:32:46+00:00\",\"dateModified\":\"2021-05-31T18:32:52+00:00\",\"mainEntityOfPage\":{\"@id\":\"https:\\\/\\\/lospoliticosveracruz.com\\\/?p=74568\"},\"wordCount\":406,\"publisher\":{\"@id\":\"https:\\\/\\\/lospoliticosveracruz.com\\\/#organization\"},\"keywords\":[\"declaraci\u00f3n 3de3\",\"MC\",\"Movimiento Ciudadano\",\"Ra\u00fal Arias Lovillo\"],\"articleSection\":[\"De Boleto\"],\"inLanguage\":\"es\"},{\"@type\":\"WebPage\",\"@id\":\"https:\\\/\\\/lospoliticosveracruz.com\\\/?p=74568\",\"url\":\"https:\\\/\\\/lospoliticosveracruz.com\\\/?p=74568\",\"name\":\"Presenta Ra\u00fal su 3 de 3 - Los pol\u00edticos Veracruz\",\"isPartOf\":{\"@id\":\"https:\\\/\\\/lospoliticosveracruz.com\\\/#website\"},\"datePublished\":\"2021-05-31T18:32:46+00:00\",\"dateModified\":\"2021-05-31T18:32:52+00:00\",\"breadcrumb\":{\"@id\":\"https:\\\/\\\/lospoliticosveracruz.com\\\/?p=74568#breadcrumb\"},\"inLanguage\":\"es\",\"potentialAction\":[{\"@type\":\"ReadAction\",\"target\":[\"https:\\\/\\\/lospoliticosveracruz.com\\\/?p=74568\"]}]},{\"@type\":\"BreadcrumbList\",\"@id\":\"https:\\\/\\\/lospoliticosveracruz.com\\\/?p=74568#breadcrumb\",\"itemListElement\":[{\"@type\":\"ListItem\",\"position\":1,\"name\":\"Portada\",\"item\":\"https:\\\/\\\/lospoliticosveracruz.com\\\/\"},{\"@type\":\"ListItem\",\"position\":2,\"name\":\"Presenta Ra\u00fal su 3 de 3\"}]},{\"@type\":\"WebSite\",\"@id\":\"https:\\\/\\\/lospoliticosveracruz.com\\\/#website\",\"url\":\"https:\\\/\\\/lospoliticosveracruz.com\\\/\",\"name\":\"Los pol\u00edticos Veracruz\",\"description\":\"\",\"publisher\":{\"@id\":\"https:\\\/\\\/lospoliticosveracruz.com\\\/#organization\"},\"potentialAction\":[{\"@type\":\"SearchAction\",\"target\":{\"@type\":\"EntryPoint\",\"urlTemplate\":\"https:\\\/\\\/lospoliticosveracruz.com\\\/?s={search_term_string}\"},\"query-input\":{\"@type\":\"PropertyValueSpecification\",\"valueRequired\":true,\"valueName\":\"search_term_string\"}}],\"inLanguage\":\"es\"},{\"@type\":\"Organization\",\"@id\":\"https:\\\/\\\/lospoliticosveracruz.com\\\/#organization\",\"name\":\"Los pol\u00edticos Veracruz\",\"url\":\"https:\\\/\\\/lospoliticosveracruz.com\\\/\",\"logo\":{\"@type\":\"ImageObject\",\"inLanguage\":\"es\",\"@id\":\"https:\\\/\\\/lospoliticosveracruz.com\\\/#\\\/schema\\\/logo\\\/image\\\/\",\"url\":\"https:\\\/\\\/lospoliticosveracruz.com\\\/wp-content\\\/uploads\\\/2025\\\/12\\\/Logo-Nuevo-LOS-POLITICOS-1.jpg\",\"contentUrl\":\"https:\\\/\\\/lospoliticosveracruz.com\\\/wp-content\\\/uploads\\\/2025\\\/12\\\/Logo-Nuevo-LOS-POLITICOS-1.jpg\",\"width\":260,\"height\":70,\"caption\":\"Los pol\u00edticos Veracruz\"},\"image\":{\"@id\":\"https:\\\/\\\/lospoliticosveracruz.com\\\/#\\\/schema\\\/logo\\\/image\\\/\"},\"sameAs\":[\"https:\\\/\\\/www.facebook.com\\\/people\\\/Notimemes-de-los-Polticos\\\/61565672886568\\\/\",\"https:\\\/\\\/x.com\\\/LosPoliticosVer\"]},{\"@type\":\"Person\",\"@id\":\"https:\\\/\\\/lospoliticosveracruz.com\\\/#\\\/schema\\\/person\\\/b8702bb0e538456e6efd07080bf2a4a2\",\"name\":\"Lo viste en Los Pol\u00edticos\",\"image\":{\"@type\":\"ImageObject\",\"inLanguage\":\"es\",\"@id\":\"https:\\\/\\\/secure.gravatar.com\\\/avatar\\\/3a8de04a2656d44082be478bd6c086daa447c4651605818287b9532d3d0bd435?s=96&d=mm&r=g\",\"url\":\"https:\\\/\\\/secure.gravatar.com\\\/avatar\\\/3a8de04a2656d44082be478bd6c086daa447c4651605818287b9532d3d0bd435?s=96&d=mm&r=g\",\"contentUrl\":\"https:\\\/\\\/secure.gravatar.com\\\/avatar\\\/3a8de04a2656d44082be478bd6c086daa447c4651605818287b9532d3d0bd435?s=96&d=mm&r=g\",\"caption\":\"Lo viste en Los Pol\u00edticos\"},\"url\":\"https:\\\/\\\/lospoliticosveracruz.com\\\/?author=2\"}]}<\/script>\n<!-- \/ Yoast SEO plugin. -->","yoast_head_json":{"title":"Presenta Ra\u00fal su 3 de 3 - Los pol\u00edticos Veracruz","robots":{"index":"index","follow":"follow","max-snippet":"max-snippet:-1","max-image-preview":"max-image-preview:large","max-video-preview":"max-video-preview:-1"},"canonical":"https:\/\/lospoliticosveracruz.com\/?p=74568","og_locale":"es_ES","og_type":"article","og_title":"Presenta Ra\u00fal su 3 de 3 - Los pol\u00edticos Veracruz","og_description":"XalapaEl candidato a la alcald\u00eda de Xalapa por Movimiento Ciudadano (MC), Ra\u00fal Arias Lovillo dio a conocer que ha realizado su declaraci\u00f3n 3de3 y exhort\u00f3 al resto de los nueve candidatos aspirantes al mismo cargo que hagan lo mismo, como un acto de transparencia ciudadana y congruencia democr\u00e1tica.Este lunes en conferencia de prensa, el candidato [&hellip;]","og_url":"https:\/\/lospoliticosveracruz.com\/?p=74568","og_site_name":"Los pol\u00edticos Veracruz","article_publisher":"https:\/\/www.facebook.com\/people\/Notimemes-de-los-Polticos\/61565672886568\/","article_published_time":"2021-05-31T18:32:46+00:00","article_modified_time":"2021-05-31T18:32:52+00:00","og_image":[{"width":200,"height":200,"url":"https:\/\/lospoliticosveracruz.com\/wp-content\/uploads\/2016\/07\/Logo-Dor.jpg","type":"image\/jpeg"}],"author":"Lo viste en Los Pol\u00edticos","twitter_card":"summary_large_image","twitter_creator":"@LosPoliticosVer","twitter_site":"@LosPoliticosVer","twitter_misc":{"Escrito por":"Lo viste en Los Pol\u00edticos","Tiempo de lectura":"2 minutos"},"schema":{"@context":"https:\/\/schema.org","@graph":[{"@type":"Article","@id":"https:\/\/lospoliticosveracruz.com\/?p=74568#article","isPartOf":{"@id":"https:\/\/lospoliticosveracruz.com\/?p=74568"},"author":{"name":"Lo viste en Los Pol\u00edticos","@id":"https:\/\/lospoliticosveracruz.com\/#\/schema\/person\/b8702bb0e538456e6efd07080bf2a4a2"},"headline":"Presenta Ra\u00fal su 3 de 3","datePublished":"2021-05-31T18:32:46+00:00","dateModified":"2021-05-31T18:32:52+00:00","mainEntityOfPage":{"@id":"https:\/\/lospoliticosveracruz.com\/?p=74568"},"wordCount":406,"publisher":{"@id":"https:\/\/lospoliticosveracruz.com\/#organization"},"keywords":["declaraci\u00f3n 3de3","MC","Movimiento Ciudadano","Ra\u00fal Arias Lovillo"],"articleSection":["De Boleto"],"inLanguage":"es"},{"@type":"WebPage","@id":"https:\/\/lospoliticosveracruz.com\/?p=74568","url":"https:\/\/lospoliticosveracruz.com\/?p=74568","name":"Presenta Ra\u00fal su 3 de 3 - Los pol\u00edticos Veracruz","isPartOf":{"@id":"https:\/\/lospoliticosveracruz.com\/#website"},"datePublished":"2021-05-31T18:32:46+00:00","dateModified":"2021-05-31T18:32:52+00:00","breadcrumb":{"@id":"https:\/\/lospoliticosveracruz.com\/?p=74568#breadcrumb"},"inLanguage":"es","potentialAction":[{"@type":"ReadAction","target":["https:\/\/lospoliticosveracruz.com\/?p=74568"]}]},{"@type":"BreadcrumbList","@id":"https:\/\/lospoliticosveracruz.com\/?p=74568#breadcrumb","itemListElement":[{"@type":"ListItem","position":1,"name":"Portada","item":"https:\/\/lospoliticosveracruz.com\/"},{"@type":"ListItem","position":2,"name":"Presenta Ra\u00fal su 3 de 3"}]},{"@type":"WebSite","@id":"https:\/\/lospoliticosveracruz.com\/#website","url":"https:\/\/lospoliticosveracruz.com\/","name":"Los pol\u00edticos Veracruz","description":"","publisher":{"@id":"https:\/\/lospoliticosveracruz.com\/#organization"},"potentialAction":[{"@type":"SearchAction","target":{"@type":"EntryPoint","urlTemplate":"https:\/\/lospoliticosveracruz.com\/?s={search_term_string}"},"query-input":{"@type":"PropertyValueSpecification","valueRequired":true,"valueName":"search_term_string"}}],"inLanguage":"es"},{"@type":"Organization","@id":"https:\/\/lospoliticosveracruz.com\/#organization","name":"Los pol\u00edticos Veracruz","url":"https:\/\/lospoliticosveracruz.com\/","logo":{"@type":"ImageObject","inLanguage":"es","@id":"https:\/\/lospoliticosveracruz.com\/#\/schema\/logo\/image\/","url":"https:\/\/lospoliticosveracruz.com\/wp-content\/uploads\/2025\/12\/Logo-Nuevo-LOS-POLITICOS-1.jpg","contentUrl":"https:\/\/lospoliticosveracruz.com\/wp-content\/uploads\/2025\/12\/Logo-Nuevo-LOS-POLITICOS-1.jpg","width":260,"height":70,"caption":"Los pol\u00edticos Veracruz"},"image":{"@id":"https:\/\/lospoliticosveracruz.com\/#\/schema\/logo\/image\/"},"sameAs":["https:\/\/www.facebook.com\/people\/Notimemes-de-los-Polticos\/61565672886568\/","https:\/\/x.com\/LosPoliticosVer"]},{"@type":"Person","@id":"https:\/\/lospoliticosveracruz.com\/#\/schema\/person\/b8702bb0e538456e6efd07080bf2a4a2","name":"Lo viste en Los Pol\u00edticos","image":{"@type":"ImageObject","inLanguage":"es","@id":"https:\/\/secure.gravatar.com\/avatar\/3a8de04a2656d44082be478bd6c086daa447c4651605818287b9532d3d0bd435?s=96&d=mm&r=g","url":"https:\/\/secure.gravatar.com\/avatar\/3a8de04a2656d44082be478bd6c086daa447c4651605818287b9532d3d0bd435?s=96&d=mm&r=g","contentUrl":"https:\/\/secure.gravatar.com\/avatar\/3a8de04a2656d44082be478bd6c086daa447c4651605818287b9532d3d0bd435?s=96&d=mm&r=g","caption":"Lo viste en Los Pol\u00edticos"},"url":"https:\/\/lospoliticosveracruz.com\/?author=2"}]}},"_links":{"self":[{"href":"https:\/\/lospoliticosveracruz.com\/index.php?rest_route=\/wp\/v2\/posts\/74568","targetHints":{"allow":["GET"]}}],"collection":[{"href":"https:\/\/lospoliticosveracruz.com\/index.php?rest_route=\/wp\/v2\/posts"}],"about":[{"href":"https:\/\/lospoliticosveracruz.com\/index.php?rest_route=\/wp\/v2\/types\/post"}],"author":[{"embeddable":true,"href":"https:\/\/lospoliticosveracruz.com\/index.php?rest_route=\/wp\/v2\/users\/2"}],"replies":[{"embeddable":true,"href":"https:\/\/lospoliticosveracruz.com\/index.php?rest_route=%2Fwp%2Fv2%2Fcomments&post=74568"}],"version-history":[{"count":1,"href":"https:\/\/lospoliticosveracruz.com\/index.php?rest_route=\/wp\/v2\/posts\/74568\/revisions"}],"predecessor-version":[{"id":74570,"href":"https:\/\/lospoliticosveracruz.com\/index.php?rest_route=\/wp\/v2\/posts\/74568\/revisions\/74570"}],"wp:attachment":[{"href":"https:\/\/lospoliticosveracruz.com\/index.php?rest_route=%2Fwp%2Fv2%2Fmedia&parent=74568"}],"wp:term":[{"taxonomy":"category","embeddable":true,"href":"https:\/\/lospoliticosveracruz.com\/index.php?rest_route=%2Fwp%2Fv2%2Fcategories&post=74568"},{"taxonomy":"post_tag","embeddable":true,"href":"https:\/\/lospoliticosveracruz.com\/index.php?rest_route=%2Fwp%2Fv2%2Ftags&post=74568"}],"curies":[{"name":"wp","href":"https:\/\/api.w.org\/{rel}","templated":true}]}}