{"id":74576,"date":"2021-05-31T13:58:35","date_gmt":"2021-05-31T18:58:35","guid":{"rendered":"http:\/\/www.lospoliticosveracruz.com.mx\/?p=74576"},"modified":"2021-05-31T13:58:39","modified_gmt":"2021-05-31T18:58:39","slug":"pide-hernandez-espejo-voto-3-de-3-por-morena","status":"publish","type":"post","link":"https:\/\/lospoliticosveracruz.com\/?p=74576","title":{"rendered":"Pide Hern\u00e1ndez Espejo voto 3 de 3 por Morena"},"content":{"rendered":"\n<p><strong>Veracruz<\/strong><br>Una de las pr\u00e1cticas recurrentes dentro del quehacer pol\u00edtico es la burocracia y la corrupci\u00f3n que debilitan al Estado Mexicano, coment\u00f3 Rosa Mar\u00eda Hern\u00e1ndez Espejo, Candidata a Diputada Federal por el Distrito 4 de Veracruz de Morena.<br>Coment\u00f3 que el Proyecto de Naci\u00f3n emanado del l\u00edder del partido, debe defenderse para su continuidad, y es el mismo pueblo unido y organizado el \u00fanico que puede decidir el rumbo del pa\u00eds con el poder de su voto y la vigilancia del proceso electoral.<br>\u201cQueremos decirle a la ciudadan\u00eda que el d\u00eda 6 de junio, el pr\u00f3ximo domingo es muy importante que en las tres boletas electorales que les van a dar en la casilla, en las tres marquen por Morena; Morena para diputados federales, por una servidora en el Distrito 4, Morena para diputados locales, Morena para presidentes municipales. Es muy importante porque s\u00f3lo as\u00ed se garantiza que siga el proyecto de Naci\u00f3n de ya saben qui\u00e9n. S\u00f3lo as\u00ed se garantiza, que el recurso baje directo y sin intermediarios, los programas sociales para las becas a los j\u00f3venes estudiantes, para la pensi\u00f3n para personas con discapacidad, y la pensi\u00f3n para adultos mayores, para que los trabajadores sigan obteniendo beneficios laborales, para que todos los ciudadanos se vean beneficiados\u201d, coment\u00f3 la abanderada morenista.<br>Hern\u00e1ndez Espejo explic\u00f3 que los ciudadanos no deben olvidar que el PRI y el PAN, de cada peso que se destinaba cada a\u00f1o a los programas sociales, solo le llegaba al pueblo 10 centavos, 90 centavos el resto se lo robaban.<br>Remarc\u00f3 que el votar tres de tres en las boletas electorales el 6 de junio es la oportunidad de que los recursos lleguen directos y etiquetados a las manos de la poblaci\u00f3n; y subray\u00f3 \u201ccuando vayan a votar recuerden qui\u00e9n est\u00e1 trabajando por el pueblo y quien s\u00f3lo se enriquec\u00eda del pueblo\u201d.<\/p>\n","protected":false},"excerpt":{"rendered":"<p>VeracruzUna de las pr\u00e1cticas recurrentes dentro del quehacer pol\u00edtico es la burocracia y la corrupci\u00f3n que debilitan al Estado Mexicano, coment\u00f3 Rosa Mar\u00eda Hern\u00e1ndez Espejo, Candidata a Diputada Federal por el Distrito 4 de Veracruz de Morena.Coment\u00f3 que el Proyecto de Naci\u00f3n emanado del l\u00edder del partido, debe defenderse para su continuidad, y es el [&hellip;]<\/p>\n","protected":false},"author":2,"featured_media":0,"comment_status":"closed","ping_status":"closed","sticky":false,"template":"","format":"standard","meta":{"tdm_status":"","tdm_grid_status":"","footnotes":""},"categories":[73],"tags":[27772,1026,11900,195],"class_list":{"0":"post-74576","1":"post","2":"type-post","3":"status-publish","4":"format-standard","6":"category-de-boleto","7":"tag-distrito-4","8":"tag-morena","9":"tag-rosa-maria-hernandez-espejo","10":"tag-veracruz"},"yoast_head":"<!-- This site is optimized with the Yoast SEO plugin v27.4 - https:\/\/yoast.com\/product\/yoast-seo-wordpress\/ -->\n<title>Pide Hern\u00e1ndez Espejo voto 3 de 3 por Morena - Los pol\u00edticos Veracruz<\/title>\n<meta name=\"robots\" content=\"index, follow, max-snippet:-1, max-image-preview:large, max-video-preview:-1\" \/>\n<link rel=\"canonical\" href=\"https:\/\/lospoliticosveracruz.com\/?p=74576\" \/>\n<meta property=\"og:locale\" content=\"es_ES\" \/>\n<meta property=\"og:type\" content=\"article\" \/>\n<meta property=\"og:title\" content=\"Pide Hern\u00e1ndez Espejo voto 3 de 3 por Morena - Los pol\u00edticos Veracruz\" \/>\n<meta property=\"og:description\" content=\"VeracruzUna de las pr\u00e1cticas recurrentes dentro del quehacer pol\u00edtico es la burocracia y la corrupci\u00f3n que debilitan al Estado Mexicano, coment\u00f3 Rosa Mar\u00eda Hern\u00e1ndez Espejo, Candidata a Diputada Federal por el Distrito 4 de Veracruz de Morena.Coment\u00f3 que el Proyecto de Naci\u00f3n emanado del l\u00edder del partido, debe defenderse para su continuidad, y es el [&hellip;]\" \/>\n<meta property=\"og:url\" content=\"https:\/\/lospoliticosveracruz.com\/?p=74576\" \/>\n<meta property=\"og:site_name\" content=\"Los pol\u00edticos Veracruz\" \/>\n<meta property=\"article:publisher\" content=\"https:\/\/www.facebook.com\/people\/Notimemes-de-los-Polticos\/61565672886568\/\" \/>\n<meta property=\"article:published_time\" content=\"2021-05-31T18:58:35+00:00\" \/>\n<meta property=\"article:modified_time\" content=\"2021-05-31T18:58:39+00:00\" \/>\n<meta property=\"og:image\" content=\"https:\/\/lospoliticosveracruz.com\/wp-content\/uploads\/2016\/07\/Logo-Dor.jpg\" \/>\n\t<meta property=\"og:image:width\" content=\"200\" \/>\n\t<meta property=\"og:image:height\" content=\"200\" \/>\n\t<meta property=\"og:image:type\" content=\"image\/jpeg\" \/>\n<meta name=\"author\" content=\"Lo viste en Los Pol\u00edticos\" \/>\n<meta name=\"twitter:card\" content=\"summary_large_image\" \/>\n<meta name=\"twitter:creator\" content=\"@LosPoliticosVer\" \/>\n<meta name=\"twitter:site\" content=\"@LosPoliticosVer\" \/>\n<meta name=\"twitter:label1\" content=\"Escrito por\" \/>\n\t<meta name=\"twitter:data1\" content=\"Lo viste en Los Pol\u00edticos\" \/>\n\t<meta name=\"twitter:label2\" content=\"Tiempo de lectura\" \/>\n\t<meta name=\"twitter:data2\" content=\"2 minutos\" \/>\n<script type=\"application\/ld+json\" class=\"yoast-schema-graph\">{\"@context\":\"https:\\\/\\\/schema.org\",\"@graph\":[{\"@type\":\"Article\",\"@id\":\"https:\\\/\\\/lospoliticosveracruz.com\\\/?p=74576#article\",\"isPartOf\":{\"@id\":\"https:\\\/\\\/lospoliticosveracruz.com\\\/?p=74576\"},\"author\":{\"name\":\"Lo viste en Los Pol\u00edticos\",\"@id\":\"https:\\\/\\\/lospoliticosveracruz.com\\\/#\\\/schema\\\/person\\\/b8702bb0e538456e6efd07080bf2a4a2\"},\"headline\":\"Pide Hern\u00e1ndez Espejo voto 3 de 3 por Morena\",\"datePublished\":\"2021-05-31T18:58:35+00:00\",\"dateModified\":\"2021-05-31T18:58:39+00:00\",\"mainEntityOfPage\":{\"@id\":\"https:\\\/\\\/lospoliticosveracruz.com\\\/?p=74576\"},\"wordCount\":331,\"publisher\":{\"@id\":\"https:\\\/\\\/lospoliticosveracruz.com\\\/#organization\"},\"keywords\":[\"Distrito 4\",\"Morena\",\"Rosa Mar\u00eda Hern\u00e1ndez Espejo\",\"Veracruz\"],\"articleSection\":[\"De Boleto\"],\"inLanguage\":\"es\"},{\"@type\":\"WebPage\",\"@id\":\"https:\\\/\\\/lospoliticosveracruz.com\\\/?p=74576\",\"url\":\"https:\\\/\\\/lospoliticosveracruz.com\\\/?p=74576\",\"name\":\"Pide Hern\u00e1ndez Espejo voto 3 de 3 por Morena - Los pol\u00edticos Veracruz\",\"isPartOf\":{\"@id\":\"https:\\\/\\\/lospoliticosveracruz.com\\\/#website\"},\"datePublished\":\"2021-05-31T18:58:35+00:00\",\"dateModified\":\"2021-05-31T18:58:39+00:00\",\"breadcrumb\":{\"@id\":\"https:\\\/\\\/lospoliticosveracruz.com\\\/?p=74576#breadcrumb\"},\"inLanguage\":\"es\",\"potentialAction\":[{\"@type\":\"ReadAction\",\"target\":[\"https:\\\/\\\/lospoliticosveracruz.com\\\/?p=74576\"]}]},{\"@type\":\"BreadcrumbList\",\"@id\":\"https:\\\/\\\/lospoliticosveracruz.com\\\/?p=74576#breadcrumb\",\"itemListElement\":[{\"@type\":\"ListItem\",\"position\":1,\"name\":\"Portada\",\"item\":\"https:\\\/\\\/lospoliticosveracruz.com\\\/\"},{\"@type\":\"ListItem\",\"position\":2,\"name\":\"Pide Hern\u00e1ndez Espejo voto 3 de 3 por Morena\"}]},{\"@type\":\"WebSite\",\"@id\":\"https:\\\/\\\/lospoliticosveracruz.com\\\/#website\",\"url\":\"https:\\\/\\\/lospoliticosveracruz.com\\\/\",\"name\":\"Los pol\u00edticos Veracruz\",\"description\":\"\",\"publisher\":{\"@id\":\"https:\\\/\\\/lospoliticosveracruz.com\\\/#organization\"},\"potentialAction\":[{\"@type\":\"SearchAction\",\"target\":{\"@type\":\"EntryPoint\",\"urlTemplate\":\"https:\\\/\\\/lospoliticosveracruz.com\\\/?s={search_term_string}\"},\"query-input\":{\"@type\":\"PropertyValueSpecification\",\"valueRequired\":true,\"valueName\":\"search_term_string\"}}],\"inLanguage\":\"es\"},{\"@type\":\"Organization\",\"@id\":\"https:\\\/\\\/lospoliticosveracruz.com\\\/#organization\",\"name\":\"Los pol\u00edticos Veracruz\",\"url\":\"https:\\\/\\\/lospoliticosveracruz.com\\\/\",\"logo\":{\"@type\":\"ImageObject\",\"inLanguage\":\"es\",\"@id\":\"https:\\\/\\\/lospoliticosveracruz.com\\\/#\\\/schema\\\/logo\\\/image\\\/\",\"url\":\"https:\\\/\\\/lospoliticosveracruz.com\\\/wp-content\\\/uploads\\\/2025\\\/12\\\/Logo-Nuevo-LOS-POLITICOS-1.jpg\",\"contentUrl\":\"https:\\\/\\\/lospoliticosveracruz.com\\\/wp-content\\\/uploads\\\/2025\\\/12\\\/Logo-Nuevo-LOS-POLITICOS-1.jpg\",\"width\":260,\"height\":70,\"caption\":\"Los pol\u00edticos Veracruz\"},\"image\":{\"@id\":\"https:\\\/\\\/lospoliticosveracruz.com\\\/#\\\/schema\\\/logo\\\/image\\\/\"},\"sameAs\":[\"https:\\\/\\\/www.facebook.com\\\/people\\\/Notimemes-de-los-Polticos\\\/61565672886568\\\/\",\"https:\\\/\\\/x.com\\\/LosPoliticosVer\"]},{\"@type\":\"Person\",\"@id\":\"https:\\\/\\\/lospoliticosveracruz.com\\\/#\\\/schema\\\/person\\\/b8702bb0e538456e6efd07080bf2a4a2\",\"name\":\"Lo viste en Los Pol\u00edticos\",\"image\":{\"@type\":\"ImageObject\",\"inLanguage\":\"es\",\"@id\":\"https:\\\/\\\/secure.gravatar.com\\\/avatar\\\/3a8de04a2656d44082be478bd6c086daa447c4651605818287b9532d3d0bd435?s=96&d=mm&r=g\",\"url\":\"https:\\\/\\\/secure.gravatar.com\\\/avatar\\\/3a8de04a2656d44082be478bd6c086daa447c4651605818287b9532d3d0bd435?s=96&d=mm&r=g\",\"contentUrl\":\"https:\\\/\\\/secure.gravatar.com\\\/avatar\\\/3a8de04a2656d44082be478bd6c086daa447c4651605818287b9532d3d0bd435?s=96&d=mm&r=g\",\"caption\":\"Lo viste en Los Pol\u00edticos\"},\"url\":\"https:\\\/\\\/lospoliticosveracruz.com\\\/?author=2\"}]}<\/script>\n<!-- \/ Yoast SEO plugin. -->","yoast_head_json":{"title":"Pide Hern\u00e1ndez Espejo voto 3 de 3 por Morena - Los pol\u00edticos Veracruz","robots":{"index":"index","follow":"follow","max-snippet":"max-snippet:-1","max-image-preview":"max-image-preview:large","max-video-preview":"max-video-preview:-1"},"canonical":"https:\/\/lospoliticosveracruz.com\/?p=74576","og_locale":"es_ES","og_type":"article","og_title":"Pide Hern\u00e1ndez Espejo voto 3 de 3 por Morena - Los pol\u00edticos Veracruz","og_description":"VeracruzUna de las pr\u00e1cticas recurrentes dentro del quehacer pol\u00edtico es la burocracia y la corrupci\u00f3n que debilitan al Estado Mexicano, coment\u00f3 Rosa Mar\u00eda Hern\u00e1ndez Espejo, Candidata a Diputada Federal por el Distrito 4 de Veracruz de Morena.Coment\u00f3 que el Proyecto de Naci\u00f3n emanado del l\u00edder del partido, debe defenderse para su continuidad, y es el [&hellip;]","og_url":"https:\/\/lospoliticosveracruz.com\/?p=74576","og_site_name":"Los pol\u00edticos Veracruz","article_publisher":"https:\/\/www.facebook.com\/people\/Notimemes-de-los-Polticos\/61565672886568\/","article_published_time":"2021-05-31T18:58:35+00:00","article_modified_time":"2021-05-31T18:58:39+00:00","og_image":[{"width":200,"height":200,"url":"https:\/\/lospoliticosveracruz.com\/wp-content\/uploads\/2016\/07\/Logo-Dor.jpg","type":"image\/jpeg"}],"author":"Lo viste en Los Pol\u00edticos","twitter_card":"summary_large_image","twitter_creator":"@LosPoliticosVer","twitter_site":"@LosPoliticosVer","twitter_misc":{"Escrito por":"Lo viste en Los Pol\u00edticos","Tiempo de lectura":"2 minutos"},"schema":{"@context":"https:\/\/schema.org","@graph":[{"@type":"Article","@id":"https:\/\/lospoliticosveracruz.com\/?p=74576#article","isPartOf":{"@id":"https:\/\/lospoliticosveracruz.com\/?p=74576"},"author":{"name":"Lo viste en Los Pol\u00edticos","@id":"https:\/\/lospoliticosveracruz.com\/#\/schema\/person\/b8702bb0e538456e6efd07080bf2a4a2"},"headline":"Pide Hern\u00e1ndez Espejo voto 3 de 3 por Morena","datePublished":"2021-05-31T18:58:35+00:00","dateModified":"2021-05-31T18:58:39+00:00","mainEntityOfPage":{"@id":"https:\/\/lospoliticosveracruz.com\/?p=74576"},"wordCount":331,"publisher":{"@id":"https:\/\/lospoliticosveracruz.com\/#organization"},"keywords":["Distrito 4","Morena","Rosa Mar\u00eda Hern\u00e1ndez Espejo","Veracruz"],"articleSection":["De Boleto"],"inLanguage":"es"},{"@type":"WebPage","@id":"https:\/\/lospoliticosveracruz.com\/?p=74576","url":"https:\/\/lospoliticosveracruz.com\/?p=74576","name":"Pide Hern\u00e1ndez Espejo voto 3 de 3 por Morena - Los pol\u00edticos Veracruz","isPartOf":{"@id":"https:\/\/lospoliticosveracruz.com\/#website"},"datePublished":"2021-05-31T18:58:35+00:00","dateModified":"2021-05-31T18:58:39+00:00","breadcrumb":{"@id":"https:\/\/lospoliticosveracruz.com\/?p=74576#breadcrumb"},"inLanguage":"es","potentialAction":[{"@type":"ReadAction","target":["https:\/\/lospoliticosveracruz.com\/?p=74576"]}]},{"@type":"BreadcrumbList","@id":"https:\/\/lospoliticosveracruz.com\/?p=74576#breadcrumb","itemListElement":[{"@type":"ListItem","position":1,"name":"Portada","item":"https:\/\/lospoliticosveracruz.com\/"},{"@type":"ListItem","position":2,"name":"Pide Hern\u00e1ndez Espejo voto 3 de 3 por Morena"}]},{"@type":"WebSite","@id":"https:\/\/lospoliticosveracruz.com\/#website","url":"https:\/\/lospoliticosveracruz.com\/","name":"Los pol\u00edticos Veracruz","description":"","publisher":{"@id":"https:\/\/lospoliticosveracruz.com\/#organization"},"potentialAction":[{"@type":"SearchAction","target":{"@type":"EntryPoint","urlTemplate":"https:\/\/lospoliticosveracruz.com\/?s={search_term_string}"},"query-input":{"@type":"PropertyValueSpecification","valueRequired":true,"valueName":"search_term_string"}}],"inLanguage":"es"},{"@type":"Organization","@id":"https:\/\/lospoliticosveracruz.com\/#organization","name":"Los pol\u00edticos Veracruz","url":"https:\/\/lospoliticosveracruz.com\/","logo":{"@type":"ImageObject","inLanguage":"es","@id":"https:\/\/lospoliticosveracruz.com\/#\/schema\/logo\/image\/","url":"https:\/\/lospoliticosveracruz.com\/wp-content\/uploads\/2025\/12\/Logo-Nuevo-LOS-POLITICOS-1.jpg","contentUrl":"https:\/\/lospoliticosveracruz.com\/wp-content\/uploads\/2025\/12\/Logo-Nuevo-LOS-POLITICOS-1.jpg","width":260,"height":70,"caption":"Los pol\u00edticos Veracruz"},"image":{"@id":"https:\/\/lospoliticosveracruz.com\/#\/schema\/logo\/image\/"},"sameAs":["https:\/\/www.facebook.com\/people\/Notimemes-de-los-Polticos\/61565672886568\/","https:\/\/x.com\/LosPoliticosVer"]},{"@type":"Person","@id":"https:\/\/lospoliticosveracruz.com\/#\/schema\/person\/b8702bb0e538456e6efd07080bf2a4a2","name":"Lo viste en Los Pol\u00edticos","image":{"@type":"ImageObject","inLanguage":"es","@id":"https:\/\/secure.gravatar.com\/avatar\/3a8de04a2656d44082be478bd6c086daa447c4651605818287b9532d3d0bd435?s=96&d=mm&r=g","url":"https:\/\/secure.gravatar.com\/avatar\/3a8de04a2656d44082be478bd6c086daa447c4651605818287b9532d3d0bd435?s=96&d=mm&r=g","contentUrl":"https:\/\/secure.gravatar.com\/avatar\/3a8de04a2656d44082be478bd6c086daa447c4651605818287b9532d3d0bd435?s=96&d=mm&r=g","caption":"Lo viste en Los Pol\u00edticos"},"url":"https:\/\/lospoliticosveracruz.com\/?author=2"}]}},"_links":{"self":[{"href":"https:\/\/lospoliticosveracruz.com\/index.php?rest_route=\/wp\/v2\/posts\/74576","targetHints":{"allow":["GET"]}}],"collection":[{"href":"https:\/\/lospoliticosveracruz.com\/index.php?rest_route=\/wp\/v2\/posts"}],"about":[{"href":"https:\/\/lospoliticosveracruz.com\/index.php?rest_route=\/wp\/v2\/types\/post"}],"author":[{"embeddable":true,"href":"https:\/\/lospoliticosveracruz.com\/index.php?rest_route=\/wp\/v2\/users\/2"}],"replies":[{"embeddable":true,"href":"https:\/\/lospoliticosveracruz.com\/index.php?rest_route=%2Fwp%2Fv2%2Fcomments&post=74576"}],"version-history":[{"count":1,"href":"https:\/\/lospoliticosveracruz.com\/index.php?rest_route=\/wp\/v2\/posts\/74576\/revisions"}],"predecessor-version":[{"id":74578,"href":"https:\/\/lospoliticosveracruz.com\/index.php?rest_route=\/wp\/v2\/posts\/74576\/revisions\/74578"}],"wp:attachment":[{"href":"https:\/\/lospoliticosveracruz.com\/index.php?rest_route=%2Fwp%2Fv2%2Fmedia&parent=74576"}],"wp:term":[{"taxonomy":"category","embeddable":true,"href":"https:\/\/lospoliticosveracruz.com\/index.php?rest_route=%2Fwp%2Fv2%2Fcategories&post=74576"},{"taxonomy":"post_tag","embeddable":true,"href":"https:\/\/lospoliticosveracruz.com\/index.php?rest_route=%2Fwp%2Fv2%2Ftags&post=74576"}],"curies":[{"name":"wp","href":"https:\/\/api.w.org\/{rel}","templated":true}]}}