{"id":74583,"date":"2021-05-31T14:17:53","date_gmt":"2021-05-31T19:17:53","guid":{"rendered":"http:\/\/www.lospoliticosveracruz.com.mx\/?p=74583"},"modified":"2021-05-31T14:17:56","modified_gmt":"2021-05-31T19:17:56","slug":"manita-de-tigre-al-ilustre-instituto-veracruzano-anuncia-diana","status":"publish","type":"post","link":"https:\/\/lospoliticosveracruz.com\/?p=74583","title":{"rendered":"Manita de tigre al Ilustre Instituto Veracruzano, anuncia Diana"},"content":{"rendered":"\n<p><strong>Veracruz<\/strong><br>La candidata a la diputaci\u00f3n local por el distrito XV, Diana Santiago Huesca acudi\u00f3 a la invitaci\u00f3n de la Asociaci\u00f3n de Egresados del Antiguo y Nuevo Ilustre Veracruzano A.C., quienes manifestaron su apoyo y confianza a los candidatos de la coalici\u00f3n \u201cJuntos Haremos Historia en Veracruz\u201d.<br>Ah\u00ed la candidata de los partidos Morena, PT y PVEM, Diana Santiago asegur\u00f3 que una de sus principales encomiendas desde el congreso ser\u00e1 ahondar en los beneficios para la educaci\u00f3n veracruzana, ya que como maestra conoce las grandes necesidades que requiere este sector tan importante para la sociedad.<br>Record\u00f3 que desde hace a\u00f1os conoce a los integrantes de la Asociaci\u00f3n y en diferentes ocasiones tuvo la oportunidad de trabajar de manera coordinada para solicitar los apoyos necesarios para la remodelaci\u00f3n del Ilustre Instituto Veracruzano.<br>\u201cTuve la oportunidad de trabajar hace algunos a\u00f1os en el centro de actualizaci\u00f3n del magisterio, que esta albergado dentro de las instalaciones del Ilustre y gracias a las denuncias por v\u00eddeos publicados en las redes, as\u00ed como las quejas en las dependencias encargadas, donde se manifestaba el riesgo que representaba para los estudiantes y personal que labora ah\u00ed, logramos obtener los recursos para la reconstrucci\u00f3n de nuestra querida escuela\u201d, mencion\u00f3 Diana Santiago.<br>Dijo que hoy en d\u00eda se est\u00e1 viviendo la segunda etapa de la mejora de las instalaciones, se aprob\u00f3 un recurso de inicio de 24 millones de pesos dividido en tres etapas, donde est\u00e1n por iniciar la tercera etapa en los siguientes meses.<br>\u201cQuiero darles la maravillosa noticia de que se aprobaron seis millones de pesos m\u00e1s que nos est\u00e1n informando que ser\u00e1n invertidos en la remodelaci\u00f3n del Ilustre Instituto Veracruzano, no vamos a parar ya que a\u00fan hace falta mucho m\u00e1s para terminar de rescatar la escuela, ya que son grandes las necesidades de una escuela tan grande, pero que sin duda con la ayuda de todos se podr\u00e1n obtener resultados favorecedores\u201d, puntualiz\u00f3 la candidata a la diputaci\u00f3n de Morena, PT y PVEM.<br>Durante la reuni\u00f3n estuvieron presentes el Senador Ernesto P\u00e9rez Astorga, la candidata a la diputaci\u00f3n federal por el distrito IV, Rosa Mar\u00eda Hern\u00e1ndez Espejo; el candidato a la diputaci\u00f3n local por el distrito XIV, Fernando Arteaga Aponte, as\u00ed como el candidato a la alcald\u00eda Ricardo Exsome Zapata, quienes confirmaron el gran orgullo de contar con escuelas de tanta historia y de tanto prestigio, que deben ser impulsadas desde las diferentes trincheras de la cuarta transformaci\u00f3n.<\/p>\n","protected":false},"excerpt":{"rendered":"<p>VeracruzLa candidata a la diputaci\u00f3n local por el distrito XV, Diana Santiago Huesca acudi\u00f3 a la invitaci\u00f3n de la Asociaci\u00f3n de Egresados del Antiguo y Nuevo Ilustre Veracruzano A.C., quienes manifestaron su apoyo y confianza a los candidatos de la coalici\u00f3n \u201cJuntos Haremos Historia en Veracruz\u201d.Ah\u00ed la candidata de los partidos Morena, PT y PVEM, [&hellip;]<\/p>\n","protected":false},"author":2,"featured_media":0,"comment_status":"closed","ping_status":"closed","sticky":false,"template":"","format":"standard","meta":{"tdm_status":"","tdm_grid_status":"","footnotes":""},"categories":[73],"tags":[240,2137,27643,26116,28518],"class_list":{"0":"post-74583","1":"post","2":"type-post","3":"status-publish","4":"format-standard","6":"category-de-boleto","7":"tag-diana-santiago-huesca","8":"tag-distrito-xv","9":"tag-juntos-haremos-historia-en-veracruz","10":"tag-morena-pvem-pt","11":"tag-remodelacion-del-ilustre-instituto-veracruzano"},"yoast_head":"<!-- This site is optimized with the Yoast SEO plugin v27.4 - https:\/\/yoast.com\/product\/yoast-seo-wordpress\/ -->\n<title>Manita de tigre al Ilustre Instituto Veracruzano, anuncia Diana - Los pol\u00edticos Veracruz<\/title>\n<meta name=\"robots\" content=\"index, follow, max-snippet:-1, max-image-preview:large, max-video-preview:-1\" \/>\n<link rel=\"canonical\" href=\"https:\/\/lospoliticosveracruz.com\/?p=74583\" \/>\n<meta property=\"og:locale\" content=\"es_ES\" \/>\n<meta property=\"og:type\" content=\"article\" \/>\n<meta property=\"og:title\" content=\"Manita de tigre al Ilustre Instituto Veracruzano, anuncia Diana - Los pol\u00edticos Veracruz\" \/>\n<meta property=\"og:description\" content=\"VeracruzLa candidata a la diputaci\u00f3n local por el distrito XV, Diana Santiago Huesca acudi\u00f3 a la invitaci\u00f3n de la Asociaci\u00f3n de Egresados del Antiguo y Nuevo Ilustre Veracruzano A.C., quienes manifestaron su apoyo y confianza a los candidatos de la coalici\u00f3n \u201cJuntos Haremos Historia en Veracruz\u201d.Ah\u00ed la candidata de los partidos Morena, PT y PVEM, [&hellip;]\" \/>\n<meta property=\"og:url\" content=\"https:\/\/lospoliticosveracruz.com\/?p=74583\" \/>\n<meta property=\"og:site_name\" content=\"Los pol\u00edticos Veracruz\" \/>\n<meta property=\"article:publisher\" content=\"https:\/\/www.facebook.com\/people\/Notimemes-de-los-Polticos\/61565672886568\/\" \/>\n<meta property=\"article:published_time\" content=\"2021-05-31T19:17:53+00:00\" \/>\n<meta property=\"article:modified_time\" content=\"2021-05-31T19:17:56+00:00\" \/>\n<meta property=\"og:image\" content=\"https:\/\/lospoliticosveracruz.com\/wp-content\/uploads\/2016\/07\/Logo-Dor.jpg\" \/>\n\t<meta property=\"og:image:width\" content=\"200\" \/>\n\t<meta property=\"og:image:height\" content=\"200\" \/>\n\t<meta property=\"og:image:type\" content=\"image\/jpeg\" \/>\n<meta name=\"author\" content=\"Lo viste en Los Pol\u00edticos\" \/>\n<meta name=\"twitter:card\" content=\"summary_large_image\" \/>\n<meta name=\"twitter:creator\" content=\"@LosPoliticosVer\" \/>\n<meta name=\"twitter:site\" content=\"@LosPoliticosVer\" \/>\n<meta name=\"twitter:label1\" content=\"Escrito por\" \/>\n\t<meta name=\"twitter:data1\" content=\"Lo viste en Los Pol\u00edticos\" \/>\n\t<meta name=\"twitter:label2\" content=\"Tiempo de lectura\" \/>\n\t<meta name=\"twitter:data2\" content=\"2 minutos\" \/>\n<script type=\"application\/ld+json\" class=\"yoast-schema-graph\">{\"@context\":\"https:\\\/\\\/schema.org\",\"@graph\":[{\"@type\":\"Article\",\"@id\":\"https:\\\/\\\/lospoliticosveracruz.com\\\/?p=74583#article\",\"isPartOf\":{\"@id\":\"https:\\\/\\\/lospoliticosveracruz.com\\\/?p=74583\"},\"author\":{\"name\":\"Lo viste en Los Pol\u00edticos\",\"@id\":\"https:\\\/\\\/lospoliticosveracruz.com\\\/#\\\/schema\\\/person\\\/b8702bb0e538456e6efd07080bf2a4a2\"},\"headline\":\"Manita de tigre al Ilustre Instituto Veracruzano, anuncia Diana\",\"datePublished\":\"2021-05-31T19:17:53+00:00\",\"dateModified\":\"2021-05-31T19:17:56+00:00\",\"mainEntityOfPage\":{\"@id\":\"https:\\\/\\\/lospoliticosveracruz.com\\\/?p=74583\"},\"wordCount\":441,\"publisher\":{\"@id\":\"https:\\\/\\\/lospoliticosveracruz.com\\\/#organization\"},\"keywords\":[\"Diana Santiago Huesca\",\"Distrito XV\",\"Juntos Haremos Historia en Veracruz\",\"MORENA-PVEM-PT\",\"remodelaci\u00f3n del Ilustre Instituto Veracruzano\"],\"articleSection\":[\"De Boleto\"],\"inLanguage\":\"es\"},{\"@type\":\"WebPage\",\"@id\":\"https:\\\/\\\/lospoliticosveracruz.com\\\/?p=74583\",\"url\":\"https:\\\/\\\/lospoliticosveracruz.com\\\/?p=74583\",\"name\":\"Manita de tigre al Ilustre Instituto Veracruzano, anuncia Diana - Los pol\u00edticos Veracruz\",\"isPartOf\":{\"@id\":\"https:\\\/\\\/lospoliticosveracruz.com\\\/#website\"},\"datePublished\":\"2021-05-31T19:17:53+00:00\",\"dateModified\":\"2021-05-31T19:17:56+00:00\",\"breadcrumb\":{\"@id\":\"https:\\\/\\\/lospoliticosveracruz.com\\\/?p=74583#breadcrumb\"},\"inLanguage\":\"es\",\"potentialAction\":[{\"@type\":\"ReadAction\",\"target\":[\"https:\\\/\\\/lospoliticosveracruz.com\\\/?p=74583\"]}]},{\"@type\":\"BreadcrumbList\",\"@id\":\"https:\\\/\\\/lospoliticosveracruz.com\\\/?p=74583#breadcrumb\",\"itemListElement\":[{\"@type\":\"ListItem\",\"position\":1,\"name\":\"Portada\",\"item\":\"https:\\\/\\\/lospoliticosveracruz.com\\\/\"},{\"@type\":\"ListItem\",\"position\":2,\"name\":\"Manita de tigre al Ilustre Instituto Veracruzano, anuncia Diana\"}]},{\"@type\":\"WebSite\",\"@id\":\"https:\\\/\\\/lospoliticosveracruz.com\\\/#website\",\"url\":\"https:\\\/\\\/lospoliticosveracruz.com\\\/\",\"name\":\"Los pol\u00edticos Veracruz\",\"description\":\"\",\"publisher\":{\"@id\":\"https:\\\/\\\/lospoliticosveracruz.com\\\/#organization\"},\"potentialAction\":[{\"@type\":\"SearchAction\",\"target\":{\"@type\":\"EntryPoint\",\"urlTemplate\":\"https:\\\/\\\/lospoliticosveracruz.com\\\/?s={search_term_string}\"},\"query-input\":{\"@type\":\"PropertyValueSpecification\",\"valueRequired\":true,\"valueName\":\"search_term_string\"}}],\"inLanguage\":\"es\"},{\"@type\":\"Organization\",\"@id\":\"https:\\\/\\\/lospoliticosveracruz.com\\\/#organization\",\"name\":\"Los pol\u00edticos Veracruz\",\"url\":\"https:\\\/\\\/lospoliticosveracruz.com\\\/\",\"logo\":{\"@type\":\"ImageObject\",\"inLanguage\":\"es\",\"@id\":\"https:\\\/\\\/lospoliticosveracruz.com\\\/#\\\/schema\\\/logo\\\/image\\\/\",\"url\":\"https:\\\/\\\/lospoliticosveracruz.com\\\/wp-content\\\/uploads\\\/2025\\\/12\\\/Logo-Nuevo-LOS-POLITICOS-1.jpg\",\"contentUrl\":\"https:\\\/\\\/lospoliticosveracruz.com\\\/wp-content\\\/uploads\\\/2025\\\/12\\\/Logo-Nuevo-LOS-POLITICOS-1.jpg\",\"width\":260,\"height\":70,\"caption\":\"Los pol\u00edticos Veracruz\"},\"image\":{\"@id\":\"https:\\\/\\\/lospoliticosveracruz.com\\\/#\\\/schema\\\/logo\\\/image\\\/\"},\"sameAs\":[\"https:\\\/\\\/www.facebook.com\\\/people\\\/Notimemes-de-los-Polticos\\\/61565672886568\\\/\",\"https:\\\/\\\/x.com\\\/LosPoliticosVer\"]},{\"@type\":\"Person\",\"@id\":\"https:\\\/\\\/lospoliticosveracruz.com\\\/#\\\/schema\\\/person\\\/b8702bb0e538456e6efd07080bf2a4a2\",\"name\":\"Lo viste en Los Pol\u00edticos\",\"image\":{\"@type\":\"ImageObject\",\"inLanguage\":\"es\",\"@id\":\"https:\\\/\\\/secure.gravatar.com\\\/avatar\\\/3a8de04a2656d44082be478bd6c086daa447c4651605818287b9532d3d0bd435?s=96&d=mm&r=g\",\"url\":\"https:\\\/\\\/secure.gravatar.com\\\/avatar\\\/3a8de04a2656d44082be478bd6c086daa447c4651605818287b9532d3d0bd435?s=96&d=mm&r=g\",\"contentUrl\":\"https:\\\/\\\/secure.gravatar.com\\\/avatar\\\/3a8de04a2656d44082be478bd6c086daa447c4651605818287b9532d3d0bd435?s=96&d=mm&r=g\",\"caption\":\"Lo viste en Los Pol\u00edticos\"},\"url\":\"https:\\\/\\\/lospoliticosveracruz.com\\\/?author=2\"}]}<\/script>\n<!-- \/ Yoast SEO plugin. -->","yoast_head_json":{"title":"Manita de tigre al Ilustre Instituto Veracruzano, anuncia Diana - Los pol\u00edticos Veracruz","robots":{"index":"index","follow":"follow","max-snippet":"max-snippet:-1","max-image-preview":"max-image-preview:large","max-video-preview":"max-video-preview:-1"},"canonical":"https:\/\/lospoliticosveracruz.com\/?p=74583","og_locale":"es_ES","og_type":"article","og_title":"Manita de tigre al Ilustre Instituto Veracruzano, anuncia Diana - Los pol\u00edticos Veracruz","og_description":"VeracruzLa candidata a la diputaci\u00f3n local por el distrito XV, Diana Santiago Huesca acudi\u00f3 a la invitaci\u00f3n de la Asociaci\u00f3n de Egresados del Antiguo y Nuevo Ilustre Veracruzano A.C., quienes manifestaron su apoyo y confianza a los candidatos de la coalici\u00f3n \u201cJuntos Haremos Historia en Veracruz\u201d.Ah\u00ed la candidata de los partidos Morena, PT y PVEM, [&hellip;]","og_url":"https:\/\/lospoliticosveracruz.com\/?p=74583","og_site_name":"Los pol\u00edticos Veracruz","article_publisher":"https:\/\/www.facebook.com\/people\/Notimemes-de-los-Polticos\/61565672886568\/","article_published_time":"2021-05-31T19:17:53+00:00","article_modified_time":"2021-05-31T19:17:56+00:00","og_image":[{"width":200,"height":200,"url":"https:\/\/lospoliticosveracruz.com\/wp-content\/uploads\/2016\/07\/Logo-Dor.jpg","type":"image\/jpeg"}],"author":"Lo viste en Los Pol\u00edticos","twitter_card":"summary_large_image","twitter_creator":"@LosPoliticosVer","twitter_site":"@LosPoliticosVer","twitter_misc":{"Escrito por":"Lo viste en Los Pol\u00edticos","Tiempo de lectura":"2 minutos"},"schema":{"@context":"https:\/\/schema.org","@graph":[{"@type":"Article","@id":"https:\/\/lospoliticosveracruz.com\/?p=74583#article","isPartOf":{"@id":"https:\/\/lospoliticosveracruz.com\/?p=74583"},"author":{"name":"Lo viste en Los Pol\u00edticos","@id":"https:\/\/lospoliticosveracruz.com\/#\/schema\/person\/b8702bb0e538456e6efd07080bf2a4a2"},"headline":"Manita de tigre al Ilustre Instituto Veracruzano, anuncia Diana","datePublished":"2021-05-31T19:17:53+00:00","dateModified":"2021-05-31T19:17:56+00:00","mainEntityOfPage":{"@id":"https:\/\/lospoliticosveracruz.com\/?p=74583"},"wordCount":441,"publisher":{"@id":"https:\/\/lospoliticosveracruz.com\/#organization"},"keywords":["Diana Santiago Huesca","Distrito XV","Juntos Haremos Historia en Veracruz","MORENA-PVEM-PT","remodelaci\u00f3n del Ilustre Instituto Veracruzano"],"articleSection":["De Boleto"],"inLanguage":"es"},{"@type":"WebPage","@id":"https:\/\/lospoliticosveracruz.com\/?p=74583","url":"https:\/\/lospoliticosveracruz.com\/?p=74583","name":"Manita de tigre al Ilustre Instituto Veracruzano, anuncia Diana - Los pol\u00edticos Veracruz","isPartOf":{"@id":"https:\/\/lospoliticosveracruz.com\/#website"},"datePublished":"2021-05-31T19:17:53+00:00","dateModified":"2021-05-31T19:17:56+00:00","breadcrumb":{"@id":"https:\/\/lospoliticosveracruz.com\/?p=74583#breadcrumb"},"inLanguage":"es","potentialAction":[{"@type":"ReadAction","target":["https:\/\/lospoliticosveracruz.com\/?p=74583"]}]},{"@type":"BreadcrumbList","@id":"https:\/\/lospoliticosveracruz.com\/?p=74583#breadcrumb","itemListElement":[{"@type":"ListItem","position":1,"name":"Portada","item":"https:\/\/lospoliticosveracruz.com\/"},{"@type":"ListItem","position":2,"name":"Manita de tigre al Ilustre Instituto Veracruzano, anuncia Diana"}]},{"@type":"WebSite","@id":"https:\/\/lospoliticosveracruz.com\/#website","url":"https:\/\/lospoliticosveracruz.com\/","name":"Los pol\u00edticos Veracruz","description":"","publisher":{"@id":"https:\/\/lospoliticosveracruz.com\/#organization"},"potentialAction":[{"@type":"SearchAction","target":{"@type":"EntryPoint","urlTemplate":"https:\/\/lospoliticosveracruz.com\/?s={search_term_string}"},"query-input":{"@type":"PropertyValueSpecification","valueRequired":true,"valueName":"search_term_string"}}],"inLanguage":"es"},{"@type":"Organization","@id":"https:\/\/lospoliticosveracruz.com\/#organization","name":"Los pol\u00edticos Veracruz","url":"https:\/\/lospoliticosveracruz.com\/","logo":{"@type":"ImageObject","inLanguage":"es","@id":"https:\/\/lospoliticosveracruz.com\/#\/schema\/logo\/image\/","url":"https:\/\/lospoliticosveracruz.com\/wp-content\/uploads\/2025\/12\/Logo-Nuevo-LOS-POLITICOS-1.jpg","contentUrl":"https:\/\/lospoliticosveracruz.com\/wp-content\/uploads\/2025\/12\/Logo-Nuevo-LOS-POLITICOS-1.jpg","width":260,"height":70,"caption":"Los pol\u00edticos Veracruz"},"image":{"@id":"https:\/\/lospoliticosveracruz.com\/#\/schema\/logo\/image\/"},"sameAs":["https:\/\/www.facebook.com\/people\/Notimemes-de-los-Polticos\/61565672886568\/","https:\/\/x.com\/LosPoliticosVer"]},{"@type":"Person","@id":"https:\/\/lospoliticosveracruz.com\/#\/schema\/person\/b8702bb0e538456e6efd07080bf2a4a2","name":"Lo viste en Los Pol\u00edticos","image":{"@type":"ImageObject","inLanguage":"es","@id":"https:\/\/secure.gravatar.com\/avatar\/3a8de04a2656d44082be478bd6c086daa447c4651605818287b9532d3d0bd435?s=96&d=mm&r=g","url":"https:\/\/secure.gravatar.com\/avatar\/3a8de04a2656d44082be478bd6c086daa447c4651605818287b9532d3d0bd435?s=96&d=mm&r=g","contentUrl":"https:\/\/secure.gravatar.com\/avatar\/3a8de04a2656d44082be478bd6c086daa447c4651605818287b9532d3d0bd435?s=96&d=mm&r=g","caption":"Lo viste en Los Pol\u00edticos"},"url":"https:\/\/lospoliticosveracruz.com\/?author=2"}]}},"_links":{"self":[{"href":"https:\/\/lospoliticosveracruz.com\/index.php?rest_route=\/wp\/v2\/posts\/74583","targetHints":{"allow":["GET"]}}],"collection":[{"href":"https:\/\/lospoliticosveracruz.com\/index.php?rest_route=\/wp\/v2\/posts"}],"about":[{"href":"https:\/\/lospoliticosveracruz.com\/index.php?rest_route=\/wp\/v2\/types\/post"}],"author":[{"embeddable":true,"href":"https:\/\/lospoliticosveracruz.com\/index.php?rest_route=\/wp\/v2\/users\/2"}],"replies":[{"embeddable":true,"href":"https:\/\/lospoliticosveracruz.com\/index.php?rest_route=%2Fwp%2Fv2%2Fcomments&post=74583"}],"version-history":[{"count":1,"href":"https:\/\/lospoliticosveracruz.com\/index.php?rest_route=\/wp\/v2\/posts\/74583\/revisions"}],"predecessor-version":[{"id":74584,"href":"https:\/\/lospoliticosveracruz.com\/index.php?rest_route=\/wp\/v2\/posts\/74583\/revisions\/74584"}],"wp:attachment":[{"href":"https:\/\/lospoliticosveracruz.com\/index.php?rest_route=%2Fwp%2Fv2%2Fmedia&parent=74583"}],"wp:term":[{"taxonomy":"category","embeddable":true,"href":"https:\/\/lospoliticosveracruz.com\/index.php?rest_route=%2Fwp%2Fv2%2Fcategories&post=74583"},{"taxonomy":"post_tag","embeddable":true,"href":"https:\/\/lospoliticosveracruz.com\/index.php?rest_route=%2Fwp%2Fv2%2Ftags&post=74583"}],"curies":[{"name":"wp","href":"https:\/\/api.w.org\/{rel}","templated":true}]}}