{"id":74606,"date":"2021-05-31T18:58:28","date_gmt":"2021-05-31T23:58:28","guid":{"rendered":"http:\/\/www.lospoliticosveracruz.com.mx\/?p=74606"},"modified":"2021-05-31T18:58:32","modified_gmt":"2021-05-31T23:58:32","slug":"elcancerenlaagenda-lo-hace-suyo-americo","status":"publish","type":"post","link":"https:\/\/lospoliticosveracruz.com\/?p=74606","title":{"rendered":"ElC\u00e1ncerEnLaAgenda lo hace suyo Am\u00e9rico"},"content":{"rendered":"\n<p><strong>Xalapa<\/strong><br>El candidato de la alianza \u201cVa por M\u00e9xico\u201d a la Diputaci\u00f3n Federal por el distrito de Xalapa Urbano, Am\u00e9rico Z\u00fa\u00f1iga Mart\u00ednez, sign\u00f3 esta tarde una carta compromiso para que, una vez electo, incluir en su plan de trabajo el promover soluciones que den respuesta a las necesidades primordiales de los pacientes onc\u00f3l\u00f3gicos.<br>Es necesario que todos trabajemos para mejorar la calidad de vida de adultos y ni\u00f1os que luchan contra el c\u00e1ncer, pero particularmente que lo hagan nuestros representantes populares, por eso es un orgullo sumarse al llamado hecho por 50 organizaciones civiles especializadas en la materia, asegur\u00f3.<br>Z\u00fa\u00f1iga Mart\u00ednez refiri\u00f3 que es indignante que el gobierno actual haya dejado a los ni\u00f1os y adultos diagnosticados con c\u00e1ncer en el olvido, quienes adem\u00e1s de luchar todos los d\u00edas contra esta enfermedad, tienen que enfrentar el importante desabasto de los medicamentos que necesitan para poder seguir viviendo.<br>Cabe se\u00f1alar que, al signar la carta, Am\u00e9rico Z\u00fa\u00f1iga se comprometi\u00f3 a buscar defender y a aumentar el presupuesto p\u00fablico enfocado a la prevenci\u00f3n, diagn\u00f3stico, tratamiento e investigaci\u00f3n del c\u00e1ncer; incorporar todos los tipos de c\u00e1ncer en el Compendio Nacional de Insumos para la Salud del Instituto Nacional de Salud para el Bienestar (Insabi); atender este desabasto real y existente de medicamentos oncol\u00f3gicos para ni\u00f1os y adultos, y garantizar que el Compendio Nacional de Insumos para la Salud sea igual para todas la instituciones, es decir universal.<br>Tambi\u00e9n signaron el compromiso las candidatas a las diputadas locales de Xalapa del los distritos Urbano y Rural, Dana D\u00edaz Garc\u00eda y Lillian del Carmen Cerecedo Beaumont Garc\u00eda; as\u00ed como el candidato a diputado federal por Xalapa Rural, Adolfo Mota Hern\u00e1ndez.<\/p>\n","protected":false},"excerpt":{"rendered":"<p>XalapaEl candidato de la alianza \u201cVa por M\u00e9xico\u201d a la Diputaci\u00f3n Federal por el distrito de Xalapa Urbano, Am\u00e9rico Z\u00fa\u00f1iga Mart\u00ednez, sign\u00f3 esta tarde una carta compromiso para que, una vez electo, incluir en su plan de trabajo el promover soluciones que den respuesta a las necesidades primordiales de los pacientes onc\u00f3l\u00f3gicos.Es necesario que todos [&hellip;]<\/p>\n","protected":false},"author":2,"featured_media":0,"comment_status":"closed","ping_status":"closed","sticky":false,"template":"","format":"standard","meta":{"tdm_status":"","tdm_grid_status":"","footnotes":""},"categories":[73],"tags":[539,28527,15530,28528,28525,28526],"class_list":{"0":"post-74606","1":"post","2":"type-post","3":"status-publish","4":"format-standard","6":"category-de-boleto","7":"tag-americo-zuniga-martinez","8":"tag-dana-diaz-garcia-2","9":"tag-insabi","10":"tag-lillian-del-carmen-cerecedo-beaumont-garcia","11":"tag-pacientes-oncologicos","12":"tag-salud-para-el-bienestar"},"yoast_head":"<!-- This site is optimized with the Yoast SEO plugin v27.4 - https:\/\/yoast.com\/product\/yoast-seo-wordpress\/ -->\n<title>ElC\u00e1ncerEnLaAgenda lo hace suyo Am\u00e9rico - Los pol\u00edticos Veracruz<\/title>\n<meta name=\"robots\" content=\"index, follow, max-snippet:-1, max-image-preview:large, max-video-preview:-1\" \/>\n<link rel=\"canonical\" href=\"https:\/\/lospoliticosveracruz.com\/?p=74606\" \/>\n<meta property=\"og:locale\" content=\"es_ES\" \/>\n<meta property=\"og:type\" content=\"article\" \/>\n<meta property=\"og:title\" content=\"ElC\u00e1ncerEnLaAgenda lo hace suyo Am\u00e9rico - Los pol\u00edticos Veracruz\" \/>\n<meta property=\"og:description\" content=\"XalapaEl candidato de la alianza \u201cVa por M\u00e9xico\u201d a la Diputaci\u00f3n Federal por el distrito de Xalapa Urbano, Am\u00e9rico Z\u00fa\u00f1iga Mart\u00ednez, sign\u00f3 esta tarde una carta compromiso para que, una vez electo, incluir en su plan de trabajo el promover soluciones que den respuesta a las necesidades primordiales de los pacientes onc\u00f3l\u00f3gicos.Es necesario que todos [&hellip;]\" \/>\n<meta property=\"og:url\" content=\"https:\/\/lospoliticosveracruz.com\/?p=74606\" \/>\n<meta property=\"og:site_name\" content=\"Los pol\u00edticos Veracruz\" \/>\n<meta property=\"article:publisher\" content=\"https:\/\/www.facebook.com\/people\/Notimemes-de-los-Polticos\/61565672886568\/\" \/>\n<meta property=\"article:published_time\" content=\"2021-05-31T23:58:28+00:00\" \/>\n<meta property=\"article:modified_time\" content=\"2021-05-31T23:58:32+00:00\" \/>\n<meta property=\"og:image\" content=\"https:\/\/lospoliticosveracruz.com\/wp-content\/uploads\/2016\/07\/Logo-Dor.jpg\" \/>\n\t<meta property=\"og:image:width\" content=\"200\" \/>\n\t<meta property=\"og:image:height\" content=\"200\" \/>\n\t<meta property=\"og:image:type\" content=\"image\/jpeg\" \/>\n<meta name=\"author\" content=\"Lo viste en Los Pol\u00edticos\" \/>\n<meta name=\"twitter:card\" content=\"summary_large_image\" \/>\n<meta name=\"twitter:creator\" content=\"@LosPoliticosVer\" \/>\n<meta name=\"twitter:site\" content=\"@LosPoliticosVer\" \/>\n<meta name=\"twitter:label1\" content=\"Escrito por\" \/>\n\t<meta name=\"twitter:data1\" content=\"Lo viste en Los Pol\u00edticos\" \/>\n\t<meta name=\"twitter:label2\" content=\"Tiempo de lectura\" \/>\n\t<meta name=\"twitter:data2\" content=\"2 minutos\" \/>\n<script type=\"application\/ld+json\" class=\"yoast-schema-graph\">{\"@context\":\"https:\\\/\\\/schema.org\",\"@graph\":[{\"@type\":\"Article\",\"@id\":\"https:\\\/\\\/lospoliticosveracruz.com\\\/?p=74606#article\",\"isPartOf\":{\"@id\":\"https:\\\/\\\/lospoliticosveracruz.com\\\/?p=74606\"},\"author\":{\"name\":\"Lo viste en Los Pol\u00edticos\",\"@id\":\"https:\\\/\\\/lospoliticosveracruz.com\\\/#\\\/schema\\\/person\\\/b8702bb0e538456e6efd07080bf2a4a2\"},\"headline\":\"ElC\u00e1ncerEnLaAgenda lo hace suyo Am\u00e9rico\",\"datePublished\":\"2021-05-31T23:58:28+00:00\",\"dateModified\":\"2021-05-31T23:58:32+00:00\",\"mainEntityOfPage\":{\"@id\":\"https:\\\/\\\/lospoliticosveracruz.com\\\/?p=74606\"},\"wordCount\":312,\"publisher\":{\"@id\":\"https:\\\/\\\/lospoliticosveracruz.com\\\/#organization\"},\"keywords\":[\"Am\u00e9rico Z\u00fa\u00f1iga Mart\u00ednez\",\"Dana D\u00edaz Garc\u00eda\",\"Insabi\",\"Lillian del Carmen Cerecedo Beaumont Garc\u00eda\",\"pacientes onc\u00f3l\u00f3gicos\",\"Salud para el Bienestar\"],\"articleSection\":[\"De Boleto\"],\"inLanguage\":\"es\"},{\"@type\":\"WebPage\",\"@id\":\"https:\\\/\\\/lospoliticosveracruz.com\\\/?p=74606\",\"url\":\"https:\\\/\\\/lospoliticosveracruz.com\\\/?p=74606\",\"name\":\"ElC\u00e1ncerEnLaAgenda lo hace suyo Am\u00e9rico - Los pol\u00edticos Veracruz\",\"isPartOf\":{\"@id\":\"https:\\\/\\\/lospoliticosveracruz.com\\\/#website\"},\"datePublished\":\"2021-05-31T23:58:28+00:00\",\"dateModified\":\"2021-05-31T23:58:32+00:00\",\"breadcrumb\":{\"@id\":\"https:\\\/\\\/lospoliticosveracruz.com\\\/?p=74606#breadcrumb\"},\"inLanguage\":\"es\",\"potentialAction\":[{\"@type\":\"ReadAction\",\"target\":[\"https:\\\/\\\/lospoliticosveracruz.com\\\/?p=74606\"]}]},{\"@type\":\"BreadcrumbList\",\"@id\":\"https:\\\/\\\/lospoliticosveracruz.com\\\/?p=74606#breadcrumb\",\"itemListElement\":[{\"@type\":\"ListItem\",\"position\":1,\"name\":\"Portada\",\"item\":\"https:\\\/\\\/lospoliticosveracruz.com\\\/\"},{\"@type\":\"ListItem\",\"position\":2,\"name\":\"ElC\u00e1ncerEnLaAgenda lo hace suyo Am\u00e9rico\"}]},{\"@type\":\"WebSite\",\"@id\":\"https:\\\/\\\/lospoliticosveracruz.com\\\/#website\",\"url\":\"https:\\\/\\\/lospoliticosveracruz.com\\\/\",\"name\":\"Los pol\u00edticos Veracruz\",\"description\":\"\",\"publisher\":{\"@id\":\"https:\\\/\\\/lospoliticosveracruz.com\\\/#organization\"},\"potentialAction\":[{\"@type\":\"SearchAction\",\"target\":{\"@type\":\"EntryPoint\",\"urlTemplate\":\"https:\\\/\\\/lospoliticosveracruz.com\\\/?s={search_term_string}\"},\"query-input\":{\"@type\":\"PropertyValueSpecification\",\"valueRequired\":true,\"valueName\":\"search_term_string\"}}],\"inLanguage\":\"es\"},{\"@type\":\"Organization\",\"@id\":\"https:\\\/\\\/lospoliticosveracruz.com\\\/#organization\",\"name\":\"Los pol\u00edticos Veracruz\",\"url\":\"https:\\\/\\\/lospoliticosveracruz.com\\\/\",\"logo\":{\"@type\":\"ImageObject\",\"inLanguage\":\"es\",\"@id\":\"https:\\\/\\\/lospoliticosveracruz.com\\\/#\\\/schema\\\/logo\\\/image\\\/\",\"url\":\"https:\\\/\\\/lospoliticosveracruz.com\\\/wp-content\\\/uploads\\\/2025\\\/12\\\/Logo-Nuevo-LOS-POLITICOS-1.jpg\",\"contentUrl\":\"https:\\\/\\\/lospoliticosveracruz.com\\\/wp-content\\\/uploads\\\/2025\\\/12\\\/Logo-Nuevo-LOS-POLITICOS-1.jpg\",\"width\":260,\"height\":70,\"caption\":\"Los pol\u00edticos Veracruz\"},\"image\":{\"@id\":\"https:\\\/\\\/lospoliticosveracruz.com\\\/#\\\/schema\\\/logo\\\/image\\\/\"},\"sameAs\":[\"https:\\\/\\\/www.facebook.com\\\/people\\\/Notimemes-de-los-Polticos\\\/61565672886568\\\/\",\"https:\\\/\\\/x.com\\\/LosPoliticosVer\"]},{\"@type\":\"Person\",\"@id\":\"https:\\\/\\\/lospoliticosveracruz.com\\\/#\\\/schema\\\/person\\\/b8702bb0e538456e6efd07080bf2a4a2\",\"name\":\"Lo viste en Los Pol\u00edticos\",\"image\":{\"@type\":\"ImageObject\",\"inLanguage\":\"es\",\"@id\":\"https:\\\/\\\/secure.gravatar.com\\\/avatar\\\/3a8de04a2656d44082be478bd6c086daa447c4651605818287b9532d3d0bd435?s=96&d=mm&r=g\",\"url\":\"https:\\\/\\\/secure.gravatar.com\\\/avatar\\\/3a8de04a2656d44082be478bd6c086daa447c4651605818287b9532d3d0bd435?s=96&d=mm&r=g\",\"contentUrl\":\"https:\\\/\\\/secure.gravatar.com\\\/avatar\\\/3a8de04a2656d44082be478bd6c086daa447c4651605818287b9532d3d0bd435?s=96&d=mm&r=g\",\"caption\":\"Lo viste en Los Pol\u00edticos\"},\"url\":\"https:\\\/\\\/lospoliticosveracruz.com\\\/?author=2\"}]}<\/script>\n<!-- \/ Yoast SEO plugin. -->","yoast_head_json":{"title":"ElC\u00e1ncerEnLaAgenda lo hace suyo Am\u00e9rico - Los pol\u00edticos Veracruz","robots":{"index":"index","follow":"follow","max-snippet":"max-snippet:-1","max-image-preview":"max-image-preview:large","max-video-preview":"max-video-preview:-1"},"canonical":"https:\/\/lospoliticosveracruz.com\/?p=74606","og_locale":"es_ES","og_type":"article","og_title":"ElC\u00e1ncerEnLaAgenda lo hace suyo Am\u00e9rico - Los pol\u00edticos Veracruz","og_description":"XalapaEl candidato de la alianza \u201cVa por M\u00e9xico\u201d a la Diputaci\u00f3n Federal por el distrito de Xalapa Urbano, Am\u00e9rico Z\u00fa\u00f1iga Mart\u00ednez, sign\u00f3 esta tarde una carta compromiso para que, una vez electo, incluir en su plan de trabajo el promover soluciones que den respuesta a las necesidades primordiales de los pacientes onc\u00f3l\u00f3gicos.Es necesario que todos [&hellip;]","og_url":"https:\/\/lospoliticosveracruz.com\/?p=74606","og_site_name":"Los pol\u00edticos Veracruz","article_publisher":"https:\/\/www.facebook.com\/people\/Notimemes-de-los-Polticos\/61565672886568\/","article_published_time":"2021-05-31T23:58:28+00:00","article_modified_time":"2021-05-31T23:58:32+00:00","og_image":[{"width":200,"height":200,"url":"https:\/\/lospoliticosveracruz.com\/wp-content\/uploads\/2016\/07\/Logo-Dor.jpg","type":"image\/jpeg"}],"author":"Lo viste en Los Pol\u00edticos","twitter_card":"summary_large_image","twitter_creator":"@LosPoliticosVer","twitter_site":"@LosPoliticosVer","twitter_misc":{"Escrito por":"Lo viste en Los Pol\u00edticos","Tiempo de lectura":"2 minutos"},"schema":{"@context":"https:\/\/schema.org","@graph":[{"@type":"Article","@id":"https:\/\/lospoliticosveracruz.com\/?p=74606#article","isPartOf":{"@id":"https:\/\/lospoliticosveracruz.com\/?p=74606"},"author":{"name":"Lo viste en Los Pol\u00edticos","@id":"https:\/\/lospoliticosveracruz.com\/#\/schema\/person\/b8702bb0e538456e6efd07080bf2a4a2"},"headline":"ElC\u00e1ncerEnLaAgenda lo hace suyo Am\u00e9rico","datePublished":"2021-05-31T23:58:28+00:00","dateModified":"2021-05-31T23:58:32+00:00","mainEntityOfPage":{"@id":"https:\/\/lospoliticosveracruz.com\/?p=74606"},"wordCount":312,"publisher":{"@id":"https:\/\/lospoliticosveracruz.com\/#organization"},"keywords":["Am\u00e9rico Z\u00fa\u00f1iga Mart\u00ednez","Dana D\u00edaz Garc\u00eda","Insabi","Lillian del Carmen Cerecedo Beaumont Garc\u00eda","pacientes onc\u00f3l\u00f3gicos","Salud para el Bienestar"],"articleSection":["De Boleto"],"inLanguage":"es"},{"@type":"WebPage","@id":"https:\/\/lospoliticosveracruz.com\/?p=74606","url":"https:\/\/lospoliticosveracruz.com\/?p=74606","name":"ElC\u00e1ncerEnLaAgenda lo hace suyo Am\u00e9rico - Los pol\u00edticos Veracruz","isPartOf":{"@id":"https:\/\/lospoliticosveracruz.com\/#website"},"datePublished":"2021-05-31T23:58:28+00:00","dateModified":"2021-05-31T23:58:32+00:00","breadcrumb":{"@id":"https:\/\/lospoliticosveracruz.com\/?p=74606#breadcrumb"},"inLanguage":"es","potentialAction":[{"@type":"ReadAction","target":["https:\/\/lospoliticosveracruz.com\/?p=74606"]}]},{"@type":"BreadcrumbList","@id":"https:\/\/lospoliticosveracruz.com\/?p=74606#breadcrumb","itemListElement":[{"@type":"ListItem","position":1,"name":"Portada","item":"https:\/\/lospoliticosveracruz.com\/"},{"@type":"ListItem","position":2,"name":"ElC\u00e1ncerEnLaAgenda lo hace suyo Am\u00e9rico"}]},{"@type":"WebSite","@id":"https:\/\/lospoliticosveracruz.com\/#website","url":"https:\/\/lospoliticosveracruz.com\/","name":"Los pol\u00edticos Veracruz","description":"","publisher":{"@id":"https:\/\/lospoliticosveracruz.com\/#organization"},"potentialAction":[{"@type":"SearchAction","target":{"@type":"EntryPoint","urlTemplate":"https:\/\/lospoliticosveracruz.com\/?s={search_term_string}"},"query-input":{"@type":"PropertyValueSpecification","valueRequired":true,"valueName":"search_term_string"}}],"inLanguage":"es"},{"@type":"Organization","@id":"https:\/\/lospoliticosveracruz.com\/#organization","name":"Los pol\u00edticos Veracruz","url":"https:\/\/lospoliticosveracruz.com\/","logo":{"@type":"ImageObject","inLanguage":"es","@id":"https:\/\/lospoliticosveracruz.com\/#\/schema\/logo\/image\/","url":"https:\/\/lospoliticosveracruz.com\/wp-content\/uploads\/2025\/12\/Logo-Nuevo-LOS-POLITICOS-1.jpg","contentUrl":"https:\/\/lospoliticosveracruz.com\/wp-content\/uploads\/2025\/12\/Logo-Nuevo-LOS-POLITICOS-1.jpg","width":260,"height":70,"caption":"Los pol\u00edticos Veracruz"},"image":{"@id":"https:\/\/lospoliticosveracruz.com\/#\/schema\/logo\/image\/"},"sameAs":["https:\/\/www.facebook.com\/people\/Notimemes-de-los-Polticos\/61565672886568\/","https:\/\/x.com\/LosPoliticosVer"]},{"@type":"Person","@id":"https:\/\/lospoliticosveracruz.com\/#\/schema\/person\/b8702bb0e538456e6efd07080bf2a4a2","name":"Lo viste en Los Pol\u00edticos","image":{"@type":"ImageObject","inLanguage":"es","@id":"https:\/\/secure.gravatar.com\/avatar\/3a8de04a2656d44082be478bd6c086daa447c4651605818287b9532d3d0bd435?s=96&d=mm&r=g","url":"https:\/\/secure.gravatar.com\/avatar\/3a8de04a2656d44082be478bd6c086daa447c4651605818287b9532d3d0bd435?s=96&d=mm&r=g","contentUrl":"https:\/\/secure.gravatar.com\/avatar\/3a8de04a2656d44082be478bd6c086daa447c4651605818287b9532d3d0bd435?s=96&d=mm&r=g","caption":"Lo viste en Los Pol\u00edticos"},"url":"https:\/\/lospoliticosveracruz.com\/?author=2"}]}},"_links":{"self":[{"href":"https:\/\/lospoliticosveracruz.com\/index.php?rest_route=\/wp\/v2\/posts\/74606","targetHints":{"allow":["GET"]}}],"collection":[{"href":"https:\/\/lospoliticosveracruz.com\/index.php?rest_route=\/wp\/v2\/posts"}],"about":[{"href":"https:\/\/lospoliticosveracruz.com\/index.php?rest_route=\/wp\/v2\/types\/post"}],"author":[{"embeddable":true,"href":"https:\/\/lospoliticosveracruz.com\/index.php?rest_route=\/wp\/v2\/users\/2"}],"replies":[{"embeddable":true,"href":"https:\/\/lospoliticosveracruz.com\/index.php?rest_route=%2Fwp%2Fv2%2Fcomments&post=74606"}],"version-history":[{"count":1,"href":"https:\/\/lospoliticosveracruz.com\/index.php?rest_route=\/wp\/v2\/posts\/74606\/revisions"}],"predecessor-version":[{"id":74607,"href":"https:\/\/lospoliticosveracruz.com\/index.php?rest_route=\/wp\/v2\/posts\/74606\/revisions\/74607"}],"wp:attachment":[{"href":"https:\/\/lospoliticosveracruz.com\/index.php?rest_route=%2Fwp%2Fv2%2Fmedia&parent=74606"}],"wp:term":[{"taxonomy":"category","embeddable":true,"href":"https:\/\/lospoliticosveracruz.com\/index.php?rest_route=%2Fwp%2Fv2%2Fcategories&post=74606"},{"taxonomy":"post_tag","embeddable":true,"href":"https:\/\/lospoliticosveracruz.com\/index.php?rest_route=%2Fwp%2Fv2%2Ftags&post=74606"}],"curies":[{"name":"wp","href":"https:\/\/api.w.org\/{rel}","templated":true}]}}