{"id":74641,"date":"2021-06-01T11:08:11","date_gmt":"2021-06-01T16:08:11","guid":{"rendered":"http:\/\/www.lospoliticosveracruz.com.mx\/?p=74641"},"modified":"2021-06-01T11:08:14","modified_gmt":"2021-06-01T16:08:14","slug":"en-veracruz-la-ley-no-vale-nada-arteaga","status":"publish","type":"post","link":"https:\/\/lospoliticosveracruz.com\/?p=74641","title":{"rendered":"En Veracruz, la ley no vale nada: Arteaga"},"content":{"rendered":"\n<p><strong>Xalapa<\/strong><br>Al destacar que Veracruz ocupa el \u00faltimo lugar de las 32 entidades federativas en materia de justicia penal, seg\u00fan cifras del \u00cdndice de Estado de Derecho en M\u00e9xico 2020-2021 del World Justice Project, V\u00edctor Hugo Arteaga consider\u00f3 que en este estado la ley no vale nada.<br>\u201cEs lamentable que el gobierno de Veracruz ocupe el lugar 32 de las 32 entidades federativas en materia de justicia penal, como lo destaca el World Justice Project, un \u00edndice confiable del Estado de Derecho en M\u00e9xico\u201d, estableci\u00f3.<br>Arteaga Mart\u00ednez inform\u00f3 que esta medici\u00f3n, que ofreci\u00f3 ocho factores que enmarcan el Estado de Derecho entre ellos la Justicia penal, evalu\u00f3 en Veracruz la Investigaci\u00f3n penal eficaz; Procuraci\u00f3n e impartici\u00f3n de justicia eficiente y eficaz; Derechos de las v\u00edctimas; Debido proceso legal; Justicia penal imparcial, independiente y libre de corrupci\u00f3n; y, un Sistema penitenciario seguro y respetuoso de los derechos humanos, y en todas sali\u00f3 reprobado.<br>El periodista investigador, se\u00f1al\u00f3 que tiene claro que como Diputado de Xalapa, desde el poder legislativo local, ejercer\u00e1 contrapesos efectivos y supervisar\u00e1 la actuaci\u00f3n del gobierno estatal en la pr\u00e1ctica.<br>\u201cComo legislador de oposici\u00f3n podr\u00e9 expresar mis opiniones en contra de las pol\u00edticas del gobierno actual, pues el Estado de Derecho es el sustento para construir comunidades de igualdad, oportunidades y paz, y es la base del desarrollo, de gobiernos transparentes que rinden cuentas y del respeto a los derechos fundamentales\u201d, enfatiz\u00f3.<br>Arteaga Mart\u00ednez agreg\u00f3 que el Estado de Derecho ayuda a combatir la pobreza y protege a las personas de las injusticias.<br>\u201cVeracruz est\u00e1 urgido de avanzar en Estado de Derecho, que es esencial para lograr un crecimiento econ\u00f3mico sostenido e inclusivo, con desarrollo sostenible, para que la erradicaci\u00f3n de la pobreza y el hambre se logre y, la realizaci\u00f3n plena de los derechos humanos y las libertades fundamentales se hagan vigentes\u201d, declar\u00f3.<br>V\u00edctor Hugo Arteaga subray\u00f3 que defender el Estado de Derecho y su trascendencia en la vida de las personas ser\u00e1 su leitmotiv como Diputado Local.<br>El candidato de RSP, se\u00f1al\u00f3 que los otros factores que mide el World Justice Project, son los L\u00edmites al poder gubernamental; la Ausencia de corrupci\u00f3n; el Gobierno abierto; los Derechos fundamentales; el Orden y seguridad; el Cumplimiento regulatorio; y, la Justicia civil.<br>\u201cEn todos factores Veracruz est\u00e1 reprobado, es un reflejo de las perspectivas y experiencias de m\u00e1s de 25 mil veracruzanos y de especialistas en las diferentes materias, validados con datos cuantitativos de terceras fuentes de informaci\u00f3n altamente confiables como el Instituto Nacional de Estad\u00edstica y Geograf\u00eda (INEGI)\u201d, revel\u00f3.<br>Por \u00faltimo, Arteaga Mart\u00ednez expuso que las principales brechas se contin\u00faan registrando en las \u00e1reas de justicia, seguridad, corrupci\u00f3n y cumplimiento regulatorio.<\/p>\n","protected":false},"excerpt":{"rendered":"<p>XalapaAl destacar que Veracruz ocupa el \u00faltimo lugar de las 32 entidades federativas en materia de justicia penal, seg\u00fan cifras del \u00cdndice de Estado de Derecho en M\u00e9xico 2020-2021 del World Justice Project, V\u00edctor Hugo Arteaga consider\u00f3 que en este estado la ley no vale nada.\u201cEs lamentable que el gobierno de Veracruz ocupe el lugar [&hellip;]<\/p>\n","protected":false},"author":2,"featured_media":0,"comment_status":"closed","ping_status":"closed","sticky":false,"template":"","format":"standard","meta":{"tdm_status":"","tdm_grid_status":"","footnotes":""},"categories":[73],"tags":[18198,178,28540,14281,195],"class_list":{"0":"post-74641","1":"post","2":"type-post","3":"status-publish","4":"format-standard","6":"category-de-boleto","7":"tag-imparticion-de-justicia","8":"tag-inegi","9":"tag-justicia-penal","10":"tag-redes-sociales-progresistas","11":"tag-veracruz"},"yoast_head":"<!-- This site is optimized with the Yoast SEO plugin v27.4 - https:\/\/yoast.com\/product\/yoast-seo-wordpress\/ -->\n<title>En Veracruz, la ley no vale nada: Arteaga - Los pol\u00edticos Veracruz<\/title>\n<meta name=\"robots\" content=\"index, follow, max-snippet:-1, max-image-preview:large, max-video-preview:-1\" \/>\n<link rel=\"canonical\" href=\"https:\/\/lospoliticosveracruz.com\/?p=74641\" \/>\n<meta property=\"og:locale\" content=\"es_ES\" \/>\n<meta property=\"og:type\" content=\"article\" \/>\n<meta property=\"og:title\" content=\"En Veracruz, la ley no vale nada: Arteaga - Los pol\u00edticos Veracruz\" \/>\n<meta property=\"og:description\" content=\"XalapaAl destacar que Veracruz ocupa el \u00faltimo lugar de las 32 entidades federativas en materia de justicia penal, seg\u00fan cifras del \u00cdndice de Estado de Derecho en M\u00e9xico 2020-2021 del World Justice Project, V\u00edctor Hugo Arteaga consider\u00f3 que en este estado la ley no vale nada.\u201cEs lamentable que el gobierno de Veracruz ocupe el lugar [&hellip;]\" \/>\n<meta property=\"og:url\" content=\"https:\/\/lospoliticosveracruz.com\/?p=74641\" \/>\n<meta property=\"og:site_name\" content=\"Los pol\u00edticos Veracruz\" \/>\n<meta property=\"article:publisher\" content=\"https:\/\/www.facebook.com\/people\/Notimemes-de-los-Polticos\/61565672886568\/\" \/>\n<meta property=\"article:published_time\" content=\"2021-06-01T16:08:11+00:00\" \/>\n<meta property=\"article:modified_time\" content=\"2021-06-01T16:08:14+00:00\" \/>\n<meta property=\"og:image\" content=\"https:\/\/lospoliticosveracruz.com\/wp-content\/uploads\/2016\/07\/Logo-Dor.jpg\" \/>\n\t<meta property=\"og:image:width\" content=\"200\" \/>\n\t<meta property=\"og:image:height\" content=\"200\" \/>\n\t<meta property=\"og:image:type\" content=\"image\/jpeg\" \/>\n<meta name=\"author\" content=\"Lo viste en Los Pol\u00edticos\" \/>\n<meta name=\"twitter:card\" content=\"summary_large_image\" \/>\n<meta name=\"twitter:creator\" content=\"@LosPoliticosVer\" \/>\n<meta name=\"twitter:site\" content=\"@LosPoliticosVer\" \/>\n<meta name=\"twitter:label1\" content=\"Escrito por\" \/>\n\t<meta name=\"twitter:data1\" content=\"Lo viste en Los Pol\u00edticos\" \/>\n\t<meta name=\"twitter:label2\" content=\"Tiempo de lectura\" \/>\n\t<meta name=\"twitter:data2\" content=\"2 minutos\" \/>\n<script type=\"application\/ld+json\" class=\"yoast-schema-graph\">{\"@context\":\"https:\\\/\\\/schema.org\",\"@graph\":[{\"@type\":\"Article\",\"@id\":\"https:\\\/\\\/lospoliticosveracruz.com\\\/?p=74641#article\",\"isPartOf\":{\"@id\":\"https:\\\/\\\/lospoliticosveracruz.com\\\/?p=74641\"},\"author\":{\"name\":\"Lo viste en Los Pol\u00edticos\",\"@id\":\"https:\\\/\\\/lospoliticosveracruz.com\\\/#\\\/schema\\\/person\\\/b8702bb0e538456e6efd07080bf2a4a2\"},\"headline\":\"En Veracruz, la ley no vale nada: Arteaga\",\"datePublished\":\"2021-06-01T16:08:11+00:00\",\"dateModified\":\"2021-06-01T16:08:14+00:00\",\"mainEntityOfPage\":{\"@id\":\"https:\\\/\\\/lospoliticosveracruz.com\\\/?p=74641\"},\"wordCount\":478,\"publisher\":{\"@id\":\"https:\\\/\\\/lospoliticosveracruz.com\\\/#organization\"},\"keywords\":[\"impartici\u00f3n de justicia\",\"Inegi\",\"justicia penal\",\"Redes Sociales Progresistas\",\"Veracruz\"],\"articleSection\":[\"De Boleto\"],\"inLanguage\":\"es\"},{\"@type\":\"WebPage\",\"@id\":\"https:\\\/\\\/lospoliticosveracruz.com\\\/?p=74641\",\"url\":\"https:\\\/\\\/lospoliticosveracruz.com\\\/?p=74641\",\"name\":\"En Veracruz, la ley no vale nada: Arteaga - Los pol\u00edticos Veracruz\",\"isPartOf\":{\"@id\":\"https:\\\/\\\/lospoliticosveracruz.com\\\/#website\"},\"datePublished\":\"2021-06-01T16:08:11+00:00\",\"dateModified\":\"2021-06-01T16:08:14+00:00\",\"breadcrumb\":{\"@id\":\"https:\\\/\\\/lospoliticosveracruz.com\\\/?p=74641#breadcrumb\"},\"inLanguage\":\"es\",\"potentialAction\":[{\"@type\":\"ReadAction\",\"target\":[\"https:\\\/\\\/lospoliticosveracruz.com\\\/?p=74641\"]}]},{\"@type\":\"BreadcrumbList\",\"@id\":\"https:\\\/\\\/lospoliticosveracruz.com\\\/?p=74641#breadcrumb\",\"itemListElement\":[{\"@type\":\"ListItem\",\"position\":1,\"name\":\"Portada\",\"item\":\"https:\\\/\\\/lospoliticosveracruz.com\\\/\"},{\"@type\":\"ListItem\",\"position\":2,\"name\":\"En Veracruz, la ley no vale nada: Arteaga\"}]},{\"@type\":\"WebSite\",\"@id\":\"https:\\\/\\\/lospoliticosveracruz.com\\\/#website\",\"url\":\"https:\\\/\\\/lospoliticosveracruz.com\\\/\",\"name\":\"Los pol\u00edticos Veracruz\",\"description\":\"\",\"publisher\":{\"@id\":\"https:\\\/\\\/lospoliticosveracruz.com\\\/#organization\"},\"potentialAction\":[{\"@type\":\"SearchAction\",\"target\":{\"@type\":\"EntryPoint\",\"urlTemplate\":\"https:\\\/\\\/lospoliticosveracruz.com\\\/?s={search_term_string}\"},\"query-input\":{\"@type\":\"PropertyValueSpecification\",\"valueRequired\":true,\"valueName\":\"search_term_string\"}}],\"inLanguage\":\"es\"},{\"@type\":\"Organization\",\"@id\":\"https:\\\/\\\/lospoliticosveracruz.com\\\/#organization\",\"name\":\"Los pol\u00edticos Veracruz\",\"url\":\"https:\\\/\\\/lospoliticosveracruz.com\\\/\",\"logo\":{\"@type\":\"ImageObject\",\"inLanguage\":\"es\",\"@id\":\"https:\\\/\\\/lospoliticosveracruz.com\\\/#\\\/schema\\\/logo\\\/image\\\/\",\"url\":\"https:\\\/\\\/lospoliticosveracruz.com\\\/wp-content\\\/uploads\\\/2025\\\/12\\\/Logo-Nuevo-LOS-POLITICOS-1.jpg\",\"contentUrl\":\"https:\\\/\\\/lospoliticosveracruz.com\\\/wp-content\\\/uploads\\\/2025\\\/12\\\/Logo-Nuevo-LOS-POLITICOS-1.jpg\",\"width\":260,\"height\":70,\"caption\":\"Los pol\u00edticos Veracruz\"},\"image\":{\"@id\":\"https:\\\/\\\/lospoliticosveracruz.com\\\/#\\\/schema\\\/logo\\\/image\\\/\"},\"sameAs\":[\"https:\\\/\\\/www.facebook.com\\\/people\\\/Notimemes-de-los-Polticos\\\/61565672886568\\\/\",\"https:\\\/\\\/x.com\\\/LosPoliticosVer\"]},{\"@type\":\"Person\",\"@id\":\"https:\\\/\\\/lospoliticosveracruz.com\\\/#\\\/schema\\\/person\\\/b8702bb0e538456e6efd07080bf2a4a2\",\"name\":\"Lo viste en Los Pol\u00edticos\",\"image\":{\"@type\":\"ImageObject\",\"inLanguage\":\"es\",\"@id\":\"https:\\\/\\\/secure.gravatar.com\\\/avatar\\\/3a8de04a2656d44082be478bd6c086daa447c4651605818287b9532d3d0bd435?s=96&d=mm&r=g\",\"url\":\"https:\\\/\\\/secure.gravatar.com\\\/avatar\\\/3a8de04a2656d44082be478bd6c086daa447c4651605818287b9532d3d0bd435?s=96&d=mm&r=g\",\"contentUrl\":\"https:\\\/\\\/secure.gravatar.com\\\/avatar\\\/3a8de04a2656d44082be478bd6c086daa447c4651605818287b9532d3d0bd435?s=96&d=mm&r=g\",\"caption\":\"Lo viste en Los Pol\u00edticos\"},\"url\":\"https:\\\/\\\/lospoliticosveracruz.com\\\/?author=2\"}]}<\/script>\n<!-- \/ Yoast SEO plugin. -->","yoast_head_json":{"title":"En Veracruz, la ley no vale nada: Arteaga - Los pol\u00edticos Veracruz","robots":{"index":"index","follow":"follow","max-snippet":"max-snippet:-1","max-image-preview":"max-image-preview:large","max-video-preview":"max-video-preview:-1"},"canonical":"https:\/\/lospoliticosveracruz.com\/?p=74641","og_locale":"es_ES","og_type":"article","og_title":"En Veracruz, la ley no vale nada: Arteaga - Los pol\u00edticos Veracruz","og_description":"XalapaAl destacar que Veracruz ocupa el \u00faltimo lugar de las 32 entidades federativas en materia de justicia penal, seg\u00fan cifras del \u00cdndice de Estado de Derecho en M\u00e9xico 2020-2021 del World Justice Project, V\u00edctor Hugo Arteaga consider\u00f3 que en este estado la ley no vale nada.\u201cEs lamentable que el gobierno de Veracruz ocupe el lugar [&hellip;]","og_url":"https:\/\/lospoliticosveracruz.com\/?p=74641","og_site_name":"Los pol\u00edticos Veracruz","article_publisher":"https:\/\/www.facebook.com\/people\/Notimemes-de-los-Polticos\/61565672886568\/","article_published_time":"2021-06-01T16:08:11+00:00","article_modified_time":"2021-06-01T16:08:14+00:00","og_image":[{"width":200,"height":200,"url":"https:\/\/lospoliticosveracruz.com\/wp-content\/uploads\/2016\/07\/Logo-Dor.jpg","type":"image\/jpeg"}],"author":"Lo viste en Los Pol\u00edticos","twitter_card":"summary_large_image","twitter_creator":"@LosPoliticosVer","twitter_site":"@LosPoliticosVer","twitter_misc":{"Escrito por":"Lo viste en Los Pol\u00edticos","Tiempo de lectura":"2 minutos"},"schema":{"@context":"https:\/\/schema.org","@graph":[{"@type":"Article","@id":"https:\/\/lospoliticosveracruz.com\/?p=74641#article","isPartOf":{"@id":"https:\/\/lospoliticosveracruz.com\/?p=74641"},"author":{"name":"Lo viste en Los Pol\u00edticos","@id":"https:\/\/lospoliticosveracruz.com\/#\/schema\/person\/b8702bb0e538456e6efd07080bf2a4a2"},"headline":"En Veracruz, la ley no vale nada: Arteaga","datePublished":"2021-06-01T16:08:11+00:00","dateModified":"2021-06-01T16:08:14+00:00","mainEntityOfPage":{"@id":"https:\/\/lospoliticosveracruz.com\/?p=74641"},"wordCount":478,"publisher":{"@id":"https:\/\/lospoliticosveracruz.com\/#organization"},"keywords":["impartici\u00f3n de justicia","Inegi","justicia penal","Redes Sociales Progresistas","Veracruz"],"articleSection":["De Boleto"],"inLanguage":"es"},{"@type":"WebPage","@id":"https:\/\/lospoliticosveracruz.com\/?p=74641","url":"https:\/\/lospoliticosveracruz.com\/?p=74641","name":"En Veracruz, la ley no vale nada: Arteaga - Los pol\u00edticos Veracruz","isPartOf":{"@id":"https:\/\/lospoliticosveracruz.com\/#website"},"datePublished":"2021-06-01T16:08:11+00:00","dateModified":"2021-06-01T16:08:14+00:00","breadcrumb":{"@id":"https:\/\/lospoliticosveracruz.com\/?p=74641#breadcrumb"},"inLanguage":"es","potentialAction":[{"@type":"ReadAction","target":["https:\/\/lospoliticosveracruz.com\/?p=74641"]}]},{"@type":"BreadcrumbList","@id":"https:\/\/lospoliticosveracruz.com\/?p=74641#breadcrumb","itemListElement":[{"@type":"ListItem","position":1,"name":"Portada","item":"https:\/\/lospoliticosveracruz.com\/"},{"@type":"ListItem","position":2,"name":"En Veracruz, la ley no vale nada: Arteaga"}]},{"@type":"WebSite","@id":"https:\/\/lospoliticosveracruz.com\/#website","url":"https:\/\/lospoliticosveracruz.com\/","name":"Los pol\u00edticos Veracruz","description":"","publisher":{"@id":"https:\/\/lospoliticosveracruz.com\/#organization"},"potentialAction":[{"@type":"SearchAction","target":{"@type":"EntryPoint","urlTemplate":"https:\/\/lospoliticosveracruz.com\/?s={search_term_string}"},"query-input":{"@type":"PropertyValueSpecification","valueRequired":true,"valueName":"search_term_string"}}],"inLanguage":"es"},{"@type":"Organization","@id":"https:\/\/lospoliticosveracruz.com\/#organization","name":"Los pol\u00edticos Veracruz","url":"https:\/\/lospoliticosveracruz.com\/","logo":{"@type":"ImageObject","inLanguage":"es","@id":"https:\/\/lospoliticosveracruz.com\/#\/schema\/logo\/image\/","url":"https:\/\/lospoliticosveracruz.com\/wp-content\/uploads\/2025\/12\/Logo-Nuevo-LOS-POLITICOS-1.jpg","contentUrl":"https:\/\/lospoliticosveracruz.com\/wp-content\/uploads\/2025\/12\/Logo-Nuevo-LOS-POLITICOS-1.jpg","width":260,"height":70,"caption":"Los pol\u00edticos Veracruz"},"image":{"@id":"https:\/\/lospoliticosveracruz.com\/#\/schema\/logo\/image\/"},"sameAs":["https:\/\/www.facebook.com\/people\/Notimemes-de-los-Polticos\/61565672886568\/","https:\/\/x.com\/LosPoliticosVer"]},{"@type":"Person","@id":"https:\/\/lospoliticosveracruz.com\/#\/schema\/person\/b8702bb0e538456e6efd07080bf2a4a2","name":"Lo viste en Los Pol\u00edticos","image":{"@type":"ImageObject","inLanguage":"es","@id":"https:\/\/secure.gravatar.com\/avatar\/3a8de04a2656d44082be478bd6c086daa447c4651605818287b9532d3d0bd435?s=96&d=mm&r=g","url":"https:\/\/secure.gravatar.com\/avatar\/3a8de04a2656d44082be478bd6c086daa447c4651605818287b9532d3d0bd435?s=96&d=mm&r=g","contentUrl":"https:\/\/secure.gravatar.com\/avatar\/3a8de04a2656d44082be478bd6c086daa447c4651605818287b9532d3d0bd435?s=96&d=mm&r=g","caption":"Lo viste en Los Pol\u00edticos"},"url":"https:\/\/lospoliticosveracruz.com\/?author=2"}]}},"_links":{"self":[{"href":"https:\/\/lospoliticosveracruz.com\/index.php?rest_route=\/wp\/v2\/posts\/74641","targetHints":{"allow":["GET"]}}],"collection":[{"href":"https:\/\/lospoliticosveracruz.com\/index.php?rest_route=\/wp\/v2\/posts"}],"about":[{"href":"https:\/\/lospoliticosveracruz.com\/index.php?rest_route=\/wp\/v2\/types\/post"}],"author":[{"embeddable":true,"href":"https:\/\/lospoliticosveracruz.com\/index.php?rest_route=\/wp\/v2\/users\/2"}],"replies":[{"embeddable":true,"href":"https:\/\/lospoliticosveracruz.com\/index.php?rest_route=%2Fwp%2Fv2%2Fcomments&post=74641"}],"version-history":[{"count":1,"href":"https:\/\/lospoliticosveracruz.com\/index.php?rest_route=\/wp\/v2\/posts\/74641\/revisions"}],"predecessor-version":[{"id":74643,"href":"https:\/\/lospoliticosveracruz.com\/index.php?rest_route=\/wp\/v2\/posts\/74641\/revisions\/74643"}],"wp:attachment":[{"href":"https:\/\/lospoliticosveracruz.com\/index.php?rest_route=%2Fwp%2Fv2%2Fmedia&parent=74641"}],"wp:term":[{"taxonomy":"category","embeddable":true,"href":"https:\/\/lospoliticosveracruz.com\/index.php?rest_route=%2Fwp%2Fv2%2Fcategories&post=74641"},{"taxonomy":"post_tag","embeddable":true,"href":"https:\/\/lospoliticosveracruz.com\/index.php?rest_route=%2Fwp%2Fv2%2Ftags&post=74641"}],"curies":[{"name":"wp","href":"https:\/\/api.w.org\/{rel}","templated":true}]}}