{"id":74655,"date":"2021-06-01T15:28:59","date_gmt":"2021-06-01T20:28:59","guid":{"rendered":"http:\/\/www.lospoliticosveracruz.com.mx\/?p=74655"},"modified":"2021-06-01T15:29:03","modified_gmt":"2021-06-01T20:29:03","slug":"las-3-de-americo","status":"publish","type":"post","link":"https:\/\/lospoliticosveracruz.com\/?p=74655","title":{"rendered":"Las 3 de Am\u00e9rico"},"content":{"rendered":"\n<p><em>Xalapa<\/em><br>El candidato de la alianza \u201cVa por M\u00e9xico\u201d a la diputaci\u00f3n federal por el Distrito 10, Am\u00e9rico Z\u00fa\u00f1iga Mart\u00ednez, consider\u00f3 que Xalapa se merece una mejor representaci\u00f3n popular: \u201cYo s\u00ed voy a ser un diputado cercano, que regrese, que atienda y que gestione, porque no creo que uno deba de ser obligadamente parte de la comisi\u00f3n de presupuesto para atraer recursos\u201d.<\/p>\n\n\n\n<p>En conferencia de prensa, asegur\u00f3 que, una vez electo, ser\u00e1 un gestor permanente, atraer\u00e1 recursos, abrir\u00e1 puertas, tocar\u00e1 conciencias y har\u00e1 que su encomienda legislativa sea de utilidad para los xalape\u00f1os.<\/p>\n\n\n\n<p>Z\u00fa\u00f1iga Mart\u00ednez expuso que esta fue una campa\u00f1a de altura en la que se tocaron diferentes aspectos. \u201cNos sentamos, dialogamos, caminamos y corrimos, en la ma\u00f1ana, tarde y noche, bajo el sol y la lluvia, tocando las puertas para escuchar a los ciudadanos y hemos encontrado una gran respuesta por parte de los xalape\u00f1os. Es algo que nos motiva y nos tiene muy optimistas\u201d.<\/p>\n\n\n\n<p>Hoy quiero recordar los diferentes compromisos que hicimos con los maestros, a quienes les expresamos nuestra consideraci\u00f3n y nuestro reconocimiento porque fue un gremio que en medio de la pandemia se tuvo que reinventar, tanto ellos como los padres de familia y los alumnos para que el proceso educativo no se viera truncado, se\u00f1al\u00f3.<\/p>\n\n\n\n<p>Am\u00e9rico Z\u00fa\u00f1iga indic\u00f3 que tambi\u00e9n se reuni\u00f3 con los trabajadores del sistema de salud, con los que arranc\u00f3 la campa\u00f1a y a los que les expres\u00f3 que buscar\u00e1 gestionar equipamiento, recursos y previsi\u00f3n social, as\u00ed como la dignificaci\u00f3n laboral porque es preocupante y ofensivo que M\u00e9xico siga siendo el n\u00famero uno en muertes vinculadas al sector salud en el mundo.<\/p>\n\n\n\n<p>Adem\u00e1s, expuso, estamos totalmente en contra del acoso que est\u00e1n sufriendo los trabajadores del sector salud, los trabajadores de la educaci\u00f3n y en general todos los trabajadores al servicio del estado. \u201cYo soy un convencido de que todos los servidores p\u00fablicos que administran, supervisan y laboran con recursos p\u00fablicos deben de presentar sus declaraciones anuales por ley, todos deben de presentar preferentemente su 3 de 3 y todos deben de tener una clara congruencia entre el modo en el que viven, con los recursos que obtienen. Sin embargo, el acosar a los trabajadores con declaraciones exhaustivas es algo en lo que no estamos de acuerdo. Creemos que es acoso lo que se les est\u00e1 pidiendo\u201d.<\/p>\n\n\n\n<p>Am\u00e9rico Z\u00fa\u00f1iga afirm\u00f3 que tampoco es posible que se quiera utilizar la unidad de medida actualizada (UMA) como base de medici\u00f3n del c\u00e1lculo para las pensiones y jubilaciones, \u201cpor eso hemos hecho un compromiso con los trabajadores al servicio del estado y la federaci\u00f3n dici\u00e9ndoles que no vamos a permitir que se implemente esta modificaci\u00f3n y vamos a revisar las leyes en la materia para que ellos sigan teniendo como base al salario m\u00ednimo, porque de la otra forma podr\u00edan disminuir hasta en un 40% sus percepciones\u201d.<\/p>\n\n\n\n<p>El candidato aliancista explic\u00f3 que realiz\u00f3 un acuerdo con todas las c\u00e1maras empresariales, los empresarios y los emprendedores, con quienes se comprometi\u00f3 a llevar como una acci\u00f3n prioritaria en el Congreso de la Uni\u00f3n la implementaci\u00f3n de un plan emergente de recuperaci\u00f3n econ\u00f3mica y sostenimiento del aparato productivo, adem\u00e1s de regresar los recursos y las instancias de apoyo al emprendedor, para impulsar el emprendedurismo particularmente entre las mujeres y las jefas de familia. \u201cVamos a trabajar para que haya cr\u00e9ditos blandos y otras estrategias que les permitan salir adelante bajo su propio esfuerzo\u201d.<\/p>\n\n\n\n<p>\u201cNo estamos en contra de los programas sociales y no vamos a afectarlos. Vamos a revisarlos, a fortalecerlos y enriquecerlos, para que sean menos opacos, m\u00e1s funcionales y eficientes, adem\u00e1s de que buscaremos recuperar aquellos que se desaparecieron. Prospera, Seguro Popular y Estancias Infantiles, son algunas de las estrategias que desde nuestro punto de vista funcionaban muy bien y que merecen regresar a la vigencia\u201d, puntualiz\u00f3 Z\u00fa\u00f1iga Mart\u00ednez<\/p>\n\n\n\n<p>El candidato a la diputaci\u00f3n federal por Xalapa Urbano explic\u00f3 que tambi\u00e9n hizo un gran compromiso con las personas que est\u00e1n en situaci\u00f3n de vulnerabilidad, \u201cporque no es posible que sigamos siendo una f\u00e1brica de pobreza. Cerca de 10 millones de mexicanos han ca\u00eddo en pobreza extrema, por lo que requerimos de pol\u00edticas p\u00fablicas encaminadas a contrarrestar esta inercia\u201d.<\/p>\n\n\n\n<p>Am\u00e9rico Z\u00fa\u00f1iga se\u00f1al\u00f3 que Xalapa necesita un diputado federal que apruebe un presupuesto de egresos de la federaci\u00f3n que fortalezca a la ciudad, no que le quite recursos, porque actualmente han disminuido el 30% de las participaciones y aportaciones que recibe nuestro municipio.<\/p>\n\n\n\n<p>Quiero impulsar la construcci\u00f3n del Eje vial Oriente para mejorar la movilidad, as\u00ed como el biodigestor, un proyecto que dejamos pr\u00e1cticamente listo durante mi administraci\u00f3n como presidente municipal. Son 8 millones de d\u00f3lares, que necesitamos revisar cual fue su destino, y poder volverlo a traer para que sirva para lo que fue dise\u00f1ado: generar energ\u00eda aprovechando la basura, concluy\u00f3.<\/p>\n","protected":false},"excerpt":{"rendered":"<p>XalapaEl candidato de la alianza \u201cVa por M\u00e9xico\u201d a la diputaci\u00f3n federal por el Distrito 10, Am\u00e9rico Z\u00fa\u00f1iga Mart\u00ednez, consider\u00f3 que Xalapa se merece una mejor representaci\u00f3n popular: \u201cYo s\u00ed voy a ser un diputado cercano, que regrese, que atienda y que gestione, porque no creo que uno deba de ser obligadamente parte de la [&hellip;]<\/p>\n","protected":false},"author":2,"featured_media":0,"comment_status":"closed","ping_status":"closed","sticky":false,"template":"","format":"standard","meta":{"tdm_status":"","tdm_grid_status":"","footnotes":""},"categories":[73],"tags":[539,96],"class_list":{"0":"post-74655","1":"post","2":"type-post","3":"status-publish","4":"format-standard","6":"category-de-boleto","7":"tag-americo-zuniga-martinez","8":"tag-xalapa"},"yoast_head":"<!-- This site is optimized with the Yoast SEO plugin v27.4 - https:\/\/yoast.com\/product\/yoast-seo-wordpress\/ -->\n<title>Las 3 de Am\u00e9rico - Los pol\u00edticos Veracruz<\/title>\n<meta name=\"robots\" content=\"index, follow, max-snippet:-1, max-image-preview:large, max-video-preview:-1\" \/>\n<link rel=\"canonical\" href=\"https:\/\/lospoliticosveracruz.com\/?p=74655\" \/>\n<meta property=\"og:locale\" content=\"es_ES\" \/>\n<meta property=\"og:type\" content=\"article\" \/>\n<meta property=\"og:title\" content=\"Las 3 de Am\u00e9rico - Los pol\u00edticos Veracruz\" \/>\n<meta property=\"og:description\" content=\"XalapaEl candidato de la alianza \u201cVa por M\u00e9xico\u201d a la diputaci\u00f3n federal por el Distrito 10, Am\u00e9rico Z\u00fa\u00f1iga Mart\u00ednez, consider\u00f3 que Xalapa se merece una mejor representaci\u00f3n popular: \u201cYo s\u00ed voy a ser un diputado cercano, que regrese, que atienda y que gestione, porque no creo que uno deba de ser obligadamente parte de la [&hellip;]\" \/>\n<meta property=\"og:url\" content=\"https:\/\/lospoliticosveracruz.com\/?p=74655\" \/>\n<meta property=\"og:site_name\" content=\"Los pol\u00edticos Veracruz\" \/>\n<meta property=\"article:publisher\" content=\"https:\/\/www.facebook.com\/people\/Notimemes-de-los-Polticos\/61565672886568\/\" \/>\n<meta property=\"article:published_time\" content=\"2021-06-01T20:28:59+00:00\" \/>\n<meta property=\"article:modified_time\" content=\"2021-06-01T20:29:03+00:00\" \/>\n<meta property=\"og:image\" content=\"https:\/\/lospoliticosveracruz.com\/wp-content\/uploads\/2016\/07\/Logo-Dor.jpg\" \/>\n\t<meta property=\"og:image:width\" content=\"200\" \/>\n\t<meta property=\"og:image:height\" content=\"200\" \/>\n\t<meta property=\"og:image:type\" content=\"image\/jpeg\" \/>\n<meta name=\"author\" content=\"Lo viste en Los Pol\u00edticos\" \/>\n<meta name=\"twitter:card\" content=\"summary_large_image\" \/>\n<meta name=\"twitter:creator\" content=\"@LosPoliticosVer\" \/>\n<meta name=\"twitter:site\" content=\"@LosPoliticosVer\" \/>\n<meta name=\"twitter:label1\" content=\"Escrito por\" \/>\n\t<meta name=\"twitter:data1\" content=\"Lo viste en Los Pol\u00edticos\" \/>\n\t<meta name=\"twitter:label2\" content=\"Tiempo de lectura\" \/>\n\t<meta name=\"twitter:data2\" content=\"4 minutos\" \/>\n<script type=\"application\/ld+json\" class=\"yoast-schema-graph\">{\"@context\":\"https:\\\/\\\/schema.org\",\"@graph\":[{\"@type\":\"Article\",\"@id\":\"https:\\\/\\\/lospoliticosveracruz.com\\\/?p=74655#article\",\"isPartOf\":{\"@id\":\"https:\\\/\\\/lospoliticosveracruz.com\\\/?p=74655\"},\"author\":{\"name\":\"Lo viste en Los Pol\u00edticos\",\"@id\":\"https:\\\/\\\/lospoliticosveracruz.com\\\/#\\\/schema\\\/person\\\/b8702bb0e538456e6efd07080bf2a4a2\"},\"headline\":\"Las 3 de Am\u00e9rico\",\"datePublished\":\"2021-06-01T20:28:59+00:00\",\"dateModified\":\"2021-06-01T20:29:03+00:00\",\"mainEntityOfPage\":{\"@id\":\"https:\\\/\\\/lospoliticosveracruz.com\\\/?p=74655\"},\"wordCount\":859,\"publisher\":{\"@id\":\"https:\\\/\\\/lospoliticosveracruz.com\\\/#organization\"},\"keywords\":[\"Am\u00e9rico Z\u00fa\u00f1iga Mart\u00ednez\",\"Xalapa\"],\"articleSection\":[\"De Boleto\"],\"inLanguage\":\"es\"},{\"@type\":\"WebPage\",\"@id\":\"https:\\\/\\\/lospoliticosveracruz.com\\\/?p=74655\",\"url\":\"https:\\\/\\\/lospoliticosveracruz.com\\\/?p=74655\",\"name\":\"Las 3 de Am\u00e9rico - Los pol\u00edticos Veracruz\",\"isPartOf\":{\"@id\":\"https:\\\/\\\/lospoliticosveracruz.com\\\/#website\"},\"datePublished\":\"2021-06-01T20:28:59+00:00\",\"dateModified\":\"2021-06-01T20:29:03+00:00\",\"breadcrumb\":{\"@id\":\"https:\\\/\\\/lospoliticosveracruz.com\\\/?p=74655#breadcrumb\"},\"inLanguage\":\"es\",\"potentialAction\":[{\"@type\":\"ReadAction\",\"target\":[\"https:\\\/\\\/lospoliticosveracruz.com\\\/?p=74655\"]}]},{\"@type\":\"BreadcrumbList\",\"@id\":\"https:\\\/\\\/lospoliticosveracruz.com\\\/?p=74655#breadcrumb\",\"itemListElement\":[{\"@type\":\"ListItem\",\"position\":1,\"name\":\"Portada\",\"item\":\"https:\\\/\\\/lospoliticosveracruz.com\\\/\"},{\"@type\":\"ListItem\",\"position\":2,\"name\":\"Las 3 de Am\u00e9rico\"}]},{\"@type\":\"WebSite\",\"@id\":\"https:\\\/\\\/lospoliticosveracruz.com\\\/#website\",\"url\":\"https:\\\/\\\/lospoliticosveracruz.com\\\/\",\"name\":\"Los pol\u00edticos Veracruz\",\"description\":\"\",\"publisher\":{\"@id\":\"https:\\\/\\\/lospoliticosveracruz.com\\\/#organization\"},\"potentialAction\":[{\"@type\":\"SearchAction\",\"target\":{\"@type\":\"EntryPoint\",\"urlTemplate\":\"https:\\\/\\\/lospoliticosveracruz.com\\\/?s={search_term_string}\"},\"query-input\":{\"@type\":\"PropertyValueSpecification\",\"valueRequired\":true,\"valueName\":\"search_term_string\"}}],\"inLanguage\":\"es\"},{\"@type\":\"Organization\",\"@id\":\"https:\\\/\\\/lospoliticosveracruz.com\\\/#organization\",\"name\":\"Los pol\u00edticos Veracruz\",\"url\":\"https:\\\/\\\/lospoliticosveracruz.com\\\/\",\"logo\":{\"@type\":\"ImageObject\",\"inLanguage\":\"es\",\"@id\":\"https:\\\/\\\/lospoliticosveracruz.com\\\/#\\\/schema\\\/logo\\\/image\\\/\",\"url\":\"https:\\\/\\\/lospoliticosveracruz.com\\\/wp-content\\\/uploads\\\/2025\\\/12\\\/Logo-Nuevo-LOS-POLITICOS-1.jpg\",\"contentUrl\":\"https:\\\/\\\/lospoliticosveracruz.com\\\/wp-content\\\/uploads\\\/2025\\\/12\\\/Logo-Nuevo-LOS-POLITICOS-1.jpg\",\"width\":260,\"height\":70,\"caption\":\"Los pol\u00edticos Veracruz\"},\"image\":{\"@id\":\"https:\\\/\\\/lospoliticosveracruz.com\\\/#\\\/schema\\\/logo\\\/image\\\/\"},\"sameAs\":[\"https:\\\/\\\/www.facebook.com\\\/people\\\/Notimemes-de-los-Polticos\\\/61565672886568\\\/\",\"https:\\\/\\\/x.com\\\/LosPoliticosVer\"]},{\"@type\":\"Person\",\"@id\":\"https:\\\/\\\/lospoliticosveracruz.com\\\/#\\\/schema\\\/person\\\/b8702bb0e538456e6efd07080bf2a4a2\",\"name\":\"Lo viste en Los Pol\u00edticos\",\"image\":{\"@type\":\"ImageObject\",\"inLanguage\":\"es\",\"@id\":\"https:\\\/\\\/secure.gravatar.com\\\/avatar\\\/3a8de04a2656d44082be478bd6c086daa447c4651605818287b9532d3d0bd435?s=96&d=mm&r=g\",\"url\":\"https:\\\/\\\/secure.gravatar.com\\\/avatar\\\/3a8de04a2656d44082be478bd6c086daa447c4651605818287b9532d3d0bd435?s=96&d=mm&r=g\",\"contentUrl\":\"https:\\\/\\\/secure.gravatar.com\\\/avatar\\\/3a8de04a2656d44082be478bd6c086daa447c4651605818287b9532d3d0bd435?s=96&d=mm&r=g\",\"caption\":\"Lo viste en Los Pol\u00edticos\"},\"url\":\"https:\\\/\\\/lospoliticosveracruz.com\\\/?author=2\"}]}<\/script>\n<!-- \/ Yoast SEO plugin. -->","yoast_head_json":{"title":"Las 3 de Am\u00e9rico - Los pol\u00edticos Veracruz","robots":{"index":"index","follow":"follow","max-snippet":"max-snippet:-1","max-image-preview":"max-image-preview:large","max-video-preview":"max-video-preview:-1"},"canonical":"https:\/\/lospoliticosveracruz.com\/?p=74655","og_locale":"es_ES","og_type":"article","og_title":"Las 3 de Am\u00e9rico - Los pol\u00edticos Veracruz","og_description":"XalapaEl candidato de la alianza \u201cVa por M\u00e9xico\u201d a la diputaci\u00f3n federal por el Distrito 10, Am\u00e9rico Z\u00fa\u00f1iga Mart\u00ednez, consider\u00f3 que Xalapa se merece una mejor representaci\u00f3n popular: \u201cYo s\u00ed voy a ser un diputado cercano, que regrese, que atienda y que gestione, porque no creo que uno deba de ser obligadamente parte de la [&hellip;]","og_url":"https:\/\/lospoliticosveracruz.com\/?p=74655","og_site_name":"Los pol\u00edticos Veracruz","article_publisher":"https:\/\/www.facebook.com\/people\/Notimemes-de-los-Polticos\/61565672886568\/","article_published_time":"2021-06-01T20:28:59+00:00","article_modified_time":"2021-06-01T20:29:03+00:00","og_image":[{"width":200,"height":200,"url":"https:\/\/lospoliticosveracruz.com\/wp-content\/uploads\/2016\/07\/Logo-Dor.jpg","type":"image\/jpeg"}],"author":"Lo viste en Los Pol\u00edticos","twitter_card":"summary_large_image","twitter_creator":"@LosPoliticosVer","twitter_site":"@LosPoliticosVer","twitter_misc":{"Escrito por":"Lo viste en Los Pol\u00edticos","Tiempo de lectura":"4 minutos"},"schema":{"@context":"https:\/\/schema.org","@graph":[{"@type":"Article","@id":"https:\/\/lospoliticosveracruz.com\/?p=74655#article","isPartOf":{"@id":"https:\/\/lospoliticosveracruz.com\/?p=74655"},"author":{"name":"Lo viste en Los Pol\u00edticos","@id":"https:\/\/lospoliticosveracruz.com\/#\/schema\/person\/b8702bb0e538456e6efd07080bf2a4a2"},"headline":"Las 3 de Am\u00e9rico","datePublished":"2021-06-01T20:28:59+00:00","dateModified":"2021-06-01T20:29:03+00:00","mainEntityOfPage":{"@id":"https:\/\/lospoliticosveracruz.com\/?p=74655"},"wordCount":859,"publisher":{"@id":"https:\/\/lospoliticosveracruz.com\/#organization"},"keywords":["Am\u00e9rico Z\u00fa\u00f1iga Mart\u00ednez","Xalapa"],"articleSection":["De Boleto"],"inLanguage":"es"},{"@type":"WebPage","@id":"https:\/\/lospoliticosveracruz.com\/?p=74655","url":"https:\/\/lospoliticosveracruz.com\/?p=74655","name":"Las 3 de Am\u00e9rico - Los pol\u00edticos Veracruz","isPartOf":{"@id":"https:\/\/lospoliticosveracruz.com\/#website"},"datePublished":"2021-06-01T20:28:59+00:00","dateModified":"2021-06-01T20:29:03+00:00","breadcrumb":{"@id":"https:\/\/lospoliticosveracruz.com\/?p=74655#breadcrumb"},"inLanguage":"es","potentialAction":[{"@type":"ReadAction","target":["https:\/\/lospoliticosveracruz.com\/?p=74655"]}]},{"@type":"BreadcrumbList","@id":"https:\/\/lospoliticosveracruz.com\/?p=74655#breadcrumb","itemListElement":[{"@type":"ListItem","position":1,"name":"Portada","item":"https:\/\/lospoliticosveracruz.com\/"},{"@type":"ListItem","position":2,"name":"Las 3 de Am\u00e9rico"}]},{"@type":"WebSite","@id":"https:\/\/lospoliticosveracruz.com\/#website","url":"https:\/\/lospoliticosveracruz.com\/","name":"Los pol\u00edticos Veracruz","description":"","publisher":{"@id":"https:\/\/lospoliticosveracruz.com\/#organization"},"potentialAction":[{"@type":"SearchAction","target":{"@type":"EntryPoint","urlTemplate":"https:\/\/lospoliticosveracruz.com\/?s={search_term_string}"},"query-input":{"@type":"PropertyValueSpecification","valueRequired":true,"valueName":"search_term_string"}}],"inLanguage":"es"},{"@type":"Organization","@id":"https:\/\/lospoliticosveracruz.com\/#organization","name":"Los pol\u00edticos Veracruz","url":"https:\/\/lospoliticosveracruz.com\/","logo":{"@type":"ImageObject","inLanguage":"es","@id":"https:\/\/lospoliticosveracruz.com\/#\/schema\/logo\/image\/","url":"https:\/\/lospoliticosveracruz.com\/wp-content\/uploads\/2025\/12\/Logo-Nuevo-LOS-POLITICOS-1.jpg","contentUrl":"https:\/\/lospoliticosveracruz.com\/wp-content\/uploads\/2025\/12\/Logo-Nuevo-LOS-POLITICOS-1.jpg","width":260,"height":70,"caption":"Los pol\u00edticos Veracruz"},"image":{"@id":"https:\/\/lospoliticosveracruz.com\/#\/schema\/logo\/image\/"},"sameAs":["https:\/\/www.facebook.com\/people\/Notimemes-de-los-Polticos\/61565672886568\/","https:\/\/x.com\/LosPoliticosVer"]},{"@type":"Person","@id":"https:\/\/lospoliticosveracruz.com\/#\/schema\/person\/b8702bb0e538456e6efd07080bf2a4a2","name":"Lo viste en Los Pol\u00edticos","image":{"@type":"ImageObject","inLanguage":"es","@id":"https:\/\/secure.gravatar.com\/avatar\/3a8de04a2656d44082be478bd6c086daa447c4651605818287b9532d3d0bd435?s=96&d=mm&r=g","url":"https:\/\/secure.gravatar.com\/avatar\/3a8de04a2656d44082be478bd6c086daa447c4651605818287b9532d3d0bd435?s=96&d=mm&r=g","contentUrl":"https:\/\/secure.gravatar.com\/avatar\/3a8de04a2656d44082be478bd6c086daa447c4651605818287b9532d3d0bd435?s=96&d=mm&r=g","caption":"Lo viste en Los Pol\u00edticos"},"url":"https:\/\/lospoliticosveracruz.com\/?author=2"}]}},"_links":{"self":[{"href":"https:\/\/lospoliticosveracruz.com\/index.php?rest_route=\/wp\/v2\/posts\/74655","targetHints":{"allow":["GET"]}}],"collection":[{"href":"https:\/\/lospoliticosveracruz.com\/index.php?rest_route=\/wp\/v2\/posts"}],"about":[{"href":"https:\/\/lospoliticosveracruz.com\/index.php?rest_route=\/wp\/v2\/types\/post"}],"author":[{"embeddable":true,"href":"https:\/\/lospoliticosveracruz.com\/index.php?rest_route=\/wp\/v2\/users\/2"}],"replies":[{"embeddable":true,"href":"https:\/\/lospoliticosveracruz.com\/index.php?rest_route=%2Fwp%2Fv2%2Fcomments&post=74655"}],"version-history":[{"count":1,"href":"https:\/\/lospoliticosveracruz.com\/index.php?rest_route=\/wp\/v2\/posts\/74655\/revisions"}],"predecessor-version":[{"id":74657,"href":"https:\/\/lospoliticosveracruz.com\/index.php?rest_route=\/wp\/v2\/posts\/74655\/revisions\/74657"}],"wp:attachment":[{"href":"https:\/\/lospoliticosveracruz.com\/index.php?rest_route=%2Fwp%2Fv2%2Fmedia&parent=74655"}],"wp:term":[{"taxonomy":"category","embeddable":true,"href":"https:\/\/lospoliticosveracruz.com\/index.php?rest_route=%2Fwp%2Fv2%2Fcategories&post=74655"},{"taxonomy":"post_tag","embeddable":true,"href":"https:\/\/lospoliticosveracruz.com\/index.php?rest_route=%2Fwp%2Fv2%2Ftags&post=74655"}],"curies":[{"name":"wp","href":"https:\/\/api.w.org\/{rel}","templated":true}]}}