{"id":74687,"date":"2021-06-01T18:28:44","date_gmt":"2021-06-01T23:28:44","guid":{"rendered":"http:\/\/www.lospoliticosveracruz.com.mx\/?p=74687"},"modified":"2021-06-01T18:28:50","modified_gmt":"2021-06-01T23:28:50","slug":"influencers-jarochos-con-exsome","status":"publish","type":"post","link":"https:\/\/lospoliticosveracruz.com\/?p=74687","title":{"rendered":"Influencers jarochos con Exsome!"},"content":{"rendered":"\n<p><strong>Veracruz<br><\/strong>El candidato a la alcald\u00eda de Veracruz por la coalici\u00f3n Morena, Partido del Trabajo y Partido Verde Ecologista de M\u00e9xico, Ricardo Exsome Zapata, se reuni\u00f3 con Influencers jarochos, con la finalidad de conocer sus propuestas que tienen como \u00fanico objetivo trabajar por el bien de Veracruz.<br>Los j\u00f3venes, que han hecho una trayectoria a trav\u00e9s de las diferentes plataformas y redes sociales como YouTube, Tik Tok, Twitter, Instagram, entre otros; de manera individual manifestaron al candidato de Morena para la alcald\u00eda de Veracruz diferentes problem\u00e1ticas que van desde la salud f\u00edsica, mental y sexual as\u00ed como su respaldo para la participaci\u00f3n en eventos nacionales e internacionales.<br>\u00abEstaremos trabajando de la mano con ellos, en la casi recta final de la campa\u00f1a y las manifestaciones de trabajar por un mejor Veracruz van en aumento d\u00eda a d\u00eda; es aqu\u00ed en donde necesitamos la participaci\u00f3n de los j\u00f3venes para que den continuidad a la transformaci\u00f3n de Veracruz que comenzar\u00e1 el pr\u00f3ximo siete de junio\u00bb, manifest\u00f3 Exsome Zapata.<br>Las candidatas a diputadas federales, por el distrito 4, Rosa Mar\u00eda Hern\u00e1ndez Espejo y por el distrito 12, Luz Baxzi; adem\u00e1s de los candidatos a diputados locales, por el distrito XIV, Fernando Arteaga Aponte y por el distrito XV, Diana Santiago Huesca, as\u00ed como algunos integrantes de la planilla para conformar el pr\u00f3ximo Cabildo porte\u00f1o, quienes escucharon y aportaron sus puntos de vista a las diferentes propuestas.<br>Los influencers tambi\u00e9n solicitaron espacios p\u00fablicos para m\u00fasicos, de diferentes g\u00e9neros y la oportunidad de ser prestadores de servicios al municipio, ya que varios de ellos forman parte de la actividad comercial de la ciudad, fueron presentados a las pr\u00f3ximas autoridades municipales y legisladores federales y locales.<\/p>\n\n\n\n<p>COLEGIOS DE INGENIEROS APOYAR\u00c1N EN EL MANTENIMIENTO A LA CIUDAD<br>Por otro lado, al coincidir que el municipio de Veracruz se encuentra en abandono, desde el Centro Hist\u00f3rico pasando por la infraestructura p\u00fablica; integrantes de los diferentes colegios, ingenieros, arquitectos y valuadores y el abanderado por la coalici\u00f3n \u00abJuntos Haremos Historia en Veracruz\u00bb para la alcald\u00eda porte\u00f1a, Ricardo Exsome Zapata, acordaron trabajar de manera conjunta para darle mantenimiento a la ciudad.<br>\u00abAntes de hacer obras de gran envergadura, tenemos que darle mantenimiento a lo que se nos est\u00e1 cayendo a pedazos, en el caso del centro hist\u00f3rico no s\u00f3lo fue la falta de mantenimiento, la limpieza de redes de drenaje, sino que se han hecho obras que nos han complicado la vida y aqu\u00ed cada vez que se hace una nueva calle, parece que se hace un dique, Veracruz se est\u00e1 cayendo a pedazos\u00bb.<\/p>\n\n\n\n<p>EMPLEAR\u00c1 MANO DE OBRA VERACRUZANA<br>El aspirante a gobernar el municipio m\u00e1s importante del estado, manifest\u00f3 que durante su gesti\u00f3n se emplear\u00e1 la mano de obra veracruzana, pues es la que conoce las fortalezas y debilidades de esta ciudad con casi 600 mil habitantes.<br>\u00abEso es un compromiso con los veracruzanos, cuando hablaba de que estuvi\u00e9ramos colaborando, no s\u00f3lo con ver qu\u00e9 nos ofrecen, en principio, s\u00ed hay un apoyo para que si hay una capacidad las cosas las hagan los veracruzanos, de primera instancia hay un costo menos elevado y la verdad es que hay una austeridad eficiente y ser\u00e1n tomados en cuenta ustedes\u00bb, expres\u00f3.<br>Las propuestas presentadas por el ingeniero Exsome Zapata fueron respaldadas por los candidatos de la misma f\u00f3rmula Morena, PT y PVEM, la candidata a diputada federal por el distrito 4, Rosa Mar\u00eda Hern\u00e1ndez Espejo, el candidato a diputado local por distrito XIV, Fernando Arteaga Aponte y la abandera por el distrito XV, Diana Santiago Huesca, quienes lo acompa\u00f1aron en esta reuni\u00f3n.<\/p>\n\n\n\n<p>EXSOME SIGUE RECORRIENDO EL MUNICIPIO<br>El abanderado por la coalici\u00f3n integrada por los partidos Morena, PT y PVEM, Ricardo Exsome Zapata, sigue aprovechando los \u00faltimos minutos de su campa\u00f1a proselitista para ganar la alcald\u00eda porte\u00f1a.<br>Acompa\u00f1ado de su planilla, Exsome Zapata, visit\u00f3 la zona de Tejer\u00eda y la colonia Pocitos y Rivera, en donde adem\u00e1s de seguir recogiendo quejas ciudadanas tambi\u00e9n promueve el voto para sus compa\u00f1eros de f\u00f3rmula a los distintos cargos de elecci\u00f3n popular que se votar\u00e1n el pr\u00f3ximo seis de junio.<\/p>\n","protected":false},"excerpt":{"rendered":"<p>VeracruzEl candidato a la alcald\u00eda de Veracruz por la coalici\u00f3n Morena, Partido del Trabajo y Partido Verde Ecologista de M\u00e9xico, Ricardo Exsome Zapata, se reuni\u00f3 con Influencers jarochos, con la finalidad de conocer sus propuestas que tienen como \u00fanico objetivo trabajar por el bien de Veracruz.Los j\u00f3venes, que han hecho una trayectoria a trav\u00e9s de [&hellip;]<\/p>\n","protected":false},"author":2,"featured_media":0,"comment_status":"closed","ping_status":"closed","sticky":false,"template":"","format":"standard","meta":{"tdm_status":"","tdm_grid_status":"","footnotes":""},"categories":[73],"tags":[28561,13605,1026,14721,15652,481],"class_list":{"0":"post-74687","1":"post","2":"type-post","3":"status-publish","4":"format-standard","6":"category-de-boleto","7":"tag-influencers-jarochos","8":"tag-instagram","9":"tag-morena","10":"tag-ricardo-exsome","11":"tag-tik-tok","12":"tag-twitter"},"yoast_head":"<!-- This site is optimized with the Yoast SEO plugin v27.4 - https:\/\/yoast.com\/product\/yoast-seo-wordpress\/ -->\n<title>Influencers jarochos con Exsome! - Los pol\u00edticos Veracruz<\/title>\n<meta name=\"robots\" content=\"index, follow, max-snippet:-1, max-image-preview:large, max-video-preview:-1\" \/>\n<link rel=\"canonical\" href=\"https:\/\/lospoliticosveracruz.com\/?p=74687\" \/>\n<meta property=\"og:locale\" content=\"es_ES\" \/>\n<meta property=\"og:type\" content=\"article\" \/>\n<meta property=\"og:title\" content=\"Influencers jarochos con Exsome! - Los pol\u00edticos Veracruz\" \/>\n<meta property=\"og:description\" content=\"VeracruzEl candidato a la alcald\u00eda de Veracruz por la coalici\u00f3n Morena, Partido del Trabajo y Partido Verde Ecologista de M\u00e9xico, Ricardo Exsome Zapata, se reuni\u00f3 con Influencers jarochos, con la finalidad de conocer sus propuestas que tienen como \u00fanico objetivo trabajar por el bien de Veracruz.Los j\u00f3venes, que han hecho una trayectoria a trav\u00e9s de [&hellip;]\" \/>\n<meta property=\"og:url\" content=\"https:\/\/lospoliticosveracruz.com\/?p=74687\" \/>\n<meta property=\"og:site_name\" content=\"Los pol\u00edticos Veracruz\" \/>\n<meta property=\"article:publisher\" content=\"https:\/\/www.facebook.com\/people\/Notimemes-de-los-Polticos\/61565672886568\/\" \/>\n<meta property=\"article:published_time\" content=\"2021-06-01T23:28:44+00:00\" \/>\n<meta property=\"article:modified_time\" content=\"2021-06-01T23:28:50+00:00\" \/>\n<meta property=\"og:image\" content=\"https:\/\/lospoliticosveracruz.com\/wp-content\/uploads\/2016\/07\/Logo-Dor.jpg\" \/>\n\t<meta property=\"og:image:width\" content=\"200\" \/>\n\t<meta property=\"og:image:height\" content=\"200\" \/>\n\t<meta property=\"og:image:type\" content=\"image\/jpeg\" \/>\n<meta name=\"author\" content=\"Lo viste en Los Pol\u00edticos\" \/>\n<meta name=\"twitter:card\" content=\"summary_large_image\" \/>\n<meta name=\"twitter:creator\" content=\"@LosPoliticosVer\" \/>\n<meta name=\"twitter:site\" content=\"@LosPoliticosVer\" \/>\n<meta name=\"twitter:label1\" content=\"Escrito por\" \/>\n\t<meta name=\"twitter:data1\" content=\"Lo viste en Los Pol\u00edticos\" \/>\n\t<meta name=\"twitter:label2\" content=\"Tiempo de lectura\" \/>\n\t<meta name=\"twitter:data2\" content=\"4 minutos\" \/>\n<script type=\"application\/ld+json\" class=\"yoast-schema-graph\">{\"@context\":\"https:\\\/\\\/schema.org\",\"@graph\":[{\"@type\":\"Article\",\"@id\":\"https:\\\/\\\/lospoliticosveracruz.com\\\/?p=74687#article\",\"isPartOf\":{\"@id\":\"https:\\\/\\\/lospoliticosveracruz.com\\\/?p=74687\"},\"author\":{\"name\":\"Lo viste en Los Pol\u00edticos\",\"@id\":\"https:\\\/\\\/lospoliticosveracruz.com\\\/#\\\/schema\\\/person\\\/b8702bb0e538456e6efd07080bf2a4a2\"},\"headline\":\"Influencers jarochos con Exsome!\",\"datePublished\":\"2021-06-01T23:28:44+00:00\",\"dateModified\":\"2021-06-01T23:28:50+00:00\",\"mainEntityOfPage\":{\"@id\":\"https:\\\/\\\/lospoliticosveracruz.com\\\/?p=74687\"},\"wordCount\":729,\"publisher\":{\"@id\":\"https:\\\/\\\/lospoliticosveracruz.com\\\/#organization\"},\"keywords\":[\"Influencers jarochos\",\"Instagram\",\"Morena\",\"Ricardo Exsome\",\"Tik Tok\",\"twitter\"],\"articleSection\":[\"De Boleto\"],\"inLanguage\":\"es\"},{\"@type\":\"WebPage\",\"@id\":\"https:\\\/\\\/lospoliticosveracruz.com\\\/?p=74687\",\"url\":\"https:\\\/\\\/lospoliticosveracruz.com\\\/?p=74687\",\"name\":\"Influencers jarochos con Exsome! - Los pol\u00edticos Veracruz\",\"isPartOf\":{\"@id\":\"https:\\\/\\\/lospoliticosveracruz.com\\\/#website\"},\"datePublished\":\"2021-06-01T23:28:44+00:00\",\"dateModified\":\"2021-06-01T23:28:50+00:00\",\"breadcrumb\":{\"@id\":\"https:\\\/\\\/lospoliticosveracruz.com\\\/?p=74687#breadcrumb\"},\"inLanguage\":\"es\",\"potentialAction\":[{\"@type\":\"ReadAction\",\"target\":[\"https:\\\/\\\/lospoliticosveracruz.com\\\/?p=74687\"]}]},{\"@type\":\"BreadcrumbList\",\"@id\":\"https:\\\/\\\/lospoliticosveracruz.com\\\/?p=74687#breadcrumb\",\"itemListElement\":[{\"@type\":\"ListItem\",\"position\":1,\"name\":\"Portada\",\"item\":\"https:\\\/\\\/lospoliticosveracruz.com\\\/\"},{\"@type\":\"ListItem\",\"position\":2,\"name\":\"Influencers jarochos con Exsome!\"}]},{\"@type\":\"WebSite\",\"@id\":\"https:\\\/\\\/lospoliticosveracruz.com\\\/#website\",\"url\":\"https:\\\/\\\/lospoliticosveracruz.com\\\/\",\"name\":\"Los pol\u00edticos Veracruz\",\"description\":\"\",\"publisher\":{\"@id\":\"https:\\\/\\\/lospoliticosveracruz.com\\\/#organization\"},\"potentialAction\":[{\"@type\":\"SearchAction\",\"target\":{\"@type\":\"EntryPoint\",\"urlTemplate\":\"https:\\\/\\\/lospoliticosveracruz.com\\\/?s={search_term_string}\"},\"query-input\":{\"@type\":\"PropertyValueSpecification\",\"valueRequired\":true,\"valueName\":\"search_term_string\"}}],\"inLanguage\":\"es\"},{\"@type\":\"Organization\",\"@id\":\"https:\\\/\\\/lospoliticosveracruz.com\\\/#organization\",\"name\":\"Los pol\u00edticos Veracruz\",\"url\":\"https:\\\/\\\/lospoliticosveracruz.com\\\/\",\"logo\":{\"@type\":\"ImageObject\",\"inLanguage\":\"es\",\"@id\":\"https:\\\/\\\/lospoliticosveracruz.com\\\/#\\\/schema\\\/logo\\\/image\\\/\",\"url\":\"https:\\\/\\\/lospoliticosveracruz.com\\\/wp-content\\\/uploads\\\/2025\\\/12\\\/Logo-Nuevo-LOS-POLITICOS-1.jpg\",\"contentUrl\":\"https:\\\/\\\/lospoliticosveracruz.com\\\/wp-content\\\/uploads\\\/2025\\\/12\\\/Logo-Nuevo-LOS-POLITICOS-1.jpg\",\"width\":260,\"height\":70,\"caption\":\"Los pol\u00edticos Veracruz\"},\"image\":{\"@id\":\"https:\\\/\\\/lospoliticosveracruz.com\\\/#\\\/schema\\\/logo\\\/image\\\/\"},\"sameAs\":[\"https:\\\/\\\/www.facebook.com\\\/people\\\/Notimemes-de-los-Polticos\\\/61565672886568\\\/\",\"https:\\\/\\\/x.com\\\/LosPoliticosVer\"]},{\"@type\":\"Person\",\"@id\":\"https:\\\/\\\/lospoliticosveracruz.com\\\/#\\\/schema\\\/person\\\/b8702bb0e538456e6efd07080bf2a4a2\",\"name\":\"Lo viste en Los Pol\u00edticos\",\"image\":{\"@type\":\"ImageObject\",\"inLanguage\":\"es\",\"@id\":\"https:\\\/\\\/secure.gravatar.com\\\/avatar\\\/3a8de04a2656d44082be478bd6c086daa447c4651605818287b9532d3d0bd435?s=96&d=mm&r=g\",\"url\":\"https:\\\/\\\/secure.gravatar.com\\\/avatar\\\/3a8de04a2656d44082be478bd6c086daa447c4651605818287b9532d3d0bd435?s=96&d=mm&r=g\",\"contentUrl\":\"https:\\\/\\\/secure.gravatar.com\\\/avatar\\\/3a8de04a2656d44082be478bd6c086daa447c4651605818287b9532d3d0bd435?s=96&d=mm&r=g\",\"caption\":\"Lo viste en Los Pol\u00edticos\"},\"url\":\"https:\\\/\\\/lospoliticosveracruz.com\\\/?author=2\"}]}<\/script>\n<!-- \/ Yoast SEO plugin. -->","yoast_head_json":{"title":"Influencers jarochos con Exsome! - Los pol\u00edticos Veracruz","robots":{"index":"index","follow":"follow","max-snippet":"max-snippet:-1","max-image-preview":"max-image-preview:large","max-video-preview":"max-video-preview:-1"},"canonical":"https:\/\/lospoliticosveracruz.com\/?p=74687","og_locale":"es_ES","og_type":"article","og_title":"Influencers jarochos con Exsome! - Los pol\u00edticos Veracruz","og_description":"VeracruzEl candidato a la alcald\u00eda de Veracruz por la coalici\u00f3n Morena, Partido del Trabajo y Partido Verde Ecologista de M\u00e9xico, Ricardo Exsome Zapata, se reuni\u00f3 con Influencers jarochos, con la finalidad de conocer sus propuestas que tienen como \u00fanico objetivo trabajar por el bien de Veracruz.Los j\u00f3venes, que han hecho una trayectoria a trav\u00e9s de [&hellip;]","og_url":"https:\/\/lospoliticosveracruz.com\/?p=74687","og_site_name":"Los pol\u00edticos Veracruz","article_publisher":"https:\/\/www.facebook.com\/people\/Notimemes-de-los-Polticos\/61565672886568\/","article_published_time":"2021-06-01T23:28:44+00:00","article_modified_time":"2021-06-01T23:28:50+00:00","og_image":[{"width":200,"height":200,"url":"https:\/\/lospoliticosveracruz.com\/wp-content\/uploads\/2016\/07\/Logo-Dor.jpg","type":"image\/jpeg"}],"author":"Lo viste en Los Pol\u00edticos","twitter_card":"summary_large_image","twitter_creator":"@LosPoliticosVer","twitter_site":"@LosPoliticosVer","twitter_misc":{"Escrito por":"Lo viste en Los Pol\u00edticos","Tiempo de lectura":"4 minutos"},"schema":{"@context":"https:\/\/schema.org","@graph":[{"@type":"Article","@id":"https:\/\/lospoliticosveracruz.com\/?p=74687#article","isPartOf":{"@id":"https:\/\/lospoliticosveracruz.com\/?p=74687"},"author":{"name":"Lo viste en Los Pol\u00edticos","@id":"https:\/\/lospoliticosveracruz.com\/#\/schema\/person\/b8702bb0e538456e6efd07080bf2a4a2"},"headline":"Influencers jarochos con Exsome!","datePublished":"2021-06-01T23:28:44+00:00","dateModified":"2021-06-01T23:28:50+00:00","mainEntityOfPage":{"@id":"https:\/\/lospoliticosveracruz.com\/?p=74687"},"wordCount":729,"publisher":{"@id":"https:\/\/lospoliticosveracruz.com\/#organization"},"keywords":["Influencers jarochos","Instagram","Morena","Ricardo Exsome","Tik Tok","twitter"],"articleSection":["De Boleto"],"inLanguage":"es"},{"@type":"WebPage","@id":"https:\/\/lospoliticosveracruz.com\/?p=74687","url":"https:\/\/lospoliticosveracruz.com\/?p=74687","name":"Influencers jarochos con Exsome! - Los pol\u00edticos Veracruz","isPartOf":{"@id":"https:\/\/lospoliticosveracruz.com\/#website"},"datePublished":"2021-06-01T23:28:44+00:00","dateModified":"2021-06-01T23:28:50+00:00","breadcrumb":{"@id":"https:\/\/lospoliticosveracruz.com\/?p=74687#breadcrumb"},"inLanguage":"es","potentialAction":[{"@type":"ReadAction","target":["https:\/\/lospoliticosveracruz.com\/?p=74687"]}]},{"@type":"BreadcrumbList","@id":"https:\/\/lospoliticosveracruz.com\/?p=74687#breadcrumb","itemListElement":[{"@type":"ListItem","position":1,"name":"Portada","item":"https:\/\/lospoliticosveracruz.com\/"},{"@type":"ListItem","position":2,"name":"Influencers jarochos con Exsome!"}]},{"@type":"WebSite","@id":"https:\/\/lospoliticosveracruz.com\/#website","url":"https:\/\/lospoliticosveracruz.com\/","name":"Los pol\u00edticos Veracruz","description":"","publisher":{"@id":"https:\/\/lospoliticosveracruz.com\/#organization"},"potentialAction":[{"@type":"SearchAction","target":{"@type":"EntryPoint","urlTemplate":"https:\/\/lospoliticosveracruz.com\/?s={search_term_string}"},"query-input":{"@type":"PropertyValueSpecification","valueRequired":true,"valueName":"search_term_string"}}],"inLanguage":"es"},{"@type":"Organization","@id":"https:\/\/lospoliticosveracruz.com\/#organization","name":"Los pol\u00edticos Veracruz","url":"https:\/\/lospoliticosveracruz.com\/","logo":{"@type":"ImageObject","inLanguage":"es","@id":"https:\/\/lospoliticosveracruz.com\/#\/schema\/logo\/image\/","url":"https:\/\/lospoliticosveracruz.com\/wp-content\/uploads\/2025\/12\/Logo-Nuevo-LOS-POLITICOS-1.jpg","contentUrl":"https:\/\/lospoliticosveracruz.com\/wp-content\/uploads\/2025\/12\/Logo-Nuevo-LOS-POLITICOS-1.jpg","width":260,"height":70,"caption":"Los pol\u00edticos Veracruz"},"image":{"@id":"https:\/\/lospoliticosveracruz.com\/#\/schema\/logo\/image\/"},"sameAs":["https:\/\/www.facebook.com\/people\/Notimemes-de-los-Polticos\/61565672886568\/","https:\/\/x.com\/LosPoliticosVer"]},{"@type":"Person","@id":"https:\/\/lospoliticosveracruz.com\/#\/schema\/person\/b8702bb0e538456e6efd07080bf2a4a2","name":"Lo viste en Los Pol\u00edticos","image":{"@type":"ImageObject","inLanguage":"es","@id":"https:\/\/secure.gravatar.com\/avatar\/3a8de04a2656d44082be478bd6c086daa447c4651605818287b9532d3d0bd435?s=96&d=mm&r=g","url":"https:\/\/secure.gravatar.com\/avatar\/3a8de04a2656d44082be478bd6c086daa447c4651605818287b9532d3d0bd435?s=96&d=mm&r=g","contentUrl":"https:\/\/secure.gravatar.com\/avatar\/3a8de04a2656d44082be478bd6c086daa447c4651605818287b9532d3d0bd435?s=96&d=mm&r=g","caption":"Lo viste en Los Pol\u00edticos"},"url":"https:\/\/lospoliticosveracruz.com\/?author=2"}]}},"_links":{"self":[{"href":"https:\/\/lospoliticosveracruz.com\/index.php?rest_route=\/wp\/v2\/posts\/74687","targetHints":{"allow":["GET"]}}],"collection":[{"href":"https:\/\/lospoliticosveracruz.com\/index.php?rest_route=\/wp\/v2\/posts"}],"about":[{"href":"https:\/\/lospoliticosveracruz.com\/index.php?rest_route=\/wp\/v2\/types\/post"}],"author":[{"embeddable":true,"href":"https:\/\/lospoliticosveracruz.com\/index.php?rest_route=\/wp\/v2\/users\/2"}],"replies":[{"embeddable":true,"href":"https:\/\/lospoliticosveracruz.com\/index.php?rest_route=%2Fwp%2Fv2%2Fcomments&post=74687"}],"version-history":[{"count":1,"href":"https:\/\/lospoliticosveracruz.com\/index.php?rest_route=\/wp\/v2\/posts\/74687\/revisions"}],"predecessor-version":[{"id":74689,"href":"https:\/\/lospoliticosveracruz.com\/index.php?rest_route=\/wp\/v2\/posts\/74687\/revisions\/74689"}],"wp:attachment":[{"href":"https:\/\/lospoliticosveracruz.com\/index.php?rest_route=%2Fwp%2Fv2%2Fmedia&parent=74687"}],"wp:term":[{"taxonomy":"category","embeddable":true,"href":"https:\/\/lospoliticosveracruz.com\/index.php?rest_route=%2Fwp%2Fv2%2Fcategories&post=74687"},{"taxonomy":"post_tag","embeddable":true,"href":"https:\/\/lospoliticosveracruz.com\/index.php?rest_route=%2Fwp%2Fv2%2Ftags&post=74687"}],"curies":[{"name":"wp","href":"https:\/\/api.w.org\/{rel}","templated":true}]}}