{"id":74773,"date":"2021-06-02T12:40:45","date_gmt":"2021-06-02T17:40:45","guid":{"rendered":"http:\/\/www.lospoliticosveracruz.com.mx\/?p=74773"},"modified":"2021-06-02T12:40:50","modified_gmt":"2021-06-02T17:40:50","slug":"a-votar-para-comenzar-la-reconstruccion-de-veracruz-exsome","status":"publish","type":"post","link":"https:\/\/lospoliticosveracruz.com\/?p=74773","title":{"rendered":"A votar! para comenzar la Reconstrucci\u00f3n de Veracruz: Exsome"},"content":{"rendered":"\n<p><strong>Veracruz<br><\/strong>Con la asistencia de m\u00e1s de 300 mujeres, el candidato a la presidencia municipal de Veracruz, por la coalici\u00f3n conformada por los partidos Morena, Partido del Trabajo (PT) y Partido Verde Ecologista de M\u00e9xico (PVEM); Ricardo Exsome Zapata, exhort\u00f3 a la ciudadan\u00eda a que salga a votar el pr\u00f3ximo domingo y as\u00ed comenzar la Reconstrucci\u00f3n de Veracruz.<br>En la reuni\u00f3n, el aspirante a la presidencia municipal estuvo acompa\u00f1ado de su esposa Rosa Mary Miravete S\u00e1nchez y sus hijos Sof\u00eda Noor Exsome Miravete y Ricardo Mateo Exsome Miravete.<br>En el mismo tenor, se cont\u00f3 con la presencia de la candidata a diputada federal por el distrito 04, Rosa Mar\u00eda Hern\u00e1ndez Espejo, la aspirante a diputaci\u00f3n federal por el distrito 12, Luz Baxzi y los candidatos a diputados locales, por el distrito XIV, Fernando Arteaga Aponte y por el distrito XV, Diana Santiago Huesca.<br>En su discurso, el abanderado por Morena enfatiz\u00f3 que el d\u00eda de elecci\u00f3n el voto no ser\u00e1 solamente para \u00e9l, sino para la planilla que est\u00e1 conformada por mujeres y hombres dispuestos a trabajar en la \u00abReconstrucci\u00f3n de Veracruz\u00bb.<br>\u00abEste seis de junio vamos a empezar la Reconstrucci\u00f3n de Veracruz y le diremos adi\u00f3s a los baches, a los problemas del agua, a los problemas de inseguridad, a los problemas de tenencia de la tierra y le daremos la municipalizaci\u00f3n a esos fraccionamientos de la zona norte que hoy est\u00e1n separados y olvidados por el ayuntamiento\u00bb, expres\u00f3.<\/p>\n\n\n\n<p>COMPROMETIDOS CON LOS PORTE\u00d1OS<br>Ricardo Exsome les reiter\u00f3 su compromiso de que la pr\u00f3xima administraci\u00f3n municipal estar\u00e1 conformada por aliados, por hombres y mujeres, que ser\u00e1n aliados permanentes de la sociedad porte\u00f1a.<br>\u00abUstedes son una gran motivaci\u00f3n para hacer lo que queremos hacer en Veracruz para las y los veracruzanos\u201d, puntualiz\u00f3.<br>Este seis de junio salgamos a votar y comencemos la Reconstrucci\u00f3n de Veracruz, concluy\u00f3 el candidato a la presidencia municipal por Veracruz, Ricardo Exsome Zapata.<\/p>\n","protected":false},"excerpt":{"rendered":"<p>VeracruzCon la asistencia de m\u00e1s de 300 mujeres, el candidato a la presidencia municipal de Veracruz, por la coalici\u00f3n conformada por los partidos Morena, Partido del Trabajo (PT) y Partido Verde Ecologista de M\u00e9xico (PVEM); Ricardo Exsome Zapata, exhort\u00f3 a la ciudadan\u00eda a que salga a votar el pr\u00f3ximo domingo y as\u00ed comenzar la Reconstrucci\u00f3n [&hellip;]<\/p>\n","protected":false},"author":2,"featured_media":0,"comment_status":"closed","ping_status":"closed","sticky":false,"template":"","format":"standard","meta":{"tdm_status":"","tdm_grid_status":"","footnotes":""},"categories":[73],"tags":[26116,2289,264,13435,28581,11900,28579,28580],"class_list":{"0":"post-74773","1":"post","2":"type-post","3":"status-publish","4":"format-standard","6":"category-de-boleto","7":"tag-morena-pvem-pt","8":"tag-pt","9":"tag-pvem","10":"tag-ricardo-exsome-zapata","11":"tag-ricardo-mateo-exsome-miravete","12":"tag-rosa-maria-hernandez-espejo","13":"tag-rosa-mary-miravete-sanchez","14":"tag-sofia-noor-exsome-miravete"},"yoast_head":"<!-- This site is optimized with the Yoast SEO plugin v27.4 - https:\/\/yoast.com\/product\/yoast-seo-wordpress\/ -->\n<title>A votar! para comenzar la Reconstrucci\u00f3n de Veracruz: Exsome - Los pol\u00edticos Veracruz<\/title>\n<meta name=\"robots\" content=\"index, follow, max-snippet:-1, max-image-preview:large, max-video-preview:-1\" \/>\n<link rel=\"canonical\" href=\"https:\/\/lospoliticosveracruz.com\/?p=74773\" \/>\n<meta property=\"og:locale\" content=\"es_ES\" \/>\n<meta property=\"og:type\" content=\"article\" \/>\n<meta property=\"og:title\" content=\"A votar! para comenzar la Reconstrucci\u00f3n de Veracruz: Exsome - Los pol\u00edticos Veracruz\" \/>\n<meta property=\"og:description\" content=\"VeracruzCon la asistencia de m\u00e1s de 300 mujeres, el candidato a la presidencia municipal de Veracruz, por la coalici\u00f3n conformada por los partidos Morena, Partido del Trabajo (PT) y Partido Verde Ecologista de M\u00e9xico (PVEM); Ricardo Exsome Zapata, exhort\u00f3 a la ciudadan\u00eda a que salga a votar el pr\u00f3ximo domingo y as\u00ed comenzar la Reconstrucci\u00f3n [&hellip;]\" \/>\n<meta property=\"og:url\" content=\"https:\/\/lospoliticosveracruz.com\/?p=74773\" \/>\n<meta property=\"og:site_name\" content=\"Los pol\u00edticos Veracruz\" \/>\n<meta property=\"article:publisher\" content=\"https:\/\/www.facebook.com\/people\/Notimemes-de-los-Polticos\/61565672886568\/\" \/>\n<meta property=\"article:published_time\" content=\"2021-06-02T17:40:45+00:00\" \/>\n<meta property=\"article:modified_time\" content=\"2021-06-02T17:40:50+00:00\" \/>\n<meta property=\"og:image\" content=\"https:\/\/lospoliticosveracruz.com\/wp-content\/uploads\/2016\/07\/Logo-Dor.jpg\" \/>\n\t<meta property=\"og:image:width\" content=\"200\" \/>\n\t<meta property=\"og:image:height\" content=\"200\" \/>\n\t<meta property=\"og:image:type\" content=\"image\/jpeg\" \/>\n<meta name=\"author\" content=\"Lo viste en Los Pol\u00edticos\" \/>\n<meta name=\"twitter:card\" content=\"summary_large_image\" \/>\n<meta name=\"twitter:creator\" content=\"@LosPoliticosVer\" \/>\n<meta name=\"twitter:site\" content=\"@LosPoliticosVer\" \/>\n<meta name=\"twitter:label1\" content=\"Escrito por\" \/>\n\t<meta name=\"twitter:data1\" content=\"Lo viste en Los Pol\u00edticos\" \/>\n\t<meta name=\"twitter:label2\" content=\"Tiempo de lectura\" \/>\n\t<meta name=\"twitter:data2\" content=\"2 minutos\" \/>\n<script type=\"application\/ld+json\" class=\"yoast-schema-graph\">{\"@context\":\"https:\\\/\\\/schema.org\",\"@graph\":[{\"@type\":\"Article\",\"@id\":\"https:\\\/\\\/lospoliticosveracruz.com\\\/?p=74773#article\",\"isPartOf\":{\"@id\":\"https:\\\/\\\/lospoliticosveracruz.com\\\/?p=74773\"},\"author\":{\"name\":\"Lo viste en Los Pol\u00edticos\",\"@id\":\"https:\\\/\\\/lospoliticosveracruz.com\\\/#\\\/schema\\\/person\\\/b8702bb0e538456e6efd07080bf2a4a2\"},\"headline\":\"A votar! para comenzar la Reconstrucci\u00f3n de Veracruz: Exsome\",\"datePublished\":\"2021-06-02T17:40:45+00:00\",\"dateModified\":\"2021-06-02T17:40:50+00:00\",\"mainEntityOfPage\":{\"@id\":\"https:\\\/\\\/lospoliticosveracruz.com\\\/?p=74773\"},\"wordCount\":349,\"publisher\":{\"@id\":\"https:\\\/\\\/lospoliticosveracruz.com\\\/#organization\"},\"keywords\":[\"MORENA-PVEM-PT\",\"PT\",\"PVEM\",\"Ricardo Exsome Zapata\",\"Ricardo Mateo Exsome Miravete\",\"Rosa Mar\u00eda Hern\u00e1ndez Espejo\",\"Rosa Mary Miravete S\u00e1nchez\",\"Sof\u00eda Noor Exsome Miravete\"],\"articleSection\":[\"De Boleto\"],\"inLanguage\":\"es\"},{\"@type\":\"WebPage\",\"@id\":\"https:\\\/\\\/lospoliticosveracruz.com\\\/?p=74773\",\"url\":\"https:\\\/\\\/lospoliticosveracruz.com\\\/?p=74773\",\"name\":\"A votar! para comenzar la Reconstrucci\u00f3n de Veracruz: Exsome - Los pol\u00edticos Veracruz\",\"isPartOf\":{\"@id\":\"https:\\\/\\\/lospoliticosveracruz.com\\\/#website\"},\"datePublished\":\"2021-06-02T17:40:45+00:00\",\"dateModified\":\"2021-06-02T17:40:50+00:00\",\"breadcrumb\":{\"@id\":\"https:\\\/\\\/lospoliticosveracruz.com\\\/?p=74773#breadcrumb\"},\"inLanguage\":\"es\",\"potentialAction\":[{\"@type\":\"ReadAction\",\"target\":[\"https:\\\/\\\/lospoliticosveracruz.com\\\/?p=74773\"]}]},{\"@type\":\"BreadcrumbList\",\"@id\":\"https:\\\/\\\/lospoliticosveracruz.com\\\/?p=74773#breadcrumb\",\"itemListElement\":[{\"@type\":\"ListItem\",\"position\":1,\"name\":\"Portada\",\"item\":\"https:\\\/\\\/lospoliticosveracruz.com\\\/\"},{\"@type\":\"ListItem\",\"position\":2,\"name\":\"A votar! para comenzar la Reconstrucci\u00f3n de Veracruz: Exsome\"}]},{\"@type\":\"WebSite\",\"@id\":\"https:\\\/\\\/lospoliticosveracruz.com\\\/#website\",\"url\":\"https:\\\/\\\/lospoliticosveracruz.com\\\/\",\"name\":\"Los pol\u00edticos Veracruz\",\"description\":\"\",\"publisher\":{\"@id\":\"https:\\\/\\\/lospoliticosveracruz.com\\\/#organization\"},\"potentialAction\":[{\"@type\":\"SearchAction\",\"target\":{\"@type\":\"EntryPoint\",\"urlTemplate\":\"https:\\\/\\\/lospoliticosveracruz.com\\\/?s={search_term_string}\"},\"query-input\":{\"@type\":\"PropertyValueSpecification\",\"valueRequired\":true,\"valueName\":\"search_term_string\"}}],\"inLanguage\":\"es\"},{\"@type\":\"Organization\",\"@id\":\"https:\\\/\\\/lospoliticosveracruz.com\\\/#organization\",\"name\":\"Los pol\u00edticos Veracruz\",\"url\":\"https:\\\/\\\/lospoliticosveracruz.com\\\/\",\"logo\":{\"@type\":\"ImageObject\",\"inLanguage\":\"es\",\"@id\":\"https:\\\/\\\/lospoliticosveracruz.com\\\/#\\\/schema\\\/logo\\\/image\\\/\",\"url\":\"https:\\\/\\\/lospoliticosveracruz.com\\\/wp-content\\\/uploads\\\/2025\\\/12\\\/Logo-Nuevo-LOS-POLITICOS-1.jpg\",\"contentUrl\":\"https:\\\/\\\/lospoliticosveracruz.com\\\/wp-content\\\/uploads\\\/2025\\\/12\\\/Logo-Nuevo-LOS-POLITICOS-1.jpg\",\"width\":260,\"height\":70,\"caption\":\"Los pol\u00edticos Veracruz\"},\"image\":{\"@id\":\"https:\\\/\\\/lospoliticosveracruz.com\\\/#\\\/schema\\\/logo\\\/image\\\/\"},\"sameAs\":[\"https:\\\/\\\/www.facebook.com\\\/people\\\/Notimemes-de-los-Polticos\\\/61565672886568\\\/\",\"https:\\\/\\\/x.com\\\/LosPoliticosVer\"]},{\"@type\":\"Person\",\"@id\":\"https:\\\/\\\/lospoliticosveracruz.com\\\/#\\\/schema\\\/person\\\/b8702bb0e538456e6efd07080bf2a4a2\",\"name\":\"Lo viste en Los Pol\u00edticos\",\"image\":{\"@type\":\"ImageObject\",\"inLanguage\":\"es\",\"@id\":\"https:\\\/\\\/secure.gravatar.com\\\/avatar\\\/3a8de04a2656d44082be478bd6c086daa447c4651605818287b9532d3d0bd435?s=96&d=mm&r=g\",\"url\":\"https:\\\/\\\/secure.gravatar.com\\\/avatar\\\/3a8de04a2656d44082be478bd6c086daa447c4651605818287b9532d3d0bd435?s=96&d=mm&r=g\",\"contentUrl\":\"https:\\\/\\\/secure.gravatar.com\\\/avatar\\\/3a8de04a2656d44082be478bd6c086daa447c4651605818287b9532d3d0bd435?s=96&d=mm&r=g\",\"caption\":\"Lo viste en Los Pol\u00edticos\"},\"url\":\"https:\\\/\\\/lospoliticosveracruz.com\\\/?author=2\"}]}<\/script>\n<!-- \/ Yoast SEO plugin. -->","yoast_head_json":{"title":"A votar! para comenzar la Reconstrucci\u00f3n de Veracruz: Exsome - Los pol\u00edticos Veracruz","robots":{"index":"index","follow":"follow","max-snippet":"max-snippet:-1","max-image-preview":"max-image-preview:large","max-video-preview":"max-video-preview:-1"},"canonical":"https:\/\/lospoliticosveracruz.com\/?p=74773","og_locale":"es_ES","og_type":"article","og_title":"A votar! para comenzar la Reconstrucci\u00f3n de Veracruz: Exsome - Los pol\u00edticos Veracruz","og_description":"VeracruzCon la asistencia de m\u00e1s de 300 mujeres, el candidato a la presidencia municipal de Veracruz, por la coalici\u00f3n conformada por los partidos Morena, Partido del Trabajo (PT) y Partido Verde Ecologista de M\u00e9xico (PVEM); Ricardo Exsome Zapata, exhort\u00f3 a la ciudadan\u00eda a que salga a votar el pr\u00f3ximo domingo y as\u00ed comenzar la Reconstrucci\u00f3n [&hellip;]","og_url":"https:\/\/lospoliticosveracruz.com\/?p=74773","og_site_name":"Los pol\u00edticos Veracruz","article_publisher":"https:\/\/www.facebook.com\/people\/Notimemes-de-los-Polticos\/61565672886568\/","article_published_time":"2021-06-02T17:40:45+00:00","article_modified_time":"2021-06-02T17:40:50+00:00","og_image":[{"width":200,"height":200,"url":"https:\/\/lospoliticosveracruz.com\/wp-content\/uploads\/2016\/07\/Logo-Dor.jpg","type":"image\/jpeg"}],"author":"Lo viste en Los Pol\u00edticos","twitter_card":"summary_large_image","twitter_creator":"@LosPoliticosVer","twitter_site":"@LosPoliticosVer","twitter_misc":{"Escrito por":"Lo viste en Los Pol\u00edticos","Tiempo de lectura":"2 minutos"},"schema":{"@context":"https:\/\/schema.org","@graph":[{"@type":"Article","@id":"https:\/\/lospoliticosveracruz.com\/?p=74773#article","isPartOf":{"@id":"https:\/\/lospoliticosveracruz.com\/?p=74773"},"author":{"name":"Lo viste en Los Pol\u00edticos","@id":"https:\/\/lospoliticosveracruz.com\/#\/schema\/person\/b8702bb0e538456e6efd07080bf2a4a2"},"headline":"A votar! para comenzar la Reconstrucci\u00f3n de Veracruz: Exsome","datePublished":"2021-06-02T17:40:45+00:00","dateModified":"2021-06-02T17:40:50+00:00","mainEntityOfPage":{"@id":"https:\/\/lospoliticosveracruz.com\/?p=74773"},"wordCount":349,"publisher":{"@id":"https:\/\/lospoliticosveracruz.com\/#organization"},"keywords":["MORENA-PVEM-PT","PT","PVEM","Ricardo Exsome Zapata","Ricardo Mateo Exsome Miravete","Rosa Mar\u00eda Hern\u00e1ndez Espejo","Rosa Mary Miravete S\u00e1nchez","Sof\u00eda Noor Exsome Miravete"],"articleSection":["De Boleto"],"inLanguage":"es"},{"@type":"WebPage","@id":"https:\/\/lospoliticosveracruz.com\/?p=74773","url":"https:\/\/lospoliticosveracruz.com\/?p=74773","name":"A votar! para comenzar la Reconstrucci\u00f3n de Veracruz: Exsome - Los pol\u00edticos Veracruz","isPartOf":{"@id":"https:\/\/lospoliticosveracruz.com\/#website"},"datePublished":"2021-06-02T17:40:45+00:00","dateModified":"2021-06-02T17:40:50+00:00","breadcrumb":{"@id":"https:\/\/lospoliticosveracruz.com\/?p=74773#breadcrumb"},"inLanguage":"es","potentialAction":[{"@type":"ReadAction","target":["https:\/\/lospoliticosveracruz.com\/?p=74773"]}]},{"@type":"BreadcrumbList","@id":"https:\/\/lospoliticosveracruz.com\/?p=74773#breadcrumb","itemListElement":[{"@type":"ListItem","position":1,"name":"Portada","item":"https:\/\/lospoliticosveracruz.com\/"},{"@type":"ListItem","position":2,"name":"A votar! para comenzar la Reconstrucci\u00f3n de Veracruz: Exsome"}]},{"@type":"WebSite","@id":"https:\/\/lospoliticosveracruz.com\/#website","url":"https:\/\/lospoliticosveracruz.com\/","name":"Los pol\u00edticos Veracruz","description":"","publisher":{"@id":"https:\/\/lospoliticosveracruz.com\/#organization"},"potentialAction":[{"@type":"SearchAction","target":{"@type":"EntryPoint","urlTemplate":"https:\/\/lospoliticosveracruz.com\/?s={search_term_string}"},"query-input":{"@type":"PropertyValueSpecification","valueRequired":true,"valueName":"search_term_string"}}],"inLanguage":"es"},{"@type":"Organization","@id":"https:\/\/lospoliticosveracruz.com\/#organization","name":"Los pol\u00edticos Veracruz","url":"https:\/\/lospoliticosveracruz.com\/","logo":{"@type":"ImageObject","inLanguage":"es","@id":"https:\/\/lospoliticosveracruz.com\/#\/schema\/logo\/image\/","url":"https:\/\/lospoliticosveracruz.com\/wp-content\/uploads\/2025\/12\/Logo-Nuevo-LOS-POLITICOS-1.jpg","contentUrl":"https:\/\/lospoliticosveracruz.com\/wp-content\/uploads\/2025\/12\/Logo-Nuevo-LOS-POLITICOS-1.jpg","width":260,"height":70,"caption":"Los pol\u00edticos Veracruz"},"image":{"@id":"https:\/\/lospoliticosveracruz.com\/#\/schema\/logo\/image\/"},"sameAs":["https:\/\/www.facebook.com\/people\/Notimemes-de-los-Polticos\/61565672886568\/","https:\/\/x.com\/LosPoliticosVer"]},{"@type":"Person","@id":"https:\/\/lospoliticosveracruz.com\/#\/schema\/person\/b8702bb0e538456e6efd07080bf2a4a2","name":"Lo viste en Los Pol\u00edticos","image":{"@type":"ImageObject","inLanguage":"es","@id":"https:\/\/secure.gravatar.com\/avatar\/3a8de04a2656d44082be478bd6c086daa447c4651605818287b9532d3d0bd435?s=96&d=mm&r=g","url":"https:\/\/secure.gravatar.com\/avatar\/3a8de04a2656d44082be478bd6c086daa447c4651605818287b9532d3d0bd435?s=96&d=mm&r=g","contentUrl":"https:\/\/secure.gravatar.com\/avatar\/3a8de04a2656d44082be478bd6c086daa447c4651605818287b9532d3d0bd435?s=96&d=mm&r=g","caption":"Lo viste en Los Pol\u00edticos"},"url":"https:\/\/lospoliticosveracruz.com\/?author=2"}]}},"_links":{"self":[{"href":"https:\/\/lospoliticosveracruz.com\/index.php?rest_route=\/wp\/v2\/posts\/74773","targetHints":{"allow":["GET"]}}],"collection":[{"href":"https:\/\/lospoliticosveracruz.com\/index.php?rest_route=\/wp\/v2\/posts"}],"about":[{"href":"https:\/\/lospoliticosveracruz.com\/index.php?rest_route=\/wp\/v2\/types\/post"}],"author":[{"embeddable":true,"href":"https:\/\/lospoliticosveracruz.com\/index.php?rest_route=\/wp\/v2\/users\/2"}],"replies":[{"embeddable":true,"href":"https:\/\/lospoliticosveracruz.com\/index.php?rest_route=%2Fwp%2Fv2%2Fcomments&post=74773"}],"version-history":[{"count":1,"href":"https:\/\/lospoliticosveracruz.com\/index.php?rest_route=\/wp\/v2\/posts\/74773\/revisions"}],"predecessor-version":[{"id":74775,"href":"https:\/\/lospoliticosveracruz.com\/index.php?rest_route=\/wp\/v2\/posts\/74773\/revisions\/74775"}],"wp:attachment":[{"href":"https:\/\/lospoliticosveracruz.com\/index.php?rest_route=%2Fwp%2Fv2%2Fmedia&parent=74773"}],"wp:term":[{"taxonomy":"category","embeddable":true,"href":"https:\/\/lospoliticosveracruz.com\/index.php?rest_route=%2Fwp%2Fv2%2Fcategories&post=74773"},{"taxonomy":"post_tag","embeddable":true,"href":"https:\/\/lospoliticosveracruz.com\/index.php?rest_route=%2Fwp%2Fv2%2Ftags&post=74773"}],"curies":[{"name":"wp","href":"https:\/\/api.w.org\/{rel}","templated":true}]}}